{"id":3242,"date":"2019-12-11T20:14:30","date_gmt":"2019-12-11T19:14:30","guid":{"rendered":"http:\/\/cepronda.com\/blog\/?p=3242"},"modified":"2019-12-11T20:20:07","modified_gmt":"2019-12-11T19:20:07","slug":"visita-de-belen-en-ronda-con-el-alumnado-entrada-gratuita","status":"publish","type":"post","link":"https:\/\/cepronda.com\/blog\/visita-de-belen-en-ronda-con-el-alumnado-entrada-gratuita\/","title":{"rendered":"VISITA DE BEL\u00c9N EN RONDA CON EL ALUMNADO. (Entrada gratuita)"},"content":{"rendered":"\n<p class=\"wp-block-paragraph\">Muy buenas, compa\u00f1eros\/as y compa\u00f1eras:<\/p>\n\n\n\n<p class=\"wp-block-paragraph\">Al igual que el curso pasado, os enviamos informaci\u00f3n para visitar un genial&nbsp;<strong>Bel\u00e9n ubicado en La Barriada Cruz de San Jorge. C\/ Virgen de las Nieves n\u00ba 2 (Ronda)<\/strong><br>Pod\u00e9is ir con el&nbsp;alumnado, es totalmente&nbsp;<strong>gratuito y muy recomendable<\/strong>&nbsp;su visita. Lo \u00fanico que ten\u00e9is que hacer es&nbsp;<strong>acordar una cita con el due\u00f1o de la casa&nbsp;620828107 (Rafael)&nbsp;<\/strong>que os atender\u00e1 muy gustosamente.<br><br><strong><a rel=\"noreferrer noopener\" href=\"https:\/\/www.google.es\/maps\/dir\/\/Calle+Virgen+de+las+Nieves,+2,+29400+Ronda,+M%C3%A1laga\/@36.7477783,-5.1482528,219m\/data=!3m1!1e3!4m8!4m7!1m0!1m5!1m1!1s0xd0d315739fb1787:0x31841e0073318813!2m2!1d-5.1477056!2d36.7477783?hl=es\" target=\"_blank\">C\u00d3MO IR<\/a><\/strong>&nbsp;(Google Maps)<\/p>\n\n\n\n<p class=\"wp-block-paragraph\">Desde el CEP de Ronda, aprovechamos para desearos una Felices Fiestas a toda la comunidad educativa.<\/p>\n\n\n\n<figure class=\"wp-block-image size-large\"><img loading=\"lazy\" decoding=\"async\" width=\"1920\" height=\"1281\" src=\"https:\/\/i1.wp.com\/cepronda.com\/blog\/wp-content\/uploads\/2019\/12\/village-nativity-586796_1920-1.jpg?fit=1024%2C683\" alt=\"\" class=\"wp-image-3246\" srcset=\"https:\/\/i0.wp.com\/cepronda.com\/blog\/wp-content\/uploads\/2019\/12\/village-nativity-586796_1920-1.jpg?w=1920&amp;ssl=1 1920w, https:\/\/i0.wp.com\/cepronda.com\/blog\/wp-content\/uploads\/2019\/12\/village-nativity-586796_1920-1.jpg?resize=300%2C200&amp;ssl=1 300w, https:\/\/i0.wp.com\/cepronda.com\/blog\/wp-content\/uploads\/2019\/12\/village-nativity-586796_1920-1.jpg?resize=1024%2C683&amp;ssl=1 1024w, https:\/\/i0.wp.com\/cepronda.com\/blog\/wp-content\/uploads\/2019\/12\/village-nativity-586796_1920-1.jpg?resize=768%2C512&amp;ssl=1 768w, https:\/\/i0.wp.com\/cepronda.com\/blog\/wp-content\/uploads\/2019\/12\/village-nativity-586796_1920-1.jpg?resize=1536%2C1025&amp;ssl=1 1536w\" sizes=\"auto, (max-width: 1170px) 100vw, 1170px\" \/><\/figure>\n","protected":false},"excerpt":{"rendered":"<p>Muy buenas, compa\u00f1eros\/as y compa\u00f1eras: Al igual que el curso pasado, os enviamos informaci\u00f3n para visitar un genial&nbsp;Bel\u00e9n ubicado en La Barriada Cruz de San Jorge. C\/ Virgen de las Nieves n\u00ba 2 (Ronda)Pod\u00e9is ir con el&nbsp;alumnado, es totalmente&nbsp;gratuito y muy recomendable&nbsp;su visita. Lo \u00fanico que ten\u00e9is que hacer es&nbsp;acordar una cita con el due\u00f1o [&hellip;]<\/p>\n","protected":false},"author":3,"featured_media":3244,"comment_status":"open","ping_status":"open","sticky":false,"template":"","format":"standard","meta":{"_crdt_document":"","advanced_seo_description":"","jetpack_seo_html_title":"","jetpack_seo_noindex":false,"jetpack_post_was_ever_published":false,"_jetpack_newsletter_access":"","_jetpack_dont_email_post_to_subs":false,"_jetpack_newsletter_tier_id":0,"_jetpack_memberships_contains_paywalled_content":false,"_jetpack_memberships_contains_paid_content":false,"footnotes":"","jetpack_publicize_message":"","jetpack_publicize_feature_enabled":true,"jetpack_social_post_already_shared":true,"jetpack_social_options":{"image_generator_settings":{"template":"highway","default_image_id":0,"font":"","enabled":false},"version":2}},"categories":[5],"tags":[],"class_list":{"0":"post-3242","1":"post","2":"type-post","3":"status-publish","4":"format-standard","5":"has-post-thumbnail","7":"category-noticias","8":"czr-hentry"},"jetpack_publicize_connections":[],"jetpack_featured_media_url":"https:\/\/i0.wp.com\/cepronda.com\/blog\/wp-content\/uploads\/2019\/12\/village-nativity-586796_1920.jpg?fit=1920%2C1281&ssl=1","jetpack_shortlink":"https:\/\/wp.me\/p8M4X7-Qi","jetpack-related-posts":[{"id":2389,"url":"https:\/\/cepronda.com\/blog\/curso-conoce-tu-ciudad\/","url_meta":{"origin":3242,"position":0},"title":"Curso \u00abConoce tu ciudad\u00bb","author":"V\u00edctor Caballero","date":"19 octubre, 2018","format":false,"excerpt":"\u00a1Muy buenas! Compartimos este curso que creemos os puede resultar muy interesante ya que nos puede servir para conocer mejor nuestra ciudad y as\u00ed poder transmitir de mejor modo a nuestro alumnado todo lo que tenemos en Ronda. Contamos para ello con dos grandes ponentes, grandes conocedoras de Ronda, y\u2026","rel":"","context":"En \u00abFormaciones\u00bb","block_context":{"text":"Formaciones","link":"https:\/\/cepronda.com\/blog\/category\/formaciones\/"},"img":{"alt_text":"","src":"https:\/\/i0.wp.com\/cepronda.com\/blog\/wp-content\/uploads\/2018\/10\/round-2685747_1920.jpg?fit=1200%2C800&ssl=1&resize=350%2C200","width":350,"height":200,"srcset":"https:\/\/i0.wp.com\/cepronda.com\/blog\/wp-content\/uploads\/2018\/10\/round-2685747_1920.jpg?fit=1200%2C800&ssl=1&resize=350%2C200 1x, https:\/\/i0.wp.com\/cepronda.com\/blog\/wp-content\/uploads\/2018\/10\/round-2685747_1920.jpg?fit=1200%2C800&ssl=1&resize=525%2C300 1.5x, https:\/\/i0.wp.com\/cepronda.com\/blog\/wp-content\/uploads\/2018\/10\/round-2685747_1920.jpg?fit=1200%2C800&ssl=1&resize=700%2C400 2x, https:\/\/i0.wp.com\/cepronda.com\/blog\/wp-content\/uploads\/2018\/10\/round-2685747_1920.jpg?fit=1200%2C800&ssl=1&resize=1050%2C600 3x"},"classes":[]},{"id":2296,"url":"https:\/\/cepronda.com\/blog\/curso-ronda-con-nombre-de-mujer\/","url_meta":{"origin":3242,"position":1},"title":"Curso \u00abRONDA CON NOMBRE DE MUJER\u00bb","author":"V\u00edctor Caballero","date":"10 septiembre, 2018","format":false,"excerpt":"\u00a0Y seguimos trabajando en ofreceros una formaci\u00f3n adecuada a vuestros intereses y necesidades. En este caso nos dirigimos a todas aquellas personas que est\u00e9is interesadas en la coeducaci\u00f3n y el g\u00e9nero, combinada con paseos por Ronda.\u00a0 Se trata de una formaci\u00f3n donde pretendemos visibilizar todas aquellas mujeres de Ronda y\u2026","rel":"","context":"En \u00abFormaciones\u00bb","block_context":{"text":"Formaciones","link":"https:\/\/cepronda.com\/blog\/category\/formaciones\/"},"img":{"alt_text":"","src":"https:\/\/i0.wp.com\/cepronda.com\/blog\/wp-content\/uploads\/2018\/09\/Ronda_con_nombre_de_mujer.png?fit=591%2C835&ssl=1&resize=350%2C200","width":350,"height":200,"srcset":"https:\/\/i0.wp.com\/cepronda.com\/blog\/wp-content\/uploads\/2018\/09\/Ronda_con_nombre_de_mujer.png?fit=591%2C835&ssl=1&resize=350%2C200 1x, https:\/\/i0.wp.com\/cepronda.com\/blog\/wp-content\/uploads\/2018\/09\/Ronda_con_nombre_de_mujer.png?fit=591%2C835&ssl=1&resize=525%2C300 1.5x"},"classes":[]},{"id":5906,"url":"https:\/\/cepronda.com\/blog\/quieres-visitar-la-feria-de-inventos-y-talentos-its-ronda-2023-apuntate\/","url_meta":{"origin":3242,"position":2},"title":"\u00bfQUIERES VISITAR LA FERIA DE INVENTOS Y TALENTOS. IT\u00b4S RONDA 2023? AP\u00daNTATE.","author":"Inmaculada Garc\u00eda","date":"11 abril, 2023","format":false,"excerpt":"Ya est\u00e1 habilitado el cuestionario para registrarte como visitante de la Feria de Inventos y Talentos. IT\u00b4s Ronda 2023. Si est\u00e1is interesados en asistir, ten\u00e9is hasta el d\u00eda 16 de abril del 2023 para rellenarlo. Este a\u00f1o contamos con nuevos talleres, nuevos experiencias educativas en nuestros Stands, actuaciones musicales y\u2026","rel":"","context":"En \u00abNoticias\u00bb","block_context":{"text":"Noticias","link":"https:\/\/cepronda.com\/blog\/category\/noticias\/"},"img":{"alt_text":"","src":"https:\/\/i0.wp.com\/cepronda.com\/blog\/wp-content\/uploads\/2023\/04\/WhatsApp-Image-2023-03-29-at-13.12.52.jpeg?fit=848%2C1200&ssl=1&resize=350%2C200","width":350,"height":200,"srcset":"https:\/\/i0.wp.com\/cepronda.com\/blog\/wp-content\/uploads\/2023\/04\/WhatsApp-Image-2023-03-29-at-13.12.52.jpeg?fit=848%2C1200&ssl=1&resize=350%2C200 1x, https:\/\/i0.wp.com\/cepronda.com\/blog\/wp-content\/uploads\/2023\/04\/WhatsApp-Image-2023-03-29-at-13.12.52.jpeg?fit=848%2C1200&ssl=1&resize=525%2C300 1.5x, https:\/\/i0.wp.com\/cepronda.com\/blog\/wp-content\/uploads\/2023\/04\/WhatsApp-Image-2023-03-29-at-13.12.52.jpeg?fit=848%2C1200&ssl=1&resize=700%2C400 2x"},"classes":[]},{"id":3126,"url":"https:\/\/cepronda.com\/blog\/senderos-didacticos-en-parques-naturales-de-la-serrania-de-ronda\/","url_meta":{"origin":3242,"position":3},"title":"SENDEROS DID\u00c1CTICOS EN PARQUES NATURALES DE LA SERRAN\u00cdA DE RONDA","author":"V\u00edctor Caballero","date":"7 noviembre, 2019","format":false,"excerpt":"Muy buenas familia, Para las personas amantes de las rutas de senderismo de nuestra comarca, y que adem\u00e1s quieran poner en pr\u00e1ctica alguna con su alumnado, volvemos a convocar esta actividad. Para inscribiros y ver las fechas, os dejamos el siguiente enlace.","rel":"","context":"En \u00abFormaciones\u00bb","block_context":{"text":"Formaciones","link":"https:\/\/cepronda.com\/blog\/category\/formaciones\/"},"img":{"alt_text":"","src":"https:\/\/i0.wp.com\/cepronda.com\/blog\/wp-content\/uploads\/2019\/11\/senderos_did%C3%A1cticos.png?fit=570%2C807&ssl=1&resize=350%2C200","width":350,"height":200,"srcset":"https:\/\/i0.wp.com\/cepronda.com\/blog\/wp-content\/uploads\/2019\/11\/senderos_did%C3%A1cticos.png?fit=570%2C807&ssl=1&resize=350%2C200 1x, https:\/\/i0.wp.com\/cepronda.com\/blog\/wp-content\/uploads\/2019\/11\/senderos_did%C3%A1cticos.png?fit=570%2C807&ssl=1&resize=525%2C300 1.5x"},"classes":[]},{"id":7389,"url":"https:\/\/cepronda.com\/blog\/iii-feria-de-inventos-y-talentos-its-ronda-2024\/","url_meta":{"origin":3242,"position":4},"title":"III FERIA DE INVENTOS Y TALENTOS. It\u00b4s Ronda 2024","author":"Inmaculada Garc\u00eda","date":"18 enero, 2024","format":false,"excerpt":"\u00bfQuieres mostrar a la comunidad educativa de Ronda y la comarca el Proyecto que hac\u00e9is en vuestro centro? \u00bfHac\u00e9is actividades innovadoras, creativas o art\u00edsticas en vuestras aulas? \u00bfTe gustar\u00eda que tu alumnado tuviera un espacio donde mostrar su talento?... Desde el Centro del Profesorado de Ronda, en colaboraci\u00f3n con el\u2026","rel":"","context":"En \u00abNoticias\u00bb","block_context":{"text":"Noticias","link":"https:\/\/cepronda.com\/blog\/category\/noticias\/"},"img":{"alt_text":"","src":"https:\/\/i0.wp.com\/cepronda.com\/blog\/wp-content\/uploads\/2024\/01\/WhatsApp-Image-2023-03-21-at-11.39.26.jpg?fit=500%2C500&ssl=1&resize=350%2C200","width":350,"height":200},"classes":[]},{"id":5931,"url":"https:\/\/cepronda.com\/blog\/ii-feria-de-formacion-profesional-de-la-serrania-de-ronda\/","url_meta":{"origin":3242,"position":5},"title":"II FERIA DE FORMACI\u00d3N PROFESIONAL DE LA SERRAN\u00cdA DE RONDA","author":"Inmaculada Garc\u00eda","date":"12 abril, 2023","format":false,"excerpt":"Ya est\u00e1 aqu\u00ed la segunda edici\u00f3n de la Feria de Formaci\u00f3n Profesional de la Serran\u00eda de Ronda. Los d\u00edas 12 y 13 de abril, en el Convento de Santo Domingo, tenemos una cita con la Formaci\u00f3n Profesional de la Serran\u00eda de Ronda, para darle visibilidad a la formaci\u00f3n, el empleo\u2026","rel":"","context":"En \u00abNoticias\u00bb","block_context":{"text":"Noticias","link":"https:\/\/cepronda.com\/blog\/category\/noticias\/"},"img":{"alt_text":"","src":"https:\/\/i0.wp.com\/cepronda.com\/blog\/wp-content\/uploads\/2023\/04\/WhatsApp-Image-2023-04-11-at-11.20.09.jpeg?fit=848%2C1200&ssl=1&resize=350%2C200","width":350,"height":200,"srcset":"https:\/\/i0.wp.com\/cepronda.com\/blog\/wp-content\/uploads\/2023\/04\/WhatsApp-Image-2023-04-11-at-11.20.09.jpeg?fit=848%2C1200&ssl=1&resize=350%2C200 1x, https:\/\/i0.wp.com\/cepronda.com\/blog\/wp-content\/uploads\/2023\/04\/WhatsApp-Image-2023-04-11-at-11.20.09.jpeg?fit=848%2C1200&ssl=1&resize=525%2C300 1.5x, https:\/\/i0.wp.com\/cepronda.com\/blog\/wp-content\/uploads\/2023\/04\/WhatsApp-Image-2023-04-11-at-11.20.09.jpeg?fit=848%2C1200&ssl=1&resize=700%2C400 2x"},"classes":[]}],"jetpack_sharing_enabled":true,"_links":{"self":[{"href":"https:\/\/cepronda.com\/blog\/wp-json\/wp\/v2\/posts\/3242","targetHints":{"allow":["GET"]}}],"collection":[{"href":"https:\/\/cepronda.com\/blog\/wp-json\/wp\/v2\/posts"}],"about":[{"href":"https:\/\/cepronda.com\/blog\/wp-json\/wp\/v2\/types\/post"}],"author":[{"embeddable":true,"href":"https:\/\/cepronda.com\/blog\/wp-json\/wp\/v2\/users\/3"}],"replies":[{"embeddable":true,"href":"https:\/\/cepronda.com\/blog\/wp-json\/wp\/v2\/comments?post=3242"}],"version-history":[{"count":4,"href":"https:\/\/cepronda.com\/blog\/wp-json\/wp\/v2\/posts\/3242\/revisions"}],"predecessor-version":[{"id":3249,"href":"https:\/\/cepronda.com\/blog\/wp-json\/wp\/v2\/posts\/3242\/revisions\/3249"}],"wp:featuredmedia":[{"embeddable":true,"href":"https:\/\/cepronda.com\/blog\/wp-json\/wp\/v2\/media\/3244"}],"wp:attachment":[{"href":"https:\/\/cepronda.com\/blog\/wp-json\/wp\/v2\/media?parent=3242"}],"wp:term":[{"taxonomy":"category","embeddable":true,"href":"https:\/\/cepronda.com\/blog\/wp-json\/wp\/v2\/categories?post=3242"},{"taxonomy":"post_tag","embeddable":true,"href":"https:\/\/cepronda.com\/blog\/wp-json\/wp\/v2\/tags?post=3242"}],"curies":[{"name":"wp","href":"https:\/\/api.w.org\/{rel}","templated":true}]}}