{"id":3235,"date":"2019-12-10T11:43:24","date_gmt":"2019-12-10T10:43:24","guid":{"rendered":"http:\/\/cepronda.com\/blog\/?p=3235"},"modified":"2019-12-12T11:19:03","modified_gmt":"2019-12-12T10:19:03","slug":"vii-certamen-de-teatro-en-el-aula-ciudad-de-ronda","status":"publish","type":"post","link":"https:\/\/cepronda.com\/blog\/vii-certamen-de-teatro-en-el-aula-ciudad-de-ronda\/","title":{"rendered":"VII CERTAMEN DE TEATRO EN EL AULA \u00abCIUDAD DE RONDA\u00bb"},"content":{"rendered":"\n<p class=\"wp-block-paragraph\">Muy buenas familia,<\/p>\n\n\n\n<p class=\"wp-block-paragraph\">Os comentamos que est\u00e1 abierto el plazo para inscribirse como participantes desde el 9 de diciembre de 2019 al 31 de enero de 2020 en el VII certamen de teatro en el aula \u00abCiudad de Ronda\u00bb<\/p>\n\n\n\n<p class=\"wp-block-paragraph\">El formulario para la inscripci\u00f3n est\u00e1 en el siguiente\u00a0enlace: <a rel=\"noreferrer noopener\" href=\"https:\/\/forms.gle\/xrw7u9h6pUFbdo6r7\" target=\"_blank\">https:\/\/forms.gle\/xrw7u9h6pUFbdo6r7<\/a><\/p>\n\n\n\n<p class=\"wp-block-paragraph\">Adem\u00e1s os dejamos con las <a href=\"https:\/\/drive.google.com\/file\/d\/14E2olZjAjDVN5kGZCbpS0Z4VZvlN7KjV\/view?usp=sharing\" target=\"_blank\" rel=\"noreferrer noopener\" aria-label=\"bases del certamen (opens in a new tab)\">bases del certamen<\/a>. <\/p>\n\n\n\n<figure class=\"wp-block-image size-large\"><a href=\"https:\/\/forms.gle\/xrw7u9h6pUFbdo6r7\" target=\"_blank\" rel=\"noreferrer noopener\"><img loading=\"lazy\" decoding=\"async\" width=\"1920\" height=\"1314\" src=\"https:\/\/i1.wp.com\/cepronda.com\/blog\/wp-content\/uploads\/2019\/12\/theatre-430552_1920.jpg?fit=1024%2C701\" alt=\"\" class=\"wp-image-3236\" srcset=\"https:\/\/i0.wp.com\/cepronda.com\/blog\/wp-content\/uploads\/2019\/12\/theatre-430552_1920.jpg?w=1920&amp;ssl=1 1920w, https:\/\/i0.wp.com\/cepronda.com\/blog\/wp-content\/uploads\/2019\/12\/theatre-430552_1920.jpg?resize=300%2C205&amp;ssl=1 300w, https:\/\/i0.wp.com\/cepronda.com\/blog\/wp-content\/uploads\/2019\/12\/theatre-430552_1920.jpg?resize=1024%2C701&amp;ssl=1 1024w, https:\/\/i0.wp.com\/cepronda.com\/blog\/wp-content\/uploads\/2019\/12\/theatre-430552_1920.jpg?resize=768%2C526&amp;ssl=1 768w, https:\/\/i0.wp.com\/cepronda.com\/blog\/wp-content\/uploads\/2019\/12\/theatre-430552_1920.jpg?resize=1536%2C1051&amp;ssl=1 1536w\" sizes=\"auto, (max-width: 1170px) 100vw, 1170px\" \/><\/a><\/figure>\n","protected":false},"excerpt":{"rendered":"<p>Muy buenas familia, Os comentamos que est\u00e1 abierto el plazo para inscribirse como participantes desde el 9 de diciembre de 2019 al 31 de enero de 2020 en el VII certamen de teatro en el aula \u00abCiudad de Ronda\u00bb El formulario para la inscripci\u00f3n est\u00e1 en el siguiente\u00a0enlace: https:\/\/forms.gle\/xrw7u9h6pUFbdo6r7 Adem\u00e1s os dejamos con las bases [&hellip;]<\/p>\n","protected":false},"author":3,"featured_media":3236,"comment_status":"open","ping_status":"open","sticky":true,"template":"","format":"standard","meta":{"_crdt_document":"","advanced_seo_description":"","jetpack_seo_html_title":"","jetpack_seo_noindex":false,"jetpack_post_was_ever_published":false,"_jetpack_newsletter_access":"","_jetpack_dont_email_post_to_subs":false,"_jetpack_newsletter_tier_id":0,"_jetpack_memberships_contains_paywalled_content":false,"_jetpack_memberships_contains_paid_content":false,"footnotes":"","jetpack_publicize_message":"","jetpack_publicize_feature_enabled":true,"jetpack_social_post_already_shared":true,"jetpack_social_options":{"image_generator_settings":{"template":"highway","default_image_id":0,"font":"","enabled":false},"version":2}},"categories":[5],"tags":[64],"class_list":{"0":"post-3235","1":"post","2":"type-post","3":"status-publish","4":"format-standard","5":"has-post-thumbnail","7":"category-noticias","8":"tag-teatro","9":"czr-hentry"},"jetpack_publicize_connections":[],"jetpack_featured_media_url":"https:\/\/i0.wp.com\/cepronda.com\/blog\/wp-content\/uploads\/2019\/12\/theatre-430552_1920.jpg?fit=1920%2C1314&ssl=1","jetpack_shortlink":"https:\/\/wp.me\/p8M4X7-Qb","jetpack-related-posts":[{"id":5007,"url":"https:\/\/cepronda.com\/blog\/vii-certamen-de-teatro-en-el-aula-ciudad-de-ronda-2\/","url_meta":{"origin":3235,"position":0},"title":"VII CERTAMEN DE TEATRO EN EL AULA \u00abCIUDAD DE RONDA\u00bb","author":"Antonio Montes","date":"18 enero, 2022","format":false,"excerpt":"Buenos d\u00edas, Desde el Centro del Profesorado de Ronda os anunciamos que, desde el 1 de enero al 31 de enero de 2022, est\u00e1 abierto el plazo para inscribirse como participantes en el VII certamen de teatro en el aula \"Ciudad de Ronda\". Esta edici\u00f3n quiere rendir un homenaje a\u2026","rel":"","context":"En \u00abNoticias\u00bb","block_context":{"text":"Noticias","link":"https:\/\/cepronda.com\/blog\/category\/noticias\/"},"img":{"alt_text":"","src":"https:\/\/i0.wp.com\/cepronda.com\/blog\/wp-content\/uploads\/2019\/12\/theatre-430552_1920.jpg?fit=1200%2C821&ssl=1&resize=350%2C200","width":350,"height":200,"srcset":"https:\/\/i0.wp.com\/cepronda.com\/blog\/wp-content\/uploads\/2019\/12\/theatre-430552_1920.jpg?fit=1200%2C821&ssl=1&resize=350%2C200 1x, https:\/\/i0.wp.com\/cepronda.com\/blog\/wp-content\/uploads\/2019\/12\/theatre-430552_1920.jpg?fit=1200%2C821&ssl=1&resize=525%2C300 1.5x, https:\/\/i0.wp.com\/cepronda.com\/blog\/wp-content\/uploads\/2019\/12\/theatre-430552_1920.jpg?fit=1200%2C821&ssl=1&resize=700%2C400 2x, https:\/\/i0.wp.com\/cepronda.com\/blog\/wp-content\/uploads\/2019\/12\/theatre-430552_1920.jpg?fit=1200%2C821&ssl=1&resize=1050%2C600 3x"},"classes":[]},{"id":5949,"url":"https:\/\/cepronda.com\/blog\/viii-certamen-de-teatro-en-el-aula-ciudad-de-ronda\/","url_meta":{"origin":3235,"position":1},"title":"VIII CERTAMEN DE TEATRO EN EL AULA \u00abCIUDAD DE RONDA\u00bb","author":"Mamen Moreno","date":"18 abril, 2023","format":false,"excerpt":"Os informamos que el pasado lunes 17 de abril se presento el cartel anunciador del VII Certamen de Teatro en el aula Ciudad de Ronda (TACIR) Este certamen se de desarrollara durante el 26 de mayo al 2 de junio Los teatros se realizaran en el Teatro Vicente Espinel de\u2026","rel":"","context":"En \u00abNoticias\u00bb","block_context":{"text":"Noticias","link":"https:\/\/cepronda.com\/blog\/category\/noticias\/"},"img":{"alt_text":"","src":"https:\/\/i0.wp.com\/cepronda.com\/blog\/wp-content\/uploads\/2023\/04\/CARTEL-CERTAMEN-DEFINITIVO.jpg?fit=1200%2C812&ssl=1&resize=350%2C200","width":350,"height":200,"srcset":"https:\/\/i0.wp.com\/cepronda.com\/blog\/wp-content\/uploads\/2023\/04\/CARTEL-CERTAMEN-DEFINITIVO.jpg?fit=1200%2C812&ssl=1&resize=350%2C200 1x, https:\/\/i0.wp.com\/cepronda.com\/blog\/wp-content\/uploads\/2023\/04\/CARTEL-CERTAMEN-DEFINITIVO.jpg?fit=1200%2C812&ssl=1&resize=525%2C300 1.5x, https:\/\/i0.wp.com\/cepronda.com\/blog\/wp-content\/uploads\/2023\/04\/CARTEL-CERTAMEN-DEFINITIVO.jpg?fit=1200%2C812&ssl=1&resize=700%2C400 2x, https:\/\/i0.wp.com\/cepronda.com\/blog\/wp-content\/uploads\/2023\/04\/CARTEL-CERTAMEN-DEFINITIVO.jpg?fit=1200%2C812&ssl=1&resize=1050%2C600 3x"},"classes":[]},{"id":7374,"url":"https:\/\/cepronda.com\/blog\/ix-certamen-de-teatro-en-el-aula-ciudad-de-ronda\/","url_meta":{"origin":3235,"position":2},"title":"IX CERTAMEN DE TEATRO EN EL AULA. CIUDAD DE RONDA.","author":"Mamen Moreno","date":"16 enero, 2024","format":false,"excerpt":"Desde el d\u00eda 02 de enero hasta el 31 de enero los centros educativos de Educaci\u00f3n Secundaria y Bachillerato de Ronda y la Comarca que lo deseen, podr\u00e1n inscribirse en el IX CERTAMEN DE TEATRO EN EL AULA \u201cCIUDAD DE RONDA\u201d para participar con una o dos obras de teatro\u2026","rel":"","context":"En \u00abFormaciones\u00bb","block_context":{"text":"Formaciones","link":"https:\/\/cepronda.com\/blog\/category\/formaciones\/"},"img":{"alt_text":"","src":"https:\/\/i0.wp.com\/cepronda.com\/blog\/wp-content\/uploads\/2024\/01\/Logo-Tacir-768x733-1.jpg?fit=768%2C733&ssl=1&resize=350%2C200","width":350,"height":200,"srcset":"https:\/\/i0.wp.com\/cepronda.com\/blog\/wp-content\/uploads\/2024\/01\/Logo-Tacir-768x733-1.jpg?fit=768%2C733&ssl=1&resize=350%2C200 1x, https:\/\/i0.wp.com\/cepronda.com\/blog\/wp-content\/uploads\/2024\/01\/Logo-Tacir-768x733-1.jpg?fit=768%2C733&ssl=1&resize=525%2C300 1.5x, https:\/\/i0.wp.com\/cepronda.com\/blog\/wp-content\/uploads\/2024\/01\/Logo-Tacir-768x733-1.jpg?fit=768%2C733&ssl=1&resize=700%2C400 2x"},"classes":[]},{"id":7514,"url":"https:\/\/cepronda.com\/blog\/enlace-inscripcion-centros-asistir-ix-certamen-de-teatro-en-el-aula-ciudad-de-ronda-tacir\/","url_meta":{"origin":3235,"position":3},"title":"Enlace Inscripci\u00f3n Centros Asistir \u201cIX CERTAMEN DE TEATRO EN EL AULA\u201d CIUDAD DE RONDA (TACIR)","author":"Mamen Moreno","date":"18 marzo, 2024","format":false,"excerpt":"Abierto el plazo para la inscripci\u00f3n como p\u00fablico\u00a0a las obras de teatro que se presentan en el \u201cIX CERTAMEN DE TEATRO EN EL AULA\u201d. ENLACE:\u00a0\u201d Pincha Aqu\u00ed\u201d. NOTA:\u00a0 EL PLAZO PARA LA INSCRIPCI\u00d3N COMO P\u00daBLICO ES DESDE EL 15 DE MARZO HASTA EL 15 DE ABRIL.","rel":"","context":"En \u00abNoticias\u00bb","block_context":{"text":"Noticias","link":"https:\/\/cepronda.com\/blog\/category\/noticias\/"},"img":{"alt_text":"","src":"https:\/\/i0.wp.com\/cepronda.com\/blog\/wp-content\/uploads\/2024\/03\/Logo-Tacir-1024x977-1.jpg?fit=1024%2C977&ssl=1&resize=350%2C200","width":350,"height":200,"srcset":"https:\/\/i0.wp.com\/cepronda.com\/blog\/wp-content\/uploads\/2024\/03\/Logo-Tacir-1024x977-1.jpg?fit=1024%2C977&ssl=1&resize=350%2C200 1x, https:\/\/i0.wp.com\/cepronda.com\/blog\/wp-content\/uploads\/2024\/03\/Logo-Tacir-1024x977-1.jpg?fit=1024%2C977&ssl=1&resize=525%2C300 1.5x, https:\/\/i0.wp.com\/cepronda.com\/blog\/wp-content\/uploads\/2024\/03\/Logo-Tacir-1024x977-1.jpg?fit=1024%2C977&ssl=1&resize=700%2C400 2x"},"classes":[]},{"id":5701,"url":"https:\/\/cepronda.com\/blog\/5701-2\/","url_meta":{"origin":3235,"position":4},"title":"VIII CERTAMEN DE TEATRO EN EL AULA","author":"Inmaculada Garc\u00eda","date":"17 enero, 2023","format":false,"excerpt":"Est\u00e1 abierta la inscripci\u00f3n al VIII CERTAMEN DE TEATRO EN EL AULA, ciudad de Ronda. Os animamos a participar. INSCRIPCIONES hasta el 31 de enero en https:\/\/docs.google.com\/forms\/d\/1IZxCFXDNLBDhDhCuWmx2Q-ITnIe7m4u1B0u2fBegtnA\/viewform?edit_requested=true \u00a0 \u00a0","rel":"","context":"En \u00abNoticias\u00bb","block_context":{"text":"Noticias","link":"https:\/\/cepronda.com\/blog\/category\/noticias\/"},"img":{"alt_text":"","src":"https:\/\/i0.wp.com\/cepronda.com\/blog\/wp-content\/uploads\/2023\/01\/Poster-Concurso-CERTAMEN-DE-TEATRO.png?fit=848%2C1200&ssl=1&resize=350%2C200","width":350,"height":200,"srcset":"https:\/\/i0.wp.com\/cepronda.com\/blog\/wp-content\/uploads\/2023\/01\/Poster-Concurso-CERTAMEN-DE-TEATRO.png?fit=848%2C1200&ssl=1&resize=350%2C200 1x, https:\/\/i0.wp.com\/cepronda.com\/blog\/wp-content\/uploads\/2023\/01\/Poster-Concurso-CERTAMEN-DE-TEATRO.png?fit=848%2C1200&ssl=1&resize=525%2C300 1.5x, https:\/\/i0.wp.com\/cepronda.com\/blog\/wp-content\/uploads\/2023\/01\/Poster-Concurso-CERTAMEN-DE-TEATRO.png?fit=848%2C1200&ssl=1&resize=700%2C400 2x"},"classes":[]},{"id":1701,"url":"https:\/\/cepronda.com\/blog\/certamen-de-teatro-en-el-aula-ciudad-de-ronda\/","url_meta":{"origin":3235,"position":5},"title":"Certamen de Teatro en el aula \u00abCiudad de Ronda\u00bb","author":"V\u00edctor Caballero","date":"19 abril, 2018","format":false,"excerpt":"Hola de nuevo,\u00a0 En esta entrada queremos compartir con todos y todas vosotras que ya se han realizado los tres talleres vinculados al Certamen de teatro en el aula \"Ciudad de Ronda\". Adjuntamos fotos de los mismos, donde han participado 110 alumnas y alumnos en el Convento de Santo Domingo\u2026","rel":"","context":"En \u00abNoticias\u00bb","block_context":{"text":"Noticias","link":"https:\/\/cepronda.com\/blog\/category\/noticias\/"},"img":{"alt_text":"","src":"https:\/\/i0.wp.com\/cepronda.com\/blog\/wp-content\/uploads\/2018\/04\/Foto-de-Helena-Gonzalez-6.jpg?fit=860%2C1200&ssl=1&resize=350%2C200","width":350,"height":200,"srcset":"https:\/\/i0.wp.com\/cepronda.com\/blog\/wp-content\/uploads\/2018\/04\/Foto-de-Helena-Gonzalez-6.jpg?fit=860%2C1200&ssl=1&resize=350%2C200 1x, https:\/\/i0.wp.com\/cepronda.com\/blog\/wp-content\/uploads\/2018\/04\/Foto-de-Helena-Gonzalez-6.jpg?fit=860%2C1200&ssl=1&resize=525%2C300 1.5x, https:\/\/i0.wp.com\/cepronda.com\/blog\/wp-content\/uploads\/2018\/04\/Foto-de-Helena-Gonzalez-6.jpg?fit=860%2C1200&ssl=1&resize=700%2C400 2x"},"classes":[]}],"jetpack_sharing_enabled":true,"_links":{"self":[{"href":"https:\/\/cepronda.com\/blog\/wp-json\/wp\/v2\/posts\/3235","targetHints":{"allow":["GET"]}}],"collection":[{"href":"https:\/\/cepronda.com\/blog\/wp-json\/wp\/v2\/posts"}],"about":[{"href":"https:\/\/cepronda.com\/blog\/wp-json\/wp\/v2\/types\/post"}],"author":[{"embeddable":true,"href":"https:\/\/cepronda.com\/blog\/wp-json\/wp\/v2\/users\/3"}],"replies":[{"embeddable":true,"href":"https:\/\/cepronda.com\/blog\/wp-json\/wp\/v2\/comments?post=3235"}],"version-history":[{"count":2,"href":"https:\/\/cepronda.com\/blog\/wp-json\/wp\/v2\/posts\/3235\/revisions"}],"predecessor-version":[{"id":3253,"href":"https:\/\/cepronda.com\/blog\/wp-json\/wp\/v2\/posts\/3235\/revisions\/3253"}],"wp:featuredmedia":[{"embeddable":true,"href":"https:\/\/cepronda.com\/blog\/wp-json\/wp\/v2\/media\/3236"}],"wp:attachment":[{"href":"https:\/\/cepronda.com\/blog\/wp-json\/wp\/v2\/media?parent=3235"}],"wp:term":[{"taxonomy":"category","embeddable":true,"href":"https:\/\/cepronda.com\/blog\/wp-json\/wp\/v2\/categories?post=3235"},{"taxonomy":"post_tag","embeddable":true,"href":"https:\/\/cepronda.com\/blog\/wp-json\/wp\/v2\/tags?post=3235"}],"curies":[{"name":"wp","href":"https:\/\/api.w.org\/{rel}","templated":true}]}}