{"id":3228,"date":"2019-12-05T09:40:37","date_gmt":"2019-12-05T08:40:37","guid":{"rendered":"http:\/\/cepronda.com\/blog\/?p=3228"},"modified":"2019-12-05T09:40:46","modified_gmt":"2019-12-05T08:40:46","slug":"jornadas-de-buenas-practicas-sobre-gamificacion","status":"publish","type":"post","link":"https:\/\/cepronda.com\/blog\/jornadas-de-buenas-practicas-sobre-gamificacion\/","title":{"rendered":"JORNADAS DE BUENAS PR\u00c1CTICAS SOBRE GAMIFICACI\u00d3N"},"content":{"rendered":"\n<p class=\"wp-block-paragraph\">Muy buenas, antes de irnos de puente (merecid\u00edsimo) compartimos con todas y todos vosotros estas jornadas provinciales a celebrar en Antequera, y que creemos puede resultar de vuestro inter\u00e9s.  El dise\u00f1o de las mismas estar\u00e1 centrado en dicha visualizaci\u00f3n e incorporar\u00e1 pautas para: <\/p>\n\n\n\n<p class=\"wp-block-paragraph\">&#8211; Gamificar en E. Infantil (de forma espec\u00edfica y con un ponente especialista en la etapa) <\/p>\n\n\n\n<p class=\"wp-block-paragraph\">&#8211; Gamificar en E. Primaria (de forma espec\u00edfica y con un ponente especialista en la etapa) <\/p>\n\n\n\n<p class=\"wp-block-paragraph\">&#8211; Gamificar en E. Secundaria (de forma espec\u00edfica y con un ponente especialista en la etapa) <\/p>\n\n\n\n<p class=\"wp-block-paragraph\">&#8211; Gamificar en Formaci\u00f3n Profesional (de forma espec\u00edfica y con un ponente especialista en la etapa) <\/p>\n\n\n\n<p class=\"wp-block-paragraph\">Las ponencias tendr\u00e1n dos formatos: <\/p>\n\n\n\n<p class=\"wp-block-paragraph\">&#8211; Charlas son experiencias y pautas para gamificar en las diferentes etapas de una hora de duraci\u00f3n <\/p>\n\n\n\n<p class=\"wp-block-paragraph\">&#8211; Breves charlas para compartir buenas pr\u00e1cticas.<\/p>\n\n\n\n<p class=\"wp-block-paragraph\">Os dejamos con el <a rel=\"noreferrer noopener\" aria-label=\"enlace a la actividad (opens in a new tab)\" href=\"https:\/\/www.juntadeandalucia.es\/educacion\/secretariavirtual\/consultaCEP\/actividad\/202925GE604\/\" target=\"_blank\">enlace a la actividad<\/a> por si quer\u00e9is inscribiros. Un saludo.<\/p>\n\n\n\n<figure class=\"wp-block-image size-large\"><a href=\"https:\/\/www.juntadeandalucia.es\/educacion\/secretariavirtual\/consultaCEP\/actividad\/202925GE604\/\" target=\"_blank\" rel=\"noreferrer noopener\"><img loading=\"lazy\" decoding=\"async\" width=\"1447\" height=\"2048\" src=\"https:\/\/i1.wp.com\/cepronda.com\/blog\/wp-content\/uploads\/2019\/12\/Gamificaci\u00f3n-Antequera.jpeg?fit=724%2C1024\" alt=\"\" class=\"wp-image-3229\" srcset=\"https:\/\/i0.wp.com\/cepronda.com\/blog\/wp-content\/uploads\/2019\/12\/Gamificaci%C3%B3n-Antequera.jpeg?w=1447&amp;ssl=1 1447w, https:\/\/i0.wp.com\/cepronda.com\/blog\/wp-content\/uploads\/2019\/12\/Gamificaci%C3%B3n-Antequera.jpeg?resize=212%2C300&amp;ssl=1 212w, https:\/\/i0.wp.com\/cepronda.com\/blog\/wp-content\/uploads\/2019\/12\/Gamificaci%C3%B3n-Antequera.jpeg?resize=724%2C1024&amp;ssl=1 724w, https:\/\/i0.wp.com\/cepronda.com\/blog\/wp-content\/uploads\/2019\/12\/Gamificaci%C3%B3n-Antequera.jpeg?resize=768%2C1087&amp;ssl=1 768w, https:\/\/i0.wp.com\/cepronda.com\/blog\/wp-content\/uploads\/2019\/12\/Gamificaci%C3%B3n-Antequera.jpeg?resize=1085%2C1536&amp;ssl=1 1085w\" sizes=\"auto, (max-width: 1170px) 100vw, 1170px\" \/><\/a><\/figure>\n","protected":false},"excerpt":{"rendered":"<p>Muy buenas, antes de irnos de puente (merecid\u00edsimo) compartimos con todas y todos vosotros estas jornadas provinciales a celebrar en Antequera, y que creemos puede resultar de vuestro inter\u00e9s. El dise\u00f1o de las mismas estar\u00e1 centrado en dicha visualizaci\u00f3n e incorporar\u00e1 pautas para: &#8211; Gamificar en E. Infantil (de forma espec\u00edfica y con un ponente [&hellip;]<\/p>\n","protected":false},"author":3,"featured_media":3229,"comment_status":"open","ping_status":"open","sticky":false,"template":"","format":"standard","meta":{"_crdt_document":"","advanced_seo_description":"","jetpack_seo_html_title":"","jetpack_seo_noindex":false,"jetpack_post_was_ever_published":false,"_jetpack_newsletter_access":"","_jetpack_dont_email_post_to_subs":false,"_jetpack_newsletter_tier_id":0,"_jetpack_memberships_contains_paywalled_content":false,"_jetpack_memberships_contains_paid_content":false,"footnotes":"","jetpack_publicize_message":"JORNADAS DE BUENAS PR\u00c1CTICAS SOBRE GAMIFICACI\u00d3N en @cepantequera. No te lo puedes perder","jetpack_publicize_feature_enabled":true,"jetpack_social_post_already_shared":true,"jetpack_social_options":{"image_generator_settings":{"template":"highway","default_image_id":0,"font":"","enabled":false},"version":2}},"categories":[3],"tags":[158,188],"class_list":{"0":"post-3228","1":"post","2":"type-post","3":"status-publish","4":"format-standard","5":"has-post-thumbnail","7":"category-formaciones","8":"tag-gamificacion","9":"tag-jornadas-provinciales","10":"czr-hentry"},"jetpack_publicize_connections":[],"jetpack_featured_media_url":"https:\/\/i0.wp.com\/cepronda.com\/blog\/wp-content\/uploads\/2019\/12\/Gamificaci%C3%B3n-Antequera.jpeg?fit=1447%2C2048&ssl=1","jetpack_shortlink":"https:\/\/wp.me\/p8M4X7-Q4","jetpack-related-posts":[{"id":1763,"url":"https:\/\/cepronda.com\/blog\/jornadas-regionales-de-bibliotecas-escolares\/","url_meta":{"origin":3228,"position":0},"title":"Jornadas provinciales de Bibliotecas Escolares","author":"V\u00edctor Caballero","date":"4 mayo, 2018","format":false,"excerpt":"\u00a1Hola de nuevo! Volvemos a compartir con todas y todos vosotros la informaci\u00f3n sobre estas jornadas provinciales de biblioteca, y os animamos a asistir a las mismas.\u00a0 Se trata de las Jornadas de de bibliotecas escolares a celebrar el pr\u00f3ximo 16 de mayo, mi\u00e9rcoles, en el CEP de M\u00e1laga. Os\u2026","rel":"","context":"En \u00abFormaciones\u00bb","block_context":{"text":"Formaciones","link":"https:\/\/cepronda.com\/blog\/category\/formaciones\/"},"img":{"alt_text":"","src":"https:\/\/i0.wp.com\/cepronda.com\/blog\/wp-content\/uploads\/2018\/04\/shelf-3290109_640.jpg?fit=640%2C428&ssl=1&resize=350%2C200","width":350,"height":200,"srcset":"https:\/\/i0.wp.com\/cepronda.com\/blog\/wp-content\/uploads\/2018\/04\/shelf-3290109_640.jpg?fit=640%2C428&ssl=1&resize=350%2C200 1x, https:\/\/i0.wp.com\/cepronda.com\/blog\/wp-content\/uploads\/2018\/04\/shelf-3290109_640.jpg?fit=640%2C428&ssl=1&resize=525%2C300 1.5x"},"classes":[]},{"id":1691,"url":"https:\/\/cepronda.com\/blog\/jornadas-redes-provinciales-de-bibliotecas-escolares\/","url_meta":{"origin":3228,"position":1},"title":"JORNADAS REDES PROVINCIALES DE BIBLIOTECAS ESCOLARES","author":"V\u00edctor Caballero","date":"16 abril, 2018","format":false,"excerpt":"\u00a1Buenos d\u00edas! Comenzamos una nueva semana (ya por f\u00edn parece que soleada) con una informaci\u00f3n importante para las personas responsables de la biblioteca escolar, las personas componentes del equipo de apoyo y al resto de profesorado interesado. Se trata de las Jornadas de de bibliotecas escolares a celebrar el pr\u00f3ximo\u2026","rel":"","context":"En \u00abFormaciones\u00bb","block_context":{"text":"Formaciones","link":"https:\/\/cepronda.com\/blog\/category\/formaciones\/"},"img":{"alt_text":"","src":"https:\/\/i0.wp.com\/cepronda.com\/blog\/wp-content\/uploads\/2018\/04\/shelf-3290109_640.jpg?fit=640%2C428&ssl=1&resize=350%2C200","width":350,"height":200,"srcset":"https:\/\/i0.wp.com\/cepronda.com\/blog\/wp-content\/uploads\/2018\/04\/shelf-3290109_640.jpg?fit=640%2C428&ssl=1&resize=350%2C200 1x, https:\/\/i0.wp.com\/cepronda.com\/blog\/wp-content\/uploads\/2018\/04\/shelf-3290109_640.jpg?fit=640%2C428&ssl=1&resize=525%2C300 1.5x"},"classes":[]},{"id":458,"url":"https:\/\/cepronda.com\/blog\/curso-de-disciplina-positiva-para-secundaria\/","url_meta":{"origin":3228,"position":2},"title":"Curso de disciplina positiva para Secundaria","author":"V\u00edctor Caballero","date":"13 diciembre, 2016","format":false,"excerpt":"\u00a1Seguimos con nuestro buen ritmo esta semana! Hoy os queremos informar de un curso muy muy interesante para el profesorado de Secundaria, que comenzaremos a la vuelta de las vacaciones de Navidad. \u00a0Se trata de un curso sobre disciplina positiva en Secundaria, enfocado de forma espec\u00edfica a nuestros y nuestras\u2026","rel":"","context":"En \u00abFormaciones\u00bb","block_context":{"text":"Formaciones","link":"https:\/\/cepronda.com\/blog\/category\/formaciones\/"},"img":{"alt_text":"havefun-1754193_640","src":"https:\/\/i0.wp.com\/cepronda.com\/blog\/wp-content\/uploads\/2016\/12\/havefun-1754193_640.jpg?resize=350%2C200","width":350,"height":200,"srcset":"https:\/\/i0.wp.com\/cepronda.com\/blog\/wp-content\/uploads\/2016\/12\/havefun-1754193_640.jpg?resize=350%2C200 1x, https:\/\/i0.wp.com\/cepronda.com\/blog\/wp-content\/uploads\/2016\/12\/havefun-1754193_640.jpg?resize=525%2C300 1.5x"},"classes":[]},{"id":5940,"url":"https:\/\/cepronda.com\/blog\/vii-jornadas-de-divulgacion-cientifica-diego-perez-de-mesa-la-ciencia-no-entiende-de-genero\/","url_meta":{"origin":3228,"position":3},"title":"VII JORNADAS DE DIVULGACI\u00d3N CIENT\u00cdFICA \u00bbDIEGO P\u00c9REZ DE MESA\u00bb. LA CIENCIA NO ENTIENDE DE G\u00c9NERO","author":"Mamen Moreno","date":"18 abril, 2023","format":false,"excerpt":"Volvemos a retomar para el mes de mayo con las VII Jornadas de Divulgaci\u00f3n Cient\u00edfica Diego P\u00e9rez de Mesa. En esta ocasi\u00f3n relacionadas con la Ciencia no entiende g\u00e9nero. El contenido de estas jornadas comprende tres sesiones con una serie de conferencias relacionadas con la divulgaci\u00f3n cient\u00edfica: Jueves 4 de\u2026","rel":"","context":"En \u00abFormaciones\u00bb","block_context":{"text":"Formaciones","link":"https:\/\/cepronda.com\/blog\/category\/formaciones\/"},"img":{"alt_text":"","src":"https:\/\/i0.wp.com\/cepronda.com\/blog\/wp-content\/uploads\/2023\/04\/CARTEL-JORNADAS-DE-DIVULGACION-CIENTIFICA.jpg?fit=848%2C1200&ssl=1&resize=350%2C200","width":350,"height":200,"srcset":"https:\/\/i0.wp.com\/cepronda.com\/blog\/wp-content\/uploads\/2023\/04\/CARTEL-JORNADAS-DE-DIVULGACION-CIENTIFICA.jpg?fit=848%2C1200&ssl=1&resize=350%2C200 1x, https:\/\/i0.wp.com\/cepronda.com\/blog\/wp-content\/uploads\/2023\/04\/CARTEL-JORNADAS-DE-DIVULGACION-CIENTIFICA.jpg?fit=848%2C1200&ssl=1&resize=525%2C300 1.5x, https:\/\/i0.wp.com\/cepronda.com\/blog\/wp-content\/uploads\/2023\/04\/CARTEL-JORNADAS-DE-DIVULGACION-CIENTIFICA.jpg?fit=848%2C1200&ssl=1&resize=700%2C400 2x"},"classes":[]},{"id":718,"url":"https:\/\/cepronda.com\/blog\/v-jornadas-provinciales-de-e-f-provincia-de-malaga\/","url_meta":{"origin":3228,"position":4},"title":"V JORNADAS PROVINCIALES DE E.F. (Provincia de M\u00e1laga)","author":"V\u00edctor Caballero","date":"6 marzo, 2017","format":false,"excerpt":"Abierto el plazo de solicitudes para las V JORNADAS PROVINCIALES DE EDUCACI\u00d3N F\u00cdSICA, \u00a0que este a\u00f1o tendr\u00e1n lugar en el Albergue de Inturjoven de Cortes de la Frontera los d\u00edas 11 y 12 de mayo. \u00bfQuieres saber que es la Gamificaci\u00f3n? Vente y no te lo pierdas. \u00a1Hay muy pocas\u2026","rel":"","context":"En \u00abFormaciones\u00bb","block_context":{"text":"Formaciones","link":"https:\/\/cepronda.com\/blog\/category\/formaciones\/"},"img":{"alt_text":"","src":"","width":0,"height":0},"classes":[]},{"id":8430,"url":"https:\/\/cepronda.com\/blog\/vii-jornadas-provinciales-de-educacion-fisica\/","url_meta":{"origin":3228,"position":5},"title":"VII JORNADAS PROVINCIALES DE EDUCACI\u00d3N F\u00cdSICA. MODELOS PEDAG\u00d3GICOS","author":"V\u00edctor Caballero","date":"1 abril, 2025","format":false,"excerpt":"Se abre el plazo de inscripci\u00f3n para las \"VII JORNADAS PROVINCIALES DE EDUCACI\u00d3N F\u00cdSICA (#EFIMA25): MODELOS PEDAG\u00d3GICOS EN EDUCACI\u00d3N F\u00cdSICA\" Dirigida al profesorado de Educaci\u00f3n F\u00edsica de la provincia de M\u00e1laga. Las fechas de realizaci\u00f3n:\u00a014 y 15 de mayo de 2025 Lugar: CEULAJ de Mollina. Fechas de inscripci\u00f3n: desde el\u2026","rel":"","context":"En \u00abFormaciones\u00bb","block_context":{"text":"Formaciones","link":"https:\/\/cepronda.com\/blog\/category\/formaciones\/"},"img":{"alt_text":"","src":"https:\/\/i0.wp.com\/cepronda.com\/blog\/wp-content\/uploads\/2025\/04\/Captura-de-pantalla-2025-04-01-a-las-12.27.42.png?fit=716%2C1009&ssl=1&resize=350%2C200","width":350,"height":200,"srcset":"https:\/\/i0.wp.com\/cepronda.com\/blog\/wp-content\/uploads\/2025\/04\/Captura-de-pantalla-2025-04-01-a-las-12.27.42.png?fit=716%2C1009&ssl=1&resize=350%2C200 1x, https:\/\/i0.wp.com\/cepronda.com\/blog\/wp-content\/uploads\/2025\/04\/Captura-de-pantalla-2025-04-01-a-las-12.27.42.png?fit=716%2C1009&ssl=1&resize=525%2C300 1.5x, https:\/\/i0.wp.com\/cepronda.com\/blog\/wp-content\/uploads\/2025\/04\/Captura-de-pantalla-2025-04-01-a-las-12.27.42.png?fit=716%2C1009&ssl=1&resize=700%2C400 2x"},"classes":[]}],"jetpack_sharing_enabled":true,"_links":{"self":[{"href":"https:\/\/cepronda.com\/blog\/wp-json\/wp\/v2\/posts\/3228","targetHints":{"allow":["GET"]}}],"collection":[{"href":"https:\/\/cepronda.com\/blog\/wp-json\/wp\/v2\/posts"}],"about":[{"href":"https:\/\/cepronda.com\/blog\/wp-json\/wp\/v2\/types\/post"}],"author":[{"embeddable":true,"href":"https:\/\/cepronda.com\/blog\/wp-json\/wp\/v2\/users\/3"}],"replies":[{"embeddable":true,"href":"https:\/\/cepronda.com\/blog\/wp-json\/wp\/v2\/comments?post=3228"}],"version-history":[{"count":1,"href":"https:\/\/cepronda.com\/blog\/wp-json\/wp\/v2\/posts\/3228\/revisions"}],"predecessor-version":[{"id":3230,"href":"https:\/\/cepronda.com\/blog\/wp-json\/wp\/v2\/posts\/3228\/revisions\/3230"}],"wp:featuredmedia":[{"embeddable":true,"href":"https:\/\/cepronda.com\/blog\/wp-json\/wp\/v2\/media\/3229"}],"wp:attachment":[{"href":"https:\/\/cepronda.com\/blog\/wp-json\/wp\/v2\/media?parent=3228"}],"wp:term":[{"taxonomy":"category","embeddable":true,"href":"https:\/\/cepronda.com\/blog\/wp-json\/wp\/v2\/categories?post=3228"},{"taxonomy":"post_tag","embeddable":true,"href":"https:\/\/cepronda.com\/blog\/wp-json\/wp\/v2\/tags?post=3228"}],"curies":[{"name":"wp","href":"https:\/\/api.w.org\/{rel}","templated":true}]}}