{"id":320,"date":"2016-11-14T09:37:48","date_gmt":"2016-11-14T08:37:48","guid":{"rendered":"http:\/\/cepronda.com\/blog\/?p=320"},"modified":"2016-11-14T09:37:48","modified_gmt":"2016-11-14T08:37:48","slug":"nueva-seccion-en-nuestro-blog","status":"publish","type":"post","link":"https:\/\/cepronda.com\/blog\/nueva-seccion-en-nuestro-blog\/","title":{"rendered":"Nueva secci\u00f3n en nuestro blog"},"content":{"rendered":"<p>\u00a1Hola a todo el mundo!<\/p>\n<p>Hoy escribimos esta entrada para comentaros que hemos habilitado una nueva secci\u00f3n en el blog donde iremos recogiendo las distintas presentaciones que nuestros y nuestras ponentes van usando en nuestras jornadas y cursos.<\/p>\n<p>Para acceder a esta secci\u00f3n buscad en el men\u00fa de la parte superior, la pesta\u00f1a <strong><a href=\"http:\/\/cepronda.com\/blog\/presentaciones\/\" target=\"_blank\">PRESENTACIONES<\/a><\/strong>, y si hac\u00e9is clic en ella pod\u00e9is acceder a una tabla con las distintas presentaciones que nos van proporcionando las personas ponentes. De este modo podr\u00e9is acceder a las mismas y resolver vuestras dudas.<\/p>\n<p><a href=\"http:\/\/cepronda.com\/blog\/presentaciones\/\" target=\"_blank\"><img data-recalc-dims=\"1\" loading=\"lazy\" decoding=\"async\" class=\"aligncenter  wp-image-321\" src=\"https:\/\/i0.wp.com\/cepronda.com\/blog\/wp-content\/uploads\/2016\/11\/macbook-336704_640.jpg?resize=287%2C191\" alt=\"macbook-336704_640\" width=\"287\" height=\"191\" \/><\/a><\/p>\n","protected":false},"excerpt":{"rendered":"<p>\u00a1Hola a todo el mundo! Hoy escribimos esta entrada para comentaros que hemos habilitado una nueva secci\u00f3n en el blog donde iremos recogiendo las distintas presentaciones que nuestros y nuestras ponentes van usando en nuestras jornadas y cursos. Para acceder a esta secci\u00f3n buscad en el men\u00fa de la parte superior, la pesta\u00f1a PRESENTACIONES, y [&hellip;]<\/p>\n","protected":false},"author":3,"featured_media":321,"comment_status":"open","ping_status":"open","sticky":false,"template":"","format":"standard","meta":{"_crdt_document":"","advanced_seo_description":"","jetpack_seo_html_title":"","jetpack_seo_noindex":false,"jetpack_post_was_ever_published":false,"_jetpack_newsletter_access":"","_jetpack_dont_email_post_to_subs":false,"_jetpack_newsletter_tier_id":0,"_jetpack_memberships_contains_paywalled_content":false,"_jetpack_memberships_contains_paid_content":false,"footnotes":"","jetpack_publicize_message":"","jetpack_publicize_feature_enabled":true,"jetpack_social_post_already_shared":false,"jetpack_social_options":{"image_generator_settings":{"template":"highway","default_image_id":0,"font":"","enabled":false},"version":2}},"categories":[5],"tags":[58],"class_list":{"0":"post-320","1":"post","2":"type-post","3":"status-publish","4":"format-standard","5":"has-post-thumbnail","7":"category-noticias","8":"tag-presentaciones","9":"czr-hentry"},"jetpack_publicize_connections":[],"jetpack_featured_media_url":"","jetpack_shortlink":"https:\/\/wp.me\/p8M4X7-5a","jetpack-related-posts":[{"id":1641,"url":"https:\/\/cepronda.com\/blog\/introduccion-a-mindfulness-para-gestionar-emociones-en-el-aula-programa-inteligencia-emocional-plena-inep\/","url_meta":{"origin":320,"position":0},"title":"INTRODUCCI\u00d3N A MINDFULNESS PARA GESTIONAR EMOCIONES EN EL AULA: PROGRAMA INTELIGENCIA EMOCIONAL PLENA (INEP)","author":"V\u00edctor Caballero","date":"12 marzo, 2018","format":false,"excerpt":"\u00a1Hola!\u00a0 Os contamos que sacamos una nueva actividad, esta vez enfocada al mindfulness, y contamos con tres ponentes de categor\u00eda. Para poder acceder a la informaci\u00f3n e inscribiros s\u00f3lo ten\u00e9is que seguir el siguiente enlace. Os animamos a participar. Un saludo.","rel":"","context":"En \u00abFormaciones\u00bb","block_context":{"text":"Formaciones","link":"https:\/\/cepronda.com\/blog\/category\/formaciones\/"},"img":{"alt_text":"","src":"https:\/\/i0.wp.com\/cepronda.com\/blog\/wp-content\/uploads\/2018\/03\/balance-2686214_640.jpg?fit=640%2C426&ssl=1&resize=350%2C200","width":350,"height":200,"srcset":"https:\/\/i0.wp.com\/cepronda.com\/blog\/wp-content\/uploads\/2018\/03\/balance-2686214_640.jpg?fit=640%2C426&ssl=1&resize=350%2C200 1x, https:\/\/i0.wp.com\/cepronda.com\/blog\/wp-content\/uploads\/2018\/03\/balance-2686214_640.jpg?fit=640%2C426&ssl=1&resize=525%2C300 1.5x"},"classes":[]},{"id":1284,"url":"https:\/\/cepronda.com\/blog\/curso-de-la-autoevaluacion-al-plan-de-mejora\/","url_meta":{"origin":320,"position":1},"title":"Curso: De la autoevaluaci\u00f3n al Plan de Mejora","author":"V\u00edctor Caballero","date":"25 septiembre, 2017","format":false,"excerpt":"Muy buenas de nuevo, En esta ocasi\u00f3n os queremos informar sobre otra de nuestras apuestas en este curso, y es una actividad dirigida a 2 miembros de los ETCP de los Centros de Infantil y Primaria, y al Departamento de Formaci\u00f3n de los IES. En las tres sesiones trabajaremos los\u2026","rel":"","context":"En \u00abFormaciones\u00bb","block_context":{"text":"Formaciones","link":"https:\/\/cepronda.com\/blog\/category\/formaciones\/"},"img":{"alt_text":"","src":"https:\/\/i0.wp.com\/cepronda.com\/blog\/wp-content\/uploads\/2017\/05\/notepad-117597_1280.png?fit=1127%2C1200&ssl=1&resize=350%2C200","width":350,"height":200,"srcset":"https:\/\/i0.wp.com\/cepronda.com\/blog\/wp-content\/uploads\/2017\/05\/notepad-117597_1280.png?fit=1127%2C1200&ssl=1&resize=350%2C200 1x, https:\/\/i0.wp.com\/cepronda.com\/blog\/wp-content\/uploads\/2017\/05\/notepad-117597_1280.png?fit=1127%2C1200&ssl=1&resize=525%2C300 1.5x, https:\/\/i0.wp.com\/cepronda.com\/blog\/wp-content\/uploads\/2017\/05\/notepad-117597_1280.png?fit=1127%2C1200&ssl=1&resize=700%2C400 2x, https:\/\/i0.wp.com\/cepronda.com\/blog\/wp-content\/uploads\/2017\/05\/notepad-117597_1280.png?fit=1127%2C1200&ssl=1&resize=1050%2C600 3x"},"classes":[]},{"id":1550,"url":"https:\/\/cepronda.com\/blog\/nueva-funcionalidad-online-de-nuestro-cep-catalogo-de-nuestra-biblioteca\/","url_meta":{"origin":320,"position":2},"title":"Nueva funcionalidad online de nuestro CEP: cat\u00e1logo de nuestra Biblioteca","author":"V\u00edctor Caballero","date":"12 enero, 2018","format":false,"excerpt":"Muy buenas, Si os fij\u00e1is en nuestro men\u00fa principal, en la parte superior del blog pod\u00e9is encontrar un enlace denominado BIBLIOTECA. En el mismo podr\u00e9is acceder al cat\u00e1logo de nuestros fondos, y as\u00ed poder ver todos aquellos t\u00edtulos y recursos de los que pod\u00e9is disponer en pr\u00e9stamo.\u00a0 Creemos que es\u2026","rel":"","context":"En \u00abNoticias\u00bb","block_context":{"text":"Noticias","link":"https:\/\/cepronda.com\/blog\/category\/noticias\/"},"img":{"alt_text":"","src":"https:\/\/i0.wp.com\/cepronda.com\/blog\/wp-content\/uploads\/2018\/01\/biblioteca.png?fit=1108%2C620&ssl=1&resize=350%2C200","width":350,"height":200,"srcset":"https:\/\/i0.wp.com\/cepronda.com\/blog\/wp-content\/uploads\/2018\/01\/biblioteca.png?fit=1108%2C620&ssl=1&resize=350%2C200 1x, https:\/\/i0.wp.com\/cepronda.com\/blog\/wp-content\/uploads\/2018\/01\/biblioteca.png?fit=1108%2C620&ssl=1&resize=525%2C300 1.5x, https:\/\/i0.wp.com\/cepronda.com\/blog\/wp-content\/uploads\/2018\/01\/biblioteca.png?fit=1108%2C620&ssl=1&resize=700%2C400 2x, https:\/\/i0.wp.com\/cepronda.com\/blog\/wp-content\/uploads\/2018\/01\/biblioteca.png?fit=1108%2C620&ssl=1&resize=1050%2C600 3x"},"classes":[]},{"id":699,"url":"https:\/\/cepronda.com\/blog\/curso-apps-para-educacion-secundaria\/","url_meta":{"origin":320,"position":3},"title":"Curso Apps para Educaci\u00f3n Secundaria","author":"V\u00edctor Caballero","date":"23 febrero, 2017","format":false,"excerpt":"\u00a1Hola! Antes de irnos en nuestra merecida semanita de vacaciones, os dejamos con este curso dirigido espec\u00edficamente al profesorado de Secundaria, y donde podremos conocer y profundizar en distintas aplicaciones educativas que nos pueden ayudar en nuestra labor diaria con el alumnado y en la preparaci\u00f3n de nuestras clases. Al\u2026","rel":"","context":"En \u00abFormaciones\u00bb","block_context":{"text":"Formaciones","link":"https:\/\/cepronda.com\/blog\/category\/formaciones\/"},"img":{"alt_text":"","src":"","width":0,"height":0},"classes":[]},{"id":1553,"url":"https:\/\/cepronda.com\/blog\/jornada-provincial-retos-educativos-educacion-emocional-y-comunicacion-en-las-familias-del-siglo-xxi\/","url_meta":{"origin":320,"position":4},"title":"Jornada provincial \u00abRetos educativos. Educaci\u00f3n emocional y comunicaci\u00f3n en las familias del siglo XXI\u00bb","author":"V\u00edctor Caballero","date":"12 enero, 2018","format":false,"excerpt":"\u00a1Hola de nuevo! Queremos compartir con todos y todas vosotras esta jornada provincial que se va a desarrollar en M\u00e1laga el pr\u00f3ximo 24 de enero, y que va dirigida tanto a docentes como a las familias. La actividad se denomina \"Retos educativos. Educaci\u00f3n emocional y comunicaci\u00f3n en las familias del\u2026","rel":"","context":"En \u00abNoticias\u00bb","block_context":{"text":"Noticias","link":"https:\/\/cepronda.com\/blog\/category\/noticias\/"},"img":{"alt_text":"","src":"https:\/\/i0.wp.com\/cepronda.com\/blog\/wp-content\/uploads\/2018\/01\/familia_m%C3%A1laga.png?fit=643%2C903&ssl=1&resize=350%2C200","width":350,"height":200,"srcset":"https:\/\/i0.wp.com\/cepronda.com\/blog\/wp-content\/uploads\/2018\/01\/familia_m%C3%A1laga.png?fit=643%2C903&ssl=1&resize=350%2C200 1x, https:\/\/i0.wp.com\/cepronda.com\/blog\/wp-content\/uploads\/2018\/01\/familia_m%C3%A1laga.png?fit=643%2C903&ssl=1&resize=525%2C300 1.5x"},"classes":[]},{"id":282,"url":"https:\/\/cepronda.com\/blog\/i-jornadas-cpr-serrania-de-ronda\/","url_meta":{"origin":320,"position":5},"title":"I Jornadas CPR Serran\u00eda de Ronda","author":"V\u00edctor Caballero","date":"8 noviembre, 2016","format":false,"excerpt":"Ayer lunes por la tarde tuvimos la gran suerte de poder asistir a la primera sesi\u00f3n de las I Jornadas de CPR de la Serran\u00eda de Ronda. Fu\u00e9 un gran \u00e9xito de asistencia, ya que tuvimos a 50 asistentes a la misma, y creemos que los ponentes que tuvimos la\u2026","rel":"","context":"En \u00abNoticias\u00bb","block_context":{"text":"Noticias","link":"https:\/\/cepronda.com\/blog\/category\/noticias\/"},"img":{"alt_text":"","src":"","width":0,"height":0},"classes":[]}],"jetpack_sharing_enabled":true,"_links":{"self":[{"href":"https:\/\/cepronda.com\/blog\/wp-json\/wp\/v2\/posts\/320","targetHints":{"allow":["GET"]}}],"collection":[{"href":"https:\/\/cepronda.com\/blog\/wp-json\/wp\/v2\/posts"}],"about":[{"href":"https:\/\/cepronda.com\/blog\/wp-json\/wp\/v2\/types\/post"}],"author":[{"embeddable":true,"href":"https:\/\/cepronda.com\/blog\/wp-json\/wp\/v2\/users\/3"}],"replies":[{"embeddable":true,"href":"https:\/\/cepronda.com\/blog\/wp-json\/wp\/v2\/comments?post=320"}],"version-history":[{"count":0,"href":"https:\/\/cepronda.com\/blog\/wp-json\/wp\/v2\/posts\/320\/revisions"}],"wp:featuredmedia":[{"embeddable":true,"href":"https:\/\/cepronda.com\/blog\/wp-json\/"}],"wp:attachment":[{"href":"https:\/\/cepronda.com\/blog\/wp-json\/wp\/v2\/media?parent=320"}],"wp:term":[{"taxonomy":"category","embeddable":true,"href":"https:\/\/cepronda.com\/blog\/wp-json\/wp\/v2\/categories?post=320"},{"taxonomy":"post_tag","embeddable":true,"href":"https:\/\/cepronda.com\/blog\/wp-json\/wp\/v2\/tags?post=320"}],"curies":[{"name":"wp","href":"https:\/\/api.w.org\/{rel}","templated":true}]}}