{"id":3199,"date":"2019-11-28T09:55:05","date_gmt":"2019-11-28T08:55:05","guid":{"rendered":"http:\/\/cepronda.com\/blog\/?p=3199"},"modified":"2019-11-28T09:55:14","modified_gmt":"2019-11-28T08:55:14","slug":"scratch-makey-makey-y-robotica","status":"publish","type":"post","link":"https:\/\/cepronda.com\/blog\/scratch-makey-makey-y-robotica\/","title":{"rendered":"SCRATCH, MAKEY MAKEY Y ROB\u00d3TICA"},"content":{"rendered":"\n<p class=\"wp-block-paragraph\">Muy buenas familia, <\/p>\n\n\n\n<p class=\"wp-block-paragraph\">Abrimos el plazo de inscripci\u00f3n para esta actividad que dar\u00e1 comienzo justo a la vuelta de las vacaciones de Navidad, el 8 de enero. <\/p>\n\n\n\n<p class=\"wp-block-paragraph\">En esta actividad intentaremos dar respuesta a todas esas demandas que estamos teniendo en los \u00faltimos a\u00f1os sobre como trabajar en nuestras clases de Educaci\u00f3n Infantil y Primaria la rob\u00f3tica y la programaci\u00f3n. Para ello trabajaremos con Scratch, y usaremos las plazas makey makey y los robots MBot. Y sobre todo, contaremos con el lujo de contar como ponente a David S\u00e1nchez Lob\u00f3n.<\/p>\n\n\n\n<p class=\"wp-block-paragraph\">No perd\u00e1is la oportunidad de asistir a estas sesiones, ya que ser\u00e1n sesiones muy pr\u00e1cticas y muy amenas. Os dejamos con el <a rel=\"noreferrer noopener\" aria-label=\" (opens in a new tab)\" href=\"https:\/\/www.juntadeandalucia.es\/educacion\/secretariavirtual\/consultaCEP\/actividad\/202924GE024\/\" target=\"_blank\">enlace a la actividad<\/a> para ver las fechas y adem\u00e1s para poder inscribiros.<\/p>\n\n\n\n<figure class=\"wp-block-image size-large\"><a href=\"https:\/\/www.juntadeandalucia.es\/educacion\/secretariavirtual\/consultaCEP\/actividad\/202924GE024\/\" target=\"_blank\" rel=\"noreferrer noopener\"><img data-recalc-dims=\"1\" loading=\"lazy\" decoding=\"async\" width=\"646\" height=\"912\" src=\"https:\/\/i0.wp.com\/cepronda.com\/blog\/wp-content\/uploads\/2019\/11\/scratch.png?resize=646%2C912\" alt=\"\" class=\"wp-image-3200\" srcset=\"https:\/\/i0.wp.com\/cepronda.com\/blog\/wp-content\/uploads\/2019\/11\/scratch.png?w=646&amp;ssl=1 646w, https:\/\/i0.wp.com\/cepronda.com\/blog\/wp-content\/uploads\/2019\/11\/scratch.png?resize=213%2C300&amp;ssl=1 213w\" sizes=\"auto, (max-width: 646px) 100vw, 646px\" \/><\/a><\/figure>\n\n\n\n<p class=\"wp-block-paragraph\"> <\/p>\n","protected":false},"excerpt":{"rendered":"<p>Muy buenas familia, Abrimos el plazo de inscripci\u00f3n para esta actividad que dar\u00e1 comienzo justo a la vuelta de las vacaciones de Navidad, el 8 de enero. En esta actividad intentaremos dar respuesta a todas esas demandas que estamos teniendo en los \u00faltimos a\u00f1os sobre como trabajar en nuestras clases de Educaci\u00f3n Infantil y Primaria [&hellip;]<\/p>\n","protected":false},"author":3,"featured_media":3200,"comment_status":"open","ping_status":"open","sticky":false,"template":"","format":"standard","meta":{"_crdt_document":"","advanced_seo_description":"","jetpack_seo_html_title":"","jetpack_seo_noindex":false,"jetpack_post_was_ever_published":false,"_jetpack_newsletter_access":"","_jetpack_dont_email_post_to_subs":false,"_jetpack_newsletter_tier_id":0,"_jetpack_memberships_contains_paywalled_content":false,"_jetpack_memberships_contains_paid_content":false,"footnotes":"","jetpack_publicize_message":"SCRATCH, MAKEY MAKEY Y ROB\u00d3TICA con @davidsanlo78\nNo dejes pasar la oportunidad","jetpack_publicize_feature_enabled":true,"jetpack_social_post_already_shared":true,"jetpack_social_options":{"image_generator_settings":{"template":"highway","default_image_id":0,"font":"","enabled":false},"version":2}},"categories":[3],"tags":[167,109],"class_list":{"0":"post-3199","1":"post","2":"type-post","3":"status-publish","4":"format-standard","5":"has-post-thumbnail","7":"category-formaciones","8":"tag-programacion","9":"tag-robotica","10":"czr-hentry"},"jetpack_publicize_connections":[],"jetpack_featured_media_url":"https:\/\/i0.wp.com\/cepronda.com\/blog\/wp-content\/uploads\/2019\/11\/scratch.png?fit=646%2C912&ssl=1","jetpack_shortlink":"https:\/\/wp.me\/p8M4X7-PB","jetpack-related-posts":[{"id":1301,"url":"https:\/\/cepronda.com\/blog\/curso-sobre-scratch-y-makey-makey\/","url_meta":{"origin":3199,"position":0},"title":"Curso sobre Scratch y Makey Makey","author":"V\u00edctor Caballero","date":"2 octubre, 2017","format":false,"excerpt":"\u00a1Seguimos con nuestro ritmo a velocidad de crucero! En este caso nos complace informaros que ya tenemos fecha para nuestro primer taller dentro del itinerario formativo dedicado a la programaci\u00f3n, rob\u00f3tica y 3D. Vamos a comenzar con Scratch, que es es un lenguaje de programaci\u00f3n que facilita crear historias interactivas,\u2026","rel":"","context":"En \u00abFormaciones\u00bb","block_context":{"text":"Formaciones","link":"https:\/\/cepronda.com\/blog\/category\/formaciones\/"},"img":{"alt_text":"","src":"https:\/\/i0.wp.com\/cepronda.com\/blog\/wp-content\/uploads\/2017\/10\/Scratch.png?resize=350%2C200","width":350,"height":200},"classes":[]},{"id":2846,"url":"https:\/\/cepronda.com\/blog\/taller-de-robotica-y-programacion-en-el-ies-perez-de-guzman\/","url_meta":{"origin":3199,"position":1},"title":"Taller de rob\u00f3tica y programaci\u00f3n en el IES P\u00e9rez de Guzm\u00e1n","author":"V\u00edctor Caballero","date":"20 mayo, 2019","format":false,"excerpt":"El pasado viernes, tuvimos la gran oportunidad de asistir a un taller de rob\u00f3tica y programaci\u00f3n organizado por varios profes del IES P\u00e9rez de Guzm\u00e1n, en el marco del grupo de trabajo que est\u00e1n llevando a cabo durante este curso. En el taller el propio alumnado realiz\u00f3 varias demostraciones a\u2026","rel":"","context":"En \u00abNoticias\u00bb","block_context":{"text":"Noticias","link":"https:\/\/cepronda.com\/blog\/category\/noticias\/"},"img":{"alt_text":"","src":"https:\/\/i0.wp.com\/cepronda.com\/blog\/wp-content\/uploads\/2018\/10\/electrician-499799_640.jpg?fit=640%2C426&ssl=1&resize=350%2C200","width":350,"height":200,"srcset":"https:\/\/i0.wp.com\/cepronda.com\/blog\/wp-content\/uploads\/2018\/10\/electrician-499799_640.jpg?fit=640%2C426&ssl=1&resize=350%2C200 1x, https:\/\/i0.wp.com\/cepronda.com\/blog\/wp-content\/uploads\/2018\/10\/electrician-499799_640.jpg?fit=640%2C426&ssl=1&resize=525%2C300 1.5x"},"classes":[]},{"id":3054,"url":"https:\/\/cepronda.com\/blog\/rondatec\/","url_meta":{"origin":3199,"position":2},"title":"RONDATEC","author":"V\u00edctor Caballero","date":"26 septiembre, 2019","format":false,"excerpt":"Muy buenas familia, Como ya publicamos hace unos d\u00edas ponemos en marcha un nuevo proyecto en nuestro CEP y es la realizaci\u00f3n de una feria donde mostremos y conozcamos lo que estamos trabajando en nuestras aulas en relaci\u00f3n a las nuevas tecnolog\u00edas. Nuestro objetivo no es ambicioso ni pretende pretende\u2026","rel":"","context":"En \u00abFormaciones\u00bb","block_context":{"text":"Formaciones","link":"https:\/\/cepronda.com\/blog\/category\/formaciones\/"},"img":{"alt_text":"","src":"https:\/\/i0.wp.com\/cepronda.com\/blog\/wp-content\/uploads\/2019\/09\/RONDATEC.png?fit=707%2C910&ssl=1&resize=350%2C200","width":350,"height":200,"srcset":"https:\/\/i0.wp.com\/cepronda.com\/blog\/wp-content\/uploads\/2019\/09\/RONDATEC.png?fit=707%2C910&ssl=1&resize=350%2C200 1x, https:\/\/i0.wp.com\/cepronda.com\/blog\/wp-content\/uploads\/2019\/09\/RONDATEC.png?fit=707%2C910&ssl=1&resize=525%2C300 1.5x, https:\/\/i0.wp.com\/cepronda.com\/blog\/wp-content\/uploads\/2019\/09\/RONDATEC.png?fit=707%2C910&ssl=1&resize=700%2C400 2x"},"classes":[]},{"id":1267,"url":"https:\/\/cepronda.com\/blog\/itinerario-formativo\/","url_meta":{"origin":3199,"position":3},"title":"Itinerario formativo","author":"V\u00edctor Caballero","date":"18 septiembre, 2017","format":false,"excerpt":"\u00a1Muy buenas! Una de nuestras apuestas este curso es trabajar con el profesorado de nuestra comarca la programaci\u00f3n, la rob\u00f3tica y la impresi\u00f3n 3D; de modo que podamos dar a conocer a nuestro alumnado todas las posibilidades que nos ofrecen las nuevas tecnolog\u00edas. Queremos este curso dar unas primeras pinceladas\u2026","rel":"","context":"En \u00abNoticias\u00bb","block_context":{"text":"Noticias","link":"https:\/\/cepronda.com\/blog\/category\/noticias\/"},"img":{"alt_text":"","src":"https:\/\/i0.wp.com\/cepronda.com\/blog\/wp-content\/uploads\/2017\/09\/cartel-itinerario-formativo.jpg?fit=848%2C1200&ssl=1&resize=350%2C200","width":350,"height":200,"srcset":"https:\/\/i0.wp.com\/cepronda.com\/blog\/wp-content\/uploads\/2017\/09\/cartel-itinerario-formativo.jpg?fit=848%2C1200&ssl=1&resize=350%2C200 1x, https:\/\/i0.wp.com\/cepronda.com\/blog\/wp-content\/uploads\/2017\/09\/cartel-itinerario-formativo.jpg?fit=848%2C1200&ssl=1&resize=525%2C300 1.5x, https:\/\/i0.wp.com\/cepronda.com\/blog\/wp-content\/uploads\/2017\/09\/cartel-itinerario-formativo.jpg?fit=848%2C1200&ssl=1&resize=700%2C400 2x"},"classes":[]},{"id":7987,"url":"https:\/\/cepronda.com\/blog\/robotica-y-pensamiento-computacional-en-primaria\/","url_meta":{"origin":3199,"position":4},"title":"ROB\u00d3TICA Y PENSAMIENTO COMPUTACIONAL EN PRIMARIA","author":"Mamen Moreno","date":"20 diciembre, 2024","format":false,"excerpt":"Se abre el plazo de inscripci\u00f3n para la actividad provincial ROB\u00d3TICA Y PENSAMIENTO COMPUTACIONAL EN PRIMARIA. Inscripci\u00f3n: Hasta el 31\/12\/24 Dirigido a Educaci\u00f3n Primaria Actividad: del 15\/01\/25 a 05\/02\/25 Duraci\u00f3n:12 h presenciales + 3 en AVFP M\u00e1s en: https:\/www.juntadeandalucia.es\/educacion\/secretariavirtual\/consultaCEP\/actividad\/252922GE073\/","rel":"","context":"En \u00abFormaciones\u00bb","block_context":{"text":"Formaciones","link":"https:\/\/cepronda.com\/blog\/category\/formaciones\/"},"img":{"alt_text":"","src":"https:\/\/i0.wp.com\/cepronda.com\/blog\/wp-content\/uploads\/2024\/12\/WhatsApp-Image-2024-12-20-at-13.06.06-300x300.jpeg?resize=350%2C200&ssl=1","width":350,"height":200},"classes":[]},{"id":1521,"url":"https:\/\/cepronda.com\/blog\/curso-de-robotica-educativa-infantil\/","url_meta":{"origin":3199,"position":5},"title":"Curso de Rob\u00f3tica educativa infantil","author":"V\u00edctor Caballero","date":"8 enero, 2018","format":false,"excerpt":"\u00a1Muy buenas de nuevo! Seguimos con nuestra oferta de actividades formativas dentro del itinerario formativo relacionado con las nuevas tecnolog\u00edas y su aplicaci\u00f3n en el aula. En este caso se trata de una actividad dedicada a la rob\u00f3tica educativa.\u00a0 La rob\u00f3tica educativa se define como un entorno de aprendizaje multidisciplinario\u2026","rel":"","context":"En \u00abFormaciones\u00bb","block_context":{"text":"Formaciones","link":"https:\/\/cepronda.com\/blog\/category\/formaciones\/"},"img":{"alt_text":"","src":"https:\/\/i0.wp.com\/cepronda.com\/blog\/wp-content\/uploads\/2018\/01\/robot-2027195_640-1.png?fit=577%2C640&ssl=1&resize=350%2C200","width":350,"height":200,"srcset":"https:\/\/i0.wp.com\/cepronda.com\/blog\/wp-content\/uploads\/2018\/01\/robot-2027195_640-1.png?fit=577%2C640&ssl=1&resize=350%2C200 1x, https:\/\/i0.wp.com\/cepronda.com\/blog\/wp-content\/uploads\/2018\/01\/robot-2027195_640-1.png?fit=577%2C640&ssl=1&resize=525%2C300 1.5x"},"classes":[]}],"jetpack_sharing_enabled":true,"_links":{"self":[{"href":"https:\/\/cepronda.com\/blog\/wp-json\/wp\/v2\/posts\/3199","targetHints":{"allow":["GET"]}}],"collection":[{"href":"https:\/\/cepronda.com\/blog\/wp-json\/wp\/v2\/posts"}],"about":[{"href":"https:\/\/cepronda.com\/blog\/wp-json\/wp\/v2\/types\/post"}],"author":[{"embeddable":true,"href":"https:\/\/cepronda.com\/blog\/wp-json\/wp\/v2\/users\/3"}],"replies":[{"embeddable":true,"href":"https:\/\/cepronda.com\/blog\/wp-json\/wp\/v2\/comments?post=3199"}],"version-history":[{"count":1,"href":"https:\/\/cepronda.com\/blog\/wp-json\/wp\/v2\/posts\/3199\/revisions"}],"predecessor-version":[{"id":3201,"href":"https:\/\/cepronda.com\/blog\/wp-json\/wp\/v2\/posts\/3199\/revisions\/3201"}],"wp:featuredmedia":[{"embeddable":true,"href":"https:\/\/cepronda.com\/blog\/wp-json\/wp\/v2\/media\/3200"}],"wp:attachment":[{"href":"https:\/\/cepronda.com\/blog\/wp-json\/wp\/v2\/media?parent=3199"}],"wp:term":[{"taxonomy":"category","embeddable":true,"href":"https:\/\/cepronda.com\/blog\/wp-json\/wp\/v2\/categories?post=3199"},{"taxonomy":"post_tag","embeddable":true,"href":"https:\/\/cepronda.com\/blog\/wp-json\/wp\/v2\/tags?post=3199"}],"curies":[{"name":"wp","href":"https:\/\/api.w.org\/{rel}","templated":true}]}}