{"id":3196,"date":"2019-11-26T09:39:33","date_gmt":"2019-11-26T08:39:33","guid":{"rendered":"http:\/\/cepronda.com\/blog\/?p=3196"},"modified":"2019-11-28T13:23:28","modified_gmt":"2019-11-28T12:23:28","slug":"actividades-con-motivo-del-25-de-noviembre-en-vuestros-centros","status":"publish","type":"post","link":"https:\/\/cepronda.com\/blog\/actividades-con-motivo-del-25-de-noviembre-en-vuestros-centros\/","title":{"rendered":"Actividades con motivo del 25 de noviembre en vuestros centros"},"content":{"rendered":"\n<p class=\"wp-block-paragraph\">Muy buenas familia, <\/p>\n\n\n\n<p class=\"wp-block-paragraph\">A trav\u00e9s de las redes sociales, de forma directa a nuestros tel\u00e9fonos m\u00f3viles, o bien acudiendo a vuestros centros hemos visto los grandes trabajos que hab\u00e9is realizado con vuestro alumnado con motivo del 25 de noviembre. Como publicamos en nuestras redes, estamos convencidas en el CEP de Ronda de la importancia de la coeducaci\u00f3n, y de como a trav\u00e9s de la misma conseguiremos acabar con todo esto. Os dejamos con una galer\u00eda de im\u00e1genes y enlaces a las distintas publicaciones de vuestros centros. Gracias y enhorabuena.<\/p>\n\n\n\n<p class=\"wp-block-paragraph\"> <\/p>\n\n\n\n[ngg src=\u00bbgalleries\u00bb ids=\u00bb24&#8243; display=\u00bbbasic_slideshow\u00bb interval=\u00bb2000&#8243;]\n\n\n\n<p class=\"wp-block-paragraph\"><a href=\"https:\/\/www.facebook.com\/vicente.espinel.5?__tn__=%2CdC-R-R&amp;eid=ARBBSOdxdEwshT3KA5sRCpWzRDXMRw1qFe__62mcTfuY7XdPjN-wQNuQ4Yj9rlCTmvcnrj930FMsuYp0&amp;hc_ref=ARSkzyCgcjfhiv1UF2lzJ-33ZrbURKBLs1Z8_0Zi8i1UDDZq1mY09-4mfdq3-Gd1u1k&amp;fref=nf\" target=\"_blank\" rel=\"noreferrer noopener\" aria-label=\"CEIP Vicente Espinel (opens in a new tab)\">CEIP Vicente Espinel<\/a><\/p>\n\n\n\n<p class=\"wp-block-paragraph\"><a href=\"https:\/\/www.facebook.com\/ceipvirgendelaconcepcion.montejaque.7?__tn__=%2CdC-R-R&amp;eid=ARA1srQKcF9JrAaTegnhHyjVjdMBibclG9pvj4ZjlDfiMQGUkYvLglJmK0m8n1A2_fJ0gQfDQoJE86-F&amp;hc_ref=ARRhEcf-S8D_XskB1so_n-bfsdOj30Qdk44TUiO7Nv8BYhBfI5k2jvAiuXBZFW5qAYI&amp;fref=nf\" target=\"_blank\" rel=\"noreferrer noopener\" aria-label=\"CEIP Virgen de la Concepci\u00f3n (opens in a new tab)\">CEIP Virgen de la Concepci\u00f3n<\/a><\/p>\n\n\n\n<p class=\"wp-block-paragraph\"><a href=\"https:\/\/scontent.fmad3-6.fna.fbcdn.net\/v\/t1.0-9\/76785060_2385417311710198_2520355163697315840_o.jpg?_nc_cat=109&amp;_nc_ohc=rqNgYdcOqi8AQnGeivHHK6jN0Up8RDvykBYInOhDH0HZowbEUMJFGbJRw&amp;_nc_ht=scontent.fmad3-6.fna&amp;oh=65a30b5ee6927988a13c253b9995890c&amp;oe=5E86EF51\" target=\"_blank\" rel=\"noreferrer noopener\" aria-label=\"IES Mart\u00edn Rivero (opens in a new tab)\">IES Mart\u00edn Rivero<\/a><\/p>\n\n\n\n<p class=\"wp-block-paragraph\"><a href=\"https:\/\/twitter.com\/padrejesusronda\/status\/1199072428904697856\" target=\"_blank\" rel=\"noreferrer noopener\" aria-label=\"CEIP Ntro Padre Jes\u00fas (opens in a new tab)\">CEIP Ntro Padre Jes\u00fas<\/a><\/p>\n","protected":false},"excerpt":{"rendered":"<p>Muy buenas familia, A trav\u00e9s de las redes sociales, de forma directa a nuestros tel\u00e9fonos m\u00f3viles, o bien acudiendo a vuestros centros hemos visto los grandes trabajos que hab\u00e9is realizado con vuestro alumnado con motivo del 25 de noviembre. Como publicamos en nuestras redes, estamos convencidas en el CEP de Ronda de la importancia de [&hellip;]<\/p>\n","protected":false},"author":3,"featured_media":0,"comment_status":"open","ping_status":"open","sticky":false,"template":"","format":"standard","meta":{"_crdt_document":"","advanced_seo_description":"","jetpack_seo_html_title":"","jetpack_seo_noindex":false,"jetpack_post_was_ever_published":false,"_jetpack_newsletter_access":"","_jetpack_dont_email_post_to_subs":false,"_jetpack_newsletter_tier_id":0,"_jetpack_memberships_contains_paywalled_content":false,"_jetpack_memberships_contains_paid_content":false,"footnotes":"","jetpack_publicize_message":"","jetpack_publicize_feature_enabled":true,"jetpack_social_post_already_shared":true,"jetpack_social_options":{"image_generator_settings":{"template":"highway","default_image_id":0,"font":"","enabled":false},"version":2}},"categories":[5],"tags":[185,171,37],"class_list":{"0":"post-3196","1":"post","2":"type-post","3":"status-publish","4":"format-standard","6":"category-noticias","7":"tag-25-de-noviembre","8":"tag-coeducacion","9":"tag-igualdad","10":"czr-hentry"},"jetpack_publicize_connections":[],"jetpack_featured_media_url":"","jetpack_shortlink":"https:\/\/wp.me\/p8M4X7-Py","jetpack-related-posts":[{"id":3137,"url":"https:\/\/cepronda.com\/blog\/retransmision-del-espectaculo-infantil-mi-madre-la-oca-desde-el-teatro-real\/","url_meta":{"origin":3196,"position":0},"title":"Retransmisi\u00f3n del espect\u00e1culo infantil \u00abMi madre la oca\u00bb desde el Teatro Real","author":"V\u00edctor Caballero","date":"12 noviembre, 2019","format":false,"excerpt":"Muy buenas familia, Como a\u00f1os anteriores desde el Teatro Real ofrecen la posibilidad de que el pr\u00f3ximo 22 de noviembre podamos asistir virtualmente a una representaci\u00f3n desde el Teatro Real. Y, al igual que en a\u00f1os anteriores, os ofrecemos nuestro Sal\u00f3n de Actos para que pod\u00e1is venir a verlo con\u2026","rel":"","context":"En \u00abNoticias\u00bb","block_context":{"text":"Noticias","link":"https:\/\/cepronda.com\/blog\/category\/noticias\/"},"img":{"alt_text":"","src":"https:\/\/i0.wp.com\/cepronda.com\/blog\/wp-content\/uploads\/2019\/11\/oca.jpg?resize=350%2C200","width":350,"height":200},"classes":[]},{"id":2550,"url":"https:\/\/cepronda.com\/blog\/trabajando-el-dia-de-la-lectura-en-nuestros-centros\/","url_meta":{"origin":3196,"position":1},"title":"Trabajando el d\u00eda de la lectura en nuestros centros","author":"V\u00edctor Caballero","date":"20 diciembre, 2018","format":false,"excerpt":"Muy buenas familia, nos est\u00e1n llegando algunos ejemplos de las actividades que hab\u00e9is trabajado en vuestros centros con motivo del D\u00eda de la Lectura. En este caso se trata de una actividad del CEIP Juan Mart\u00edn Pinz\u00f3n donde decidieron homenajear a las Misiones Pedag\u00f3gicas, y por otro lado el CEIP\u2026","rel":"","context":"En \u00abNoticias\u00bb","block_context":{"text":"Noticias","link":"https:\/\/cepronda.com\/blog\/category\/noticias\/"},"img":{"alt_text":"","src":"https:\/\/i0.wp.com\/cepronda.com\/blog\/wp-content\/uploads\/2018\/12\/girl-160172_1280.png?fit=600%2C1200&ssl=1&resize=350%2C200","width":350,"height":200,"srcset":"https:\/\/i0.wp.com\/cepronda.com\/blog\/wp-content\/uploads\/2018\/12\/girl-160172_1280.png?fit=600%2C1200&ssl=1&resize=350%2C200 1x, https:\/\/i0.wp.com\/cepronda.com\/blog\/wp-content\/uploads\/2018\/12\/girl-160172_1280.png?fit=600%2C1200&ssl=1&resize=525%2C300 1.5x"},"classes":[]},{"id":2334,"url":"https:\/\/cepronda.com\/blog\/nivel-i-y-ii-programa-de-inteligencia-emocional-sensibilizacion-y-desarrollo\/","url_meta":{"origin":3196,"position":2},"title":"NIVEL I Y II. PROGRAMA DE INTELIGENCIA EMOCIONAL: SENSIBILIZACI\u00d3N Y DESARROLLO","author":"V\u00edctor Caballero","date":"25 septiembre, 2018","format":false,"excerpt":"\u00a1Hola de nuevo!\u00a0 Queremos compartir con todas y todos vosotros este curso tan esperado por todo el mundo, dado el \u00e9xito del curso pasado. Se trata de los niveles I y II del programa de inteligencia emocional, donde aprenderemos mucho a nivel personal y como trasladar este programa a nuestros\u2026","rel":"","context":"En \u00abFormaciones\u00bb","block_context":{"text":"Formaciones","link":"https:\/\/cepronda.com\/blog\/category\/formaciones\/"},"img":{"alt_text":"","src":"https:\/\/i0.wp.com\/cepronda.com\/blog\/wp-content\/uploads\/2018\/09\/blond-1868815_640.jpg?fit=640%2C426&ssl=1&resize=350%2C200","width":350,"height":200,"srcset":"https:\/\/i0.wp.com\/cepronda.com\/blog\/wp-content\/uploads\/2018\/09\/blond-1868815_640.jpg?fit=640%2C426&ssl=1&resize=350%2C200 1x, https:\/\/i0.wp.com\/cepronda.com\/blog\/wp-content\/uploads\/2018\/09\/blond-1868815_640.jpg?fit=640%2C426&ssl=1&resize=525%2C300 1.5x"},"classes":[]},{"id":2405,"url":"https:\/\/cepronda.com\/blog\/retransmision-del-espectaculo-infantil-el-gato-con-botas-desde-el-teatro-real\/","url_meta":{"origin":3196,"position":3},"title":"Retransmisi\u00f3n del espect\u00e1culo infantil El gato con botas desde el Teatro Real","author":"V\u00edctor Caballero","date":"29 octubre, 2018","format":false,"excerpt":"Hola familia,\u00a0 Como otros a\u00f1os este curso tambi\u00e9n os ofrecemos nuestro Sal\u00f3n de actos por si quer\u00e9is venir con vuestro alumnado a ver este espect\u00e1culo infantil. Ser\u00e1 una retransmisi\u00f3n de la representaci\u00f3n desde el Teatro Real y tambi\u00e9n la pod\u00e9is solicitar para vuestros centros. Si dese\u00e1is venir a nuestro Sal\u00f3n\u2026","rel":"","context":"En \u00abNoticias\u00bb","block_context":{"text":"Noticias","link":"https:\/\/cepronda.com\/blog\/category\/noticias\/"},"img":{"alt_text":"","src":"https:\/\/i0.wp.com\/cepronda.com\/blog\/wp-content\/uploads\/2018\/10\/bathrooms-243009_1920.jpg?fit=1200%2C797&ssl=1&resize=350%2C200","width":350,"height":200,"srcset":"https:\/\/i0.wp.com\/cepronda.com\/blog\/wp-content\/uploads\/2018\/10\/bathrooms-243009_1920.jpg?fit=1200%2C797&ssl=1&resize=350%2C200 1x, https:\/\/i0.wp.com\/cepronda.com\/blog\/wp-content\/uploads\/2018\/10\/bathrooms-243009_1920.jpg?fit=1200%2C797&ssl=1&resize=525%2C300 1.5x, https:\/\/i0.wp.com\/cepronda.com\/blog\/wp-content\/uploads\/2018\/10\/bathrooms-243009_1920.jpg?fit=1200%2C797&ssl=1&resize=700%2C400 2x, https:\/\/i0.wp.com\/cepronda.com\/blog\/wp-content\/uploads\/2018\/10\/bathrooms-243009_1920.jpg?fit=1200%2C797&ssl=1&resize=1050%2C600 3x"},"classes":[]},{"id":4683,"url":"https:\/\/cepronda.com\/blog\/ii-congreso-andaluz-de-coeducacion-del-feminismo-en-las-aulas-a-la-transformacion-social\/","url_meta":{"origin":3196,"position":4},"title":"II CONGRESO ANDALUZ DE COEDUCACI\u00d3N \u00abDEL FEMINISMO EN LAS AULAS A LA TRANSFORMACI\u00d3N SOCIAL\u00bb","author":"Inmaculada Garc\u00eda","date":"27 septiembre, 2021","format":false,"excerpt":"Buenos d\u00edas compa\u00f1eros y compa\u00f1eras, os informamos\u00a0 que los pr\u00f3ximos 25 y 26 de octubre se llevar\u00e1 a cabo el II CONGRESO ANDALUZ DE COEDUCACI\u00d3N \"DEL FEMINISMO EN LAS AULAS A LA TRANSFORMACI\u00d3N SOCIAL\". En el siguiente enlace podr\u00e9is acceder a toda la informaci\u00f3n y formulario de inscripci\u00f3n. Esperamos que\u2026","rel":"","context":"En \u00abNoticias\u00bb","block_context":{"text":"Noticias","link":"https:\/\/cepronda.com\/blog\/category\/noticias\/"},"img":{"alt_text":"","src":"https:\/\/i0.wp.com\/cepronda.com\/blog\/wp-content\/uploads\/2021\/09\/Congreso_WEB_Banner_nueva-1-2048x1106-1.png?fit=1200%2C648&ssl=1&resize=350%2C200","width":350,"height":200,"srcset":"https:\/\/i0.wp.com\/cepronda.com\/blog\/wp-content\/uploads\/2021\/09\/Congreso_WEB_Banner_nueva-1-2048x1106-1.png?fit=1200%2C648&ssl=1&resize=350%2C200 1x, https:\/\/i0.wp.com\/cepronda.com\/blog\/wp-content\/uploads\/2021\/09\/Congreso_WEB_Banner_nueva-1-2048x1106-1.png?fit=1200%2C648&ssl=1&resize=525%2C300 1.5x, https:\/\/i0.wp.com\/cepronda.com\/blog\/wp-content\/uploads\/2021\/09\/Congreso_WEB_Banner_nueva-1-2048x1106-1.png?fit=1200%2C648&ssl=1&resize=700%2C400 2x, https:\/\/i0.wp.com\/cepronda.com\/blog\/wp-content\/uploads\/2021\/09\/Congreso_WEB_Banner_nueva-1-2048x1106-1.png?fit=1200%2C648&ssl=1&resize=1050%2C600 3x"},"classes":[]},{"id":2669,"url":"https:\/\/cepronda.com\/blog\/celebracion-del-8-de-marzo-en-algunos-de-nuestros-centros\/","url_meta":{"origin":3196,"position":5},"title":"Celebraci\u00f3n del 8 de marzo en algunos de nuestros centros","author":"V\u00edctor Caballero","date":"14 marzo, 2019","format":false,"excerpt":"Muy buenas familia, Seguro que la mayor\u00eda de vuestros centros celebrasteis el d\u00eda de la mujer de alguna forma. Algunos ejemplos nos los est\u00e1is haciendo llegar, y como casi siempre son sorprendentes y maravillosos. Por un lado el CEIP Virgen de la Cabeza hizo un acto donde cada uno de\u2026","rel":"","context":"En \u00abNoticias\u00bb","block_context":{"text":"Noticias","link":"https:\/\/cepronda.com\/blog\/category\/noticias\/"},"img":{"alt_text":"","src":"https:\/\/i0.wp.com\/cepronda.com\/blog\/wp-content\/uploads\/2019\/03\/8-marzo.jpeg?fit=1200%2C900&ssl=1&resize=350%2C200","width":350,"height":200,"srcset":"https:\/\/i0.wp.com\/cepronda.com\/blog\/wp-content\/uploads\/2019\/03\/8-marzo.jpeg?fit=1200%2C900&ssl=1&resize=350%2C200 1x, https:\/\/i0.wp.com\/cepronda.com\/blog\/wp-content\/uploads\/2019\/03\/8-marzo.jpeg?fit=1200%2C900&ssl=1&resize=525%2C300 1.5x, https:\/\/i0.wp.com\/cepronda.com\/blog\/wp-content\/uploads\/2019\/03\/8-marzo.jpeg?fit=1200%2C900&ssl=1&resize=700%2C400 2x, https:\/\/i0.wp.com\/cepronda.com\/blog\/wp-content\/uploads\/2019\/03\/8-marzo.jpeg?fit=1200%2C900&ssl=1&resize=1050%2C600 3x"},"classes":[]}],"jetpack_sharing_enabled":true,"_links":{"self":[{"href":"https:\/\/cepronda.com\/blog\/wp-json\/wp\/v2\/posts\/3196","targetHints":{"allow":["GET"]}}],"collection":[{"href":"https:\/\/cepronda.com\/blog\/wp-json\/wp\/v2\/posts"}],"about":[{"href":"https:\/\/cepronda.com\/blog\/wp-json\/wp\/v2\/types\/post"}],"author":[{"embeddable":true,"href":"https:\/\/cepronda.com\/blog\/wp-json\/wp\/v2\/users\/3"}],"replies":[{"embeddable":true,"href":"https:\/\/cepronda.com\/blog\/wp-json\/wp\/v2\/comments?post=3196"}],"version-history":[{"count":2,"href":"https:\/\/cepronda.com\/blog\/wp-json\/wp\/v2\/posts\/3196\/revisions"}],"predecessor-version":[{"id":3198,"href":"https:\/\/cepronda.com\/blog\/wp-json\/wp\/v2\/posts\/3196\/revisions\/3198"}],"wp:attachment":[{"href":"https:\/\/cepronda.com\/blog\/wp-json\/wp\/v2\/media?parent=3196"}],"wp:term":[{"taxonomy":"category","embeddable":true,"href":"https:\/\/cepronda.com\/blog\/wp-json\/wp\/v2\/categories?post=3196"},{"taxonomy":"post_tag","embeddable":true,"href":"https:\/\/cepronda.com\/blog\/wp-json\/wp\/v2\/tags?post=3196"}],"curies":[{"name":"wp","href":"https:\/\/api.w.org\/{rel}","templated":true}]}}