{"id":3166,"date":"2019-11-25T13:21:45","date_gmt":"2019-11-25T12:21:45","guid":{"rendered":"http:\/\/cepronda.com\/blog\/?p=3166"},"modified":"2025-04-28T11:56:30","modified_gmt":"2025-04-28T09:56:30","slug":"concurso-de-meritos-para-la-seleccion-de-directores-y-directoras-de-centros-docentes-publicos-no-universitarios","status":"publish","type":"post","link":"https:\/\/cepronda.com\/blog\/concurso-de-meritos-para-la-seleccion-de-directores-y-directoras-de-centros-docentes-publicos-no-universitarios\/","title":{"rendered":"Concurso de m\u00e9ritos para la selecci\u00f3n de directores y directoras de centros docentes p\u00fablicos no universitarios"},"content":{"rendered":"\n<p class=\"wp-block-paragraph\">Muy buenas familia, <\/p>\n\n\n\n<p class=\"wp-block-paragraph\">Comunicamos a todas las personas interesadas que acaba de salir publicada la resoluci\u00f3n de 19 de noviembre de 2019, por la que se convoca concurso de m\u00e9ritos para la selecci\u00f3n de directores y directoras de centros docentes p\u00fablicos no universitarios de titularidad de la Junta de Andaluc\u00eda. <\/p>\n\n\n\n<p class=\"wp-block-paragraph\">Varios de los centros implicados en la misma, pertenecen a nuestra zona. Os dejamos con el <a rel=\"noreferrer noopener\" aria-label=\"enlace a la resoluci\u00f3n y sus distintos anexos (opens in a new tab)\" href=\"http:\/\/www.juntadeandalucia.es\/educacion\/portals\/web\/ced\/contenidos\/-\/contenidos\/detalle\/concurso-de-meritos-2019-seleccion-de-directores\" target=\"_blank\">enlace a la resoluci\u00f3n y sus distintos anexos<\/a>. <\/p>\n\n\n\n<figure class=\"wp-block-image size-large\"><a href=\"http:\/\/www.juntadeandalucia.es\/educacion\/portals\/web\/ced\/contenidos\/-\/contenidos\/detalle\/concurso-de-meritos-2019-seleccion-de-directores\" target=\"_blank\" rel=\"noreferrer noopener\"><img data-recalc-dims=\"1\" loading=\"lazy\" decoding=\"async\" width=\"531\" height=\"342\" src=\"https:\/\/i0.wp.com\/cepronda.com\/blog\/wp-content\/uploads\/2019\/05\/logo-nuevo.jpg?resize=531%2C342\" alt=\"\" class=\"wp-image-2849\" srcset=\"https:\/\/i0.wp.com\/cepronda.com\/blog\/wp-content\/uploads\/2019\/05\/logo-nuevo.jpg?w=531&amp;ssl=1 531w, https:\/\/i0.wp.com\/cepronda.com\/blog\/wp-content\/uploads\/2019\/05\/logo-nuevo.jpg?resize=300%2C193&amp;ssl=1 300w\" sizes=\"auto, (max-width: 531px) 100vw, 531px\" \/><\/a><\/figure>\n","protected":false},"excerpt":{"rendered":"<p>Muy buenas familia, Comunicamos a todas las personas interesadas que acaba de salir publicada la resoluci\u00f3n de 19 de noviembre de 2019, por la que se convoca concurso de m\u00e9ritos para la selecci\u00f3n de directores y directoras de centros docentes p\u00fablicos no universitarios de titularidad de la Junta de Andaluc\u00eda. Varios de los centros implicados [&hellip;]<\/p>\n","protected":false},"author":3,"featured_media":0,"comment_status":"open","ping_status":"open","sticky":false,"template":"","format":"standard","meta":{"_crdt_document":"","advanced_seo_description":"","jetpack_seo_html_title":"","jetpack_seo_noindex":false,"jetpack_post_was_ever_published":false,"_jetpack_newsletter_access":"","_jetpack_dont_email_post_to_subs":false,"_jetpack_newsletter_tier_id":0,"_jetpack_memberships_contains_paywalled_content":false,"_jetpack_memberships_contains_paid_content":false,"footnotes":"","jetpack_publicize_message":"","jetpack_publicize_feature_enabled":true,"jetpack_social_post_already_shared":true,"jetpack_social_options":{"image_generator_settings":{"template":"highway","default_image_id":0,"font":"","enabled":false},"version":2}},"categories":[3,5],"tags":[145,32],"class_list":{"0":"post-3166","1":"post","2":"type-post","3":"status-publish","4":"format-standard","6":"category-formaciones","7":"category-noticias","8":"tag-direccion","9":"tag-funcion-directiva","10":"czr-hentry"},"jetpack_publicize_connections":[],"jetpack_featured_media_url":"","jetpack_shortlink":"https:\/\/wp.me\/p8M4X7-P4","jetpack-related-posts":[{"id":1457,"url":"https:\/\/cepronda.com\/blog\/resolucion-para-concurso-de-meritos-para-seleccion-de-directores-y-directoras\/","url_meta":{"origin":3166,"position":0},"title":"Resoluci\u00f3n para concurso de m\u00e9ritos para selecci\u00f3n de directores y directoras","author":"V\u00edctor Caballero","date":"28 noviembre, 2017","format":false,"excerpt":"Muy buenas de nuevo, Os comunicamos que ha salido publicada la\u00a0Resoluci\u00f3n de 21 de noviembre de 2017, de la Direcci\u00f3n General del Profesorado y Gesti\u00f3n de Recursos Humanos, por la que se convoca concurso de m\u00e9ritos para la selecci\u00f3n de Directores y Directoras de centros docentes p\u00fablicos no universitarios de\u2026","rel":"","context":"En \u00abNoticias\u00bb","block_context":{"text":"Noticias","link":"https:\/\/cepronda.com\/blog\/category\/noticias\/"},"img":{"alt_text":"","src":"https:\/\/i0.wp.com\/cepronda.com\/blog\/wp-content\/uploads\/2017\/05\/logo_ja_ce_mejor.jpg?fit=732%2C600&ssl=1&resize=350%2C200","width":350,"height":200,"srcset":"https:\/\/i0.wp.com\/cepronda.com\/blog\/wp-content\/uploads\/2017\/05\/logo_ja_ce_mejor.jpg?fit=732%2C600&ssl=1&resize=350%2C200 1x, https:\/\/i0.wp.com\/cepronda.com\/blog\/wp-content\/uploads\/2017\/05\/logo_ja_ce_mejor.jpg?fit=732%2C600&ssl=1&resize=525%2C300 1.5x, https:\/\/i0.wp.com\/cepronda.com\/blog\/wp-content\/uploads\/2017\/05\/logo_ja_ce_mejor.jpg?fit=732%2C600&ssl=1&resize=700%2C400 2x"},"classes":[]},{"id":1486,"url":"https:\/\/cepronda.com\/blog\/jornadas-informativas-sobre-el-procedimiento-para-la-seleccion-de-directores-y-directoras-de-los-centros-docentes-publicos\/","url_meta":{"origin":3166,"position":1},"title":"JORNADAS INFORMATIVAS SOBRE EL PROCEDIMIENTO PARA LA SELECCI\u00d3N DE DIRECTORES Y DIRECTORAS DE LOS CENTROS DOCENTES P\u00daBLICOS","author":"V\u00edctor Caballero","date":"15 diciembre, 2017","format":false,"excerpt":"\u00a1Muy buenas familia! Como sab\u00e9is en muchos centros de nuestra zona se ha abierto el proceso selectivo para la elecci\u00f3n de directoras y directores. Sabemos que hay muchas dudas y preguntas alrededor del proceso y de la elaboraci\u00f3n del proyecto. \u00c9sta es la raz\u00f3n por la que hemos preparado una\u2026","rel":"","context":"En \u00abNoticias\u00bb","block_context":{"text":"Noticias","link":"https:\/\/cepronda.com\/blog\/category\/noticias\/"},"img":{"alt_text":"","src":"https:\/\/i0.wp.com\/cepronda.com\/blog\/wp-content\/uploads\/2017\/12\/idea-1876659_640.jpg?resize=350%2C200","width":350,"height":200,"srcset":"https:\/\/i0.wp.com\/cepronda.com\/blog\/wp-content\/uploads\/2017\/12\/idea-1876659_640.jpg?resize=350%2C200 1x, https:\/\/i0.wp.com\/cepronda.com\/blog\/wp-content\/uploads\/2017\/12\/idea-1876659_640.jpg?resize=525%2C300 1.5x"},"classes":[]},{"id":1438,"url":"https:\/\/cepronda.com\/blog\/publicada-orden-para-desarrollo-del-procedimiento-de-seleccion-y-nombramiento-de-direcciones\/","url_meta":{"origin":3166,"position":2},"title":"Publicada Orden para desarrollo del procedimiento de selecci\u00f3n y nombramiento de Direcciones","author":"V\u00edctor Caballero","date":"20 noviembre, 2017","format":false,"excerpt":"\u00a1Hola de nuevo! Os comunicamos a todas las personas interesadas que se ha publicado la\u00a0Orden de 10 de noviembre de 2017, por la que se desarrolla el procedimiento para la selecci\u00f3n y el nombramiento de los directores y las directoras de los centros docentes p\u00fablicos no universitarios de los que\u2026","rel":"","context":"En \u00abNoticias\u00bb","block_context":{"text":"Noticias","link":"https:\/\/cepronda.com\/blog\/category\/noticias\/"},"img":{"alt_text":"","src":"https:\/\/i0.wp.com\/cepronda.com\/blog\/wp-content\/uploads\/2017\/03\/workshop-1746275_640.jpg?fit=640%2C414&ssl=1&resize=350%2C200","width":350,"height":200,"srcset":"https:\/\/i0.wp.com\/cepronda.com\/blog\/wp-content\/uploads\/2017\/03\/workshop-1746275_640.jpg?fit=640%2C414&ssl=1&resize=350%2C200 1x, https:\/\/i0.wp.com\/cepronda.com\/blog\/wp-content\/uploads\/2017\/03\/workshop-1746275_640.jpg?fit=640%2C414&ssl=1&resize=525%2C300 1.5x"},"classes":[]},{"id":1508,"url":"https:\/\/cepronda.com\/blog\/jornadas-provinciales-de-directores-y-directoras-hacia-la-innovacion-pedagogica-y-la-coordinacion-del-transito-escolar-en-los-centros-docentes\/","url_meta":{"origin":3166,"position":3},"title":"JORNADAS PROVINCIALES DE DIRECTORES Y DIRECTORAS: \u00abHACIA LA INNOVACI\u00d3N PEDAG\u00d3GICA Y LA COORDINACI\u00d3N DEL TR\u00c1NSITO ESCOLAR EN LOS CENTROS DOCENTES\u00bb","author":"V\u00edctor Caballero","date":"22 diciembre, 2017","format":false,"excerpt":"\u00a1Hola! Terminamos este primer trimestre informando a las directoras y directores de los centros de nuestra zona sobre las pr\u00f3ximas\u00a0JORNADAS PROVINCIALES DE DIRECTORES Y DIRECTORAS: \"HACIA LA INNOVACI\u00d3N PEDAG\u00d3GICA Y LA COORDINACI\u00d3N DEL TR\u00c1NSITO ESCOLAR EN LOS CENTROS DOCENTES\" que se van a llevar a cabo en el CEULAJ de\u2026","rel":"","context":"En \u00abFormaciones\u00bb","block_context":{"text":"Formaciones","link":"https:\/\/cepronda.com\/blog\/category\/formaciones\/"},"img":{"alt_text":"","src":"https:\/\/i0.wp.com\/cepronda.com\/blog\/wp-content\/uploads\/2017\/12\/dandelion-2817950_640.jpg?resize=350%2C200","width":350,"height":200,"srcset":"https:\/\/i0.wp.com\/cepronda.com\/blog\/wp-content\/uploads\/2017\/12\/dandelion-2817950_640.jpg?resize=350%2C200 1x, https:\/\/i0.wp.com\/cepronda.com\/blog\/wp-content\/uploads\/2017\/12\/dandelion-2817950_640.jpg?resize=525%2C300 1.5x"},"classes":[]},{"id":7488,"url":"https:\/\/cepronda.com\/blog\/7488-2\/","url_meta":{"origin":3166,"position":4},"title":"XXIV JORNADAS REGIONALES DE DIRECTORAS Y DIRECTORES DE INSTITUTO: COMPETENCIAS DE LA DIRECCI\u00d3N VS LIDERAZGO","author":"Mamen Moreno","date":"23 febrero, 2024","format":false,"excerpt":"Se encuentra abierto el plazo de inscripci\u00f3n para la actividad formativa regional: XXIV JORNADAS REGIONALES DE DIRECTORAS Y DIRECTORES DE INSTITUTO: COMPETENCIAS DE LA DIRECCI\u00d3N VS LIDERAZGO. C\u00f3digo: 24401GE070 \u00c1mbito: Regional. Organiza: CEP de Almer\u00eda. N\u00ba Horas: 12 horas. Dirigida a: Directoras y directores de centros educativos p\u00fablicos de Educaci\u00f3n\u2026","rel":"","context":"En \u00abFormaciones\u00bb","block_context":{"text":"Formaciones","link":"https:\/\/cepronda.com\/blog\/category\/formaciones\/"},"img":{"alt_text":"","src":"https:\/\/i0.wp.com\/cepronda.com\/blog\/wp-content\/uploads\/2024\/02\/Jornada-ADIAN-2024.jpeg?fit=899%2C1200&ssl=1&resize=350%2C200","width":350,"height":200,"srcset":"https:\/\/i0.wp.com\/cepronda.com\/blog\/wp-content\/uploads\/2024\/02\/Jornada-ADIAN-2024.jpeg?fit=899%2C1200&ssl=1&resize=350%2C200 1x, https:\/\/i0.wp.com\/cepronda.com\/blog\/wp-content\/uploads\/2024\/02\/Jornada-ADIAN-2024.jpeg?fit=899%2C1200&ssl=1&resize=525%2C300 1.5x, https:\/\/i0.wp.com\/cepronda.com\/blog\/wp-content\/uploads\/2024\/02\/Jornada-ADIAN-2024.jpeg?fit=899%2C1200&ssl=1&resize=700%2C400 2x"},"classes":[]},{"id":5818,"url":"https:\/\/cepronda.com\/blog\/xxiii-jornadas-regionales-de-directores-y-directoras-de-instituto-por-una-direccion-competente-para-la-escuela-del-futuro\/","url_meta":{"origin":3166,"position":5},"title":"XXIII JORNADAS REGIONALES DE DIRECTORES Y DIRECTORAS DE INSTITUTO: POR UNA DIRECCI\u00d3N COMPETENTE PARA LA ESCUELA DEL FUTURO","author":"Inmaculada Garc\u00eda","date":"8 marzo, 2023","format":false,"excerpt":"Se convoca la actividad formativa Regional\u00a0 \u201cXXIII JORNADAS REGIONALES DE DIRECTORES Y DIRECTORAS DE INSTITUTO: POR UNA DIRECCI\u00d3N COMPETENTE PARA LA ESCUELA DEL FUTURO\u201d con c\u00f3digo 239904DI012, dirigida a directores y directoras de Institutos de Ense\u00f1anza Secundaria p\u00fablicos de la Comunidad Andaluza. Formaci\u00f3n presencial de 10 horas de duraci\u00f3n. Plazo\u2026","rel":"","context":"En \u00abNoticias\u00bb","block_context":{"text":"Noticias","link":"https:\/\/cepronda.com\/blog\/category\/noticias\/"},"img":{"alt_text":"","src":"","width":0,"height":0},"classes":[]}],"jetpack_sharing_enabled":true,"_links":{"self":[{"href":"https:\/\/cepronda.com\/blog\/wp-json\/wp\/v2\/posts\/3166","targetHints":{"allow":["GET"]}}],"collection":[{"href":"https:\/\/cepronda.com\/blog\/wp-json\/wp\/v2\/posts"}],"about":[{"href":"https:\/\/cepronda.com\/blog\/wp-json\/wp\/v2\/types\/post"}],"author":[{"embeddable":true,"href":"https:\/\/cepronda.com\/blog\/wp-json\/wp\/v2\/users\/3"}],"replies":[{"embeddable":true,"href":"https:\/\/cepronda.com\/blog\/wp-json\/wp\/v2\/comments?post=3166"}],"version-history":[{"count":1,"href":"https:\/\/cepronda.com\/blog\/wp-json\/wp\/v2\/posts\/3166\/revisions"}],"predecessor-version":[{"id":3167,"href":"https:\/\/cepronda.com\/blog\/wp-json\/wp\/v2\/posts\/3166\/revisions\/3167"}],"wp:attachment":[{"href":"https:\/\/cepronda.com\/blog\/wp-json\/wp\/v2\/media?parent=3166"}],"wp:term":[{"taxonomy":"category","embeddable":true,"href":"https:\/\/cepronda.com\/blog\/wp-json\/wp\/v2\/categories?post=3166"},{"taxonomy":"post_tag","embeddable":true,"href":"https:\/\/cepronda.com\/blog\/wp-json\/wp\/v2\/tags?post=3166"}],"curies":[{"name":"wp","href":"https:\/\/api.w.org\/{rel}","templated":true}]}}