{"id":3156,"date":"2019-11-19T13:43:53","date_gmt":"2019-11-19T12:43:53","guid":{"rendered":"http:\/\/cepronda.com\/blog\/?p=3156"},"modified":"2019-11-19T13:44:01","modified_gmt":"2019-11-19T12:44:01","slug":"bienal-internacional-de-cine-cientifico-ronda-madrid-mexico","status":"publish","type":"post","link":"https:\/\/cepronda.com\/blog\/bienal-internacional-de-cine-cientifico-ronda-madrid-mexico\/","title":{"rendered":"Bienal internacional de cine cient\u00edfico Ronda-Madrid M\u00e9xico"},"content":{"rendered":"\n<p class=\"wp-block-paragraph\">Desde la Asociaci\u00f3n Astron\u00f3mica Abb\u00e1s Ibn Firn\u00e1s de Ronda, Grupo de Conservadores del Legado de Cayetano Arro<em>yo <\/em><em>y <\/em>Grupo de Conservadores <strong>de <\/strong><strong>Legado <\/strong><strong>de <\/strong><strong>P<\/strong>aco Marin.&nbsp;<\/p>\n\n\n\n<p class=\"wp-block-paragraph\">Os invitamos a participar en las \u00ab<strong>Jornadas <\/strong><strong>de <\/strong><strong>la <\/strong><strong>Prev<\/strong><strong>i<\/strong><strong>a al <\/strong><strong>Certamen <\/strong><strong>de <\/strong>Cine Cient\u00edfico 2020&#8243;, que tendr\u00e1n lugar los d\u00edas 27<em>, <\/em><em>2<\/em>8 y 29 de noviembre de 2019, en el Convento de Santo Domingo de Ronda, en horario de ma\u00f1ana y tarde.&nbsp;<\/p>\n\n\n\n<p class=\"wp-block-paragraph\">Nos gustar\u00eda contar con vuestra presencia en dichas jornadas, al objeto de poner en contacto a ni\u00f1os, j\u00f3venes y adultos con tan importante muestra que se celebra en Ronda, y que en el a\u00f1o 2020 cumplir\u00e1 su edici\u00f3n n\u00famero XXX. (La ASECIC-Asociaci\u00f3n Espa\u00f1ola de Cine e Imagen Cient\u00edficos organiza dicha edici\u00f3n).&nbsp;<br><\/p>\n","protected":false},"excerpt":{"rendered":"<p>Desde la Asociaci\u00f3n Astron\u00f3mica Abb\u00e1s Ibn Firn\u00e1s de Ronda, Grupo de Conservadores del Legado de Cayetano Arroyo y Grupo de Conservadores de Legado de Paco Marin.&nbsp; Os invitamos a participar en las \u00abJornadas de la Previa al Certamen de Cine Cient\u00edfico 2020&#8243;, que tendr\u00e1n lugar los d\u00edas 27, 28 y 29 de noviembre de 2019, [&hellip;]<\/p>\n","protected":false},"author":3,"featured_media":0,"comment_status":"open","ping_status":"open","sticky":false,"template":"","format":"standard","meta":{"_crdt_document":"","advanced_seo_description":"","jetpack_seo_html_title":"","jetpack_seo_noindex":false,"jetpack_post_was_ever_published":false,"_jetpack_newsletter_access":"","_jetpack_dont_email_post_to_subs":false,"_jetpack_newsletter_tier_id":0,"_jetpack_memberships_contains_paywalled_content":false,"_jetpack_memberships_contains_paid_content":false,"footnotes":"","jetpack_publicize_message":"","jetpack_publicize_feature_enabled":true,"jetpack_social_post_already_shared":true,"jetpack_social_options":{"image_generator_settings":{"template":"highway","default_image_id":0,"font":"","enabled":false},"version":2}},"categories":[5],"tags":[14],"class_list":{"0":"post-3156","1":"post","2":"type-post","3":"status-publish","4":"format-standard","6":"category-noticias","7":"tag-ciencias","8":"czr-hentry"},"jetpack_publicize_connections":[],"jetpack_featured_media_url":"","jetpack_shortlink":"https:\/\/wp.me\/p8M4X7-OU","jetpack-related-posts":[{"id":1382,"url":"https:\/\/cepronda.com\/blog\/curso-cine-y-educacion\/","url_meta":{"origin":3156,"position":0},"title":"Curso: \u00abCine y educaci\u00f3n\u00bb","author":"V\u00edctor Caballero","date":"30 octubre, 2017","format":false,"excerpt":"Buenas de nuevo, Queremos compartir con todas y todos vosotros un curso dirigido a profesorado de Secundaria interesado en el cine y en c\u00f3mo sacarle el m\u00e1ximo partido con nuestro alumnado en la clase.\u00a0La asociaci\u00f3n \"M\u00e1s que cine\" de Ronda organiza un ciclo de cine educativo. Profesorado de Institutos de\u2026","rel":"","context":"En \u00abFormaciones\u00bb","block_context":{"text":"Formaciones","link":"https:\/\/cepronda.com\/blog\/category\/formaciones\/"},"img":{"alt_text":"","src":"https:\/\/i0.wp.com\/cepronda.com\/blog\/wp-content\/uploads\/2017\/10\/coupon-1828620_640.png?fit=640%2C320&ssl=1&resize=350%2C200","width":350,"height":200,"srcset":"https:\/\/i0.wp.com\/cepronda.com\/blog\/wp-content\/uploads\/2017\/10\/coupon-1828620_640.png?fit=640%2C320&ssl=1&resize=350%2C200 1x, https:\/\/i0.wp.com\/cepronda.com\/blog\/wp-content\/uploads\/2017\/10\/coupon-1828620_640.png?fit=640%2C320&ssl=1&resize=525%2C300 1.5x"},"classes":[]},{"id":1665,"url":"https:\/\/cepronda.com\/blog\/ciclo-curso-la-musica-en-el-cine\/","url_meta":{"origin":3156,"position":1},"title":"Ciclo curso: La m\u00fasica en el cine","author":"V\u00edctor Caballero","date":"5 abril, 2018","format":false,"excerpt":"\u00a1Hola de nuevo! Aprovechamos esta entrada para contaros que se pone en marcha el \u00faltimo ciclo curso de de cine, en este caso dedicado a la M\u00fasica en el cine.\u00a0La asociaci\u00f3n \"M\u00e1s que cine\" de Ronda organiza un nuevo ciclo de cine en esta ocasi\u00f3n con la tem\u00e1tica CINE Y\u2026","rel":"","context":"En \u00abFormaciones\u00bb","block_context":{"text":"Formaciones","link":"https:\/\/cepronda.com\/blog\/category\/formaciones\/"},"img":{"alt_text":"","src":"https:\/\/i0.wp.com\/cepronda.com\/blog\/wp-content\/uploads\/2017\/10\/coupon-1828620_640.png?fit=640%2C320&ssl=1&resize=350%2C200","width":350,"height":200,"srcset":"https:\/\/i0.wp.com\/cepronda.com\/blog\/wp-content\/uploads\/2017\/10\/coupon-1828620_640.png?fit=640%2C320&ssl=1&resize=350%2C200 1x, https:\/\/i0.wp.com\/cepronda.com\/blog\/wp-content\/uploads\/2017\/10\/coupon-1828620_640.png?fit=640%2C320&ssl=1&resize=525%2C300 1.5x"},"classes":[]},{"id":775,"url":"https:\/\/cepronda.com\/blog\/orquideas-de-ronda\/","url_meta":{"origin":3156,"position":2},"title":"Orqu\u00eddeas de Ronda","author":"V\u00edctor Caballero","date":"17 abril, 2017","format":false,"excerpt":"Buenas El s\u00e1bado 22 de abril, en la Finca Algaba de Ronda, se realizar\u00e1n unas Jornadas sobre orqu\u00eddeas de la zona de Ronda. Empezaremos con una conferencia, a cargo de D. Jos\u00e9 Antonio D\u00edaz Romera y terminaremos con una salida en busca de algunas especies. Se recomienda llevar ropa y\u2026","rel":"","context":"En \u00abNoticias\u00bb","block_context":{"text":"Noticias","link":"https:\/\/cepronda.com\/blog\/category\/noticias\/"},"img":{"alt_text":"","src":"https:\/\/i0.wp.com\/cepronda.com\/blog\/wp-content\/uploads\/2017\/04\/orchid-233425_640-e1495712671573.jpg?fit=500%2C334&ssl=1&resize=350%2C200","width":350,"height":200},"classes":[]},{"id":9214,"url":"https:\/\/cepronda.com\/blog\/9214-2\/","url_meta":{"origin":3156,"position":3},"title":"PARTICIPA EN LA V EDICI\u00d3N DE LA FERIA DE INVENTOS Y TALENTOS. IT\u00b4s RONDA 2026.","author":"Encarni Jim\u00e9nez Rosado","date":"16 enero, 2026","format":false,"excerpt":"Queremos contar contigo en la V edici\u00f3n de la\u00a0Feria de Inventos y Talentos de Ronda, reci\u00e9n galardonada con el 3\u00ba Premio Joaqu\u00edn Guichot a la Innovaci\u00f3n Educativa. Se celebrar\u00e1 los d\u00edas 22 (mi\u00e9rcoles) y 23 (jueves) de abril de 2026. Buscamos mentes inquietas, inventores e inventoras del futuro y talentos\u2026","rel":"","context":"En \u00abNoticias\u00bb","block_context":{"text":"Noticias","link":"https:\/\/cepronda.com\/blog\/category\/noticias\/"},"img":{"alt_text":"","src":"https:\/\/i0.wp.com\/cepronda.com\/blog\/wp-content\/uploads\/2026\/01\/feria-2.jpg?fit=960%2C1200&ssl=1&resize=350%2C200","width":350,"height":200,"srcset":"https:\/\/i0.wp.com\/cepronda.com\/blog\/wp-content\/uploads\/2026\/01\/feria-2.jpg?fit=960%2C1200&ssl=1&resize=350%2C200 1x, https:\/\/i0.wp.com\/cepronda.com\/blog\/wp-content\/uploads\/2026\/01\/feria-2.jpg?fit=960%2C1200&ssl=1&resize=525%2C300 1.5x, https:\/\/i0.wp.com\/cepronda.com\/blog\/wp-content\/uploads\/2026\/01\/feria-2.jpg?fit=960%2C1200&ssl=1&resize=700%2C400 2x"},"classes":[]},{"id":282,"url":"https:\/\/cepronda.com\/blog\/i-jornadas-cpr-serrania-de-ronda\/","url_meta":{"origin":3156,"position":4},"title":"I Jornadas CPR Serran\u00eda de Ronda","author":"V\u00edctor Caballero","date":"8 noviembre, 2016","format":false,"excerpt":"Ayer lunes por la tarde tuvimos la gran suerte de poder asistir a la primera sesi\u00f3n de las I Jornadas de CPR de la Serran\u00eda de Ronda. Fu\u00e9 un gran \u00e9xito de asistencia, ya que tuvimos a 50 asistentes a la misma, y creemos que los ponentes que tuvimos la\u2026","rel":"","context":"En \u00abNoticias\u00bb","block_context":{"text":"Noticias","link":"https:\/\/cepronda.com\/blog\/category\/noticias\/"},"img":{"alt_text":"","src":"","width":0,"height":0},"classes":[]},{"id":1409,"url":"https:\/\/cepronda.com\/blog\/ciclo-de-cine-y-educacion\/","url_meta":{"origin":3156,"position":5},"title":"CICLO DE CINE Y EDUCACI\u00d3N","author":"V\u00edctor Caballero","date":"9 noviembre, 2017","format":false,"excerpt":"A las buenas tardes!! Como sab\u00e9is la asociaci\u00f3n \"M\u00c1S QUE CINE\" DE RONDA se ha mudado al sal\u00f3n de actos del CEP para este mes de Noviembre. Nos encanta que as\u00ed sea pues este se est\u00e1 conviritiendo en un barrio.. de cine :) Si os apetece incluso pod\u00e9is comprar las\u2026","rel":"","context":"En \u00abNoticias\u00bb","block_context":{"text":"Noticias","link":"https:\/\/cepronda.com\/blog\/category\/noticias\/"},"img":{"alt_text":"","src":"https:\/\/i0.wp.com\/cepronda.com\/blog\/wp-content\/uploads\/2017\/11\/MQC-CICLO-CINE-Y-EDUCACI%C3%93N-278x300.jpg?resize=350%2C200","width":350,"height":200},"classes":[]}],"jetpack_sharing_enabled":true,"_links":{"self":[{"href":"https:\/\/cepronda.com\/blog\/wp-json\/wp\/v2\/posts\/3156","targetHints":{"allow":["GET"]}}],"collection":[{"href":"https:\/\/cepronda.com\/blog\/wp-json\/wp\/v2\/posts"}],"about":[{"href":"https:\/\/cepronda.com\/blog\/wp-json\/wp\/v2\/types\/post"}],"author":[{"embeddable":true,"href":"https:\/\/cepronda.com\/blog\/wp-json\/wp\/v2\/users\/3"}],"replies":[{"embeddable":true,"href":"https:\/\/cepronda.com\/blog\/wp-json\/wp\/v2\/comments?post=3156"}],"version-history":[{"count":1,"href":"https:\/\/cepronda.com\/blog\/wp-json\/wp\/v2\/posts\/3156\/revisions"}],"predecessor-version":[{"id":3157,"href":"https:\/\/cepronda.com\/blog\/wp-json\/wp\/v2\/posts\/3156\/revisions\/3157"}],"wp:attachment":[{"href":"https:\/\/cepronda.com\/blog\/wp-json\/wp\/v2\/media?parent=3156"}],"wp:term":[{"taxonomy":"category","embeddable":true,"href":"https:\/\/cepronda.com\/blog\/wp-json\/wp\/v2\/categories?post=3156"},{"taxonomy":"post_tag","embeddable":true,"href":"https:\/\/cepronda.com\/blog\/wp-json\/wp\/v2\/tags?post=3156"}],"curies":[{"name":"wp","href":"https:\/\/api.w.org\/{rel}","templated":true}]}}