{"id":3146,"date":"2019-11-18T10:02:58","date_gmt":"2019-11-18T09:02:58","guid":{"rendered":"http:\/\/cepronda.com\/blog\/?p=3146"},"modified":"2019-11-18T10:03:07","modified_gmt":"2019-11-18T09:03:07","slug":"jornadas-regionales-sobre-seleccion-y-evaluacion-de-la-direccion-escolar","status":"publish","type":"post","link":"https:\/\/cepronda.com\/blog\/jornadas-regionales-sobre-seleccion-y-evaluacion-de-la-direccion-escolar\/","title":{"rendered":"JORNADAS REGIONALES SOBRE SELECCI\u00d3N Y EVALUACI\u00d3N DE LA DIRECCI\u00d3N ESCOLAR"},"content":{"rendered":"\n<p class=\"wp-block-paragraph\">Muy buenas comenzamos la semana compartiendo con las directoras y directores de los centros de nuestra zona esta actividad regional, que tendr\u00e1 lugar el pr\u00f3ximo 27 de noviembre en el CEP de Sevilla, y que creemos puede ser de vuestro inter\u00e9s.<\/p>\n\n\n\n<p class=\"wp-block-paragraph\">Os dejamos con el <a href=\"https:\/\/www.juntadeandalucia.es\/educacion\/secretariavirtual\/consultaCEP\/actividad\/209929EO001\/\" target=\"_blank\" rel=\"noreferrer noopener\" aria-label=\"enlace a las mismas (opens in a new tab)\">enlace a las mismas<\/a>, por si quer\u00e9is inscribiros a la misma. Un saludo.<\/p>\n\n\n\n<figure class=\"wp-block-image size-large\"><a href=\"https:\/\/www.juntadeandalucia.es\/educacion\/secretariavirtual\/consultaCEP\/actividad\/209929EO001\/\" target=\"_blank\" rel=\"noreferrer noopener\"><img loading=\"lazy\" decoding=\"async\" width=\"1280\" height=\"720\" src=\"https:\/\/i0.wp.com\/cepronda.com\/blog\/wp-content\/uploads\/2019\/11\/success-2081168_1280.jpg?fit=1024%2C576\" alt=\"\" class=\"wp-image-3147\" srcset=\"https:\/\/i0.wp.com\/cepronda.com\/blog\/wp-content\/uploads\/2019\/11\/success-2081168_1280.jpg?w=1280&amp;ssl=1 1280w, https:\/\/i0.wp.com\/cepronda.com\/blog\/wp-content\/uploads\/2019\/11\/success-2081168_1280.jpg?resize=300%2C169&amp;ssl=1 300w, https:\/\/i0.wp.com\/cepronda.com\/blog\/wp-content\/uploads\/2019\/11\/success-2081168_1280.jpg?resize=1024%2C576&amp;ssl=1 1024w, https:\/\/i0.wp.com\/cepronda.com\/blog\/wp-content\/uploads\/2019\/11\/success-2081168_1280.jpg?resize=768%2C432&amp;ssl=1 768w\" sizes=\"auto, (max-width: 1170px) 100vw, 1170px\" \/><\/a><\/figure>\n","protected":false},"excerpt":{"rendered":"<p>Muy buenas comenzamos la semana compartiendo con las directoras y directores de los centros de nuestra zona esta actividad regional, que tendr\u00e1 lugar el pr\u00f3ximo 27 de noviembre en el CEP de Sevilla, y que creemos puede ser de vuestro inter\u00e9s. Os dejamos con el enlace a las mismas, por si quer\u00e9is inscribiros a la [&hellip;]<\/p>\n","protected":false},"author":3,"featured_media":3147,"comment_status":"open","ping_status":"open","sticky":false,"template":"","format":"standard","meta":{"_crdt_document":"","advanced_seo_description":"","jetpack_seo_html_title":"","jetpack_seo_noindex":false,"jetpack_post_was_ever_published":false,"_jetpack_newsletter_access":"","_jetpack_dont_email_post_to_subs":false,"_jetpack_newsletter_tier_id":0,"_jetpack_memberships_contains_paywalled_content":false,"_jetpack_memberships_contains_paid_content":false,"footnotes":"","jetpack_publicize_message":"","jetpack_publicize_feature_enabled":true,"jetpack_social_post_already_shared":true,"jetpack_social_options":{"image_generator_settings":{"template":"highway","default_image_id":0,"font":"","enabled":false},"version":2}},"categories":[3],"tags":[145,32],"class_list":{"0":"post-3146","1":"post","2":"type-post","3":"status-publish","4":"format-standard","5":"has-post-thumbnail","7":"category-formaciones","8":"tag-direccion","9":"tag-funcion-directiva","10":"czr-hentry"},"jetpack_publicize_connections":[],"jetpack_featured_media_url":"https:\/\/i0.wp.com\/cepronda.com\/blog\/wp-content\/uploads\/2019\/11\/success-2081168_1280.jpg?fit=1280%2C720&ssl=1","jetpack_shortlink":"https:\/\/wp.me\/p8M4X7-OK","jetpack-related-posts":[{"id":3622,"url":"https:\/\/cepronda.com\/blog\/convocatoria-para-la-provision-de-plazas-vacantes-de-direccion-y-asesorias-en-centros-del-profesorado\/","url_meta":{"origin":3146,"position":0},"title":"Convocatoria para la provisi\u00f3n de plazas vacantes de direcci\u00f3n y asesor\u00edas en Centros del Profesorado","author":"V\u00edctor Caballero","date":"9 junio, 2020","format":false,"excerpt":"Muy buenas familia, Como sab\u00e9is el curso pr\u00f3ximo queda una vacante en el CEP de Ronda en cuanto a asesor\u00edas de formaci\u00f3n. Se acaba de publicar la resoluci\u00f3n, tanto al de asesor\u00edas como la de direcci\u00f3n. Os animamos a participar en la convocatoria de asesor\u00eda de nuestro CEP. Convocatorias Asesor\u00edas\u2026","rel":"","context":"En \u00abFormaciones\u00bb","block_context":{"text":"Formaciones","link":"https:\/\/cepronda.com\/blog\/category\/formaciones\/"},"img":{"alt_text":"","src":"https:\/\/i0.wp.com\/cepronda.com\/blog\/wp-content\/uploads\/2020\/03\/Logo_twitter_cep_ronda-INSTITUCIONAL-estrecho.jpg?fit=349%2C527&ssl=1&resize=350%2C200","width":350,"height":200},"classes":[]},{"id":5954,"url":"https:\/\/cepronda.com\/blog\/jornadas-provinciales-nuevos-retos-y-enfoques-para-una-direccion-de-exito\/","url_meta":{"origin":3146,"position":1},"title":"JORNADAS PROVINCIALES \u00abNUEVOS RETOS Y ENFOQUES PARA UNA DIRECCI\u00d3N DE \u00c9XITO\u00bb","author":"Mamen Moreno","date":"21 abril, 2023","format":false,"excerpt":"Se encuentra abierto el plazo de inscripci\u00f3n para las Jornadas Provinciales de Directores y Directoras \"NUEVOS RETOS Y ENFOQUES PARA UNA DIRECCI\u00d3N DE \u00c9XITO\" Inscripci\u00f3n: desde 20 de abril a 19 de mayo Fecha: 1 de junio Lugar: Facultad de Ciencias de la Educaci\u00f3n (UMA) Duraci\u00f3n: 8 horas M\u00e1s informaci\u00f3n\u2026","rel":"","context":"En \u00abNoticias\u00bb","block_context":{"text":"Noticias","link":"https:\/\/cepronda.com\/blog\/category\/noticias\/"},"img":{"alt_text":"","src":"https:\/\/i0.wp.com\/cepronda.com\/blog\/wp-content\/uploads\/2023\/04\/WhatsApp-Image-2023-04-20-at-17.21.58.jpeg?fit=1080%2C1080&ssl=1&resize=350%2C200","width":350,"height":200,"srcset":"https:\/\/i0.wp.com\/cepronda.com\/blog\/wp-content\/uploads\/2023\/04\/WhatsApp-Image-2023-04-20-at-17.21.58.jpeg?fit=1080%2C1080&ssl=1&resize=350%2C200 1x, https:\/\/i0.wp.com\/cepronda.com\/blog\/wp-content\/uploads\/2023\/04\/WhatsApp-Image-2023-04-20-at-17.21.58.jpeg?fit=1080%2C1080&ssl=1&resize=525%2C300 1.5x, https:\/\/i0.wp.com\/cepronda.com\/blog\/wp-content\/uploads\/2023\/04\/WhatsApp-Image-2023-04-20-at-17.21.58.jpeg?fit=1080%2C1080&ssl=1&resize=700%2C400 2x, https:\/\/i0.wp.com\/cepronda.com\/blog\/wp-content\/uploads\/2023\/04\/WhatsApp-Image-2023-04-20-at-17.21.58.jpeg?fit=1080%2C1080&ssl=1&resize=1050%2C600 3x"},"classes":[]},{"id":9259,"url":"https:\/\/cepronda.com\/blog\/jornadas-provinciales-asadipre-genesis-de-la-direccion-escolar\/","url_meta":{"origin":3146,"position":2},"title":"JORNADAS PROVINCIALES ASADIPRE: G\u00c9NESIS DE LA DIRECCI\u00d3N ESCOLAR","author":"Inmaculada Garc\u00eda","date":"27 enero, 2026","format":false,"excerpt":"En breve se abre el plazo de inscripci\u00f3n a las jornadas provinciales: JORNADAS PROVINCIALES ASADIPRE: G\u00c9NESIS DE LA DIRECCI\u00d3N ESCOLAR, c\u00f3digo: 262924GE003. Actividad presencial con una dedicaci\u00f3n de 8h, dirigida a Equipos Directivos. Las jornadas tendr\u00e1n lugar en el Palacio de Ferias y Congresos Convento de Santo Domingo en Ronda,\u2026","rel":"","context":"En \u00abFormaciones\u00bb","block_context":{"text":"Formaciones","link":"https:\/\/cepronda.com\/blog\/category\/formaciones\/"},"img":{"alt_text":"","src":"https:\/\/i0.wp.com\/cepronda.com\/blog\/wp-content\/uploads\/2026\/01\/jornadas-provinciales-de-asadipre-malaga.jpg?fit=960%2C1200&ssl=1&resize=350%2C200","width":350,"height":200,"srcset":"https:\/\/i0.wp.com\/cepronda.com\/blog\/wp-content\/uploads\/2026\/01\/jornadas-provinciales-de-asadipre-malaga.jpg?fit=960%2C1200&ssl=1&resize=350%2C200 1x, https:\/\/i0.wp.com\/cepronda.com\/blog\/wp-content\/uploads\/2026\/01\/jornadas-provinciales-de-asadipre-malaga.jpg?fit=960%2C1200&ssl=1&resize=525%2C300 1.5x, https:\/\/i0.wp.com\/cepronda.com\/blog\/wp-content\/uploads\/2026\/01\/jornadas-provinciales-de-asadipre-malaga.jpg?fit=960%2C1200&ssl=1&resize=700%2C400 2x"},"classes":[]},{"id":5891,"url":"https:\/\/cepronda.com\/blog\/una-direccion-para-ilusionarte\/","url_meta":{"origin":3146,"position":3},"title":"UNA DIRECCI\u00d3N PARA ILUSIONARTE","author":"Mamen Moreno","date":"31 marzo, 2023","format":false,"excerpt":"Abierto el plazo de inscripciones de la Jornada a nivel Regional \"Una direcci\u00f3n para ilusionarte\". Del 30 de marzo al 18 de abril de 2023. \u00a0 Actividad organizada junto con ASADIPRE \u00b7 Asociaci\u00f3n Andaluza de Directores y Directoras de Centros de Infantil, Primaria y Residencias Escolares. \u00a0 Las Jornadas tienen\u2026","rel":"","context":"En \u00abFormaciones\u00bb","block_context":{"text":"Formaciones","link":"https:\/\/cepronda.com\/blog\/category\/formaciones\/"},"img":{"alt_text":"","src":"https:\/\/i0.wp.com\/cepronda.com\/blog\/wp-content\/uploads\/2023\/03\/DIFUSION-TWITER-4-300x169.png?resize=350%2C200&ssl=1","width":350,"height":200},"classes":[]},{"id":5818,"url":"https:\/\/cepronda.com\/blog\/xxiii-jornadas-regionales-de-directores-y-directoras-de-instituto-por-una-direccion-competente-para-la-escuela-del-futuro\/","url_meta":{"origin":3146,"position":4},"title":"XXIII JORNADAS REGIONALES DE DIRECTORES Y DIRECTORAS DE INSTITUTO: POR UNA DIRECCI\u00d3N COMPETENTE PARA LA ESCUELA DEL FUTURO","author":"Inmaculada Garc\u00eda","date":"8 marzo, 2023","format":false,"excerpt":"Se convoca la actividad formativa Regional\u00a0 \u201cXXIII JORNADAS REGIONALES DE DIRECTORES Y DIRECTORAS DE INSTITUTO: POR UNA DIRECCI\u00d3N COMPETENTE PARA LA ESCUELA DEL FUTURO\u201d con c\u00f3digo 239904DI012, dirigida a directores y directoras de Institutos de Ense\u00f1anza Secundaria p\u00fablicos de la Comunidad Andaluza. Formaci\u00f3n presencial de 10 horas de duraci\u00f3n. Plazo\u2026","rel":"","context":"En \u00abNoticias\u00bb","block_context":{"text":"Noticias","link":"https:\/\/cepronda.com\/blog\/category\/noticias\/"},"img":{"alt_text":"","src":"","width":0,"height":0},"classes":[]},{"id":3149,"url":"https:\/\/cepronda.com\/blog\/curso-extraordinario-de-actualizacion-de-competencias-directivas\/","url_meta":{"origin":3146,"position":5},"title":"Curso extraordinario de actualizaci\u00f3n de competencias directivas","author":"V\u00edctor Caballero","date":"18 noviembre, 2019","format":false,"excerpt":"\u00a1Hola de nuevo! El pasado viernes se public\u00f3 una Resoluci\u00f3n, de la Direcci\u00f3n General de Formaci\u00f3n del Profesorado e Innovaci\u00f3n Educativa, por la que se convoca curso extraordinario de actualizaci\u00f3n de competencias directivas sobre el desarrollo de la funci\u00f3n directiva establecido en el art\u00edculo 1 del Real Decreto 894\/2014, de\u2026","rel":"","context":"En \u00abFormaciones\u00bb","block_context":{"text":"Formaciones","link":"https:\/\/cepronda.com\/blog\/category\/formaciones\/"},"img":{"alt_text":"","src":"https:\/\/i0.wp.com\/cepronda.com\/blog\/wp-content\/uploads\/2019\/05\/logo-nuevo.jpg?fit=531%2C342&ssl=1&resize=350%2C200","width":350,"height":200,"srcset":"https:\/\/i0.wp.com\/cepronda.com\/blog\/wp-content\/uploads\/2019\/05\/logo-nuevo.jpg?fit=531%2C342&ssl=1&resize=350%2C200 1x, https:\/\/i0.wp.com\/cepronda.com\/blog\/wp-content\/uploads\/2019\/05\/logo-nuevo.jpg?fit=531%2C342&ssl=1&resize=525%2C300 1.5x"},"classes":[]}],"jetpack_sharing_enabled":true,"_links":{"self":[{"href":"https:\/\/cepronda.com\/blog\/wp-json\/wp\/v2\/posts\/3146","targetHints":{"allow":["GET"]}}],"collection":[{"href":"https:\/\/cepronda.com\/blog\/wp-json\/wp\/v2\/posts"}],"about":[{"href":"https:\/\/cepronda.com\/blog\/wp-json\/wp\/v2\/types\/post"}],"author":[{"embeddable":true,"href":"https:\/\/cepronda.com\/blog\/wp-json\/wp\/v2\/users\/3"}],"replies":[{"embeddable":true,"href":"https:\/\/cepronda.com\/blog\/wp-json\/wp\/v2\/comments?post=3146"}],"version-history":[{"count":1,"href":"https:\/\/cepronda.com\/blog\/wp-json\/wp\/v2\/posts\/3146\/revisions"}],"predecessor-version":[{"id":3148,"href":"https:\/\/cepronda.com\/blog\/wp-json\/wp\/v2\/posts\/3146\/revisions\/3148"}],"wp:featuredmedia":[{"embeddable":true,"href":"https:\/\/cepronda.com\/blog\/wp-json\/wp\/v2\/media\/3147"}],"wp:attachment":[{"href":"https:\/\/cepronda.com\/blog\/wp-json\/wp\/v2\/media?parent=3146"}],"wp:term":[{"taxonomy":"category","embeddable":true,"href":"https:\/\/cepronda.com\/blog\/wp-json\/wp\/v2\/categories?post=3146"},{"taxonomy":"post_tag","embeddable":true,"href":"https:\/\/cepronda.com\/blog\/wp-json\/wp\/v2\/tags?post=3146"}],"curies":[{"name":"wp","href":"https:\/\/api.w.org\/{rel}","templated":true}]}}