{"id":3143,"date":"2019-11-15T13:56:27","date_gmt":"2019-11-15T12:56:27","guid":{"rendered":"http:\/\/cepronda.com\/blog\/?p=3143"},"modified":"2019-11-15T13:56:36","modified_gmt":"2019-11-15T12:56:36","slug":"el-debate-como-herramienta-curricular","status":"publish","type":"post","link":"https:\/\/cepronda.com\/blog\/el-debate-como-herramienta-curricular\/","title":{"rendered":"EL DEBATE COMO HERRAMIENTA CURRICULAR"},"content":{"rendered":"\n<p class=\"wp-block-paragraph\">Buenas famlia, <\/p>\n\n\n\n<p class=\"wp-block-paragraph\">Cerramos la semana informando de esta actividad que creemos puede ser muy interesante. Los objetivos de esta formaci\u00f3n son:<\/p>\n\n\n\n<p class=\"wp-block-paragraph\">. Facilitar al profesorado las estrategias necesarias para utilizar el debate como recurso did\u00e1ctico. <\/p>\n\n\n\n<p class=\"wp-block-paragraph\">\u00b7 Promover el debate acad\u00e9mico en la ense\u00f1anza de los contenidos curriculares de las diferentes materias.<\/p>\n\n\n\n<p class=\"wp-block-paragraph\"> \u00b7 Mejorar las destrezas orales del alumnado, as\u00ed como contribuir al desarrollo de su esp\u00edritu cr\u00edtico ante la informaci\u00f3n procedente de diversas fuentes. <\/p>\n\n\n\n<p class=\"wp-block-paragraph\">\u00b7 Fomentar el uso de metodolog\u00edas activas y participativas que contribuyan a la adquisici\u00f3n de las competencias claves y que favorezcan la atenci\u00f3n a la diversidad, utilizando el debate como herramienta esencial. <\/p>\n\n\n\n<p class=\"wp-block-paragraph\">Os dejamos con el <a href=\"https:\/\/www.juntadeandalucia.es\/educacion\/secretariavirtual\/consultaCEP\/actividad\/209924LIN002\/\" target=\"_blank\" rel=\"noreferrer noopener\" aria-label=\"enlace a la actividad (opens in a new tab)\">enlace a la actividad<\/a> para que pod\u00e1is ver los detalles y adem\u00e1s inscribiros en la misma.<\/p>\n\n\n\n<figure class=\"wp-block-image size-large\"><a href=\"https:\/\/www.juntadeandalucia.es\/educacion\/secretariavirtual\/consultaCEP\/actividad\/209924LIN002\/\" target=\"_blank\" rel=\"noreferrer noopener\"><img data-recalc-dims=\"1\" loading=\"lazy\" decoding=\"async\" width=\"724\" height=\"1024\" src=\"https:\/\/i0.wp.com\/cepronda.com\/blog\/wp-content\/uploads\/2019\/11\/20191125-El-debate-como-herramienta-curricular-724x1024.png?resize=724%2C1024\" alt=\"\" class=\"wp-image-3144\" srcset=\"https:\/\/i0.wp.com\/cepronda.com\/blog\/wp-content\/uploads\/2019\/11\/20191125-El-debate-como-herramienta-curricular.png?resize=724%2C1024&amp;ssl=1 724w, https:\/\/i0.wp.com\/cepronda.com\/blog\/wp-content\/uploads\/2019\/11\/20191125-El-debate-como-herramienta-curricular.png?resize=212%2C300&amp;ssl=1 212w, https:\/\/i0.wp.com\/cepronda.com\/blog\/wp-content\/uploads\/2019\/11\/20191125-El-debate-como-herramienta-curricular.png?resize=768%2C1086&amp;ssl=1 768w, https:\/\/i0.wp.com\/cepronda.com\/blog\/wp-content\/uploads\/2019\/11\/20191125-El-debate-como-herramienta-curricular.png?resize=1086%2C1536&amp;ssl=1 1086w, https:\/\/i0.wp.com\/cepronda.com\/blog\/wp-content\/uploads\/2019\/11\/20191125-El-debate-como-herramienta-curricular.png?resize=1448%2C2048&amp;ssl=1 1448w, https:\/\/i0.wp.com\/cepronda.com\/blog\/wp-content\/uploads\/2019\/11\/20191125-El-debate-como-herramienta-curricular.png?w=1587&amp;ssl=1 1587w\" sizes=\"auto, (max-width: 724px) 100vw, 724px\" \/><\/a><\/figure>\n","protected":false},"excerpt":{"rendered":"<p>Buenas famlia, Cerramos la semana informando de esta actividad que creemos puede ser muy interesante. Los objetivos de esta formaci\u00f3n son: . Facilitar al profesorado las estrategias necesarias para utilizar el debate como recurso did\u00e1ctico. \u00b7 Promover el debate acad\u00e9mico en la ense\u00f1anza de los contenidos curriculares de las diferentes materias. \u00b7 Mejorar las destrezas [&hellip;]<\/p>\n","protected":false},"author":3,"featured_media":3144,"comment_status":"open","ping_status":"open","sticky":false,"template":"","format":"standard","meta":{"_crdt_document":"","advanced_seo_description":"","jetpack_seo_html_title":"","jetpack_seo_noindex":false,"jetpack_post_was_ever_published":false,"_jetpack_newsletter_access":"","_jetpack_dont_email_post_to_subs":false,"_jetpack_newsletter_tier_id":0,"_jetpack_memberships_contains_paywalled_content":false,"_jetpack_memberships_contains_paid_content":false,"footnotes":"","jetpack_publicize_message":"","jetpack_publicize_feature_enabled":true,"jetpack_social_post_already_shared":true,"jetpack_social_options":{"image_generator_settings":{"template":"highway","default_image_id":0,"font":"","enabled":false},"version":2}},"categories":[3],"tags":[184,154],"class_list":{"0":"post-3143","1":"post","2":"type-post","3":"status-publish","4":"format-standard","5":"has-post-thumbnail","7":"category-formaciones","8":"tag-competencia-linguistica","9":"tag-debate","10":"czr-hentry"},"jetpack_publicize_connections":[],"jetpack_featured_media_url":"https:\/\/i0.wp.com\/cepronda.com\/blog\/wp-content\/uploads\/2019\/11\/20191125-El-debate-como-herramienta-curricular.png?fit=1587%2C2245&ssl=1","jetpack_shortlink":"https:\/\/wp.me\/p8M4X7-OH","jetpack-related-posts":[{"id":3062,"url":"https:\/\/cepronda.com\/blog\/ii-torneo-de-debate-educativo-de-andalucia\/","url_meta":{"origin":3143,"position":0},"title":"II Torneo de Debate Educativo de Andaluc\u00eda","author":"V\u00edctor Caballero","date":"30 septiembre, 2019","format":false,"excerpt":"Muy buenas familia, Comenzamos esta semana calurosa con vosotros compartiendo esta informaci\u00f3n que creemos os puede resultar interesante. Se convoca el II Torneo de Debate Educativo de Andaluc\u00eda y sus fases correspondientes, de centros docentes, provincial y auton\u00f3mica para el curso 2019\/2020. El Torneo se concibe como un foro de\u2026","rel":"","context":"En \u00abFormaciones\u00bb","block_context":{"text":"Formaciones","link":"https:\/\/cepronda.com\/blog\/category\/formaciones\/"},"img":{"alt_text":"","src":"https:\/\/i0.wp.com\/cepronda.com\/blog\/wp-content\/uploads\/2019\/09\/man-2814937_1920-1.jpg?fit=1200%2C526&ssl=1&resize=350%2C200","width":350,"height":200,"srcset":"https:\/\/i0.wp.com\/cepronda.com\/blog\/wp-content\/uploads\/2019\/09\/man-2814937_1920-1.jpg?fit=1200%2C526&ssl=1&resize=350%2C200 1x, https:\/\/i0.wp.com\/cepronda.com\/blog\/wp-content\/uploads\/2019\/09\/man-2814937_1920-1.jpg?fit=1200%2C526&ssl=1&resize=525%2C300 1.5x, https:\/\/i0.wp.com\/cepronda.com\/blog\/wp-content\/uploads\/2019\/09\/man-2814937_1920-1.jpg?fit=1200%2C526&ssl=1&resize=700%2C400 2x, https:\/\/i0.wp.com\/cepronda.com\/blog\/wp-content\/uploads\/2019\/09\/man-2814937_1920-1.jpg?fit=1200%2C526&ssl=1&resize=1050%2C600 3x"},"classes":[]},{"id":4793,"url":"https:\/\/cepronda.com\/blog\/iii-torneo-de-debate-educativo-de-andalucia\/","url_meta":{"origin":3143,"position":1},"title":"III TORNEO DE DEBATE EDUCATIVO DE ANDALUC\u00cdA","author":"Maribel Mu\u00f1oz","date":"21 octubre, 2021","format":false,"excerpt":"Buenos d\u00edas compa\u00f1eras y compa\u00f1eros, Os informamos que se ha publicado la\u00a0 convocatoria del\u00a0 III Torneo de Debate Educativo de Andaluc\u00eda. El plazo\u00a0de inscripci\u00f3n est\u00e1 abierto hasta el 29 de octubre inclusive. Para poder participar en este III Torneo de Debate Educativo, los centros docentes de Andaluc\u00eda que imparten Ense\u00f1anza\u2026","rel":"","context":"En \u00abFormaciones\u00bb","block_context":{"text":"Formaciones","link":"https:\/\/cepronda.com\/blog\/category\/formaciones\/"},"img":{"alt_text":"","src":"https:\/\/i0.wp.com\/cepronda.com\/blog\/wp-content\/uploads\/2020\/03\/S%C2%B0mbolo-gen%C3%87rico-RRSS-redondo-negativo.png?fit=1200%2C1200&ssl=1&resize=350%2C200","width":350,"height":200,"srcset":"https:\/\/i0.wp.com\/cepronda.com\/blog\/wp-content\/uploads\/2020\/03\/S%C2%B0mbolo-gen%C3%87rico-RRSS-redondo-negativo.png?fit=1200%2C1200&ssl=1&resize=350%2C200 1x, https:\/\/i0.wp.com\/cepronda.com\/blog\/wp-content\/uploads\/2020\/03\/S%C2%B0mbolo-gen%C3%87rico-RRSS-redondo-negativo.png?fit=1200%2C1200&ssl=1&resize=525%2C300 1.5x, https:\/\/i0.wp.com\/cepronda.com\/blog\/wp-content\/uploads\/2020\/03\/S%C2%B0mbolo-gen%C3%87rico-RRSS-redondo-negativo.png?fit=1200%2C1200&ssl=1&resize=700%2C400 2x, https:\/\/i0.wp.com\/cepronda.com\/blog\/wp-content\/uploads\/2020\/03\/S%C2%B0mbolo-gen%C3%87rico-RRSS-redondo-negativo.png?fit=1200%2C1200&ssl=1&resize=1050%2C600 3x"},"classes":[]},{"id":9182,"url":"https:\/\/cepronda.com\/blog\/curso-formacion-en-debate-academico-jurados-curso-25-26\/","url_meta":{"origin":3143,"position":2},"title":"CURSO FORMACI\u00d3N EN DEBATE ACAD\u00c9MICO: JURADOS. CURSO 25-26","author":"Encarni Jim\u00e9nez Rosado","date":"13 enero, 2026","format":false,"excerpt":"Abierto el plazo de inscripci\u00f3n para el curso \"FORMACI\u00d3N EN DEBATE ACAD\u00c9MICO: JURADOS. CURSO 25-26\" Dirigido a: Profesorado de Educaci\u00f3n Secundaria Obligatoria, Bachillerato, FP de Grado Medio. Inscripci\u00f3n: desde 13\/01\/2026 a 23\/01\/2026 Actividad: 27\/01\/2026 a 27\/02\/2026 Duraci\u00f3n: 12 horas (9 presenciales + 3 no presenciales) Lugar: Webex (de 16:00 a\u2026","rel":"","context":"En \u00abNoticias\u00bb","block_context":{"text":"Noticias","link":"https:\/\/cepronda.com\/blog\/category\/noticias\/"},"img":{"alt_text":"","src":"","width":0,"height":0},"classes":[]},{"id":7950,"url":"https:\/\/cepronda.com\/blog\/actividad-regional-formacion-en-debate-academico-jurados-curso-24-25-con-codigo-259922in007\/","url_meta":{"origin":3143,"position":3},"title":"ACTIVIDAD REGIONAL: FORMACI\u00d3N EN DEBATE ACAD\u00c9MICO: JURADOS. CURSO 24-25, con c\u00f3digo 259922IN007.","author":"Inmaculada Garc\u00eda","date":"17 diciembre, 2024","format":false,"excerpt":"Se encuentra abierto el plazo de inscripci\u00f3n en la ACTIVIDAD REGIONAL: FORMACI\u00d3N EN DEBATE ACAD\u00c9MICO: JURADOS. CURSO 24-25, con c\u00f3digo 259922IN007. \u270f\ufe0fPlazo de inscripci\u00f3n:17\/12\/2024-14\/01\/2025 Fecha de actividad: 21\/01\/2025-14\/02\/2025. Sesiones presenciales online (Webex): 21 y 28 de enero, 4 de febrero en horario de tarde. \u23f3Duraci\u00f3n: 12 horas (9 horas presenciales\u2026","rel":"","context":"En \u00abFormaciones\u00bb","block_context":{"text":"Formaciones","link":"https:\/\/cepronda.com\/blog\/category\/formaciones\/"},"img":{"alt_text":"","src":"https:\/\/i0.wp.com\/cepronda.com\/blog\/wp-content\/uploads\/2024\/12\/WhatsApp-Image-2024-12-17-at-11.11.56.jpeg?fit=1080%2C1080&ssl=1&resize=350%2C200","width":350,"height":200,"srcset":"https:\/\/i0.wp.com\/cepronda.com\/blog\/wp-content\/uploads\/2024\/12\/WhatsApp-Image-2024-12-17-at-11.11.56.jpeg?fit=1080%2C1080&ssl=1&resize=350%2C200 1x, https:\/\/i0.wp.com\/cepronda.com\/blog\/wp-content\/uploads\/2024\/12\/WhatsApp-Image-2024-12-17-at-11.11.56.jpeg?fit=1080%2C1080&ssl=1&resize=525%2C300 1.5x, https:\/\/i0.wp.com\/cepronda.com\/blog\/wp-content\/uploads\/2024\/12\/WhatsApp-Image-2024-12-17-at-11.11.56.jpeg?fit=1080%2C1080&ssl=1&resize=700%2C400 2x, https:\/\/i0.wp.com\/cepronda.com\/blog\/wp-content\/uploads\/2024\/12\/WhatsApp-Image-2024-12-17-at-11.11.56.jpeg?fit=1080%2C1080&ssl=1&resize=1050%2C600 3x"},"classes":[]},{"id":3298,"url":"https:\/\/cepronda.com\/blog\/formacion-destinada-a-jueces-y-juezas-de-debate\/","url_meta":{"origin":3143,"position":4},"title":"FORMACI\u00d3N DESTINADA A JUECES Y JUEZAS DE DEBATE","author":"V\u00edctor Caballero","date":"9 enero, 2020","format":false,"excerpt":"Muy buenos d\u00edas, Os trasladamos esta informaci\u00f3n a nivel provincial para todas aquellas personas que est\u00e9n interesadas en formarse para ser jueces y juezas en los torneos de debate. Desde hoy, pod\u00e9is inscribiros en el curso sobre debate educativo que\u00a0 os enlazo m\u00e1s abajo y que est\u00e1 organizado por el\u2026","rel":"","context":"En \u00abFormaciones\u00bb","block_context":{"text":"Formaciones","link":"https:\/\/cepronda.com\/blog\/category\/formaciones\/"},"img":{"alt_text":"","src":"https:\/\/i0.wp.com\/cepronda.com\/blog\/wp-content\/uploads\/2020\/01\/image.png?fit=400%2C566&ssl=1&resize=350%2C200","width":350,"height":200},"classes":[]},{"id":5167,"url":"https:\/\/cepronda.com\/blog\/uso-didactico-de-los-distintos-formatos-de-debate-en-el-aula\/","url_meta":{"origin":3143,"position":5},"title":"USO DID\u00c1CTICO DE LOS DISTINTOS FORMATOS DE DEBATE EN EL AULA","author":"Inmaculada Garc\u00eda","date":"16 marzo, 2022","format":false,"excerpt":"Buenas tardes compa\u00f1eras y compa\u00f1eros Os informamos que se encuentra abierta la inscripci\u00f3n del curso a distancia provincial \"USO DID\u00c1CTICO DE LOS DISTINTOS FORMATOS DE DEBATE EN EL AULA\" ( C\u00f3digo: 222925GE204 ). Es un curso con seguimiento y se realizaci\u00f3n se desarrollar\u00e1 ONLINE, con duraci\u00f3n de 10 horas. Fecha\u2026","rel":"","context":"En \u00abFormaciones\u00bb","block_context":{"text":"Formaciones","link":"https:\/\/cepronda.com\/blog\/category\/formaciones\/"},"img":{"alt_text":"","src":"https:\/\/i0.wp.com\/cepronda.com\/blog\/wp-content\/uploads\/2022\/03\/formacion-debate.jpeg?fit=848%2C1200&ssl=1&resize=350%2C200","width":350,"height":200,"srcset":"https:\/\/i0.wp.com\/cepronda.com\/blog\/wp-content\/uploads\/2022\/03\/formacion-debate.jpeg?fit=848%2C1200&ssl=1&resize=350%2C200 1x, https:\/\/i0.wp.com\/cepronda.com\/blog\/wp-content\/uploads\/2022\/03\/formacion-debate.jpeg?fit=848%2C1200&ssl=1&resize=525%2C300 1.5x, https:\/\/i0.wp.com\/cepronda.com\/blog\/wp-content\/uploads\/2022\/03\/formacion-debate.jpeg?fit=848%2C1200&ssl=1&resize=700%2C400 2x"},"classes":[]}],"jetpack_sharing_enabled":true,"_links":{"self":[{"href":"https:\/\/cepronda.com\/blog\/wp-json\/wp\/v2\/posts\/3143","targetHints":{"allow":["GET"]}}],"collection":[{"href":"https:\/\/cepronda.com\/blog\/wp-json\/wp\/v2\/posts"}],"about":[{"href":"https:\/\/cepronda.com\/blog\/wp-json\/wp\/v2\/types\/post"}],"author":[{"embeddable":true,"href":"https:\/\/cepronda.com\/blog\/wp-json\/wp\/v2\/users\/3"}],"replies":[{"embeddable":true,"href":"https:\/\/cepronda.com\/blog\/wp-json\/wp\/v2\/comments?post=3143"}],"version-history":[{"count":1,"href":"https:\/\/cepronda.com\/blog\/wp-json\/wp\/v2\/posts\/3143\/revisions"}],"predecessor-version":[{"id":3145,"href":"https:\/\/cepronda.com\/blog\/wp-json\/wp\/v2\/posts\/3143\/revisions\/3145"}],"wp:featuredmedia":[{"embeddable":true,"href":"https:\/\/cepronda.com\/blog\/wp-json\/wp\/v2\/media\/3144"}],"wp:attachment":[{"href":"https:\/\/cepronda.com\/blog\/wp-json\/wp\/v2\/media?parent=3143"}],"wp:term":[{"taxonomy":"category","embeddable":true,"href":"https:\/\/cepronda.com\/blog\/wp-json\/wp\/v2\/categories?post=3143"},{"taxonomy":"post_tag","embeddable":true,"href":"https:\/\/cepronda.com\/blog\/wp-json\/wp\/v2\/tags?post=3143"}],"curies":[{"name":"wp","href":"https:\/\/api.w.org\/{rel}","templated":true}]}}