{"id":3140,"date":"2019-11-12T13:50:02","date_gmt":"2019-11-12T12:50:02","guid":{"rendered":"http:\/\/cepronda.com\/blog\/?p=3140"},"modified":"2025-04-25T12:07:28","modified_gmt":"2025-04-25T10:07:28","slug":"vii-edicion-del-certamen-escolar-mi-libro-preferido","status":"publish","type":"post","link":"https:\/\/cepronda.com\/blog\/vii-edicion-del-certamen-escolar-mi-libro-preferido\/","title":{"rendered":"VII Edici\u00f3n del certamen escolar \u00abMi libro preferido\u00bb"},"content":{"rendered":"\n<p class=\"wp-block-paragraph\">\u00a1Hola de nuevo!<\/p>\n\n\n\n<p class=\"wp-block-paragraph\">Compartimos con los Institutos y SemiD de nuestra zona la siguiente informaci\u00f3n, que creemos puede resultar de vuestro inter\u00e9s.<\/p>\n\n\n\n<p class=\"wp-block-paragraph\">Organizado y convocado por la Fundaci\u00f3n Cajasol y la Fundaci\u00f3n Jos\u00e9 Manuel Lara, este certamen fomenta la lectura y la escritura entre los m\u00e1s j\u00f3venes a trav\u00e9s de una peque\u00f1a reflexi\u00f3n \u2013un escrito con una extensi\u00f3n de no m\u00e1s de dos p\u00e1ginas o 3.000 caracteres con espacios-, en la que comentan cu\u00e1l es o ha sido su libro preferido.<\/p>\n\n\n\n<p class=\"wp-block-paragraph\">Destinado a alumnado de 1\u00ba y 2\u00ba de ESO, matriculado en Centros Educativos de las ocho provincias andaluzas, ya sean de ense\u00f1anza p\u00fablica, concertada o privada, y que incluye, especialmente, a alumnos de IES que participan en los programas \u00abComunica\u00bb o \u00abPLC (Proyecto Ling\u00fc\u00edstico de Centro)\u00bb de la Consejer\u00eda de Educaci\u00f3n y Deporte de la Junta de Andaluc\u00eda.<\/p>\n\n\n\n<p class=\"wp-block-paragraph\">Cada centro participante seleccionar\u00e1 los cinco mejores trabajos de los presentados por cada clase o curso.<\/p>\n\n\n\n<p class=\"wp-block-paragraph\"><strong>El plazo de admisi\u00f3n de originales finaliza el 1 de marzo de 2020.<\/strong><\/p>\n\n\n\n<p class=\"wp-block-paragraph\">De entre todos los textos presentados, un jurado elegir\u00e1 los ocho mejores (uno por cada provincia) y premiar\u00e1 a sus autores:<\/p>\n\n\n\n<ul class=\"wp-block-list\"><li>Primer premio para los alumnos ganadores (uno por cada provincia): una tableta que incluye una selecci\u00f3n digital de lecturas juveniles, as\u00ed como un lote de libros en formato papel.<\/li><li>Alumnos finalistas (tres por cada provincia): una tableta con una selecci\u00f3n digital de libros.<\/li><li>Centros de los alumnos ganadores y finalistas: un lote de libros.<\/li><li>Profesores representantes de los alumnos ganadores (uno por cada provincia): un libro electr\u00f3nico.<\/li><\/ul>\n\n\n\n<p class=\"wp-block-paragraph\">Asimismo, se elegir\u00e1 un \u00fanico texto como \u00abganador absoluto\u00bb, cuyo autor recibir\u00e1 \u2013junto con la tableta digital y el lote de libros- una suscripci\u00f3n anual a la plataforma Nubico, servicio de lectura digital en la nube con m\u00e1s de 30.000 libros y revistas.<\/p>\n\n\n\n<p class=\"wp-block-paragraph\">El \u00abganador absoluto\u00bb contar\u00e1 tambi\u00e9n con un premio extra: un viaje para tres personas a la ciudad de Madrid con estancia de una noche y visita guiada a la Real Academia Espa\u00f1ola y Biblioteca Nacional. El ganador\/a tendr\u00e1 que ir acompa\u00f1ado por dos adultos y se cubrir\u00e1n gastos de desplazamiento y alojamiento.<\/p>\n\n\n\n<p class=\"wp-block-paragraph\">La VII edici\u00f3n de \u00abMi libro preferido\u00bb permite participar, adem\u00e1s de con un relato escrito, con la creaci\u00f3n opcional de un booktrailer del libro preferido por el alumno. Se valorar\u00e1 la creatividad en su elaboraci\u00f3n y se realizar\u00e1 una menci\u00f3n especial al alumno autor del mejor booktrailer en la gala de la VII edici\u00f3n de \u00abMi libro preferido\u00bb, prevista para el mes de junio en la sede de la Fundaci\u00f3n Cajasol en Sevilla.<\/p>\n\n\n\n<ul class=\"wp-block-list\"><li>\u00a0<a rel=\"noreferrer noopener\" href=\"http:\/\/milibropreferido.es\/\" target=\"_blank\">M\u00e1s informaci\u00f3n<\/a><\/li><\/ul>\n\n\n\n<ul class=\"wp-block-list\"><li><a rel=\"noreferrer noopener\" href=\"http:\/\/www.juntadeandalucia.es\/educacion\/portals\/delegate\/content\/9393bbb9-6d05-4075-8385-405577b8f850\/Bases%20VII%20edicio%C2%BFn%20Mi%20libro%20Preferido%202020\" target=\"_blank\">Bases VII edici\u00f3n Mi libro Preferido 2020 (PDF \/ 298.34Kb)<\/a><\/li><\/ul>\n","protected":false},"excerpt":{"rendered":"<p>\u00a1Hola de nuevo! Compartimos con los Institutos y SemiD de nuestra zona la siguiente informaci\u00f3n, que creemos puede resultar de vuestro inter\u00e9s. Organizado y convocado por la Fundaci\u00f3n Cajasol y la Fundaci\u00f3n Jos\u00e9 Manuel Lara, este certamen fomenta la lectura y la escritura entre los m\u00e1s j\u00f3venes a trav\u00e9s de una peque\u00f1a reflexi\u00f3n \u2013un escrito [&hellip;]<\/p>\n","protected":false},"author":3,"featured_media":0,"comment_status":"open","ping_status":"open","sticky":false,"template":"","format":"standard","meta":{"_crdt_document":"","advanced_seo_description":"","jetpack_seo_html_title":"","jetpack_seo_noindex":false,"jetpack_post_was_ever_published":false,"_jetpack_newsletter_access":"","_jetpack_dont_email_post_to_subs":false,"_jetpack_newsletter_tier_id":0,"_jetpack_memberships_contains_paywalled_content":false,"_jetpack_memberships_contains_paid_content":false,"footnotes":"","jetpack_publicize_message":"","jetpack_publicize_feature_enabled":true,"jetpack_social_post_already_shared":true,"jetpack_social_options":{"image_generator_settings":{"template":"highway","default_image_id":0,"font":"","enabled":false},"version":2}},"categories":[5],"tags":[231,180,44],"class_list":{"0":"post-3140","1":"post","2":"type-post","3":"status-publish","4":"format-standard","6":"category-noticias","7":"tag-certamen","8":"tag-concursos","9":"tag-lengua","10":"czr-hentry"},"jetpack_publicize_connections":[],"jetpack_featured_media_url":"","jetpack_shortlink":"https:\/\/wp.me\/p8M4X7-OE","jetpack-related-posts":[{"id":3281,"url":"https:\/\/cepronda.com\/blog\/concurso-ensenamos-a-leer-2019-2020\/","url_meta":{"origin":3140,"position":0},"title":"Concurso &quot;Ense\u00f1amos a leer&quot; 2019-2020","author":"V\u00edctor Caballero","date":"7 enero, 2020","format":false,"excerpt":"La Universidad Internacional de Valencia (VIU) y la Fundaci\u00f3n Jos\u00e9 Manuel Lara convocan la segunda edici\u00f3n del certamen \"Ense\u00f1amos a leer\", dirigido a profesionales docentes en Andaluc\u00eda. Este concurso tiene como objetivo \u00bfcontribuir a la divulgaci\u00f3n, fomento, desarrollo, investigaci\u00f3n y protecci\u00f3n del h\u00e1bito de la lectura\u00bf, tal y como se\u2026","rel":"","context":"En \u00abNoticias\u00bb","block_context":{"text":"Noticias","link":"https:\/\/cepronda.com\/blog\/category\/noticias\/"},"img":{"alt_text":"","src":"https:\/\/i0.wp.com\/cepronda.com\/blog\/wp-content\/uploads\/2019\/05\/logo-nuevo.jpg?fit=531%2C342&ssl=1&resize=350%2C200","width":350,"height":200,"srcset":"https:\/\/i0.wp.com\/cepronda.com\/blog\/wp-content\/uploads\/2019\/05\/logo-nuevo.jpg?fit=531%2C342&ssl=1&resize=350%2C200 1x, https:\/\/i0.wp.com\/cepronda.com\/blog\/wp-content\/uploads\/2019\/05\/logo-nuevo.jpg?fit=531%2C342&ssl=1&resize=525%2C300 1.5x"},"classes":[]},{"id":3381,"url":"https:\/\/cepronda.com\/blog\/i-certamen-de-pintura-y-dibujo-2020-hacer-lo-invisible-visible\/","url_meta":{"origin":3140,"position":1},"title":"I CERTAMEN DE PINTURA Y DIBUJO 2020 Hacer lo Invisible, Visible","author":"V\u00edctor Caballero","date":"3 febrero, 2020","format":false,"excerpt":"Muy buenas, Comenzamos la semana compartiendo este certamen por parte de la Concejal\u00eda de Mujer del Ayuntamiento de Ronda que convoca el I Certamen de Pintura y dibujo \u201cHacer lo invisible, visible\u201d, contra la violencia hacia las mujeres, con el fin de plasmar la situaci\u00f3n de maltrato f\u00edsico, psicol\u00f3gico, sexual\u2026","rel":"","context":"En \u00abNoticias\u00bb","block_context":{"text":"Noticias","link":"https:\/\/cepronda.com\/blog\/category\/noticias\/"},"img":{"alt_text":"","src":"https:\/\/i0.wp.com\/cepronda.com\/blog\/wp-content\/uploads\/2020\/02\/Certamen-dibujo.jpg?fit=534%2C800&ssl=1&resize=350%2C200","width":350,"height":200,"srcset":"https:\/\/i0.wp.com\/cepronda.com\/blog\/wp-content\/uploads\/2020\/02\/Certamen-dibujo.jpg?fit=534%2C800&ssl=1&resize=350%2C200 1x, https:\/\/i0.wp.com\/cepronda.com\/blog\/wp-content\/uploads\/2020\/02\/Certamen-dibujo.jpg?fit=534%2C800&ssl=1&resize=525%2C300 1.5x"},"classes":[]},{"id":5949,"url":"https:\/\/cepronda.com\/blog\/viii-certamen-de-teatro-en-el-aula-ciudad-de-ronda\/","url_meta":{"origin":3140,"position":2},"title":"VIII CERTAMEN DE TEATRO EN EL AULA \u00abCIUDAD DE RONDA\u00bb","author":"Mamen Moreno","date":"18 abril, 2023","format":false,"excerpt":"Os informamos que el pasado lunes 17 de abril se presento el cartel anunciador del VII Certamen de Teatro en el aula Ciudad de Ronda (TACIR) Este certamen se de desarrollara durante el 26 de mayo al 2 de junio Los teatros se realizaran en el Teatro Vicente Espinel de\u2026","rel":"","context":"En \u00abNoticias\u00bb","block_context":{"text":"Noticias","link":"https:\/\/cepronda.com\/blog\/category\/noticias\/"},"img":{"alt_text":"","src":"https:\/\/i0.wp.com\/cepronda.com\/blog\/wp-content\/uploads\/2023\/04\/CARTEL-CERTAMEN-DEFINITIVO.jpg?fit=1200%2C812&ssl=1&resize=350%2C200","width":350,"height":200,"srcset":"https:\/\/i0.wp.com\/cepronda.com\/blog\/wp-content\/uploads\/2023\/04\/CARTEL-CERTAMEN-DEFINITIVO.jpg?fit=1200%2C812&ssl=1&resize=350%2C200 1x, https:\/\/i0.wp.com\/cepronda.com\/blog\/wp-content\/uploads\/2023\/04\/CARTEL-CERTAMEN-DEFINITIVO.jpg?fit=1200%2C812&ssl=1&resize=525%2C300 1.5x, https:\/\/i0.wp.com\/cepronda.com\/blog\/wp-content\/uploads\/2023\/04\/CARTEL-CERTAMEN-DEFINITIVO.jpg?fit=1200%2C812&ssl=1&resize=700%2C400 2x, https:\/\/i0.wp.com\/cepronda.com\/blog\/wp-content\/uploads\/2023\/04\/CARTEL-CERTAMEN-DEFINITIVO.jpg?fit=1200%2C812&ssl=1&resize=1050%2C600 3x"},"classes":[]},{"id":7374,"url":"https:\/\/cepronda.com\/blog\/ix-certamen-de-teatro-en-el-aula-ciudad-de-ronda\/","url_meta":{"origin":3140,"position":3},"title":"IX CERTAMEN DE TEATRO EN EL AULA. CIUDAD DE RONDA.","author":"Mamen Moreno","date":"16 enero, 2024","format":false,"excerpt":"Desde el d\u00eda 02 de enero hasta el 31 de enero los centros educativos de Educaci\u00f3n Secundaria y Bachillerato de Ronda y la Comarca que lo deseen, podr\u00e1n inscribirse en el IX CERTAMEN DE TEATRO EN EL AULA \u201cCIUDAD DE RONDA\u201d para participar con una o dos obras de teatro\u2026","rel":"","context":"En \u00abFormaciones\u00bb","block_context":{"text":"Formaciones","link":"https:\/\/cepronda.com\/blog\/category\/formaciones\/"},"img":{"alt_text":"","src":"https:\/\/i0.wp.com\/cepronda.com\/blog\/wp-content\/uploads\/2024\/01\/Logo-Tacir-768x733-1.jpg?fit=768%2C733&ssl=1&resize=350%2C200","width":350,"height":200,"srcset":"https:\/\/i0.wp.com\/cepronda.com\/blog\/wp-content\/uploads\/2024\/01\/Logo-Tacir-768x733-1.jpg?fit=768%2C733&ssl=1&resize=350%2C200 1x, https:\/\/i0.wp.com\/cepronda.com\/blog\/wp-content\/uploads\/2024\/01\/Logo-Tacir-768x733-1.jpg?fit=768%2C733&ssl=1&resize=525%2C300 1.5x, https:\/\/i0.wp.com\/cepronda.com\/blog\/wp-content\/uploads\/2024\/01\/Logo-Tacir-768x733-1.jpg?fit=768%2C733&ssl=1&resize=700%2C400 2x"},"classes":[]},{"id":5007,"url":"https:\/\/cepronda.com\/blog\/vii-certamen-de-teatro-en-el-aula-ciudad-de-ronda-2\/","url_meta":{"origin":3140,"position":4},"title":"VII CERTAMEN DE TEATRO EN EL AULA \u00abCIUDAD DE RONDA\u00bb","author":"Antonio Montes","date":"18 enero, 2022","format":false,"excerpt":"Buenos d\u00edas, Desde el Centro del Profesorado de Ronda os anunciamos que, desde el 1 de enero al 31 de enero de 2022, est\u00e1 abierto el plazo para inscribirse como participantes en el VII certamen de teatro en el aula \"Ciudad de Ronda\". Esta edici\u00f3n quiere rendir un homenaje a\u2026","rel":"","context":"En \u00abNoticias\u00bb","block_context":{"text":"Noticias","link":"https:\/\/cepronda.com\/blog\/category\/noticias\/"},"img":{"alt_text":"","src":"https:\/\/i0.wp.com\/cepronda.com\/blog\/wp-content\/uploads\/2019\/12\/theatre-430552_1920.jpg?fit=1200%2C821&ssl=1&resize=350%2C200","width":350,"height":200,"srcset":"https:\/\/i0.wp.com\/cepronda.com\/blog\/wp-content\/uploads\/2019\/12\/theatre-430552_1920.jpg?fit=1200%2C821&ssl=1&resize=350%2C200 1x, https:\/\/i0.wp.com\/cepronda.com\/blog\/wp-content\/uploads\/2019\/12\/theatre-430552_1920.jpg?fit=1200%2C821&ssl=1&resize=525%2C300 1.5x, https:\/\/i0.wp.com\/cepronda.com\/blog\/wp-content\/uploads\/2019\/12\/theatre-430552_1920.jpg?fit=1200%2C821&ssl=1&resize=700%2C400 2x, https:\/\/i0.wp.com\/cepronda.com\/blog\/wp-content\/uploads\/2019\/12\/theatre-430552_1920.jpg?fit=1200%2C821&ssl=1&resize=1050%2C600 3x"},"classes":[]},{"id":1698,"url":"https:\/\/cepronda.com\/blog\/v-certamen-de-relatos-cortos-para-jovenes-nacidos-o-residentes-en-ronda-y-la-serrania\/","url_meta":{"origin":3140,"position":5},"title":"V Certamen de Relatos Cortos para j\u00f3venes nacidos o residentes en Ronda y la Serran\u00eda","author":"V\u00edctor Caballero","date":"19 abril, 2018","format":false,"excerpt":"\u00a1Muy buenas! Compartimos con todas y todos vosotros esta informaci\u00f3n desde la Casa de la Juventud.\u00a0 \u00a0 Un a\u00f1o m\u00e1s, con motivo del D\u00eda Mundial del Libro y con la intenci\u00f3n de motivar a los j\u00f3venes hacia el \u00a0h\u00e1bito lector y la creaci\u00f3n literaria, desde la Delegaci\u00f3n de Juventud se\u2026","rel":"","context":"En \u00abNoticias\u00bb","block_context":{"text":"Noticias","link":"https:\/\/cepronda.com\/blog\/category\/noticias\/"},"img":{"alt_text":"","src":"","width":0,"height":0},"classes":[]}],"jetpack_sharing_enabled":true,"_links":{"self":[{"href":"https:\/\/cepronda.com\/blog\/wp-json\/wp\/v2\/posts\/3140","targetHints":{"allow":["GET"]}}],"collection":[{"href":"https:\/\/cepronda.com\/blog\/wp-json\/wp\/v2\/posts"}],"about":[{"href":"https:\/\/cepronda.com\/blog\/wp-json\/wp\/v2\/types\/post"}],"author":[{"embeddable":true,"href":"https:\/\/cepronda.com\/blog\/wp-json\/wp\/v2\/users\/3"}],"replies":[{"embeddable":true,"href":"https:\/\/cepronda.com\/blog\/wp-json\/wp\/v2\/comments?post=3140"}],"version-history":[{"count":1,"href":"https:\/\/cepronda.com\/blog\/wp-json\/wp\/v2\/posts\/3140\/revisions"}],"predecessor-version":[{"id":3141,"href":"https:\/\/cepronda.com\/blog\/wp-json\/wp\/v2\/posts\/3140\/revisions\/3141"}],"wp:attachment":[{"href":"https:\/\/cepronda.com\/blog\/wp-json\/wp\/v2\/media?parent=3140"}],"wp:term":[{"taxonomy":"category","embeddable":true,"href":"https:\/\/cepronda.com\/blog\/wp-json\/wp\/v2\/categories?post=3140"},{"taxonomy":"post_tag","embeddable":true,"href":"https:\/\/cepronda.com\/blog\/wp-json\/wp\/v2\/tags?post=3140"}],"curies":[{"name":"wp","href":"https:\/\/api.w.org\/{rel}","templated":true}]}}