{"id":3137,"date":"2019-11-12T13:15:12","date_gmt":"2019-11-12T12:15:12","guid":{"rendered":"http:\/\/cepronda.com\/blog\/?p=3137"},"modified":"2019-11-12T13:15:20","modified_gmt":"2019-11-12T12:15:20","slug":"retransmision-del-espectaculo-infantil-mi-madre-la-oca-desde-el-teatro-real","status":"publish","type":"post","link":"https:\/\/cepronda.com\/blog\/retransmision-del-espectaculo-infantil-mi-madre-la-oca-desde-el-teatro-real\/","title":{"rendered":"Retransmisi\u00f3n del espect\u00e1culo infantil \u00abMi madre la oca\u00bb desde el Teatro Real"},"content":{"rendered":"\n<p class=\"wp-block-paragraph\">Muy buenas familia,<\/p>\n\n\n\n<p class=\"wp-block-paragraph\">Como a\u00f1os anteriores desde el Teatro Real ofrecen la posibilidad de que el pr\u00f3ximo 22 de noviembre podamos asistir virtualmente a una representaci\u00f3n desde el Teatro Real. Y, al igual que en a\u00f1os anteriores, os ofrecemos nuestro Sal\u00f3n de Actos para que pod\u00e1is venir a verlo con vuestro alumnado. Si quer\u00e9is hacerlo, s\u00f3lo ten\u00e9is que escribirnos y reservamos un hueco.<\/p>\n\n\n\n<p class=\"wp-block-paragraph\">De todos modos, tambi\u00e9n pod\u00e9is pedir esta retransmisi\u00f3n para verla en vuestros centros. Para ello os pongo la informaci\u00f3n que viene en la <a href=\"http:\/\/www.juntadeandalucia.es\/educacion\/portals\/web\/ced\/contenidos\/-\/contenidos\/detalle\/retransmision-del-espectaculo-infantil-mi-madre-la-oca-desde-el-teatro-real\" target=\"_blank\" rel=\"noreferrer noopener\" aria-label=\"p\u00e1gina web de la Junta de Andaluc\u00eda. (opens in a new tab)\">p\u00e1gina web de la Junta de Andaluc\u00eda.<\/a><\/p>\n\n\n\n<p class=\"wp-block-paragraph\">La Consejer\u00eda de Educaci\u00f3n y Deporte, entre los compromisos adquiridos dentro del convenio firmado con el Teatro Real, pone a disposici\u00f3n de los centros educativos p\u00fablicos andaluces, de forma gratuita, la retransmisi\u00f3n del espect\u00e1culo \u00abMi madre la oca\u00bb, dirigido a ni\u00f1os y ni\u00f1as a partir de 7 a\u00f1os.<\/p>\n\n\n\n<p class=\"wp-block-paragraph\">Los centros podr\u00e1n emitirlo en las aulas o en el sal\u00f3n de actos del colegio sin m\u00e1s requisitos que una pantalla y una l\u00ednea de internet. Los t\u00e9cnicos del Teatro Real se encargar\u00e1n de hacer las pruebas de se\u00f1al previas necesarias.<\/p>\n\n\n\n<p class=\"wp-block-paragraph\">El espect\u00e1culo tiene una duraci\u00f3n de 50 minutos y estar\u00e1 disponible el d\u00eda&nbsp;<strong>22 de noviembre<\/strong>.<\/p>\n\n\n\n<p class=\"wp-block-paragraph\">Los centros interesados en dicha retransmisi\u00f3n, contactar\u00e1n con el Teatro a trav\u00e9s del correo\u00a0<a href=\"mailto:retransmisionestrjunior@teatroreal.es\">retransmisionestrjunior@teatroreal.es<\/a>\u00a0, desde donde se ofrecer\u00e1 informaci\u00f3n m\u00e1s detallada del contenido del espect\u00e1culo.<\/p>\n\n\n\n<div class=\"wp-block-image\"><figure class=\"aligncenter\"><a href=\"http:\/\/www.juntadeandalucia.es\/educacion\/portals\/web\/ced\/contenidos\/-\/contenidos\/detalle\/retransmision-del-espectaculo-infantil-mi-madre-la-oca-desde-el-teatro-real\" target=\"_blank\" rel=\"noreferrer noopener\"><img data-recalc-dims=\"1\" loading=\"lazy\" decoding=\"async\" width=\"284\" height=\"177\" src=\"https:\/\/i0.wp.com\/cepronda.com\/blog\/wp-content\/uploads\/2019\/11\/oca.jpg?resize=284%2C177\" alt=\"\" class=\"wp-image-3138\"\/><\/a><\/figure><\/div>\n","protected":false},"excerpt":{"rendered":"<p>Muy buenas familia, Como a\u00f1os anteriores desde el Teatro Real ofrecen la posibilidad de que el pr\u00f3ximo 22 de noviembre podamos asistir virtualmente a una representaci\u00f3n desde el Teatro Real. Y, al igual que en a\u00f1os anteriores, os ofrecemos nuestro Sal\u00f3n de Actos para que pod\u00e1is venir a verlo con vuestro alumnado. Si quer\u00e9is hacerlo, [&hellip;]<\/p>\n","protected":false},"author":3,"featured_media":3138,"comment_status":"open","ping_status":"open","sticky":false,"template":"","format":"standard","meta":{"_crdt_document":"","advanced_seo_description":"","jetpack_seo_html_title":"","jetpack_seo_noindex":false,"jetpack_post_was_ever_published":false,"_jetpack_newsletter_access":"","_jetpack_dont_email_post_to_subs":false,"_jetpack_newsletter_tier_id":0,"_jetpack_memberships_contains_paywalled_content":false,"_jetpack_memberships_contains_paid_content":false,"footnotes":"","jetpack_publicize_message":"","jetpack_publicize_feature_enabled":true,"jetpack_social_post_already_shared":true,"jetpack_social_options":{"image_generator_settings":{"template":"highway","default_image_id":0,"font":"","enabled":false},"version":2}},"categories":[5],"tags":[49,64],"class_list":{"0":"post-3137","1":"post","2":"type-post","3":"status-publish","4":"format-standard","5":"has-post-thumbnail","7":"category-noticias","8":"tag-musica","9":"tag-teatro","10":"czr-hentry"},"jetpack_publicize_connections":[],"jetpack_featured_media_url":"https:\/\/i0.wp.com\/cepronda.com\/blog\/wp-content\/uploads\/2019\/11\/oca.jpg?fit=284%2C177&ssl=1","jetpack_shortlink":"https:\/\/wp.me\/p8M4X7-OB","jetpack-related-posts":[{"id":2405,"url":"https:\/\/cepronda.com\/blog\/retransmision-del-espectaculo-infantil-el-gato-con-botas-desde-el-teatro-real\/","url_meta":{"origin":3137,"position":0},"title":"Retransmisi\u00f3n del espect\u00e1culo infantil El gato con botas desde el Teatro Real","author":"V\u00edctor Caballero","date":"29 octubre, 2018","format":false,"excerpt":"Hola familia,\u00a0 Como otros a\u00f1os este curso tambi\u00e9n os ofrecemos nuestro Sal\u00f3n de actos por si quer\u00e9is venir con vuestro alumnado a ver este espect\u00e1culo infantil. Ser\u00e1 una retransmisi\u00f3n de la representaci\u00f3n desde el Teatro Real y tambi\u00e9n la pod\u00e9is solicitar para vuestros centros. Si dese\u00e1is venir a nuestro Sal\u00f3n\u2026","rel":"","context":"En \u00abNoticias\u00bb","block_context":{"text":"Noticias","link":"https:\/\/cepronda.com\/blog\/category\/noticias\/"},"img":{"alt_text":"","src":"https:\/\/i0.wp.com\/cepronda.com\/blog\/wp-content\/uploads\/2018\/10\/bathrooms-243009_1920.jpg?fit=1200%2C797&ssl=1&resize=350%2C200","width":350,"height":200,"srcset":"https:\/\/i0.wp.com\/cepronda.com\/blog\/wp-content\/uploads\/2018\/10\/bathrooms-243009_1920.jpg?fit=1200%2C797&ssl=1&resize=350%2C200 1x, https:\/\/i0.wp.com\/cepronda.com\/blog\/wp-content\/uploads\/2018\/10\/bathrooms-243009_1920.jpg?fit=1200%2C797&ssl=1&resize=525%2C300 1.5x, https:\/\/i0.wp.com\/cepronda.com\/blog\/wp-content\/uploads\/2018\/10\/bathrooms-243009_1920.jpg?fit=1200%2C797&ssl=1&resize=700%2C400 2x, https:\/\/i0.wp.com\/cepronda.com\/blog\/wp-content\/uploads\/2018\/10\/bathrooms-243009_1920.jpg?fit=1200%2C797&ssl=1&resize=1050%2C600 3x"},"classes":[]},{"id":808,"url":"https:\/\/cepronda.com\/blog\/retransmision-del-espectaculo-el-sueno-de-una-noche-de-verano-sobre-la-obra-de-william-shakespeare\/","url_meta":{"origin":3137,"position":1},"title":"Retransmisi\u00f3n del espect\u00e1culo \u00abEl sue\u00f1o de una noche de verano\u00bb, sobre la obra de William Shakespeare","author":"V\u00edctor Caballero","date":"5 mayo, 2017","format":false,"excerpt":"Muy buenas familia, Esta vez os queremos informar de una actividad que creemos puede resultaros muy interesante y es la \"asistencia virtual\" a un espect\u00e1culo del Teatro Real. La Consejer\u00eda de Educaci\u00f3n, entre los compromisos adquiridos dentro del convenio firmado con el Teatro Real y la Consejer\u00eda de Cultura de\u2026","rel":"","context":"En \u00abNoticias\u00bb","block_context":{"text":"Noticias","link":"https:\/\/cepronda.com\/blog\/category\/noticias\/"},"img":{"alt_text":"","src":"https:\/\/i0.wp.com\/cepronda.com\/blog\/wp-content\/uploads\/2017\/05\/film-147137_640.png?fit=595%2C640&ssl=1&resize=350%2C200","width":350,"height":200,"srcset":"https:\/\/i0.wp.com\/cepronda.com\/blog\/wp-content\/uploads\/2017\/05\/film-147137_640.png?fit=595%2C640&ssl=1&resize=350%2C200 1x, https:\/\/i0.wp.com\/cepronda.com\/blog\/wp-content\/uploads\/2017\/05\/film-147137_640.png?fit=595%2C640&ssl=1&resize=525%2C300 1.5x"},"classes":[]},{"id":311,"url":"https:\/\/cepronda.com\/blog\/la-pequena-cerillera\/","url_meta":{"origin":3137,"position":2},"title":"La peque\u00f1a cerillera","author":"V\u00edctor Caballero","date":"11 noviembre, 2016","format":false,"excerpt":"Hola de nuevo, Queremos compartir con todos los centros esta informaci\u00f3n que nos ha llegado desde la Consejer\u00eda de Educaci\u00f3n: \"Retransmisi\u00f3n del espect\u00e1culo infantil \"La peque\u00f1a cerillera\", basado en un cuento de Hans Christian Andersen. La Consejer\u00eda de Educaci\u00f3n, entre los compromisos adquiridos dentro del convenio firmado con el Teatro\u2026","rel":"","context":"En \u00abNoticias\u00bb","block_context":{"text":"Noticias","link":"https:\/\/cepronda.com\/blog\/category\/noticias\/"},"img":{"alt_text":"","src":"","width":0,"height":0},"classes":[]},{"id":1787,"url":"https:\/\/cepronda.com\/blog\/retransmision-del-espectaculo-infantil-dido-y-eneas-desde-el-teatro-real\/","url_meta":{"origin":3137,"position":3},"title":"Retransmisi\u00f3n del espect\u00e1culo infantil \u00abDido y Eneas\u00bb desde el Teatro Real","author":"V\u00edctor Caballero","date":"8 mayo, 2018","format":false,"excerpt":"Muy buenas, Queremos compartir con todos los centros de nuestra comarca esta posibilidad de acceder a la representaci\u00f3n del espect\u00e1culo infantil \"Dido y Eneas\" desde el Palacio Real. Si acced\u00e9is a este enlace podr\u00e9is encontrar toda la informaci\u00f3n. Adem\u00e1s deciros que ponemos a vuestra disposici\u00f3n nuestro sal\u00f3n de actos para\u2026","rel":"","context":"En \u00abNoticias\u00bb","block_context":{"text":"Noticias","link":"https:\/\/cepronda.com\/blog\/category\/noticias\/"},"img":{"alt_text":"","src":"https:\/\/i0.wp.com\/cepronda.com\/blog\/wp-content\/uploads\/2018\/05\/Palco_TeatroReal-1.jpg?fit=1200%2C803&ssl=1&resize=350%2C200","width":350,"height":200,"srcset":"https:\/\/i0.wp.com\/cepronda.com\/blog\/wp-content\/uploads\/2018\/05\/Palco_TeatroReal-1.jpg?fit=1200%2C803&ssl=1&resize=350%2C200 1x, https:\/\/i0.wp.com\/cepronda.com\/blog\/wp-content\/uploads\/2018\/05\/Palco_TeatroReal-1.jpg?fit=1200%2C803&ssl=1&resize=525%2C300 1.5x, https:\/\/i0.wp.com\/cepronda.com\/blog\/wp-content\/uploads\/2018\/05\/Palco_TeatroReal-1.jpg?fit=1200%2C803&ssl=1&resize=700%2C400 2x, https:\/\/i0.wp.com\/cepronda.com\/blog\/wp-content\/uploads\/2018\/05\/Palco_TeatroReal-1.jpg?fit=1200%2C803&ssl=1&resize=1050%2C600 3x"},"classes":[]},{"id":5007,"url":"https:\/\/cepronda.com\/blog\/vii-certamen-de-teatro-en-el-aula-ciudad-de-ronda-2\/","url_meta":{"origin":3137,"position":4},"title":"VII CERTAMEN DE TEATRO EN EL AULA \u00abCIUDAD DE RONDA\u00bb","author":"Antonio Montes","date":"18 enero, 2022","format":false,"excerpt":"Buenos d\u00edas, Desde el Centro del Profesorado de Ronda os anunciamos que, desde el 1 de enero al 31 de enero de 2022, est\u00e1 abierto el plazo para inscribirse como participantes en el VII certamen de teatro en el aula \"Ciudad de Ronda\". Esta edici\u00f3n quiere rendir un homenaje a\u2026","rel":"","context":"En \u00abNoticias\u00bb","block_context":{"text":"Noticias","link":"https:\/\/cepronda.com\/blog\/category\/noticias\/"},"img":{"alt_text":"","src":"https:\/\/i0.wp.com\/cepronda.com\/blog\/wp-content\/uploads\/2019\/12\/theatre-430552_1920.jpg?fit=1200%2C821&ssl=1&resize=350%2C200","width":350,"height":200,"srcset":"https:\/\/i0.wp.com\/cepronda.com\/blog\/wp-content\/uploads\/2019\/12\/theatre-430552_1920.jpg?fit=1200%2C821&ssl=1&resize=350%2C200 1x, https:\/\/i0.wp.com\/cepronda.com\/blog\/wp-content\/uploads\/2019\/12\/theatre-430552_1920.jpg?fit=1200%2C821&ssl=1&resize=525%2C300 1.5x, https:\/\/i0.wp.com\/cepronda.com\/blog\/wp-content\/uploads\/2019\/12\/theatre-430552_1920.jpg?fit=1200%2C821&ssl=1&resize=700%2C400 2x, https:\/\/i0.wp.com\/cepronda.com\/blog\/wp-content\/uploads\/2019\/12\/theatre-430552_1920.jpg?fit=1200%2C821&ssl=1&resize=1050%2C600 3x"},"classes":[]},{"id":3235,"url":"https:\/\/cepronda.com\/blog\/vii-certamen-de-teatro-en-el-aula-ciudad-de-ronda\/","url_meta":{"origin":3137,"position":5},"title":"VII CERTAMEN DE TEATRO EN EL AULA \u00abCIUDAD DE RONDA\u00bb","author":"V\u00edctor Caballero","date":"10 diciembre, 2019","format":false,"excerpt":"Muy buenas familia, Os comentamos que est\u00e1 abierto el plazo para inscribirse como participantes desde el 9 de diciembre de 2019 al 31 de enero de 2020 en el VII certamen de teatro en el aula \"Ciudad de Ronda\" El formulario para la inscripci\u00f3n est\u00e1 en el siguiente\u00a0enlace: https:\/\/forms.gle\/xrw7u9h6pUFbdo6r7 Adem\u00e1s\u2026","rel":"","context":"En \u00abNoticias\u00bb","block_context":{"text":"Noticias","link":"https:\/\/cepronda.com\/blog\/category\/noticias\/"},"img":{"alt_text":"","src":"https:\/\/i0.wp.com\/cepronda.com\/blog\/wp-content\/uploads\/2019\/12\/theatre-430552_1920.jpg?fit=1200%2C821&ssl=1&resize=350%2C200","width":350,"height":200,"srcset":"https:\/\/i0.wp.com\/cepronda.com\/blog\/wp-content\/uploads\/2019\/12\/theatre-430552_1920.jpg?fit=1200%2C821&ssl=1&resize=350%2C200 1x, https:\/\/i0.wp.com\/cepronda.com\/blog\/wp-content\/uploads\/2019\/12\/theatre-430552_1920.jpg?fit=1200%2C821&ssl=1&resize=525%2C300 1.5x, https:\/\/i0.wp.com\/cepronda.com\/blog\/wp-content\/uploads\/2019\/12\/theatre-430552_1920.jpg?fit=1200%2C821&ssl=1&resize=700%2C400 2x, https:\/\/i0.wp.com\/cepronda.com\/blog\/wp-content\/uploads\/2019\/12\/theatre-430552_1920.jpg?fit=1200%2C821&ssl=1&resize=1050%2C600 3x"},"classes":[]}],"jetpack_sharing_enabled":true,"_links":{"self":[{"href":"https:\/\/cepronda.com\/blog\/wp-json\/wp\/v2\/posts\/3137","targetHints":{"allow":["GET"]}}],"collection":[{"href":"https:\/\/cepronda.com\/blog\/wp-json\/wp\/v2\/posts"}],"about":[{"href":"https:\/\/cepronda.com\/blog\/wp-json\/wp\/v2\/types\/post"}],"author":[{"embeddable":true,"href":"https:\/\/cepronda.com\/blog\/wp-json\/wp\/v2\/users\/3"}],"replies":[{"embeddable":true,"href":"https:\/\/cepronda.com\/blog\/wp-json\/wp\/v2\/comments?post=3137"}],"version-history":[{"count":1,"href":"https:\/\/cepronda.com\/blog\/wp-json\/wp\/v2\/posts\/3137\/revisions"}],"predecessor-version":[{"id":3139,"href":"https:\/\/cepronda.com\/blog\/wp-json\/wp\/v2\/posts\/3137\/revisions\/3139"}],"wp:featuredmedia":[{"embeddable":true,"href":"https:\/\/cepronda.com\/blog\/wp-json\/wp\/v2\/media\/3138"}],"wp:attachment":[{"href":"https:\/\/cepronda.com\/blog\/wp-json\/wp\/v2\/media?parent=3137"}],"wp:term":[{"taxonomy":"category","embeddable":true,"href":"https:\/\/cepronda.com\/blog\/wp-json\/wp\/v2\/categories?post=3137"},{"taxonomy":"post_tag","embeddable":true,"href":"https:\/\/cepronda.com\/blog\/wp-json\/wp\/v2\/tags?post=3137"}],"curies":[{"name":"wp","href":"https:\/\/api.w.org\/{rel}","templated":true}]}}