{"id":3133,"date":"2019-11-11T13:40:42","date_gmt":"2019-11-11T12:40:42","guid":{"rendered":"http:\/\/cepronda.com\/blog\/?p=3133"},"modified":"2019-11-11T13:40:50","modified_gmt":"2019-11-11T12:40:50","slug":"arduino-nivel-basico","status":"publish","type":"post","link":"https:\/\/cepronda.com\/blog\/arduino-nivel-basico\/","title":{"rendered":"ARDUINO: NIVEL B\u00c1SICO"},"content":{"rendered":"\n<p class=\"wp-block-paragraph\">Muy buenas familia, <\/p>\n\n\n\n<p class=\"wp-block-paragraph\">Sabemos que algunas personas este a\u00f1o estabais interesadas en formaros en Arduino. Por ello este a\u00f1o hemos pensado en dos formaciones distintas, en primer lugar lanzar una formaci\u00f3n de Arduino a nivel b\u00e1sico, con dos sesiones a realizar a finales de noviembre y primeros de enero. Y por otro lado, un nivel avanzado a realizar entre febrero y marzo.<\/p>\n\n\n\n<p class=\"wp-block-paragraph\">Para ver los detalles de los contenidos a trabajar y las fechas de las sesiones, as\u00ed como para inscribiros os dejo el <a href=\"https:\/\/www.juntadeandalucia.es\/educacion\/secretariavirtual\/consultaCEP\/actividad\/202924GE027\/\" target=\"_blank\" rel=\"noreferrer noopener\" aria-label=\"enlace a la actividad.  (opens in a new tab)\">enlace a la actividad. <\/a><\/p>\n\n\n\n<p class=\"wp-block-paragraph\">Un saludo y nos seguimos viendo.  <\/p>\n\n\n\n<figure class=\"wp-block-image\"><a href=\"https:\/\/www.juntadeandalucia.es\/educacion\/secretariavirtual\/consultaCEP\/actividad\/202924GE027\/\" target=\"_blank\" rel=\"noreferrer noopener\"><img data-recalc-dims=\"1\" loading=\"lazy\" decoding=\"async\" width=\"641\" height=\"911\" src=\"https:\/\/i0.wp.com\/cepronda.com\/blog\/wp-content\/uploads\/2019\/11\/Arduino_b%C3%A1sico.png?resize=641%2C911\" alt=\"\" class=\"wp-image-3134\" srcset=\"https:\/\/i0.wp.com\/cepronda.com\/blog\/wp-content\/uploads\/2019\/11\/Arduino_b%C3%A1sico.png?w=641&amp;ssl=1 641w, https:\/\/i0.wp.com\/cepronda.com\/blog\/wp-content\/uploads\/2019\/11\/Arduino_b%C3%A1sico.png?resize=211%2C300&amp;ssl=1 211w\" sizes=\"auto, (max-width: 641px) 100vw, 641px\" \/><\/a><\/figure>\n","protected":false},"excerpt":{"rendered":"<p>Muy buenas familia, Sabemos que algunas personas este a\u00f1o estabais interesadas en formaros en Arduino. Por ello este a\u00f1o hemos pensado en dos formaciones distintas, en primer lugar lanzar una formaci\u00f3n de Arduino a nivel b\u00e1sico, con dos sesiones a realizar a finales de noviembre y primeros de enero. Y por otro lado, un nivel [&hellip;]<\/p>\n","protected":false},"author":3,"featured_media":3134,"comment_status":"open","ping_status":"open","sticky":false,"template":"","format":"standard","meta":{"_crdt_document":"","advanced_seo_description":"","jetpack_seo_html_title":"","jetpack_seo_noindex":false,"jetpack_post_was_ever_published":false,"_jetpack_newsletter_access":"","_jetpack_dont_email_post_to_subs":false,"_jetpack_newsletter_tier_id":0,"_jetpack_memberships_contains_paywalled_content":false,"_jetpack_memberships_contains_paid_content":false,"footnotes":"","jetpack_publicize_message":"","jetpack_publicize_feature_enabled":true,"jetpack_social_post_already_shared":true,"jetpack_social_options":{"image_generator_settings":{"template":"highway","default_image_id":0,"font":"","enabled":false},"version":2}},"categories":[3],"tags":[183,182],"class_list":{"0":"post-3133","1":"post","2":"type-post","3":"status-publish","4":"format-standard","5":"has-post-thumbnail","7":"category-formaciones","8":"tag-arduino","9":"tag-tic","10":"czr-hentry"},"jetpack_publicize_connections":[],"jetpack_featured_media_url":"https:\/\/i0.wp.com\/cepronda.com\/blog\/wp-content\/uploads\/2019\/11\/Arduino_b%C3%A1sico.png?fit=641%2C911&ssl=1","jetpack_shortlink":"https:\/\/wp.me\/p8M4X7-Ox","jetpack-related-posts":[{"id":9377,"url":"https:\/\/cepronda.com\/blog\/9377-2\/","url_meta":{"origin":3133,"position":0},"title":"COMPETENCIA LECTORA NIVEL PROFUNDIZACI\u00d3N SECUNDARIA Y CICLOS FORMATIVOS DE GRADO B\u00c1SICO","author":"Encarni Jim\u00e9nez Rosado","date":"12 febrero, 2026","format":false,"excerpt":"Se abre plazo de inscripci\u00f3n para le curso \u201cCOMPETENCIA LECTORA NIVEL PROFUNDIZACI\u00d3N SECUNDARIA Y CICLOS FORMATIVOS DE GRADO B\u00c1SICO\u201d, con c\u00f3digo 269904KPF577. Esta formaci\u00f3n va dirigida al profesorado que imparta docencia en secundaria y ciclos formativos de grado b\u00e1sico. El enlace a la convocatoria, inscripci\u00f3n y encuesta es el siguiente:\u2026","rel":"","context":"En \u00abFormaciones\u00bb","block_context":{"text":"Formaciones","link":"https:\/\/cepronda.com\/blog\/category\/formaciones\/"},"img":{"alt_text":"","src":"https:\/\/i0.wp.com\/cepronda.com\/blog\/wp-content\/uploads\/2026\/02\/lectora-secundaria.jpg?resize=350%2C200&ssl=1","width":350,"height":200},"classes":[]},{"id":6085,"url":"https:\/\/cepronda.com\/blog\/tecnicas-ceramicas-engobes-y-esmaltes-nivel-avanzado\/","url_meta":{"origin":3133,"position":1},"title":"T\u00c9CNICAS CER\u00c1MICAS. ENGOBES Y ESMALTES (NIVEL AVANZADO)","author":"Mamen Moreno","date":"6 octubre, 2023","format":false,"excerpt":"Os informamos que se encuentra abierto el plazo de solicitudes para el curso\u00a0T\u00c9CNICAS CER\u00c1MICAS. ENGOBES Y ESMALTES (NIVEL AVANZADO) C\u00f3digo 242924GE022 Ponente: Uta Gruber Curso de 18 horas SESIONES PRESENCIALES: 25 de octubre, 8, 15 y 29 de noviembre , 13 de diciembre y 10 de enero de 16:30 h\u2026","rel":"","context":"En \u00abFormaciones\u00bb","block_context":{"text":"Formaciones","link":"https:\/\/cepronda.com\/blog\/category\/formaciones\/"},"img":{"alt_text":"","src":"https:\/\/i0.wp.com\/cepronda.com\/blog\/wp-content\/uploads\/2023\/10\/Nuevo-taller-ceramica-y-hh-codigo-242924GE020-1.jpg?fit=1080%2C1080&ssl=1&resize=350%2C200","width":350,"height":200,"srcset":"https:\/\/i0.wp.com\/cepronda.com\/blog\/wp-content\/uploads\/2023\/10\/Nuevo-taller-ceramica-y-hh-codigo-242924GE020-1.jpg?fit=1080%2C1080&ssl=1&resize=350%2C200 1x, https:\/\/i0.wp.com\/cepronda.com\/blog\/wp-content\/uploads\/2023\/10\/Nuevo-taller-ceramica-y-hh-codigo-242924GE020-1.jpg?fit=1080%2C1080&ssl=1&resize=525%2C300 1.5x, https:\/\/i0.wp.com\/cepronda.com\/blog\/wp-content\/uploads\/2023\/10\/Nuevo-taller-ceramica-y-hh-codigo-242924GE020-1.jpg?fit=1080%2C1080&ssl=1&resize=700%2C400 2x, https:\/\/i0.wp.com\/cepronda.com\/blog\/wp-content\/uploads\/2023\/10\/Nuevo-taller-ceramica-y-hh-codigo-242924GE020-1.jpg?fit=1080%2C1080&ssl=1&resize=1050%2C600 3x"},"classes":[]},{"id":7702,"url":"https:\/\/cepronda.com\/blog\/mejora-tu-competencia-digital-docente-formaciones-cdd\/","url_meta":{"origin":3133,"position":2},"title":"MEJORA TU COMPETENCIA DIGITAL DOCENTE. FORMACIONES CDD.","author":"Inmaculada Garc\u00eda","date":"13 septiembre, 2024","format":false,"excerpt":"Os informamos que se encuentra abierta la inscripci\u00f3n en los siguientes cursos para mejora de la Competencia Digital Docente. COMPETENCIA DIGITAL DOCENTE NIVEL A1, 40 horas, con c\u00f3digo 252924KPF420. COMPETENCIA DIGITAL DOCENTE NIVEL A2, 50 horas, con c\u00f3digo 252924KPF426. COMPETENCIA DIGITAL DOCENTE NIVEL B1, 60 horas, con c\u00f3digo 252924KPF432. COMPETENCIA\u2026","rel":"","context":"En \u00abFormaciones\u00bb","block_context":{"text":"Formaciones","link":"https:\/\/cepronda.com\/blog\/category\/formaciones\/"},"img":{"alt_text":"","src":"https:\/\/i0.wp.com\/cepronda.com\/blog\/wp-content\/uploads\/2024\/09\/Cartel-CDD.jpg?fit=1080%2C1080&ssl=1&resize=350%2C200","width":350,"height":200,"srcset":"https:\/\/i0.wp.com\/cepronda.com\/blog\/wp-content\/uploads\/2024\/09\/Cartel-CDD.jpg?fit=1080%2C1080&ssl=1&resize=350%2C200 1x, https:\/\/i0.wp.com\/cepronda.com\/blog\/wp-content\/uploads\/2024\/09\/Cartel-CDD.jpg?fit=1080%2C1080&ssl=1&resize=525%2C300 1.5x, https:\/\/i0.wp.com\/cepronda.com\/blog\/wp-content\/uploads\/2024\/09\/Cartel-CDD.jpg?fit=1080%2C1080&ssl=1&resize=700%2C400 2x, https:\/\/i0.wp.com\/cepronda.com\/blog\/wp-content\/uploads\/2024\/09\/Cartel-CDD.jpg?fit=1080%2C1080&ssl=1&resize=1050%2C600 3x"},"classes":[]},{"id":6078,"url":"https:\/\/cepronda.com\/blog\/formaciones-en-competancia-digital-docente-niveles-a1-a2-y-b1\/","url_meta":{"origin":3133,"position":3},"title":"FORMACIONES EN COMPETENCIA DIGITAL DOCENTE. NIVELES A1, A2 Y B1","author":"Inmaculada Garc\u00eda","date":"29 septiembre, 2023","format":false,"excerpt":"Est\u00e1 abierto el plazo de inscripci\u00f3n en los siguientes cursos de Competencia Digital Docente: Nivel A1 de Competencia Digital Docente.\u00a0 Fecha actividad: 10\/10\/2023 hasta 01\/12\/2023. Nivel A1 de Competencia Digital Docente para Educaci\u00f3n infantil de 0 a 3 a\u00f1os.\u00a0 Fecha actividad: 10\/10\/2023 hasta 01\/12\/2023. Nivel A2 de Competencia Digital Docente.\u00a0\u2026","rel":"","context":"En \u00abFormaciones\u00bb","block_context":{"text":"Formaciones","link":"https:\/\/cepronda.com\/blog\/category\/formaciones\/"},"img":{"alt_text":"","src":"https:\/\/i0.wp.com\/cepronda.com\/blog\/wp-content\/uploads\/2023\/09\/Purple-and-Pink-Abstract-SEO-Marketing-Infographic-Instagram-Post-5.png?fit=1080%2C1080&ssl=1&resize=350%2C200","width":350,"height":200,"srcset":"https:\/\/i0.wp.com\/cepronda.com\/blog\/wp-content\/uploads\/2023\/09\/Purple-and-Pink-Abstract-SEO-Marketing-Infographic-Instagram-Post-5.png?fit=1080%2C1080&ssl=1&resize=350%2C200 1x, https:\/\/i0.wp.com\/cepronda.com\/blog\/wp-content\/uploads\/2023\/09\/Purple-and-Pink-Abstract-SEO-Marketing-Infographic-Instagram-Post-5.png?fit=1080%2C1080&ssl=1&resize=525%2C300 1.5x, https:\/\/i0.wp.com\/cepronda.com\/blog\/wp-content\/uploads\/2023\/09\/Purple-and-Pink-Abstract-SEO-Marketing-Infographic-Instagram-Post-5.png?fit=1080%2C1080&ssl=1&resize=700%2C400 2x, https:\/\/i0.wp.com\/cepronda.com\/blog\/wp-content\/uploads\/2023\/09\/Purple-and-Pink-Abstract-SEO-Marketing-Infographic-Instagram-Post-5.png?fit=1080%2C1080&ssl=1&resize=1050%2C600 3x"},"classes":[]},{"id":6149,"url":"https:\/\/cepronda.com\/blog\/curso-proteccion-de-datos-y-derechos-de-autor-en-contenidos-digitales-242923ge154\/","url_meta":{"origin":3133,"position":4},"title":"CURSO: PROTECCI\u00d3N DE DATOS Y DERECHOS DE AUTOR EN CONTENIDOS DIGITALES (242923GE154)","author":"Inmaculada Garc\u00eda","date":"25 octubre, 2023","format":false,"excerpt":"Os informamos de que est\u00e1 abierto plazo de inscripci\u00f3n para curso provincial PROTECCI\u00d3N DE DATOS Y DERECHOS DE AUTOR EN CONTENIDOS DIGITALES (242923GE154) Certificaci\u00f3n 30 horas, con mapeo de nivel de Competencia Digital Docente. Destinados a profesorado de TODOS LOS NIVELES EDUCATIVOS \ufe0fInscripci\u00f3n del 9 al 30 de octubre. Realizaci\u00f3n\u2026","rel":"","context":"En \u00abFormaciones\u00bb","block_context":{"text":"Formaciones","link":"https:\/\/cepronda.com\/blog\/category\/formaciones\/"},"img":{"alt_text":"","src":"https:\/\/i0.wp.com\/cepronda.com\/blog\/wp-content\/uploads\/2023\/10\/WhatsApp-Image-2023-10-25-at-12.39.41-1024x1024.jpeg?resize=350%2C200&ssl=1","width":350,"height":200,"srcset":"https:\/\/i0.wp.com\/cepronda.com\/blog\/wp-content\/uploads\/2023\/10\/WhatsApp-Image-2023-10-25-at-12.39.41-1024x1024.jpeg?resize=350%2C200&ssl=1 1x, https:\/\/i0.wp.com\/cepronda.com\/blog\/wp-content\/uploads\/2023\/10\/WhatsApp-Image-2023-10-25-at-12.39.41-1024x1024.jpeg?resize=525%2C300&ssl=1 1.5x"},"classes":[]},{"id":6089,"url":"https:\/\/cepronda.com\/blog\/itinerario-para-el-desarrollo-de-la-competencia-matematica-cursos\/","url_meta":{"origin":3133,"position":5},"title":"ITINERARIO PARA EL DESARROLLO DE LA COMPETENCIA MATEM\u00c1TICA (CURSOS)","author":"V\u00edctor Caballero","date":"11 octubre, 2023","format":false,"excerpt":"Os informamos que se encuentra abierto el plazo de inscripci\u00f3n hasta el 30 de octubre para todas las formaciones relacionadas con el ITINERARIO PARA EL DESARROLLO DE LA COMPETENCIA MATEM\u00c1TICA compuesto por las siguientes formaciones: Todas las formaciones se desarrollar\u00e1n en el CEP de Ronda de con una duraci\u00f3n de\u2026","rel":"","context":"En \u00abFormaciones\u00bb","block_context":{"text":"Formaciones","link":"https:\/\/cepronda.com\/blog\/category\/formaciones\/"},"img":{"alt_text":"","src":"https:\/\/i0.wp.com\/cepronda.com\/blog\/wp-content\/uploads\/2023\/10\/Cartel-mates-simple.png?fit=1080%2C1080&ssl=1&resize=350%2C200","width":350,"height":200,"srcset":"https:\/\/i0.wp.com\/cepronda.com\/blog\/wp-content\/uploads\/2023\/10\/Cartel-mates-simple.png?fit=1080%2C1080&ssl=1&resize=350%2C200 1x, https:\/\/i0.wp.com\/cepronda.com\/blog\/wp-content\/uploads\/2023\/10\/Cartel-mates-simple.png?fit=1080%2C1080&ssl=1&resize=525%2C300 1.5x, https:\/\/i0.wp.com\/cepronda.com\/blog\/wp-content\/uploads\/2023\/10\/Cartel-mates-simple.png?fit=1080%2C1080&ssl=1&resize=700%2C400 2x, https:\/\/i0.wp.com\/cepronda.com\/blog\/wp-content\/uploads\/2023\/10\/Cartel-mates-simple.png?fit=1080%2C1080&ssl=1&resize=1050%2C600 3x"},"classes":[]}],"jetpack_sharing_enabled":true,"_links":{"self":[{"href":"https:\/\/cepronda.com\/blog\/wp-json\/wp\/v2\/posts\/3133","targetHints":{"allow":["GET"]}}],"collection":[{"href":"https:\/\/cepronda.com\/blog\/wp-json\/wp\/v2\/posts"}],"about":[{"href":"https:\/\/cepronda.com\/blog\/wp-json\/wp\/v2\/types\/post"}],"author":[{"embeddable":true,"href":"https:\/\/cepronda.com\/blog\/wp-json\/wp\/v2\/users\/3"}],"replies":[{"embeddable":true,"href":"https:\/\/cepronda.com\/blog\/wp-json\/wp\/v2\/comments?post=3133"}],"version-history":[{"count":1,"href":"https:\/\/cepronda.com\/blog\/wp-json\/wp\/v2\/posts\/3133\/revisions"}],"predecessor-version":[{"id":3135,"href":"https:\/\/cepronda.com\/blog\/wp-json\/wp\/v2\/posts\/3133\/revisions\/3135"}],"wp:featuredmedia":[{"embeddable":true,"href":"https:\/\/cepronda.com\/blog\/wp-json\/wp\/v2\/media\/3134"}],"wp:attachment":[{"href":"https:\/\/cepronda.com\/blog\/wp-json\/wp\/v2\/media?parent=3133"}],"wp:term":[{"taxonomy":"category","embeddable":true,"href":"https:\/\/cepronda.com\/blog\/wp-json\/wp\/v2\/categories?post=3133"},{"taxonomy":"post_tag","embeddable":true,"href":"https:\/\/cepronda.com\/blog\/wp-json\/wp\/v2\/tags?post=3133"}],"curies":[{"name":"wp","href":"https:\/\/api.w.org\/{rel}","templated":true}]}}