{"id":3116,"date":"2019-10-31T11:50:14","date_gmt":"2019-10-31T10:50:14","guid":{"rendered":"http:\/\/cepronda.com\/blog\/?p=3116"},"modified":"2025-04-28T12:09:09","modified_gmt":"2025-04-28T10:09:09","slug":"taller-de-ceramica-para-docentes","status":"publish","type":"post","link":"https:\/\/cepronda.com\/blog\/taller-de-ceramica-para-docentes\/","title":{"rendered":"TALLER DE CER\u00c1MICA PARA DOCENTES"},"content":{"rendered":"\n<p class=\"wp-block-paragraph\">Muy buenas de nuevo, <\/p>\n\n\n\n<p class=\"wp-block-paragraph\">Antes de irnos de puente compartimos esta formaci\u00f3n con todas aquellas personas interesadas.<\/p>\n\n\n\n<p class=\"wp-block-paragraph\"> El programa incluye las siguientes propuestas de trabajo (se concretar\u00e1n una vez empezado el curso valorando la iniciativa del grupo): <\/p>\n\n\n\n<ul class=\"wp-block-list\"><li>&#8211; Toma de contacto con el material existente y el trabajo a realizar. <\/li><li>&#8211; Utilizaci\u00f3n de moldes de escayola de decoraci\u00f3n \u00e1rabe para obtener relieve de apret\u00f3n. <\/li><li>&#8211; Utilizaci\u00f3n de moldes de escayola varios para obtener vasijas de apret\u00f3n. <\/li><li>&#8211; Fabricaci\u00f3n de piezas funcionales a base de placas combin\u00e1ndolas con los relieves obtenidos. <\/li><li>&#8211; Fabricaci\u00f3n de vasijas sencillas a base de churros para cocci\u00f3n experimental. <\/li><li>&#8211; Decoraci\u00f3n con incrustaci\u00f3n, bru\u00f1ido, incisi\u00f3n, etc. <\/li><li>&#8211; Decoraci\u00f3n con engobe. <\/li><li>&#8211; Decoraci\u00f3n con esmaltes. <\/li><li>&#8211; Cocci\u00f3n experimental en el suelo con le\u00f1a como combustible. <\/li><li>&#8211; Seguridad e higiene en el trabajo con arcillas y esmaltes. <\/li><\/ul>\n\n\n\n<p class=\"wp-block-paragraph\">Para las inscripciones y detalles s\u00f3lo ten\u00e9is que <a rel=\"noreferrer noopener\" aria-label=\"seguir este enlace. (opens in a new tab)\" href=\"https:\/\/www.juntadeandalucia.es\/educacion\/secretariavirtual\/consultaCEP\/actividad\/202924GE058\/\" target=\"_blank\">seguir este enlace.<\/a> <\/p>\n\n\n\n<figure class=\"wp-block-image\"><a href=\"https:\/\/www.juntadeandalucia.es\/educacion\/secretariavirtual\/consultaCEP\/actividad\/202924GE058\/\" target=\"_blank\" rel=\"noreferrer noopener\"><img data-recalc-dims=\"1\" loading=\"lazy\" decoding=\"async\" width=\"639\" height=\"908\" src=\"https:\/\/i0.wp.com\/cepronda.com\/blog\/wp-content\/uploads\/2019\/10\/Cer%C3%A1mica.png?resize=639%2C908\" alt=\"\" class=\"wp-image-3117\" srcset=\"https:\/\/i0.wp.com\/cepronda.com\/blog\/wp-content\/uploads\/2019\/10\/Cer%C3%A1mica.png?w=639&amp;ssl=1 639w, https:\/\/i0.wp.com\/cepronda.com\/blog\/wp-content\/uploads\/2019\/10\/Cer%C3%A1mica.png?resize=211%2C300&amp;ssl=1 211w\" sizes=\"auto, (max-width: 639px) 100vw, 639px\" \/><\/a><\/figure>\n","protected":false},"excerpt":{"rendered":"<p>Muy buenas de nuevo, Antes de irnos de puente compartimos esta formaci\u00f3n con todas aquellas personas interesadas. El programa incluye las siguientes propuestas de trabajo (se concretar\u00e1n una vez empezado el curso valorando la iniciativa del grupo): &#8211; Toma de contacto con el material existente y el trabajo a realizar. &#8211; Utilizaci\u00f3n de moldes de [&hellip;]<\/p>\n","protected":false},"author":3,"featured_media":0,"comment_status":"open","ping_status":"open","sticky":false,"template":"","format":"standard","meta":{"_crdt_document":"","advanced_seo_description":"","jetpack_seo_html_title":"","jetpack_seo_noindex":false,"jetpack_post_was_ever_published":false,"_jetpack_newsletter_access":"","_jetpack_dont_email_post_to_subs":false,"_jetpack_newsletter_tier_id":0,"_jetpack_memberships_contains_paywalled_content":false,"_jetpack_memberships_contains_paid_content":false,"footnotes":"","jetpack_publicize_message":"","jetpack_publicize_feature_enabled":true,"jetpack_social_post_already_shared":true,"jetpack_social_options":{"image_generator_settings":{"template":"highway","default_image_id":0,"font":"","enabled":false},"version":2}},"categories":[5],"tags":[],"class_list":{"0":"post-3116","1":"post","2":"type-post","3":"status-publish","4":"format-standard","6":"category-noticias","7":"czr-hentry"},"jetpack_publicize_connections":[],"jetpack_featured_media_url":"","jetpack_shortlink":"https:\/\/wp.me\/p8M4X7-Og","jetpack-related-posts":[{"id":1107,"url":"https:\/\/cepronda.com\/blog\/nuevo-ciclo-formativo-en-el-ies-martin-rivero\/","url_meta":{"origin":3116,"position":0},"title":"Nuevo ciclo formativo en el IES Mart\u00edn Rivero","author":"V\u00edctor Caballero","date":"1 junio, 2017","format":false,"excerpt":"Muy buenas, En este final de curso seguimos informando sobre los nuevos ciclo de grado medio que se est\u00e1n creando en centros de nuestra zona. En este caso nos referimos a un ciclo formativo de grado medio, denominado \"T\u00c9CNICO EN OBRAS DE INTERIOR, DECORACI\u00d3N Y REHABILITACI\u00d3N\", con 2.000 horas de\u2026","rel":"","context":"En \u00abNoticias\u00bb","block_context":{"text":"Noticias","link":"https:\/\/cepronda.com\/blog\/category\/noticias\/"},"img":{"alt_text":"","src":"https:\/\/i0.wp.com\/cepronda.com\/blog\/wp-content\/uploads\/2017\/06\/ciclo_formativo_martin.png?fit=355%2C749&ssl=1&resize=350%2C200","width":350,"height":200},"classes":[]},{"id":2486,"url":"https:\/\/cepronda.com\/blog\/otro-nuevo-ejemplo-del-trabajo-en-los-centros-contra-la-violencia-de-genero\/","url_meta":{"origin":3116,"position":1},"title":"Otro nuevo ejemplo del trabajo en los centros contra la violencia de g\u00e9nero","author":"V\u00edctor Caballero","date":"27 noviembre, 2018","format":false,"excerpt":"Muy buenas de nuevo,\u00a0 Me llegan nuevos ejemplos de como han trabajado con el alumnado y la comunidad educativa en distintos centros de nuestra zona con motivo del 25 de noviembre. En este caso me llega el v\u00eddeo elaborado por el CEIP Hermanos Aguilera, en el que han usado dibujos\u2026","rel":"","context":"En \u00abNoticias\u00bb","block_context":{"text":"Noticias","link":"https:\/\/cepronda.com\/blog\/category\/noticias\/"},"img":{"alt_text":"","src":"https:\/\/i0.wp.com\/cepronda.com\/blog\/wp-content\/uploads\/2017\/09\/man-2660414_640.jpg?fit=640%2C640&ssl=1&resize=350%2C200","width":350,"height":200,"srcset":"https:\/\/i0.wp.com\/cepronda.com\/blog\/wp-content\/uploads\/2017\/09\/man-2660414_640.jpg?fit=640%2C640&ssl=1&resize=350%2C200 1x, https:\/\/i0.wp.com\/cepronda.com\/blog\/wp-content\/uploads\/2017\/09\/man-2660414_640.jpg?fit=640%2C640&ssl=1&resize=525%2C300 1.5x"},"classes":[]},{"id":4605,"url":"https:\/\/cepronda.com\/blog\/grupos-de-trabajo-y-formacion-en-centro-instrucciones\/","url_meta":{"origin":3116,"position":2},"title":"GRUPOS DE TRABAJO Y FORMACI\u00d3N EN CENTRO. Instrucciones.","author":"Maribel Mu\u00f1oz","date":"14 septiembre, 2021","format":false,"excerpt":"Buenas tardes compa\u00f1eras y compa\u00f1eros, Os informamos que\u00a0 se han publicado las Instrucciones para el desarrollo de\u00a0 Grupos de Trabajo y\u00a0 Formaci\u00f3n en Centro, del curso 21\/22. Estas dos modalidades de autoformaci\u00f3n se solicitan v\u00eda S\u00e9neca. El plazo de solicitud estar\u00e1 abierto hasta el 15 de octubre. Adjuntamos las instrucciones\u2026","rel":"","context":"En \u00abFormaciones\u00bb","block_context":{"text":"Formaciones","link":"https:\/\/cepronda.com\/blog\/category\/formaciones\/"},"img":{"alt_text":"","src":"https:\/\/i0.wp.com\/cepronda.com\/blog\/wp-content\/uploads\/2020\/09\/Logo-progamas-de-formacion-oficial.jpg?resize=350%2C200","width":350,"height":200},"classes":[]},{"id":1669,"url":"https:\/\/cepronda.com\/blog\/programa-nacional-recuperacion-y-utilizacion-educativa-de-pueblos-abandonados\/","url_meta":{"origin":3116,"position":3},"title":"Programa nacional \u00abRecuperaci\u00f3n y Utilizaci\u00f3n Educativa de Pueblos Abandonados\u00bb","author":"V\u00edctor Caballero","date":"5 abril, 2018","format":false,"excerpt":"Hola de nuevo, Desde la Consejer\u00eda de Educaci\u00f3n nos informan de este programa que creemos que puede ser muy interesante. A continuaci\u00f3n os transcribimos la informaci\u00f3n recogida en la web. Se convocan para su concesi\u00f3n en r\u00e9gimen de concurrencia competitiva, becas para un m\u00e1ximo de 700 alumnos de centros educativos\u2026","rel":"","context":"En \u00abNoticias\u00bb","block_context":{"text":"Noticias","link":"https:\/\/cepronda.com\/blog\/category\/noticias\/"},"img":{"alt_text":"","src":"https:\/\/i0.wp.com\/cepronda.com\/blog\/wp-content\/uploads\/2018\/04\/black-people-2000943_640.jpg?fit=640%2C426&ssl=1&resize=350%2C200","width":350,"height":200,"srcset":"https:\/\/i0.wp.com\/cepronda.com\/blog\/wp-content\/uploads\/2018\/04\/black-people-2000943_640.jpg?fit=640%2C426&ssl=1&resize=350%2C200 1x, https:\/\/i0.wp.com\/cepronda.com\/blog\/wp-content\/uploads\/2018\/04\/black-people-2000943_640.jpg?fit=640%2C426&ssl=1&resize=525%2C300 1.5x"},"classes":[]},{"id":4005,"url":"https:\/\/cepronda.com\/blog\/video-tutorial-desarrollo-de-grupos-de-trabajo\/","url_meta":{"origin":3116,"position":4},"title":"VIDEO TUTORIAL DESARROLLO DE GRUPOS DE TRABAJO","author":"Inmaculada Garc\u00eda","date":"25 noviembre, 2020","format":false,"excerpt":"Hola compa\u00f1eros y compa\u00f1eras. Aqu\u00ed os dejamos un video-tutorial con algunas ideas para el desarrollo de vuestros Grupos de Trabajo. \u00a1Esperamos que os sea \u00fatil!\u00a0","rel":"","context":"En \u00abNoticias\u00bb","block_context":{"text":"Noticias","link":"https:\/\/cepronda.com\/blog\/category\/noticias\/"},"img":{"alt_text":"","src":"https:\/\/i0.wp.com\/cepronda.com\/blog\/wp-content\/uploads\/2020\/11\/Captura-de-pantalla-31.png?fit=1200%2C720&ssl=1&resize=350%2C200","width":350,"height":200,"srcset":"https:\/\/i0.wp.com\/cepronda.com\/blog\/wp-content\/uploads\/2020\/11\/Captura-de-pantalla-31.png?fit=1200%2C720&ssl=1&resize=350%2C200 1x, https:\/\/i0.wp.com\/cepronda.com\/blog\/wp-content\/uploads\/2020\/11\/Captura-de-pantalla-31.png?fit=1200%2C720&ssl=1&resize=525%2C300 1.5x, https:\/\/i0.wp.com\/cepronda.com\/blog\/wp-content\/uploads\/2020\/11\/Captura-de-pantalla-31.png?fit=1200%2C720&ssl=1&resize=700%2C400 2x, https:\/\/i0.wp.com\/cepronda.com\/blog\/wp-content\/uploads\/2020\/11\/Captura-de-pantalla-31.png?fit=1200%2C720&ssl=1&resize=1050%2C600 3x"},"classes":[]},{"id":3777,"url":"https:\/\/cepronda.com\/blog\/grupos-de-trabajo-formacion-en-centros-programas-para-la-innovacion-educativa\/","url_meta":{"origin":3116,"position":5},"title":"Grupos de trabajo. Formaci\u00f3n en centros. Programas para la innovaci\u00f3n educativa.","author":"Maribel Mu\u00f1oz","date":"28 septiembre, 2020","format":false,"excerpt":"Buenos d\u00edas compa\u00f1eras y compa\u00f1eros, Os informamos que est\u00e1 abierto el plazo para solicitar Grupos de Trabajo y as\u00ed como Formaci\u00f3n en Centros. Estas dos modalidades de autoformaci\u00f3n se solicitan v\u00eda S\u00e9neca. Adjuntamos las instrucciones publicadas ( GT y FC) . Tambi\u00e9n os hacemos llegar las instrucciones relativas a la\u2026","rel":"","context":"En \u00abFormaciones\u00bb","block_context":{"text":"Formaciones","link":"https:\/\/cepronda.com\/blog\/category\/formaciones\/"},"img":{"alt_text":"","src":"https:\/\/i0.wp.com\/cepronda.com\/blog\/wp-content\/uploads\/2020\/09\/Logo-progamas-de-formacion-oficial.jpg?resize=350%2C200","width":350,"height":200},"classes":[]}],"jetpack_sharing_enabled":true,"_links":{"self":[{"href":"https:\/\/cepronda.com\/blog\/wp-json\/wp\/v2\/posts\/3116","targetHints":{"allow":["GET"]}}],"collection":[{"href":"https:\/\/cepronda.com\/blog\/wp-json\/wp\/v2\/posts"}],"about":[{"href":"https:\/\/cepronda.com\/blog\/wp-json\/wp\/v2\/types\/post"}],"author":[{"embeddable":true,"href":"https:\/\/cepronda.com\/blog\/wp-json\/wp\/v2\/users\/3"}],"replies":[{"embeddable":true,"href":"https:\/\/cepronda.com\/blog\/wp-json\/wp\/v2\/comments?post=3116"}],"version-history":[{"count":1,"href":"https:\/\/cepronda.com\/blog\/wp-json\/wp\/v2\/posts\/3116\/revisions"}],"predecessor-version":[{"id":3118,"href":"https:\/\/cepronda.com\/blog\/wp-json\/wp\/v2\/posts\/3116\/revisions\/3118"}],"wp:attachment":[{"href":"https:\/\/cepronda.com\/blog\/wp-json\/wp\/v2\/media?parent=3116"}],"wp:term":[{"taxonomy":"category","embeddable":true,"href":"https:\/\/cepronda.com\/blog\/wp-json\/wp\/v2\/categories?post=3116"},{"taxonomy":"post_tag","embeddable":true,"href":"https:\/\/cepronda.com\/blog\/wp-json\/wp\/v2\/tags?post=3116"}],"curies":[{"name":"wp","href":"https:\/\/api.w.org\/{rel}","templated":true}]}}