{"id":3113,"date":"2019-10-31T11:43:47","date_gmt":"2019-10-31T10:43:47","guid":{"rendered":"http:\/\/cepronda.com\/blog\/?p=3113"},"modified":"2019-10-31T11:43:55","modified_gmt":"2019-10-31T10:43:55","slug":"erasmus-modulo-avanzado-gestion-administrativa-y-economica-de-proyectos-erasmus-en-seneca","status":"publish","type":"post","link":"https:\/\/cepronda.com\/blog\/erasmus-modulo-avanzado-gestion-administrativa-y-economica-de-proyectos-erasmus-en-seneca\/","title":{"rendered":"ERASMUS+ M\u00d3DULO AVANZADO: GESTI\u00d3N ADMINISTRATIVA Y ECON\u00d3MICA DE PROYECTOS ERASMUS+ EN S\u00c9NECA"},"content":{"rendered":"\n<p class=\"wp-block-paragraph\">Buenos d\u00edas familia, compartimos con todas aquellas personas interesadas la siguiente formaci\u00f3n:<\/p>\n\n\n\n<p class=\"wp-block-paragraph\">FORMACI\u00d3N DESTINADA A LOS CENTROS CON PROYECTOS ERASMUS+ APROBADOS. ESPECIALMENTE DIRIGIDO AL PROFESORADO PARTICIPANTE DEL PROGRAMA, AS\u00cd COMO A LAS PERSONAS QUE TIENEN EN CARGO DE LA SECRETAR\u00cdA DEL CENTRO Y LAS PERSONAS ENCARGADAS DE LA COORDINACI\u00d3N DE LOS PROYECTOS. <\/p>\n\n\n\n<p class=\"wp-block-paragraph\">Para inscribiros en la actividad y ver los detalles, s\u00f3lo ten\u00e9is que <a rel=\"noreferrer noopener\" aria-label=\"seguir este enlace (opens in a new tab)\" href=\"https:\/\/www.juntadeandalucia.es\/educacion\/secretariavirtual\/consultaCEP\/actividad\/209900PI005\/\" target=\"_blank\">seguir este enlace<\/a>. Un abrazo.<\/p>\n\n\n\n<figure class=\"wp-block-image\"><a href=\"https:\/\/www.juntadeandalucia.es\/educacion\/secretariavirtual\/consultaCEP\/actividad\/209900PI005\/\" target=\"_blank\" rel=\"noreferrer noopener\"><img data-recalc-dims=\"1\" loading=\"lazy\" decoding=\"async\" width=\"643\" height=\"908\" src=\"https:\/\/i0.wp.com\/cepronda.com\/blog\/wp-content\/uploads\/2019\/10\/Erasmus.png?resize=643%2C908\" alt=\"\" class=\"wp-image-3114\" srcset=\"https:\/\/i0.wp.com\/cepronda.com\/blog\/wp-content\/uploads\/2019\/10\/Erasmus.png?w=643&amp;ssl=1 643w, https:\/\/i0.wp.com\/cepronda.com\/blog\/wp-content\/uploads\/2019\/10\/Erasmus.png?resize=212%2C300&amp;ssl=1 212w\" sizes=\"auto, (max-width: 643px) 100vw, 643px\" \/><\/a><\/figure>\n","protected":false},"excerpt":{"rendered":"<p>Buenos d\u00edas familia, compartimos con todas aquellas personas interesadas la siguiente formaci\u00f3n: FORMACI\u00d3N DESTINADA A LOS CENTROS CON PROYECTOS ERASMUS+ APROBADOS. ESPECIALMENTE DIRIGIDO AL PROFESORADO PARTICIPANTE DEL PROGRAMA, AS\u00cd COMO A LAS PERSONAS QUE TIENEN EN CARGO DE LA SECRETAR\u00cdA DEL CENTRO Y LAS PERSONAS ENCARGADAS DE LA COORDINACI\u00d3N DE LOS PROYECTOS. Para inscribiros en [&hellip;]<\/p>\n","protected":false},"author":3,"featured_media":3114,"comment_status":"open","ping_status":"open","sticky":false,"template":"","format":"standard","meta":{"_crdt_document":"","advanced_seo_description":"","jetpack_seo_html_title":"","jetpack_seo_noindex":false,"jetpack_post_was_ever_published":false,"_jetpack_newsletter_access":"","_jetpack_dont_email_post_to_subs":false,"_jetpack_newsletter_tier_id":0,"_jetpack_memberships_contains_paywalled_content":false,"_jetpack_memberships_contains_paid_content":false,"footnotes":"","jetpack_publicize_message":"","jetpack_publicize_feature_enabled":true,"jetpack_social_post_already_shared":true,"jetpack_social_options":{"image_generator_settings":{"template":"highway","default_image_id":0,"font":"","enabled":false},"version":2}},"categories":[3],"tags":[96],"class_list":{"0":"post-3113","1":"post","2":"type-post","3":"status-publish","4":"format-standard","5":"has-post-thumbnail","7":"category-formaciones","8":"tag-erasmus","9":"czr-hentry"},"jetpack_publicize_connections":[],"jetpack_featured_media_url":"https:\/\/i0.wp.com\/cepronda.com\/blog\/wp-content\/uploads\/2019\/10\/Erasmus.png?fit=643%2C908&ssl=1","jetpack_shortlink":"https:\/\/wp.me\/p8M4X7-Od","jetpack-related-posts":[{"id":7861,"url":"https:\/\/cepronda.com\/blog\/formacion-proyectos-erasmus-de-corta-duracion-ka122-vet-2025-sector-formacion-profesional-codigo-259922kpi496\/","url_meta":{"origin":3113,"position":0},"title":"Formaci\u00f3n: PROYECTOS ERASMUS+ DE CORTA DURACI\u00d3N KA122-VET 2025 (SECTOR FORMACI\u00d3N PROFESIONAL), c\u00f3digo 259922KPI496.","author":"Inmaculada Garc\u00eda","date":"22 noviembre, 2024","format":false,"excerpt":"Se encuentra abierto el plazo de inscripci\u00f3n al curso PROYECTOS ERASMUS+ DE CORTA DURACI\u00d3N KA122-VET 2025 (SECTOR FORMACI\u00d3N PROFESIONAL), c\u00f3digo 259922KPI496. \u270f Inscripci\u00f3n del 28 nov al 13 dic 2024 Actividad del 20 dic al 14 feb 2025 \u27a1 Duraci\u00f3n: 30 horas (6 por Webex y 24 en AVFP) M\u00e1s\u2026","rel":"","context":"En \u00abFormaciones\u00bb","block_context":{"text":"Formaciones","link":"https:\/\/cepronda.com\/blog\/category\/formaciones\/"},"img":{"alt_text":"","src":"https:\/\/i0.wp.com\/cepronda.com\/blog\/wp-content\/uploads\/2024\/11\/WhatsApp-Image-2024-11-22-at-12.27.02.jpeg?fit=1080%2C1080&ssl=1&resize=350%2C200","width":350,"height":200,"srcset":"https:\/\/i0.wp.com\/cepronda.com\/blog\/wp-content\/uploads\/2024\/11\/WhatsApp-Image-2024-11-22-at-12.27.02.jpeg?fit=1080%2C1080&ssl=1&resize=350%2C200 1x, https:\/\/i0.wp.com\/cepronda.com\/blog\/wp-content\/uploads\/2024\/11\/WhatsApp-Image-2024-11-22-at-12.27.02.jpeg?fit=1080%2C1080&ssl=1&resize=525%2C300 1.5x, https:\/\/i0.wp.com\/cepronda.com\/blog\/wp-content\/uploads\/2024\/11\/WhatsApp-Image-2024-11-22-at-12.27.02.jpeg?fit=1080%2C1080&ssl=1&resize=700%2C400 2x, https:\/\/i0.wp.com\/cepronda.com\/blog\/wp-content\/uploads\/2024\/11\/WhatsApp-Image-2024-11-22-at-12.27.02.jpeg?fit=1080%2C1080&ssl=1&resize=1050%2C600 3x"},"classes":[]},{"id":7266,"url":"https:\/\/cepronda.com\/blog\/formacion-elaboracion-de-proyectos-de-calidad-erasmus-2024-249923pi303\/","url_meta":{"origin":3113,"position":1},"title":"FORMACI\u00d3N: ELABORACI\u00d3N DE PROYECTOS DE CALIDAD ERASMUS 2024\u00a0(249923PI303)","author":"Inmaculada Garc\u00eda","date":"11 diciembre, 2023","format":false,"excerpt":"Abierto el plazo de inscripci\u00f3n para el curso a distancia Provincial : ELABORACI\u00d3N DE PROYECTOS DE CALIDAD ERASMUS 2024\u00a0(249923PI303) Duraci\u00f3n: 20 horas Fecha actividad:\u00a021\/12\/2023 hasta 29\/02\/2024 Fecha inscripci\u00f3n: 04\/12\/2023 hasta 18\/12\/2023 Lugar: AVFP( aula virtual de formaci\u00f3n de profesorado) Sesiones de videoconferencia duplicadas en horario de ma\u00f1ana y tarde para\u2026","rel":"","context":"En \u00abFormaciones\u00bb","block_context":{"text":"Formaciones","link":"https:\/\/cepronda.com\/blog\/category\/formaciones\/"},"img":{"alt_text":"","src":"https:\/\/i0.wp.com\/cepronda.com\/blog\/wp-content\/uploads\/2023\/12\/WhatsApp-Image-2023-12-11-at-12.47.10.jpeg?fit=800%2C800&ssl=1&resize=350%2C200","width":350,"height":200,"srcset":"https:\/\/i0.wp.com\/cepronda.com\/blog\/wp-content\/uploads\/2023\/12\/WhatsApp-Image-2023-12-11-at-12.47.10.jpeg?fit=800%2C800&ssl=1&resize=350%2C200 1x, https:\/\/i0.wp.com\/cepronda.com\/blog\/wp-content\/uploads\/2023\/12\/WhatsApp-Image-2023-12-11-at-12.47.10.jpeg?fit=800%2C800&ssl=1&resize=525%2C300 1.5x, https:\/\/i0.wp.com\/cepronda.com\/blog\/wp-content\/uploads\/2023\/12\/WhatsApp-Image-2023-12-11-at-12.47.10.jpeg?fit=800%2C800&ssl=1&resize=700%2C400 2x"},"classes":[]},{"id":9113,"url":"https:\/\/cepronda.com\/blog\/proyectos-erasmus-de-corta-duracion-ka122-vet-2026-sector-formacion-profesional\/","url_meta":{"origin":3113,"position":2},"title":"PROYECTOS ERASMUS+ DE CORTA DURACI\u00d3N KA122-VET 2026 (SECTOR FORMACI\u00d3N PROFESIONAL).","author":"Inmaculada Garc\u00eda","date":"5 diciembre, 2025","format":false,"excerpt":"Se encuentra abierto el plazo de inscripci\u00f3n en el curso: PROYECTOS ERASMUS+ DE CORTA DURACI\u00d3N KA122-VET 2026 (SECTOR FORMACI\u00d3N PROFESIONAL). C\u00f3digo: 269922KFP496. \u00a0 \u270f Inscripci\u00f3n del 4 al 15 de diciembre 2025 \ud83d\udcc5 Actividad del 19 de diciembre 2025 al 13 de febrero 2026 \u27a1 Duraci\u00f3n: 30 horas (6 por\u2026","rel":"","context":"En \u00abFormaciones\u00bb","block_context":{"text":"Formaciones","link":"https:\/\/cepronda.com\/blog\/category\/formaciones\/"},"img":{"alt_text":"","src":"https:\/\/i0.wp.com\/cepronda.com\/blog\/wp-content\/uploads\/2025\/12\/WhatsApp-Image-2025-12-05-at-08.48.57.jpeg?fit=1080%2C1080&ssl=1&resize=350%2C200","width":350,"height":200,"srcset":"https:\/\/i0.wp.com\/cepronda.com\/blog\/wp-content\/uploads\/2025\/12\/WhatsApp-Image-2025-12-05-at-08.48.57.jpeg?fit=1080%2C1080&ssl=1&resize=350%2C200 1x, https:\/\/i0.wp.com\/cepronda.com\/blog\/wp-content\/uploads\/2025\/12\/WhatsApp-Image-2025-12-05-at-08.48.57.jpeg?fit=1080%2C1080&ssl=1&resize=525%2C300 1.5x, https:\/\/i0.wp.com\/cepronda.com\/blog\/wp-content\/uploads\/2025\/12\/WhatsApp-Image-2025-12-05-at-08.48.57.jpeg?fit=1080%2C1080&ssl=1&resize=700%2C400 2x, https:\/\/i0.wp.com\/cepronda.com\/blog\/wp-content\/uploads\/2025\/12\/WhatsApp-Image-2025-12-05-at-08.48.57.jpeg?fit=1080%2C1080&ssl=1&resize=1050%2C600 3x"},"classes":[]},{"id":7870,"url":"https:\/\/cepronda.com\/blog\/curso-proyectos-erasmus-no-acreditados-2025-sector-escolar-y-adultos-con-codigo-259923kpi546\/","url_meta":{"origin":3113,"position":3},"title":"CURSO: PROYECTOS ERASMUS+ NO ACREDITADOS 2025 (SECTOR ESCOLAR Y ADULTOS), con c\u00f3digo 259923KPI546.","author":"Inmaculada Garc\u00eda","date":"28 noviembre, 2024","format":false,"excerpt":"Abierto el plazo de solicitudes para el curso provincial semipresencial: \u00a0 PROYECTOS ERASMUS+ NO ACREDITADOS 2025 (SECTOR ESCOLAR Y ADULTOS), con c\u00f3digo 259923KPI546. \u270f Inscripci\u00f3n del 28 nov al 13 dic 2024 Actividad del 20 dic al 14 feb 2025 \u27a1 Duraci\u00f3n: 30 horas (6 por Webex y 24 en\u2026","rel":"","context":"En \u00abFormaciones\u00bb","block_context":{"text":"Formaciones","link":"https:\/\/cepronda.com\/blog\/category\/formaciones\/"},"img":{"alt_text":"","src":"https:\/\/i0.wp.com\/cepronda.com\/blog\/wp-content\/uploads\/2024\/11\/Cartel-Curso-Erasmus-202425.png?fit=800%2C800&ssl=1&resize=350%2C200","width":350,"height":200,"srcset":"https:\/\/i0.wp.com\/cepronda.com\/blog\/wp-content\/uploads\/2024\/11\/Cartel-Curso-Erasmus-202425.png?fit=800%2C800&ssl=1&resize=350%2C200 1x, https:\/\/i0.wp.com\/cepronda.com\/blog\/wp-content\/uploads\/2024\/11\/Cartel-Curso-Erasmus-202425.png?fit=800%2C800&ssl=1&resize=525%2C300 1.5x, https:\/\/i0.wp.com\/cepronda.com\/blog\/wp-content\/uploads\/2024\/11\/Cartel-Curso-Erasmus-202425.png?fit=800%2C800&ssl=1&resize=700%2C400 2x"},"classes":[]},{"id":4423,"url":"https:\/\/cepronda.com\/blog\/gestion-administrativa-de-proyectos-erasmus\/","url_meta":{"origin":3113,"position":4},"title":"GESTI\u00d3N ADMINISTRATIVA DE PROYECTOS ERASMUS.","author":"Maribel Mu\u00f1oz","date":"15 abril, 2021","format":false,"excerpt":"Buenas tardes\u00a0 compa\u00f1eras y compa\u00f1eros, Os informamos que est\u00e1 abierto el plazo de inscripci\u00f3n del curso a distancia de \u00e1mbito provincial GESTI\u00d3N ADMINISTRATIVA DE PROYECTOS ERASMUS. Este curso est\u00e1 especialmente dirigido a las coordinaciones de proyectos Erasmus de escolar y adultos. C\u00f3digo: 219922KPI296.\u00a0 Es una formaci\u00f3n PROVINCIAL, gestionada por el\u2026","rel":"","context":"En \u00abFormaciones\u00bb","block_context":{"text":"Formaciones","link":"https:\/\/cepronda.com\/blog\/category\/formaciones\/"},"img":{"alt_text":"","src":"https:\/\/i0.wp.com\/cepronda.com\/blog\/wp-content\/uploads\/2021\/03\/bandera-europea.jpg?resize=350%2C200","width":350,"height":200},"classes":[]},{"id":5657,"url":"https:\/\/cepronda.com\/blog\/elaboracion-de-proyectos-de-calidad-erasmus-2023\/","url_meta":{"origin":3113,"position":5},"title":"ELABORACI\u00d3N DE PROYECTOS DE CALIDAD ERASMUS 2023","author":"Mamen Moreno","date":"13 diciembre, 2022","format":false,"excerpt":"Se encuentra abierto el plazo de solicitudes de la actividad formativa ELABORACI\u00d3N DE PROYECTOS DE CALIDAD ERASMUS 2023 Curso dirigido a Equipos Directivos y profesorado interesado en participar en el Programa Erasmus+ en los pr\u00f3ximos cursos acad\u00e9micos Curso a distancia en el Aula Virtual de Formaci\u00f3n del Profesorado \u270d\ufe0f Inscripciones\u2026","rel":"","context":"En \u00abFormaciones\u00bb","block_context":{"text":"Formaciones","link":"https:\/\/cepronda.com\/blog\/category\/formaciones\/"},"img":{"alt_text":"","src":"https:\/\/i0.wp.com\/cepronda.com\/blog\/wp-content\/uploads\/2022\/12\/d8f22376-1582-46c4-b762-083e18e67201-2.jpg?fit=1080%2C1080&ssl=1&resize=350%2C200","width":350,"height":200,"srcset":"https:\/\/i0.wp.com\/cepronda.com\/blog\/wp-content\/uploads\/2022\/12\/d8f22376-1582-46c4-b762-083e18e67201-2.jpg?fit=1080%2C1080&ssl=1&resize=350%2C200 1x, https:\/\/i0.wp.com\/cepronda.com\/blog\/wp-content\/uploads\/2022\/12\/d8f22376-1582-46c4-b762-083e18e67201-2.jpg?fit=1080%2C1080&ssl=1&resize=525%2C300 1.5x, https:\/\/i0.wp.com\/cepronda.com\/blog\/wp-content\/uploads\/2022\/12\/d8f22376-1582-46c4-b762-083e18e67201-2.jpg?fit=1080%2C1080&ssl=1&resize=700%2C400 2x, https:\/\/i0.wp.com\/cepronda.com\/blog\/wp-content\/uploads\/2022\/12\/d8f22376-1582-46c4-b762-083e18e67201-2.jpg?fit=1080%2C1080&ssl=1&resize=1050%2C600 3x"},"classes":[]}],"jetpack_sharing_enabled":true,"_links":{"self":[{"href":"https:\/\/cepronda.com\/blog\/wp-json\/wp\/v2\/posts\/3113","targetHints":{"allow":["GET"]}}],"collection":[{"href":"https:\/\/cepronda.com\/blog\/wp-json\/wp\/v2\/posts"}],"about":[{"href":"https:\/\/cepronda.com\/blog\/wp-json\/wp\/v2\/types\/post"}],"author":[{"embeddable":true,"href":"https:\/\/cepronda.com\/blog\/wp-json\/wp\/v2\/users\/3"}],"replies":[{"embeddable":true,"href":"https:\/\/cepronda.com\/blog\/wp-json\/wp\/v2\/comments?post=3113"}],"version-history":[{"count":1,"href":"https:\/\/cepronda.com\/blog\/wp-json\/wp\/v2\/posts\/3113\/revisions"}],"predecessor-version":[{"id":3115,"href":"https:\/\/cepronda.com\/blog\/wp-json\/wp\/v2\/posts\/3113\/revisions\/3115"}],"wp:featuredmedia":[{"embeddable":true,"href":"https:\/\/cepronda.com\/blog\/wp-json\/wp\/v2\/media\/3114"}],"wp:attachment":[{"href":"https:\/\/cepronda.com\/blog\/wp-json\/wp\/v2\/media?parent=3113"}],"wp:term":[{"taxonomy":"category","embeddable":true,"href":"https:\/\/cepronda.com\/blog\/wp-json\/wp\/v2\/categories?post=3113"},{"taxonomy":"post_tag","embeddable":true,"href":"https:\/\/cepronda.com\/blog\/wp-json\/wp\/v2\/tags?post=3113"}],"curies":[{"name":"wp","href":"https:\/\/api.w.org\/{rel}","templated":true}]}}