{"id":3111,"date":"2019-10-31T11:26:54","date_gmt":"2019-10-31T10:26:54","guid":{"rendered":"http:\/\/cepronda.com\/blog\/?p=3111"},"modified":"2025-04-25T12:07:28","modified_gmt":"2025-04-25T10:07:28","slug":"premios-fundacion-endesa-a-la-ecoinnovacion-educativa-2019-2020","status":"publish","type":"post","link":"https:\/\/cepronda.com\/blog\/premios-fundacion-endesa-a-la-ecoinnovacion-educativa-2019-2020\/","title":{"rendered":"Premios Fundaci\u00f3n Endesa a la Ecoinnovaci\u00f3n Educativa 2019-2020"},"content":{"rendered":"\n<p class=\"wp-block-paragraph\">El objetivo de los Premios Fundaci\u00f3n Endesa a la Ecoinnovaci\u00f3n \nEducativa es recopilar las buenas pr\u00e1cticas en materia de educaci\u00f3n \nmedioambiental, concretamente la enfocada en la preservaci\u00f3n y cuidado \nde nuestro entorno. Los proyectos premiados obtienen difusi\u00f3n nacional y\n europea para poner de manifiesto el compromiso de nuestro pa\u00eds con la \ncultura ecol\u00f3gica y la conservaci\u00f3n del medioambiente.<\/p>\n\n\n\n<p class=\"wp-block-paragraph\">Se convoca a participar en este programa de educaci\u00f3n medioambiental <strong>a estudiantes de Secundaria, Bachillerato y Formaci\u00f3n Profesional de Grado Medio y sus centros docentes<\/strong> a que desarrollen un proyecto relacionado con la conservaci\u00f3n de la naturaleza y el medio ambiente.<\/p>\n\n\n\n<p class=\"wp-block-paragraph\">Se proponen 3 categor\u00edas:<\/p>\n\n\n\n<p class=\"wp-block-paragraph\">En la <strong>categor\u00eda 1<\/strong> se plantea una pregunta: <strong>\u00ab\u00bfQu\u00e9 es para ti la naturaleza?\u00bb<\/strong>.\n En ella podr\u00e1n presentarse proyectos orientados a mejorar la \ncompetencia cient\u00edfica de los alumnos a trav\u00e9s del contacto directo con \nel medioambiente o desarrollen una investigaci\u00f3n novedosa.<\/p>\n\n\n\n<p class=\"wp-block-paragraph\">La <strong>categor\u00eda 2<\/strong> titulada <strong>\u00abMi soluci\u00f3n creativa a un problema medioambiental\u00bb<\/strong> plantea un reto a los alumnos: que presenten una soluci\u00f3n innovadora y original a un problema ecol\u00f3gico o medioambiental.<\/p>\n\n\n\n<p class=\"wp-block-paragraph\">En los proyectos presentados en la <strong>categor\u00eda 3<\/strong> deber\u00e1 estar implicado todo el centro educativo. Bajo el t\u00edtulo <strong>\u00ab\u00bfC\u00f3mo mejorar\u00edas tu entorno?\u00bb<\/strong>\n deben demostrar su compromiso ecol\u00f3gico a lo largo del tiempo, \ntrascendiendo al centro a trav\u00e9s de la cooperaci\u00f3n con otras entidades \ndel entorno como empresas o comunidades locales.<\/p>\n\n\n\n<p class=\"wp-block-paragraph\">Las candidaturas se pueden registrar <strong>hasta el 13 de diciembre de 2019<\/strong> en el <a href=\"https:\/\/ecoinnovacion.fundacionendesa.org\/multisite\/local-signup\/\">siguiente enlace<\/a><\/p>\n","protected":false},"excerpt":{"rendered":"<p>El objetivo de los Premios Fundaci\u00f3n Endesa a la Ecoinnovaci\u00f3n Educativa es recopilar las buenas pr\u00e1cticas en materia de educaci\u00f3n medioambiental, concretamente la enfocada en la preservaci\u00f3n y cuidado de nuestro entorno. Los proyectos premiados obtienen difusi\u00f3n nacional y europea para poner de manifiesto el compromiso de nuestro pa\u00eds con la cultura ecol\u00f3gica y la [&hellip;]<\/p>\n","protected":false},"author":3,"featured_media":2849,"comment_status":"open","ping_status":"open","sticky":false,"template":"","format":"standard","meta":{"_crdt_document":"","advanced_seo_description":"","jetpack_seo_html_title":"","jetpack_seo_noindex":false,"jetpack_post_was_ever_published":false,"_jetpack_newsletter_access":"","_jetpack_dont_email_post_to_subs":false,"_jetpack_newsletter_tier_id":0,"_jetpack_memberships_contains_paywalled_content":false,"_jetpack_memberships_contains_paid_content":false,"footnotes":"","jetpack_publicize_message":"","jetpack_publicize_feature_enabled":true,"jetpack_social_post_already_shared":true,"jetpack_social_options":{"image_generator_settings":{"template":"highway","default_image_id":0,"font":"","enabled":false},"version":2}},"categories":[5],"tags":[231,180,166],"class_list":{"0":"post-3111","1":"post","2":"type-post","3":"status-publish","4":"format-standard","5":"has-post-thumbnail","7":"category-noticias","8":"tag-certamen","9":"tag-concursos","10":"tag-medio-ambiente","11":"czr-hentry"},"jetpack_publicize_connections":[],"jetpack_featured_media_url":"https:\/\/i0.wp.com\/cepronda.com\/blog\/wp-content\/uploads\/2019\/05\/logo-nuevo.jpg?fit=531%2C342&ssl=1","jetpack_shortlink":"https:\/\/wp.me\/p8M4X7-Ob","jetpack-related-posts":[{"id":2459,"url":"https:\/\/cepronda.com\/blog\/premios-fundacion-endesa-a-la-ecoinnovacion-educativa-2018-2019\/","url_meta":{"origin":3111,"position":0},"title":"Premios Fundaci\u00f3n Endesa a la Ecoinnovaci\u00f3n Educativa 2018-2019","author":"V\u00edctor Caballero","date":"19 noviembre, 2018","format":false,"excerpt":"Seguimos compartiendo, en este caso, con los centros de Educaci\u00f3n Secundaria, su profesorado y alumnado, la convocatoria de la III edici\u00f3n de los premios de ecoinnovaci\u00f3n educativa. Fundaci\u00f3n Endesa convoca la tercera edici\u00f3n de los Premios a la Ecoinnovaci\u00f3n Educativa 2018-2019, dirigidos no s\u00f3lo a los estudiantes de Secundaria, Bachillerato\u2026","rel":"","context":"En \u00abNoticias\u00bb","block_context":{"text":"Noticias","link":"https:\/\/cepronda.com\/blog\/category\/noticias\/"},"img":{"alt_text":"","src":"https:\/\/i0.wp.com\/cepronda.com\/blog\/wp-content\/uploads\/2018\/11\/recycle-29227_1280.png?fit=1154%2C1200&ssl=1&resize=350%2C200","width":350,"height":200,"srcset":"https:\/\/i0.wp.com\/cepronda.com\/blog\/wp-content\/uploads\/2018\/11\/recycle-29227_1280.png?fit=1154%2C1200&ssl=1&resize=350%2C200 1x, https:\/\/i0.wp.com\/cepronda.com\/blog\/wp-content\/uploads\/2018\/11\/recycle-29227_1280.png?fit=1154%2C1200&ssl=1&resize=525%2C300 1.5x, https:\/\/i0.wp.com\/cepronda.com\/blog\/wp-content\/uploads\/2018\/11\/recycle-29227_1280.png?fit=1154%2C1200&ssl=1&resize=700%2C400 2x, https:\/\/i0.wp.com\/cepronda.com\/blog\/wp-content\/uploads\/2018\/11\/recycle-29227_1280.png?fit=1154%2C1200&ssl=1&resize=1050%2C600 3x"},"classes":[]},{"id":2776,"url":"https:\/\/cepronda.com\/blog\/xxxiv-premios-francisco-giner-de-los-rios-a-la-mejora-de-la-calidad-educativa\/","url_meta":{"origin":3111,"position":1},"title":"XXXIV Premios Francisco Giner de los R\u00edos a la Mejora de la Calidad Educativa.","author":"V\u00edctor Caballero","date":"2 mayo, 2019","format":false,"excerpt":"Hola de nuevo, Compartimos con vosotros y vosotras la convocatoria de estos premios, donde el Ministerio de Educaci\u00f3n y Formaci\u00f3n Profesional, en colaboraci\u00f3n con la Fundaci\u00f3n BBVA, convoca los XXXIV Premios Francisco Giner de los R\u00edos a la Mejora de la Calidad Educativa, para los trabajos y experiencias pedag\u00f3gicas que\u2026","rel":"","context":"En \u00abFormaciones\u00bb","block_context":{"text":"Formaciones","link":"https:\/\/cepronda.com\/blog\/category\/formaciones\/"},"img":{"alt_text":"","src":"https:\/\/i0.wp.com\/cepronda.com\/blog\/wp-content\/uploads\/2019\/05\/ministerio.jpg?resize=350%2C200","width":350,"height":200},"classes":[]},{"id":2876,"url":"https:\/\/cepronda.com\/blog\/convocatoria-xxxi-edicion-de-los-premios-joaquin-guichot-y-antonio-dominguez-ortiz\/","url_meta":{"origin":3111,"position":2},"title":"Convocatoria XXXI Edici\u00f3n de los Premios Joaqu\u00edn Guichot y Antonio Dom\u00ednguez Ortiz","author":"V\u00edctor Caballero","date":"12 junio, 2019","format":false,"excerpt":"Convocada la XXXI edici\u00f3n del concurso para el fomento de la investigaci\u00f3n e innovaci\u00f3n educativa en sus dos modalidades, Premio \u00abJoaqu\u00edn Guichot\u00bb y Premio \u00abAntonio Dom\u00ednguez Ortiz\u00bb en centros p\u00fablicos correspondiente al curso 2018\/2019 por la RESOLUCI\u00d3N de 23 de mayo de 2019, de la Direcci\u00f3n General de Formaci\u00f3n del\u2026","rel":"","context":"En \u00abFormaciones\u00bb","block_context":{"text":"Formaciones","link":"https:\/\/cepronda.com\/blog\/category\/formaciones\/"},"img":{"alt_text":"","src":"https:\/\/i0.wp.com\/cepronda.com\/blog\/wp-content\/uploads\/2019\/05\/logo-nuevo.jpg?fit=531%2C342&ssl=1&resize=350%2C200","width":350,"height":200,"srcset":"https:\/\/i0.wp.com\/cepronda.com\/blog\/wp-content\/uploads\/2019\/05\/logo-nuevo.jpg?fit=531%2C342&ssl=1&resize=350%2C200 1x, https:\/\/i0.wp.com\/cepronda.com\/blog\/wp-content\/uploads\/2019\/05\/logo-nuevo.jpg?fit=531%2C342&ssl=1&resize=525%2C300 1.5x"},"classes":[]},{"id":1557,"url":"https:\/\/cepronda.com\/blog\/iv-edicion-de-los-premios-andaluces-el-audiovisual-en-la-escuela\/","url_meta":{"origin":3111,"position":3},"title":"IV Edici\u00f3n de los Premios Andaluces \u201d El Audiovisual en la Escuela \u201c","author":"V\u00edctor Caballero","date":"15 enero, 2018","format":false,"excerpt":"\u00a1Hola familia! Quer\u00edamos compartir con todos los centros esta informaci\u00f3n que nos llega y creemos que puede ser de vuestro inter\u00e9s. Se trata de la IV edici\u00f3n delos premios \"El audiovisual en la escuela\".\u00a0 El Consejo Audiovisual de Andaluc\u00eda convoca la IV edici\u00f3n de los\u00a0premios andaluces El Audiovisual en la\u2026","rel":"","context":"En \u00abNoticias\u00bb","block_context":{"text":"Noticias","link":"https:\/\/cepronda.com\/blog\/category\/noticias\/"},"img":{"alt_text":"","src":"https:\/\/i0.wp.com\/cepronda.com\/blog\/wp-content\/uploads\/2018\/01\/ave-cartel-4-001.jpg?fit=740%2C1024&ssl=1&resize=350%2C200","width":350,"height":200,"srcset":"https:\/\/i0.wp.com\/cepronda.com\/blog\/wp-content\/uploads\/2018\/01\/ave-cartel-4-001.jpg?fit=740%2C1024&ssl=1&resize=350%2C200 1x, https:\/\/i0.wp.com\/cepronda.com\/blog\/wp-content\/uploads\/2018\/01\/ave-cartel-4-001.jpg?fit=740%2C1024&ssl=1&resize=525%2C300 1.5x, https:\/\/i0.wp.com\/cepronda.com\/blog\/wp-content\/uploads\/2018\/01\/ave-cartel-4-001.jpg?fit=740%2C1024&ssl=1&resize=700%2C400 2x"},"classes":[]},{"id":5378,"url":"https:\/\/cepronda.com\/blog\/fp-agraria-ies-andres-perez-serrano\/","url_meta":{"origin":3111,"position":4},"title":"FP AGRARIA  IES ANDR\u00c9S P\u00c9REZ SERRANO","author":"Maribel Mu\u00f1oz","date":"27 junio, 2022","format":false,"excerpt":"Buenas tardes compa\u00f1eras y compa\u00f1eros, Os recordamos que desde el IES Andr\u00e9s P\u00e9rez Serrano se ofertan, para el pr\u00f3ximo curso, los siguientes ciclos formativos: *CICLO FORMATIVO DE GRADO MEDIO EN APROVECHAMIENTO Y CONSERVACI\u00d3N DEL MEDIO NATURAL *FP DUAL DUAL EN APROVECHAMIENTO Y CONSERVACI\u00d3N DEL MEDIO NATURAL *CICLO FORMATIVO DE GRADO\u2026","rel":"","context":"En \u00abFormaciones\u00bb","block_context":{"text":"Formaciones","link":"https:\/\/cepronda.com\/blog\/category\/formaciones\/"},"img":{"alt_text":"","src":"https:\/\/i0.wp.com\/cepronda.com\/blog\/wp-content\/uploads\/2020\/03\/S%C2%B0mbolo-gen%C3%87rico-RRSS-redondo-negativo.png?fit=1200%2C1200&ssl=1&resize=350%2C200","width":350,"height":200,"srcset":"https:\/\/i0.wp.com\/cepronda.com\/blog\/wp-content\/uploads\/2020\/03\/S%C2%B0mbolo-gen%C3%87rico-RRSS-redondo-negativo.png?fit=1200%2C1200&ssl=1&resize=350%2C200 1x, https:\/\/i0.wp.com\/cepronda.com\/blog\/wp-content\/uploads\/2020\/03\/S%C2%B0mbolo-gen%C3%87rico-RRSS-redondo-negativo.png?fit=1200%2C1200&ssl=1&resize=525%2C300 1.5x, https:\/\/i0.wp.com\/cepronda.com\/blog\/wp-content\/uploads\/2020\/03\/S%C2%B0mbolo-gen%C3%87rico-RRSS-redondo-negativo.png?fit=1200%2C1200&ssl=1&resize=700%2C400 2x, https:\/\/i0.wp.com\/cepronda.com\/blog\/wp-content\/uploads\/2020\/03\/S%C2%B0mbolo-gen%C3%87rico-RRSS-redondo-negativo.png?fit=1200%2C1200&ssl=1&resize=1050%2C600 3x"},"classes":[]},{"id":1583,"url":"https:\/\/cepronda.com\/blog\/premio-francisco-giner-de-los-rios-a-la-mejora-de-la-calidad-educativa\/","url_meta":{"origin":3111,"position":5},"title":"Premio Francisco Giner de los R\u00edos a la mejora de la calidad educativa","author":"V\u00edctor Caballero","date":"2 febrero, 2018","format":false,"excerpt":"\u00a1Hola de nuevo! Queremos contaros que se encuentra abierto el plazo de inscripci\u00f3n para el Premio Francisco Giner de los R\u00edos a la mejora de la calidad educativa. Sabemos que en muchos de nuestros centros est\u00e1is haciendo grandes trabajos, as\u00ed que os queremos animar a participar en el mismo. Se\u2026","rel":"","context":"En \u00abNoticias\u00bb","block_context":{"text":"Noticias","link":"https:\/\/cepronda.com\/blog\/category\/noticias\/"},"img":{"alt_text":"","src":"","width":0,"height":0},"classes":[]}],"jetpack_sharing_enabled":true,"_links":{"self":[{"href":"https:\/\/cepronda.com\/blog\/wp-json\/wp\/v2\/posts\/3111","targetHints":{"allow":["GET"]}}],"collection":[{"href":"https:\/\/cepronda.com\/blog\/wp-json\/wp\/v2\/posts"}],"about":[{"href":"https:\/\/cepronda.com\/blog\/wp-json\/wp\/v2\/types\/post"}],"author":[{"embeddable":true,"href":"https:\/\/cepronda.com\/blog\/wp-json\/wp\/v2\/users\/3"}],"replies":[{"embeddable":true,"href":"https:\/\/cepronda.com\/blog\/wp-json\/wp\/v2\/comments?post=3111"}],"version-history":[{"count":1,"href":"https:\/\/cepronda.com\/blog\/wp-json\/wp\/v2\/posts\/3111\/revisions"}],"predecessor-version":[{"id":3112,"href":"https:\/\/cepronda.com\/blog\/wp-json\/wp\/v2\/posts\/3111\/revisions\/3112"}],"wp:featuredmedia":[{"embeddable":true,"href":"https:\/\/cepronda.com\/blog\/wp-json\/wp\/v2\/media\/2849"}],"wp:attachment":[{"href":"https:\/\/cepronda.com\/blog\/wp-json\/wp\/v2\/media?parent=3111"}],"wp:term":[{"taxonomy":"category","embeddable":true,"href":"https:\/\/cepronda.com\/blog\/wp-json\/wp\/v2\/categories?post=3111"},{"taxonomy":"post_tag","embeddable":true,"href":"https:\/\/cepronda.com\/blog\/wp-json\/wp\/v2\/tags?post=3111"}],"curies":[{"name":"wp","href":"https:\/\/api.w.org\/{rel}","templated":true}]}}