{"id":311,"date":"2016-11-11T12:47:45","date_gmt":"2016-11-11T11:47:45","guid":{"rendered":"http:\/\/cepronda.com\/blog\/?p=311"},"modified":"2016-11-11T12:47:45","modified_gmt":"2016-11-11T11:47:45","slug":"la-pequena-cerillera","status":"publish","type":"post","link":"https:\/\/cepronda.com\/blog\/la-pequena-cerillera\/","title":{"rendered":"La peque\u00f1a cerillera"},"content":{"rendered":"<p>Hola de nuevo,<\/p>\n<p>Queremos compartir con todos los centros esta informaci\u00f3n que nos ha llegado desde la Consejer\u00eda de Educaci\u00f3n:<\/p>\n<p>\u00abRetransmisi\u00f3n del espect\u00e1culo infantil \u00abLa peque\u00f1a cerillera\u00bb, basado en un cuento de Hans Christian Andersen.<\/p>\n<p>La Consejer\u00eda de Educaci\u00f3n, entre los compromisos adquiridos dentro del convenio firmado con el Teatro Real y la Consejer\u00eda de Cultura de la Junta de Andaluc\u00eda, pone a disposici\u00f3n de los centros educativos p\u00fablicos andaluces, de forma gratuita, la retransmisi\u00f3n del espect\u00e1culo infantil \u00abLa peque\u00f1a cerillera\u00bb, basado en un cuento de Hans Christian Andersen, dirigido al alumnado de infantil a partir de 4 a\u00f1os.<\/p>\n<p>La retransmisi\u00f3n tendr\u00e1 lugar el pr\u00f3ximo 22 de noviembre de 2016, con una duraci\u00f3n de 45 minutos.<\/p>\n<p>Los requisitos para poder acceder a las retransmisiones son: una pantalla y una l\u00ednea de internet adecuada. A tal efecto, los t\u00e9cnicos del Teatro Real se ponen a disposici\u00f3n de los centros para facilitar la recepci\u00f3n de la se\u00f1al y hacer las pruebas previas que sean necesarias.<\/p>\n<p>Los centros interesados pueden dirigirse a <a href=\"mailto:mailto:ncamacho@teatro-real.com\" target=\"_blank\">ncamacho@teatro-real.com<\/a><\/p>\n<p><a href=\"http:\/\/www.teatro-real.com\/es\/ninos-y-jovenes\/el-real-junior\/retransmisiones-colegios\" target=\"_blank\">M\u00e1s informaci\u00f3n<\/a><\/p>\n<p>Creemos que puede ser muy interesante que hag\u00e1is esta actividad con vuestro alumnado. Ya nos vais contando.<\/p>\n","protected":false},"excerpt":{"rendered":"<p>Hola de nuevo, Queremos compartir con todos los centros esta informaci\u00f3n que nos ha llegado desde la Consejer\u00eda de Educaci\u00f3n: \u00abRetransmisi\u00f3n del espect\u00e1culo infantil \u00abLa peque\u00f1a cerillera\u00bb, basado en un cuento de Hans Christian Andersen. La Consejer\u00eda de Educaci\u00f3n, entre los compromisos adquiridos dentro del convenio firmado con el Teatro Real y la Consejer\u00eda de [&hellip;]<\/p>\n","protected":false},"author":3,"featured_media":312,"comment_status":"open","ping_status":"open","sticky":false,"template":"","format":"standard","meta":{"_crdt_document":"","advanced_seo_description":"","jetpack_seo_html_title":"","jetpack_seo_noindex":false,"jetpack_post_was_ever_published":false,"_jetpack_newsletter_access":"","_jetpack_dont_email_post_to_subs":false,"_jetpack_newsletter_tier_id":0,"_jetpack_memberships_contains_paywalled_content":false,"_jetpack_memberships_contains_paid_content":false,"footnotes":"","jetpack_publicize_message":"","jetpack_publicize_feature_enabled":true,"jetpack_social_post_already_shared":false,"jetpack_social_options":{"image_generator_settings":{"template":"highway","default_image_id":0,"font":"","enabled":false},"version":2}},"categories":[5],"tags":[64],"class_list":{"0":"post-311","1":"post","2":"type-post","3":"status-publish","4":"format-standard","5":"has-post-thumbnail","7":"category-noticias","8":"tag-teatro","9":"czr-hentry"},"jetpack_publicize_connections":[],"jetpack_featured_media_url":"","jetpack_shortlink":"https:\/\/wp.me\/p8M4X7-51","jetpack-related-posts":[{"id":2405,"url":"https:\/\/cepronda.com\/blog\/retransmision-del-espectaculo-infantil-el-gato-con-botas-desde-el-teatro-real\/","url_meta":{"origin":311,"position":0},"title":"Retransmisi\u00f3n del espect\u00e1culo infantil El gato con botas desde el Teatro Real","author":"V\u00edctor Caballero","date":"29 octubre, 2018","format":false,"excerpt":"Hola familia,\u00a0 Como otros a\u00f1os este curso tambi\u00e9n os ofrecemos nuestro Sal\u00f3n de actos por si quer\u00e9is venir con vuestro alumnado a ver este espect\u00e1culo infantil. Ser\u00e1 una retransmisi\u00f3n de la representaci\u00f3n desde el Teatro Real y tambi\u00e9n la pod\u00e9is solicitar para vuestros centros. Si dese\u00e1is venir a nuestro Sal\u00f3n\u2026","rel":"","context":"En \u00abNoticias\u00bb","block_context":{"text":"Noticias","link":"https:\/\/cepronda.com\/blog\/category\/noticias\/"},"img":{"alt_text":"","src":"https:\/\/i0.wp.com\/cepronda.com\/blog\/wp-content\/uploads\/2018\/10\/bathrooms-243009_1920.jpg?fit=1200%2C797&ssl=1&resize=350%2C200","width":350,"height":200,"srcset":"https:\/\/i0.wp.com\/cepronda.com\/blog\/wp-content\/uploads\/2018\/10\/bathrooms-243009_1920.jpg?fit=1200%2C797&ssl=1&resize=350%2C200 1x, https:\/\/i0.wp.com\/cepronda.com\/blog\/wp-content\/uploads\/2018\/10\/bathrooms-243009_1920.jpg?fit=1200%2C797&ssl=1&resize=525%2C300 1.5x, https:\/\/i0.wp.com\/cepronda.com\/blog\/wp-content\/uploads\/2018\/10\/bathrooms-243009_1920.jpg?fit=1200%2C797&ssl=1&resize=700%2C400 2x, https:\/\/i0.wp.com\/cepronda.com\/blog\/wp-content\/uploads\/2018\/10\/bathrooms-243009_1920.jpg?fit=1200%2C797&ssl=1&resize=1050%2C600 3x"},"classes":[]},{"id":3137,"url":"https:\/\/cepronda.com\/blog\/retransmision-del-espectaculo-infantil-mi-madre-la-oca-desde-el-teatro-real\/","url_meta":{"origin":311,"position":1},"title":"Retransmisi\u00f3n del espect\u00e1culo infantil \u00abMi madre la oca\u00bb desde el Teatro Real","author":"V\u00edctor Caballero","date":"12 noviembre, 2019","format":false,"excerpt":"Muy buenas familia, Como a\u00f1os anteriores desde el Teatro Real ofrecen la posibilidad de que el pr\u00f3ximo 22 de noviembre podamos asistir virtualmente a una representaci\u00f3n desde el Teatro Real. Y, al igual que en a\u00f1os anteriores, os ofrecemos nuestro Sal\u00f3n de Actos para que pod\u00e1is venir a verlo con\u2026","rel":"","context":"En \u00abNoticias\u00bb","block_context":{"text":"Noticias","link":"https:\/\/cepronda.com\/blog\/category\/noticias\/"},"img":{"alt_text":"","src":"https:\/\/i0.wp.com\/cepronda.com\/blog\/wp-content\/uploads\/2019\/11\/oca.jpg?resize=350%2C200","width":350,"height":200},"classes":[]},{"id":808,"url":"https:\/\/cepronda.com\/blog\/retransmision-del-espectaculo-el-sueno-de-una-noche-de-verano-sobre-la-obra-de-william-shakespeare\/","url_meta":{"origin":311,"position":2},"title":"Retransmisi\u00f3n del espect\u00e1culo \u00abEl sue\u00f1o de una noche de verano\u00bb, sobre la obra de William Shakespeare","author":"V\u00edctor Caballero","date":"5 mayo, 2017","format":false,"excerpt":"Muy buenas familia, Esta vez os queremos informar de una actividad que creemos puede resultaros muy interesante y es la \"asistencia virtual\" a un espect\u00e1culo del Teatro Real. La Consejer\u00eda de Educaci\u00f3n, entre los compromisos adquiridos dentro del convenio firmado con el Teatro Real y la Consejer\u00eda de Cultura de\u2026","rel":"","context":"En \u00abNoticias\u00bb","block_context":{"text":"Noticias","link":"https:\/\/cepronda.com\/blog\/category\/noticias\/"},"img":{"alt_text":"","src":"https:\/\/i0.wp.com\/cepronda.com\/blog\/wp-content\/uploads\/2017\/05\/film-147137_640.png?fit=595%2C640&ssl=1&resize=350%2C200","width":350,"height":200,"srcset":"https:\/\/i0.wp.com\/cepronda.com\/blog\/wp-content\/uploads\/2017\/05\/film-147137_640.png?fit=595%2C640&ssl=1&resize=350%2C200 1x, https:\/\/i0.wp.com\/cepronda.com\/blog\/wp-content\/uploads\/2017\/05\/film-147137_640.png?fit=595%2C640&ssl=1&resize=525%2C300 1.5x"},"classes":[]},{"id":1787,"url":"https:\/\/cepronda.com\/blog\/retransmision-del-espectaculo-infantil-dido-y-eneas-desde-el-teatro-real\/","url_meta":{"origin":311,"position":3},"title":"Retransmisi\u00f3n del espect\u00e1culo infantil \u00abDido y Eneas\u00bb desde el Teatro Real","author":"V\u00edctor Caballero","date":"8 mayo, 2018","format":false,"excerpt":"Muy buenas, Queremos compartir con todos los centros de nuestra comarca esta posibilidad de acceder a la representaci\u00f3n del espect\u00e1culo infantil \"Dido y Eneas\" desde el Palacio Real. Si acced\u00e9is a este enlace podr\u00e9is encontrar toda la informaci\u00f3n. Adem\u00e1s deciros que ponemos a vuestra disposici\u00f3n nuestro sal\u00f3n de actos para\u2026","rel":"","context":"En \u00abNoticias\u00bb","block_context":{"text":"Noticias","link":"https:\/\/cepronda.com\/blog\/category\/noticias\/"},"img":{"alt_text":"","src":"https:\/\/i0.wp.com\/cepronda.com\/blog\/wp-content\/uploads\/2018\/05\/Palco_TeatroReal-1.jpg?fit=1200%2C803&ssl=1&resize=350%2C200","width":350,"height":200,"srcset":"https:\/\/i0.wp.com\/cepronda.com\/blog\/wp-content\/uploads\/2018\/05\/Palco_TeatroReal-1.jpg?fit=1200%2C803&ssl=1&resize=350%2C200 1x, https:\/\/i0.wp.com\/cepronda.com\/blog\/wp-content\/uploads\/2018\/05\/Palco_TeatroReal-1.jpg?fit=1200%2C803&ssl=1&resize=525%2C300 1.5x, https:\/\/i0.wp.com\/cepronda.com\/blog\/wp-content\/uploads\/2018\/05\/Palco_TeatroReal-1.jpg?fit=1200%2C803&ssl=1&resize=700%2C400 2x, https:\/\/i0.wp.com\/cepronda.com\/blog\/wp-content\/uploads\/2018\/05\/Palco_TeatroReal-1.jpg?fit=1200%2C803&ssl=1&resize=1050%2C600 3x"},"classes":[]},{"id":5443,"url":"https:\/\/cepronda.com\/blog\/convocatoria-regional-infantil-primer-ciclo-0-3-anos\/","url_meta":{"origin":311,"position":4},"title":"CONVOCATORIA REGIONAL INFANTIL (Primer Ciclo 0-3 a\u00f1os)","author":"Mamen Moreno","date":"20 septiembre, 2022","format":false,"excerpt":"Os informamos de que el pr\u00f3ximo viernes 23 de septiembre se abrir\u00e1 el plazo para solicitar la inscripci\u00f3n en las formaciones ofertadas en la Convocatoria Regional Infantil (Primer Ciclo 0-3 a\u00f1os), del Servicio de Planes de Formaci\u00f3n de la\u00a0D.G. de Tecnolog\u00edas Avanzadas y Transformaci\u00f3n Educativa de la\u00a0Consejer\u00eda de Desarrollo Educativo\u2026","rel":"","context":"En \u00abFormaciones\u00bb","block_context":{"text":"Formaciones","link":"https:\/\/cepronda.com\/blog\/category\/formaciones\/"},"img":{"alt_text":"","src":"https:\/\/i0.wp.com\/cepronda.com\/blog\/wp-content\/uploads\/2022\/09\/CONVOCATORIA-REGIONAL-0-3.jpg?fit=1200%2C675&ssl=1&resize=350%2C200","width":350,"height":200,"srcset":"https:\/\/i0.wp.com\/cepronda.com\/blog\/wp-content\/uploads\/2022\/09\/CONVOCATORIA-REGIONAL-0-3.jpg?fit=1200%2C675&ssl=1&resize=350%2C200 1x, https:\/\/i0.wp.com\/cepronda.com\/blog\/wp-content\/uploads\/2022\/09\/CONVOCATORIA-REGIONAL-0-3.jpg?fit=1200%2C675&ssl=1&resize=525%2C300 1.5x, https:\/\/i0.wp.com\/cepronda.com\/blog\/wp-content\/uploads\/2022\/09\/CONVOCATORIA-REGIONAL-0-3.jpg?fit=1200%2C675&ssl=1&resize=700%2C400 2x, https:\/\/i0.wp.com\/cepronda.com\/blog\/wp-content\/uploads\/2022\/09\/CONVOCATORIA-REGIONAL-0-3.jpg?fit=1200%2C675&ssl=1&resize=1050%2C600 3x"},"classes":[]},{"id":3511,"url":"https:\/\/cepronda.com\/blog\/apoyo-los-centros-desde-la-consejeria-de-educacion\/","url_meta":{"origin":311,"position":5},"title":"Apoyo  los centros desde la Consejer\u00eda de Educaci\u00f3n","author":"V\u00edctor Caballero","date":"25 marzo, 2020","format":false,"excerpt":"La Consejer\u00eda de Educaci\u00f3n y Deporte ha puesto en marcha la p\u00e1gina web eAprendizaje. Un espacio donde docentes, alumnado y familias podr\u00e1n encontrar informaci\u00f3n completa acerca de las posibilidades existentes para la continuidad de los procesos de ense\u00f1anza-aprendizaje\u00a0tras el cierre presencial de los centros docentes por la crisis del COVID-19\u2026","rel":"","context":"En \u00abNoticias\u00bb","block_context":{"text":"Noticias","link":"https:\/\/cepronda.com\/blog\/category\/noticias\/"},"img":{"alt_text":"","src":"https:\/\/i0.wp.com\/cepronda.com\/blog\/wp-content\/uploads\/2020\/03\/EAprendizaje.png?fit=1200%2C868&ssl=1&resize=350%2C200","width":350,"height":200,"srcset":"https:\/\/i0.wp.com\/cepronda.com\/blog\/wp-content\/uploads\/2020\/03\/EAprendizaje.png?fit=1200%2C868&ssl=1&resize=350%2C200 1x, https:\/\/i0.wp.com\/cepronda.com\/blog\/wp-content\/uploads\/2020\/03\/EAprendizaje.png?fit=1200%2C868&ssl=1&resize=525%2C300 1.5x, https:\/\/i0.wp.com\/cepronda.com\/blog\/wp-content\/uploads\/2020\/03\/EAprendizaje.png?fit=1200%2C868&ssl=1&resize=700%2C400 2x, https:\/\/i0.wp.com\/cepronda.com\/blog\/wp-content\/uploads\/2020\/03\/EAprendizaje.png?fit=1200%2C868&ssl=1&resize=1050%2C600 3x"},"classes":[]}],"jetpack_sharing_enabled":true,"_links":{"self":[{"href":"https:\/\/cepronda.com\/blog\/wp-json\/wp\/v2\/posts\/311","targetHints":{"allow":["GET"]}}],"collection":[{"href":"https:\/\/cepronda.com\/blog\/wp-json\/wp\/v2\/posts"}],"about":[{"href":"https:\/\/cepronda.com\/blog\/wp-json\/wp\/v2\/types\/post"}],"author":[{"embeddable":true,"href":"https:\/\/cepronda.com\/blog\/wp-json\/wp\/v2\/users\/3"}],"replies":[{"embeddable":true,"href":"https:\/\/cepronda.com\/blog\/wp-json\/wp\/v2\/comments?post=311"}],"version-history":[{"count":0,"href":"https:\/\/cepronda.com\/blog\/wp-json\/wp\/v2\/posts\/311\/revisions"}],"wp:featuredmedia":[{"embeddable":true,"href":"https:\/\/cepronda.com\/blog\/wp-json\/"}],"wp:attachment":[{"href":"https:\/\/cepronda.com\/blog\/wp-json\/wp\/v2\/media?parent=311"}],"wp:term":[{"taxonomy":"category","embeddable":true,"href":"https:\/\/cepronda.com\/blog\/wp-json\/wp\/v2\/categories?post=311"},{"taxonomy":"post_tag","embeddable":true,"href":"https:\/\/cepronda.com\/blog\/wp-json\/wp\/v2\/tags?post=311"}],"curies":[{"name":"wp","href":"https:\/\/api.w.org\/{rel}","templated":true}]}}