{"id":3103,"date":"2019-10-18T10:32:12","date_gmt":"2019-10-18T08:32:12","guid":{"rendered":"http:\/\/cepronda.com\/blog\/?p=3103"},"modified":"2019-10-18T10:32:21","modified_gmt":"2019-10-18T08:32:21","slug":"taller-de-programacion-y-evaluacion-por-competencias-para-secundaria-bachillerato-y-fp","status":"publish","type":"post","link":"https:\/\/cepronda.com\/blog\/taller-de-programacion-y-evaluacion-por-competencias-para-secundaria-bachillerato-y-fp\/","title":{"rendered":"TALLER DE PROGRAMACI\u00d3N Y EVALUACI\u00d3N POR COMPETENCIAS PARA SECUNDARIA, BACHILLERATO Y FP"},"content":{"rendered":"\n<p class=\"wp-block-paragraph\">Muy buenas, comunicamos que se ha abierto el plazo de inscripci\u00f3n para la actividad de  \u00abTALLER DE PROGRAMACI\u00d3N Y EVALUACI\u00d3N POR COMPETENCIAS PARA SECUNDARIA, BACHILLERATO Y FP\u00bb. Os dejamos con el <a href=\"https:\/\/www.juntadeandalucia.es\/educacion\/secretariavirtual\/consultaCEP\/actividad\/202924GE021\/\" target=\"_blank\" rel=\"noreferrer noopener\" aria-label=\"enlace a la actividad (opens in a new tab)\">enlace a la actividad<\/a> para que os pod\u00e1is inscribir. <\/p>\n\n\n\n<figure class=\"wp-block-image\"><a href=\"https:\/\/www.juntadeandalucia.es\/educacion\/secretariavirtual\/consultaCEP\/actividad\/202924GE021\/\" target=\"_blank\" rel=\"noreferrer noopener\"><img loading=\"lazy\" decoding=\"async\" width=\"1588\" height=\"2246\" src=\"https:\/\/i2.wp.com\/cepronda.com\/blog\/wp-content\/uploads\/2019\/10\/TALLER-DE-PROGRAMACI\u00d3N-POR-COMPETENCIAS-EN-SECUNDARIA-BACHILLERATO-Y-FP.jpg?fit=724%2C1024\" alt=\"\" class=\"wp-image-3104\" srcset=\"https:\/\/i0.wp.com\/cepronda.com\/blog\/wp-content\/uploads\/2019\/10\/TALLER-DE-PROGRAMACI%C3%93N-POR-COMPETENCIAS-EN-SECUNDARIA-BACHILLERATO-Y-FP.jpg?w=1588&amp;ssl=1 1588w, https:\/\/i0.wp.com\/cepronda.com\/blog\/wp-content\/uploads\/2019\/10\/TALLER-DE-PROGRAMACI%C3%93N-POR-COMPETENCIAS-EN-SECUNDARIA-BACHILLERATO-Y-FP.jpg?resize=212%2C300&amp;ssl=1 212w, https:\/\/i0.wp.com\/cepronda.com\/blog\/wp-content\/uploads\/2019\/10\/TALLER-DE-PROGRAMACI%C3%93N-POR-COMPETENCIAS-EN-SECUNDARIA-BACHILLERATO-Y-FP.jpg?resize=768%2C1086&amp;ssl=1 768w, https:\/\/i0.wp.com\/cepronda.com\/blog\/wp-content\/uploads\/2019\/10\/TALLER-DE-PROGRAMACI%C3%93N-POR-COMPETENCIAS-EN-SECUNDARIA-BACHILLERATO-Y-FP.jpg?resize=724%2C1024&amp;ssl=1 724w\" sizes=\"auto, (max-width: 1170px) 100vw, 1170px\" \/><\/a><\/figure>\n","protected":false},"excerpt":{"rendered":"<p>Muy buenas, comunicamos que se ha abierto el plazo de inscripci\u00f3n para la actividad de \u00abTALLER DE PROGRAMACI\u00d3N Y EVALUACI\u00d3N POR COMPETENCIAS PARA SECUNDARIA, BACHILLERATO Y FP\u00bb. Os dejamos con el enlace a la actividad para que os pod\u00e1is inscribir.<\/p>\n","protected":false},"author":3,"featured_media":3104,"comment_status":"open","ping_status":"open","sticky":false,"template":"","format":"standard","meta":{"_crdt_document":"","advanced_seo_description":"","jetpack_seo_html_title":"","jetpack_seo_noindex":false,"jetpack_post_was_ever_published":false,"_jetpack_newsletter_access":"","_jetpack_dont_email_post_to_subs":false,"_jetpack_newsletter_tier_id":0,"_jetpack_memberships_contains_paywalled_content":false,"_jetpack_memberships_contains_paid_content":false,"footnotes":"","jetpack_publicize_message":"","jetpack_publicize_feature_enabled":true,"jetpack_social_post_already_shared":true,"jetpack_social_options":{"image_generator_settings":{"template":"highway","default_image_id":0,"font":"","enabled":false},"version":2}},"categories":[3],"tags":[79],"class_list":{"0":"post-3103","1":"post","2":"type-post","3":"status-publish","4":"format-standard","5":"has-post-thumbnail","7":"category-formaciones","8":"tag-educacion-secundaria","9":"czr-hentry"},"jetpack_publicize_connections":[],"jetpack_featured_media_url":"https:\/\/i0.wp.com\/cepronda.com\/blog\/wp-content\/uploads\/2019\/10\/TALLER-DE-PROGRAMACI%C3%93N-POR-COMPETENCIAS-EN-SECUNDARIA-BACHILLERATO-Y-FP.jpg?fit=1588%2C2246&ssl=1","jetpack_shortlink":"https:\/\/wp.me\/p8M4X7-O3","jetpack-related-posts":[{"id":2398,"url":"https:\/\/cepronda.com\/blog\/competencias-clave-en-el-aula-para-secundaria-y-bachillerato-programacion-metodologias-y-evaluacion\/","url_meta":{"origin":3103,"position":0},"title":"COMPETENCIAS CLAVE EN EL AULA, PARA SECUNDARIA Y BACHILLERATO: PROGRAMACI\u00d3N, METODOLOG\u00cdAS Y EVALUACI\u00d3N.","author":"V\u00edctor Caballero","date":"25 octubre, 2018","format":false,"excerpt":"Hola a todo el profesorado de Secundaria y Bachillerato. Llevamos un tiempo organizando con mucho mimo esta actividad dirigida a vosotras y vosotros. Se trata de un itinerario formativo en competencias claves y profesionales, y tenemos la gran suerte de contar con un ponente con una amplia experiencia en este\u2026","rel":"","context":"En \u00abFormaciones\u00bb","block_context":{"text":"Formaciones","link":"https:\/\/cepronda.com\/blog\/category\/formaciones\/"},"img":{"alt_text":"","src":"https:\/\/i0.wp.com\/cepronda.com\/blog\/wp-content\/uploads\/2018\/10\/board-761586_1920.jpg?fit=1200%2C800&ssl=1&resize=350%2C200","width":350,"height":200,"srcset":"https:\/\/i0.wp.com\/cepronda.com\/blog\/wp-content\/uploads\/2018\/10\/board-761586_1920.jpg?fit=1200%2C800&ssl=1&resize=350%2C200 1x, https:\/\/i0.wp.com\/cepronda.com\/blog\/wp-content\/uploads\/2018\/10\/board-761586_1920.jpg?fit=1200%2C800&ssl=1&resize=525%2C300 1.5x, https:\/\/i0.wp.com\/cepronda.com\/blog\/wp-content\/uploads\/2018\/10\/board-761586_1920.jpg?fit=1200%2C800&ssl=1&resize=700%2C400 2x, https:\/\/i0.wp.com\/cepronda.com\/blog\/wp-content\/uploads\/2018\/10\/board-761586_1920.jpg?fit=1200%2C800&ssl=1&resize=1050%2C600 3x"},"classes":[]},{"id":2557,"url":"https:\/\/cepronda.com\/blog\/nuevas-metodologias-en-fp-bachillerato-y-secundaria\/","url_meta":{"origin":3103,"position":1},"title":"NUEVAS METODOLOG\u00cdAS EN FP, BACHILLERATO Y SECUNDARIA","author":"V\u00edctor Caballero","date":"8 enero, 2019","format":false,"excerpt":"Muy buenas familia, Antes de nada esperamos que hay\u00e1is pasado unas felices fiestas, y hay\u00e1is disfrutado y descansado en la mayor medida posible. Aqu\u00ed en el CEP estamos arrancando un nuevo e intenso trimestre, y en este caso queremos compartir con todas las personas docentes de Secundaria y Bachillerato esta\u2026","rel":"","context":"En \u00abFormaciones\u00bb","block_context":{"text":"Formaciones","link":"https:\/\/cepronda.com\/blog\/category\/formaciones\/"},"img":{"alt_text":"","src":"https:\/\/i0.wp.com\/cepronda.com\/blog\/wp-content\/uploads\/2019\/01\/technology-1095751_1920.jpg?fit=1200%2C335&ssl=1&resize=350%2C200","width":350,"height":200,"srcset":"https:\/\/i0.wp.com\/cepronda.com\/blog\/wp-content\/uploads\/2019\/01\/technology-1095751_1920.jpg?fit=1200%2C335&ssl=1&resize=350%2C200 1x, https:\/\/i0.wp.com\/cepronda.com\/blog\/wp-content\/uploads\/2019\/01\/technology-1095751_1920.jpg?fit=1200%2C335&ssl=1&resize=525%2C300 1.5x, https:\/\/i0.wp.com\/cepronda.com\/blog\/wp-content\/uploads\/2019\/01\/technology-1095751_1920.jpg?fit=1200%2C335&ssl=1&resize=700%2C400 2x, https:\/\/i0.wp.com\/cepronda.com\/blog\/wp-content\/uploads\/2019\/01\/technology-1095751_1920.jpg?fit=1200%2C335&ssl=1&resize=1050%2C600 3x"},"classes":[]},{"id":1208,"url":"https:\/\/cepronda.com\/blog\/trabajar-y-evaluar-por-competencias-clave-en-educacion-secundaria-y-bachillerato\/","url_meta":{"origin":3103,"position":2},"title":"TRABAJAR Y EVALUAR POR COMPETENCIAS CLAVE EN EDUCACI\u00d3N SECUNDARIA Y BACHILLERATO","author":"V\u00edctor Caballero","date":"6 septiembre, 2017","format":false,"excerpt":"\u00a1Hola de nuevo! Empezamos ya con las convocatorias de cursos. En este caso se trata de una jornada de una ma\u00f1ana de duraci\u00f3n donde se pretende\u00a0informar al profesorado de Secundaria y Bachillerato de la formaci\u00f3n que se va a organizar sobre competencias clave en Secundaria y Bachillerato, sobre las distintas\u2026","rel":"","context":"En \u00abFormaciones\u00bb","block_context":{"text":"Formaciones","link":"https:\/\/cepronda.com\/blog\/category\/formaciones\/"},"img":{"alt_text":"","src":"https:\/\/i0.wp.com\/cepronda.com\/blog\/wp-content\/uploads\/2017\/09\/pencil-1486278_640.jpg?fit=640%2C360&ssl=1&resize=350%2C200","width":350,"height":200,"srcset":"https:\/\/i0.wp.com\/cepronda.com\/blog\/wp-content\/uploads\/2017\/09\/pencil-1486278_640.jpg?fit=640%2C360&ssl=1&resize=350%2C200 1x, https:\/\/i0.wp.com\/cepronda.com\/blog\/wp-content\/uploads\/2017\/09\/pencil-1486278_640.jpg?fit=640%2C360&ssl=1&resize=525%2C300 1.5x"},"classes":[]},{"id":7576,"url":"https:\/\/cepronda.com\/blog\/profundizacion-de-las-competencias-profesionales-de-las-direcciones-escolares\/","url_meta":{"origin":3103,"position":3},"title":"PROFUNDIZACI\u00d3N DE LAS COMPETENCIAS PROFESIONALES DE LAS DIRECCIONES ESCOLARES","author":"Mamen Moreno","date":"16 abril, 2024","format":false,"excerpt":"Jornadas provinciales: \"PROFUNDIZACI\u00d3N DE LAS COMPETENCIAS PROFESIONALES DE LAS DIRECCIONES ESCOLARES (SECUNDARIA, BACHILLERATO, FP, ERE)\" C\u00f3digo 242923GE556. Se desarrollar\u00e1 en el CIO Mijas el lunes 13 de mayo de 2024. Periodo de inscripci\u00f3n del 15\/04\/24 al 05\/05\/24 Informaci\u00f3n e inscripci\u00f3n: https:\/\/www.juntadeandalucia.es\/educacion\/secretariavirtual\/consultaCEP\/actividad\/242923GE556\/","rel":"","context":"En \u00abNoticias\u00bb","block_context":{"text":"Noticias","link":"https:\/\/cepronda.com\/blog\/category\/noticias\/"},"img":{"alt_text":"","src":"https:\/\/i0.wp.com\/cepronda.com\/blog\/wp-content\/uploads\/2024\/04\/cartel-jornadas-ADIAN.png?fit=1080%2C1080&ssl=1&resize=350%2C200","width":350,"height":200,"srcset":"https:\/\/i0.wp.com\/cepronda.com\/blog\/wp-content\/uploads\/2024\/04\/cartel-jornadas-ADIAN.png?fit=1080%2C1080&ssl=1&resize=350%2C200 1x, https:\/\/i0.wp.com\/cepronda.com\/blog\/wp-content\/uploads\/2024\/04\/cartel-jornadas-ADIAN.png?fit=1080%2C1080&ssl=1&resize=525%2C300 1.5x, https:\/\/i0.wp.com\/cepronda.com\/blog\/wp-content\/uploads\/2024\/04\/cartel-jornadas-ADIAN.png?fit=1080%2C1080&ssl=1&resize=700%2C400 2x, https:\/\/i0.wp.com\/cepronda.com\/blog\/wp-content\/uploads\/2024\/04\/cartel-jornadas-ADIAN.png?fit=1080%2C1080&ssl=1&resize=1050%2C600 3x"},"classes":[]},{"id":4238,"url":"https:\/\/cepronda.com\/blog\/programacion-didactica-la-evaluacion-en-fp-iv\/","url_meta":{"origin":3103,"position":4},"title":"PROGRAMACI\u00d3N DID\u00c1CTICA: LA EVALUACI\u00d3N EN FP (IV)","author":"Maribel Mu\u00f1oz","date":"4 marzo, 2021","format":false,"excerpt":"Buenas tardes compa\u00f1eras y compa\u00f1eros, Os informamos que est\u00e1 abiero el plazo de inscripci\u00f3n de la formaci\u00f3n PROGRAMACI\u00d3N DID\u00c1CTICA: LA EVALUACI\u00d3N EN FP (IV)\u00a0 211107FP013\u00a0 desde el martes 2 de marzo a las 10:00 hasta el 12\/03\/2021. La inscripci\u00f3n se cerrar\u00e1 cuando se llegue a las 315 solicitudes, aunque sea\u2026","rel":"","context":"En \u00abFormaciones\u00bb","block_context":{"text":"Formaciones","link":"https:\/\/cepronda.com\/blog\/category\/formaciones\/"},"img":{"alt_text":"","src":"https:\/\/i0.wp.com\/cepronda.com\/blog\/wp-content\/uploads\/2020\/09\/Logo-progamas-de-formacion-oficial.jpg?resize=350%2C200","width":350,"height":200},"classes":[]},{"id":4656,"url":"https:\/\/cepronda.com\/blog\/jornada-de-sensibilizacion-del-proyecto-linguistico-de-centro-plc-provincial-2\/","url_meta":{"origin":3103,"position":5},"title":"ESTRATEGIAS DE EVALUACI\u00d3N EN SECUNDARIA Y BACHILLERATO:  PR\u00c1CTICAS DE \u00c9XITO","author":"Maribel Mu\u00f1oz","date":"23 septiembre, 2021","format":false,"excerpt":"Buenas tardes compa\u00f1eras y compa\u00f1eros, Os informamos que est\u00e1 abierto el plazo de inscripci\u00f3n en la actividad ESTRATEGIAS DE EVALUACI\u00d3N EN SECUNDARIA Y BACHILLERATO:PR\u00c1CTICAS DE \u00c9XITO\u00a0 con c\u00f3digo 222924GE023. La formaci\u00f3n es online, con un total de 10 horas. Es de \u00e1mbito CEP.\u00a0 La fechas son:\u00a0 \u00a0 Plazo de inscripci\u00f3n:\u2026","rel":"","context":"En \u00abFormaciones\u00bb","block_context":{"text":"Formaciones","link":"https:\/\/cepronda.com\/blog\/category\/formaciones\/"},"img":{"alt_text":"","src":"https:\/\/i0.wp.com\/cepronda.com\/blog\/wp-content\/uploads\/2021\/09\/RECURSOS-DIGITALES-1.png?fit=848%2C1200&ssl=1&resize=350%2C200","width":350,"height":200,"srcset":"https:\/\/i0.wp.com\/cepronda.com\/blog\/wp-content\/uploads\/2021\/09\/RECURSOS-DIGITALES-1.png?fit=848%2C1200&ssl=1&resize=350%2C200 1x, https:\/\/i0.wp.com\/cepronda.com\/blog\/wp-content\/uploads\/2021\/09\/RECURSOS-DIGITALES-1.png?fit=848%2C1200&ssl=1&resize=525%2C300 1.5x, https:\/\/i0.wp.com\/cepronda.com\/blog\/wp-content\/uploads\/2021\/09\/RECURSOS-DIGITALES-1.png?fit=848%2C1200&ssl=1&resize=700%2C400 2x"},"classes":[]}],"jetpack_sharing_enabled":true,"_links":{"self":[{"href":"https:\/\/cepronda.com\/blog\/wp-json\/wp\/v2\/posts\/3103","targetHints":{"allow":["GET"]}}],"collection":[{"href":"https:\/\/cepronda.com\/blog\/wp-json\/wp\/v2\/posts"}],"about":[{"href":"https:\/\/cepronda.com\/blog\/wp-json\/wp\/v2\/types\/post"}],"author":[{"embeddable":true,"href":"https:\/\/cepronda.com\/blog\/wp-json\/wp\/v2\/users\/3"}],"replies":[{"embeddable":true,"href":"https:\/\/cepronda.com\/blog\/wp-json\/wp\/v2\/comments?post=3103"}],"version-history":[{"count":1,"href":"https:\/\/cepronda.com\/blog\/wp-json\/wp\/v2\/posts\/3103\/revisions"}],"predecessor-version":[{"id":3105,"href":"https:\/\/cepronda.com\/blog\/wp-json\/wp\/v2\/posts\/3103\/revisions\/3105"}],"wp:featuredmedia":[{"embeddable":true,"href":"https:\/\/cepronda.com\/blog\/wp-json\/wp\/v2\/media\/3104"}],"wp:attachment":[{"href":"https:\/\/cepronda.com\/blog\/wp-json\/wp\/v2\/media?parent=3103"}],"wp:term":[{"taxonomy":"category","embeddable":true,"href":"https:\/\/cepronda.com\/blog\/wp-json\/wp\/v2\/categories?post=3103"},{"taxonomy":"post_tag","embeddable":true,"href":"https:\/\/cepronda.com\/blog\/wp-json\/wp\/v2\/tags?post=3103"}],"curies":[{"name":"wp","href":"https:\/\/api.w.org\/{rel}","templated":true}]}}