{"id":3067,"date":"2019-10-01T11:35:51","date_gmt":"2019-10-01T09:35:51","guid":{"rendered":"http:\/\/cepronda.com\/blog\/?p=3067"},"modified":"2025-04-28T12:09:09","modified_gmt":"2025-04-28T10:09:09","slug":"detectives-climaticos","status":"publish","type":"post","link":"https:\/\/cepronda.com\/blog\/detectives-climaticos\/","title":{"rendered":"Detectives clim\u00e1ticos"},"content":{"rendered":"\n<p class=\"wp-block-paragraph\">Muy buenas, compartimos como todos los centros esta informaci\u00f3n que os puede resultar muy interesante.<\/p>\n\n\n\n<p class=\"wp-block-paragraph\">La&nbsp;<strong>ESA<\/strong>&nbsp;se complace en anunciar un nuevo proyecto escolar para alumnos de entre 8 y 15 a\u00f1os, que comenzar\u00e1 en septiembre de 2019 y se desarrollar\u00e1 a lo largo de todo el curso acad\u00e9mico.&nbsp;<strong>El reto es \u201ccambiar el presente\u201d<\/strong>: identificar un problema clim\u00e1tico mediante la observaci\u00f3n del entorno y ejercer como detectives clim\u00e1ticos para investigarlo con la ayuda de im\u00e1genes por sat\u00e9lites o mediciones en tierra. A partir de los resultados, los equipos propondr\u00e1n formas de monitorizar el problema o de concienciar sobre \u00e9l. Los alumnos aprender\u00e1n sobre el sistema complejo y cambiante que es el clima terrestre y sobre la importancia de respetar nuestro entorno.<\/p>\n\n\n\n<p class=\"wp-block-paragraph\">En colaboraci\u00f3n con la&nbsp;<strong>Oficina del Clima de la ESA<\/strong>&nbsp;y las&nbsp;<strong>Oficinas Europeas de Recursos para la Educaci\u00f3n sobre el Espacio<\/strong>&nbsp;(ESERO), en determinadas fases del proyecto los equipos recibir\u00e1n ayuda de expertos en observaci\u00f3n de la Tierra y climatolog\u00eda, con comentarios por escrito valorando sus planes. Tambi\u00e9n se organizar\u00e1 un evento online con un cient\u00edfico para servir de gu\u00eda e inspiraci\u00f3n a los equipos durante su trabajo pr\u00e1ctico. Todos los participantes compartir\u00e1n los resultados de sus investigaciones en una p\u00e1gina web exclusiva para los proyectos.<\/p>\n\n\n\n<p class=\"wp-block-paragraph\">La participaci\u00f3n est\u00e1 abierta a\u00a0<strong>equipos de alumnos de entre 8 y 15 a\u00f1os<\/strong>\u00a0de un\u00a0<a href=\"http:\/\/www.esa.int\/Education\/ESA_Member_and_Associated_States\">Estado miembro o Estado asociado de la ESA<\/a>. Los equipos deben estar dirigidos por un profesor y estar formados por 6 alumnos como m\u00ednimo y una clase entera como m\u00e1ximo.<\/p>\n\n\n\n<p class=\"wp-block-paragraph\">Para acceder a la informaci\u00f3n os recomendamos seguir el <a href=\"http:\/\/esero.es\/eventos\/detectives-climaticos\/\" target=\"_blank\" rel=\"noreferrer noopener\" aria-label=\"siguiente enlace. (opens in a new tab)\">siguiente enlace.<\/a> El plazo acaba el 31 de octubre. <\/p>\n\n\n\n<figure class=\"wp-block-image\"><a href=\"http:\/\/esero.es\/eventos\/detectives-climaticos\/\" target=\"_blank\" rel=\"noreferrer noopener\"><img data-recalc-dims=\"1\" loading=\"lazy\" decoding=\"async\" width=\"600\" height=\"424\" src=\"https:\/\/i0.wp.com\/cepronda.com\/blog\/wp-content\/uploads\/2019\/10\/climate-detectives-kv-600x424.png?resize=600%2C424\" alt=\"\" class=\"wp-image-3068\" srcset=\"https:\/\/i0.wp.com\/cepronda.com\/blog\/wp-content\/uploads\/2019\/10\/climate-detectives-kv-600x424.png?resize=600%2C424&amp;ssl=1 600w, https:\/\/i0.wp.com\/cepronda.com\/blog\/wp-content\/uploads\/2019\/10\/climate-detectives-kv-600x424.png?resize=300%2C212&amp;ssl=1 300w\" sizes=\"auto, (max-width: 600px) 100vw, 600px\" \/><\/a><\/figure>\n","protected":false},"excerpt":{"rendered":"<p>Muy buenas, compartimos como todos los centros esta informaci\u00f3n que os puede resultar muy interesante. La&nbsp;ESA&nbsp;se complace en anunciar un nuevo proyecto escolar para alumnos de entre 8 y 15 a\u00f1os, que comenzar\u00e1 en septiembre de 2019 y se desarrollar\u00e1 a lo largo de todo el curso acad\u00e9mico.&nbsp;El reto es \u201ccambiar el presente\u201d: identificar un [&hellip;]<\/p>\n","protected":false},"author":3,"featured_media":0,"comment_status":"open","ping_status":"open","sticky":false,"template":"","format":"standard","meta":{"_crdt_document":"","advanced_seo_description":"","jetpack_seo_html_title":"","jetpack_seo_noindex":false,"jetpack_post_was_ever_published":false,"_jetpack_newsletter_access":"","_jetpack_dont_email_post_to_subs":false,"_jetpack_newsletter_tier_id":0,"_jetpack_memberships_contains_paywalled_content":false,"_jetpack_memberships_contains_paid_content":false,"footnotes":"","jetpack_publicize_message":"","jetpack_publicize_feature_enabled":true,"jetpack_social_post_already_shared":true,"jetpack_social_options":{"image_generator_settings":{"template":"highway","default_image_id":0,"font":"","enabled":false},"version":2}},"categories":[5],"tags":[],"class_list":{"0":"post-3067","1":"post","2":"type-post","3":"status-publish","4":"format-standard","6":"category-noticias","7":"czr-hentry"},"jetpack_publicize_connections":[],"jetpack_featured_media_url":"","jetpack_shortlink":"https:\/\/wp.me\/p8M4X7-Nt","jetpack-related-posts":[{"id":3111,"url":"https:\/\/cepronda.com\/blog\/premios-fundacion-endesa-a-la-ecoinnovacion-educativa-2019-2020\/","url_meta":{"origin":3067,"position":0},"title":"Premios Fundaci\u00f3n Endesa a la Ecoinnovaci\u00f3n Educativa 2019-2020","author":"V\u00edctor Caballero","date":"31 octubre, 2019","format":false,"excerpt":"El objetivo de los Premios Fundaci\u00f3n Endesa a la Ecoinnovaci\u00f3n Educativa es recopilar las buenas pr\u00e1cticas en materia de educaci\u00f3n medioambiental, concretamente la enfocada en la preservaci\u00f3n y cuidado de nuestro entorno. Los proyectos premiados obtienen difusi\u00f3n nacional y europea para poner de manifiesto el compromiso de nuestro pa\u00eds con\u2026","rel":"","context":"En \u00abNoticias\u00bb","block_context":{"text":"Noticias","link":"https:\/\/cepronda.com\/blog\/category\/noticias\/"},"img":{"alt_text":"","src":"https:\/\/i0.wp.com\/cepronda.com\/blog\/wp-content\/uploads\/2019\/05\/logo-nuevo.jpg?fit=531%2C342&ssl=1&resize=350%2C200","width":350,"height":200,"srcset":"https:\/\/i0.wp.com\/cepronda.com\/blog\/wp-content\/uploads\/2019\/05\/logo-nuevo.jpg?fit=531%2C342&ssl=1&resize=350%2C200 1x, https:\/\/i0.wp.com\/cepronda.com\/blog\/wp-content\/uploads\/2019\/05\/logo-nuevo.jpg?fit=531%2C342&ssl=1&resize=525%2C300 1.5x"},"classes":[]},{"id":3119,"url":"https:\/\/cepronda.com\/blog\/concurso-escolar-2019-20-consumopolis15-sobre-consumo-responsable\/","url_meta":{"origin":3067,"position":1},"title":"Concurso escolar 2019-20, Consum\u00f3polis15 sobre consumo responsable","author":"V\u00edctor Caballero","date":"4 noviembre, 2019","format":false,"excerpt":"Muy buenas familia, \u00bfQu\u00e9 tal ese puente? Esperamos que muy bien. Comenzamos la semana compartiendo con todos los centros esta informaci\u00f3n que, creemos, puede ser de vuestro inter\u00e9s. La Direcci\u00f3n General de Consumo de la Consejer\u00eda de Salud y Familias, junto con la Direcci\u00f3n General de Consumo del Ministerio de\u2026","rel":"","context":"En \u00abNoticias\u00bb","block_context":{"text":"Noticias","link":"https:\/\/cepronda.com\/blog\/category\/noticias\/"},"img":{"alt_text":"","src":"https:\/\/i0.wp.com\/cepronda.com\/blog\/wp-content\/uploads\/2019\/11\/logo-consumopolis.png?resize=350%2C200","width":350,"height":200},"classes":[]},{"id":2791,"url":"https:\/\/cepronda.com\/blog\/informacion-sobre-la-participacion-de-alumnado-del-ies-martin-rivero-en-diversos-actos-cientificos\/","url_meta":{"origin":3067,"position":2},"title":"Informaci\u00f3n sobre la participaci\u00f3n de alumnado del IES Mart\u00edn Rivero en diversos actos cient\u00edficos","author":"V\u00edctor Caballero","date":"9 mayo, 2019","format":false,"excerpt":"Hola familia, queremos comunicaros que el alumnado del proyecto SCIENCE-IES\u00a0\u00a0ha tenido una participaci\u00f3n destacada en el congreso de C\u00f3rdoba (\u00a0https:\/\/www.eldiadecordoba.es\/cordoba\/Congreso-Proyectos-Science-IES-universidad-cordoba_0_1351365011.html) en el que el IES Mart\u00edn Rivero ha sido uno de los centros organizadores. 53 alumnos y alumnas han presentado m\u00e1s de 23 estudios diferentes, algunos de ellos tutorizados por\u2026","rel":"","context":"En \u00abNoticias\u00bb","block_context":{"text":"Noticias","link":"https:\/\/cepronda.com\/blog\/category\/noticias\/"},"img":{"alt_text":"","src":"https:\/\/i0.wp.com\/cepronda.com\/blog\/wp-content\/uploads\/2017\/05\/team-2044760_640.jpg?fit=640%2C479&ssl=1&resize=350%2C200","width":350,"height":200,"srcset":"https:\/\/i0.wp.com\/cepronda.com\/blog\/wp-content\/uploads\/2017\/05\/team-2044760_640.jpg?fit=640%2C479&ssl=1&resize=350%2C200 1x, https:\/\/i0.wp.com\/cepronda.com\/blog\/wp-content\/uploads\/2017\/05\/team-2044760_640.jpg?fit=640%2C479&ssl=1&resize=525%2C300 1.5x"},"classes":[]},{"id":7642,"url":"https:\/\/cepronda.com\/blog\/sesion-formativa-vida-sin-humo-guia-para-la-prevencion-de-las-nuevas-formas-de-fumar-en-el-entorno-educativo\/","url_meta":{"origin":3067,"position":3},"title":"SESI\u00d3N FORMATIVA: \u201cVIDA SIN HUMO\u201d. GU\u00cdA PARA LA PREVENCI\u00d3N DE LAS NUEVAS FORMAS DE FUMAR EN EL ENTORNO EDUCATIVO","author":"Inmaculada Garc\u00eda","date":"22 mayo, 2024","format":false,"excerpt":"Se convoca a la Direcci\u00f3n del centro, Departamento de Orientaci\u00f3n y profesorado interesado a la SESI\u00d3N FORMATIVA: \u201cVIDA SIN HUMO\u201d. GU\u00cdA PARA LA PREVENCI\u00d3N DE LAS NUEVAS FORMAS DE FUMAR EN EL ENTORNO EDUCATIVO, organizada por la Unidad de Gesti\u00f3n de Salud P\u00fablica AGS Serran\u00eda de M\u00e1laga. En la actualidad,\u2026","rel":"","context":"En \u00abNoticias\u00bb","block_context":{"text":"Noticias","link":"https:\/\/cepronda.com\/blog\/category\/noticias\/"},"img":{"alt_text":"","src":"https:\/\/i0.wp.com\/cepronda.com\/blog\/wp-content\/uploads\/2024\/05\/WhatsApp-Image-2024-05-22-at-12.24.08.jpeg?fit=1080%2C1080&ssl=1&resize=350%2C200","width":350,"height":200,"srcset":"https:\/\/i0.wp.com\/cepronda.com\/blog\/wp-content\/uploads\/2024\/05\/WhatsApp-Image-2024-05-22-at-12.24.08.jpeg?fit=1080%2C1080&ssl=1&resize=350%2C200 1x, https:\/\/i0.wp.com\/cepronda.com\/blog\/wp-content\/uploads\/2024\/05\/WhatsApp-Image-2024-05-22-at-12.24.08.jpeg?fit=1080%2C1080&ssl=1&resize=525%2C300 1.5x, https:\/\/i0.wp.com\/cepronda.com\/blog\/wp-content\/uploads\/2024\/05\/WhatsApp-Image-2024-05-22-at-12.24.08.jpeg?fit=1080%2C1080&ssl=1&resize=700%2C400 2x, https:\/\/i0.wp.com\/cepronda.com\/blog\/wp-content\/uploads\/2024\/05\/WhatsApp-Image-2024-05-22-at-12.24.08.jpeg?fit=1080%2C1080&ssl=1&resize=1050%2C600 3x"},"classes":[]},{"id":1669,"url":"https:\/\/cepronda.com\/blog\/programa-nacional-recuperacion-y-utilizacion-educativa-de-pueblos-abandonados\/","url_meta":{"origin":3067,"position":4},"title":"Programa nacional \u00abRecuperaci\u00f3n y Utilizaci\u00f3n Educativa de Pueblos Abandonados\u00bb","author":"V\u00edctor Caballero","date":"5 abril, 2018","format":false,"excerpt":"Hola de nuevo, Desde la Consejer\u00eda de Educaci\u00f3n nos informan de este programa que creemos que puede ser muy interesante. A continuaci\u00f3n os transcribimos la informaci\u00f3n recogida en la web. Se convocan para su concesi\u00f3n en r\u00e9gimen de concurrencia competitiva, becas para un m\u00e1ximo de 700 alumnos de centros educativos\u2026","rel":"","context":"En \u00abNoticias\u00bb","block_context":{"text":"Noticias","link":"https:\/\/cepronda.com\/blog\/category\/noticias\/"},"img":{"alt_text":"","src":"https:\/\/i0.wp.com\/cepronda.com\/blog\/wp-content\/uploads\/2018\/04\/black-people-2000943_640.jpg?fit=640%2C426&ssl=1&resize=350%2C200","width":350,"height":200,"srcset":"https:\/\/i0.wp.com\/cepronda.com\/blog\/wp-content\/uploads\/2018\/04\/black-people-2000943_640.jpg?fit=640%2C426&ssl=1&resize=350%2C200 1x, https:\/\/i0.wp.com\/cepronda.com\/blog\/wp-content\/uploads\/2018\/04\/black-people-2000943_640.jpg?fit=640%2C426&ssl=1&resize=525%2C300 1.5x"},"classes":[]},{"id":1884,"url":"https:\/\/cepronda.com\/blog\/educacion-fisica-en-la-calle-por-parte-de-los-cpr\/","url_meta":{"origin":3067,"position":5},"title":"Educaci\u00f3n F\u00edsica en la calle por parte de los CPR","author":"V\u00edctor Caballero","date":"22 mayo, 2018","format":false,"excerpt":"Muy buenas,\u00a0 Queremos compartir con todos y todas vosotras esta actividad organizada por los CPR de nuestra comarca, as\u00ed como algunos de los centros peque\u00f1os de nuestra zona, y que tiene como eje la Educaci\u00f3n F\u00edsica y el juego.\u00a0 \"Esta actividad est\u00e1 ideada y formada por un grupo de maestros\u2026","rel":"","context":"En \u00abNoticias\u00bb","block_context":{"text":"Noticias","link":"https:\/\/cepronda.com\/blog\/category\/noticias\/"},"img":{"alt_text":"","src":"https:\/\/i0.wp.com\/cepronda.com\/blog\/wp-content\/uploads\/2017\/05\/jump-1154509_640.jpg?fit=480%2C640&ssl=1&resize=350%2C200","width":350,"height":200},"classes":[]}],"jetpack_sharing_enabled":true,"_links":{"self":[{"href":"https:\/\/cepronda.com\/blog\/wp-json\/wp\/v2\/posts\/3067","targetHints":{"allow":["GET"]}}],"collection":[{"href":"https:\/\/cepronda.com\/blog\/wp-json\/wp\/v2\/posts"}],"about":[{"href":"https:\/\/cepronda.com\/blog\/wp-json\/wp\/v2\/types\/post"}],"author":[{"embeddable":true,"href":"https:\/\/cepronda.com\/blog\/wp-json\/wp\/v2\/users\/3"}],"replies":[{"embeddable":true,"href":"https:\/\/cepronda.com\/blog\/wp-json\/wp\/v2\/comments?post=3067"}],"version-history":[{"count":1,"href":"https:\/\/cepronda.com\/blog\/wp-json\/wp\/v2\/posts\/3067\/revisions"}],"predecessor-version":[{"id":3069,"href":"https:\/\/cepronda.com\/blog\/wp-json\/wp\/v2\/posts\/3067\/revisions\/3069"}],"wp:attachment":[{"href":"https:\/\/cepronda.com\/blog\/wp-json\/wp\/v2\/media?parent=3067"}],"wp:term":[{"taxonomy":"category","embeddable":true,"href":"https:\/\/cepronda.com\/blog\/wp-json\/wp\/v2\/categories?post=3067"},{"taxonomy":"post_tag","embeddable":true,"href":"https:\/\/cepronda.com\/blog\/wp-json\/wp\/v2\/tags?post=3067"}],"curies":[{"name":"wp","href":"https:\/\/api.w.org\/{rel}","templated":true}]}}