{"id":3065,"date":"2019-09-30T16:49:20","date_gmt":"2019-09-30T14:49:20","guid":{"rendered":"http:\/\/cepronda.com\/blog\/?p=3065"},"modified":"2019-09-30T16:49:27","modified_gmt":"2019-09-30T14:49:27","slug":"curso-de-actualizacion-de-competencias-directivas-sobre-el-desarrollo-de-la-funcion-directiva-3","status":"publish","type":"post","link":"https:\/\/cepronda.com\/blog\/curso-de-actualizacion-de-competencias-directivas-sobre-el-desarrollo-de-la-funcion-directiva-3\/","title":{"rendered":"Curso de actualizaci\u00f3n de competencias directivas sobre el desarrollo de la funci\u00f3n directiva"},"content":{"rendered":"\n<p class=\"wp-block-paragraph\">Muy buenas de nuevo, <\/p>\n\n\n\n<p class=\"wp-block-paragraph\">Sabemos que algunos y algunos de vosotros est\u00e1is esperando este curso sobre actualizaci\u00f3n de las competencias directivas.  Podr\u00e1 participar en la presente convocatoria el personal funcionario docente del \u00e1mbito de gesti\u00f3n de la Consejer\u00eda de Educaci\u00f3n y Deporte que imparta las ense\u00f1anzas que regula la Ley Org\u00e1nica 2\/2006, de 3 de mayo, de Educaci\u00f3n, en centros docentes p\u00fablicos de la Comunidad Aut\u00f3noma de Andaluc\u00eda y que cumpla adem\u00e1s los siguientes requisitos: <\/p>\n\n\n\n<p class=\"wp-block-paragraph\">a) Estar, en el curso acad\u00e9mico 2019\/2020, en servicio activo en cualquier centro p\u00fablico o servicio educativo o en puestos t\u00e9cnicos de la Administraci\u00f3n Educativa relacionados con los servicios educativos dependientes de la Consejer\u00eda de Educaci\u00f3n y Deporte de la Junta de Andaluc\u00eda. <\/p>\n\n\n\n<p class=\"wp-block-paragraph\">b) Estar en posesi\u00f3n de acreditaci\u00f3n o habilitaci\u00f3n para el ejercicio de direcci\u00f3n de centros p\u00fablicos expedidas con anterioridad a la entrada en vigor de la Ley Org\u00e1nica de 8\/2013, de 9 de diciembre. <\/p>\n\n\n\n<p class=\"wp-block-paragraph\">c) No estar en posesi\u00f3n de la certificaci\u00f3n acreditativa de la formaci\u00f3n de la funci\u00f3n directiva o de la actualizaci\u00f3n de la funci\u00f3n directiva con fecha posterior a 31 de agosto de 2015. <\/p>\n\n\n\n<p class=\"wp-block-paragraph\">d) Adem\u00e1s de los requisitos anteriores, el profesorado que en el curso 2019\/2020 est\u00e9 en el ejercicio de la direcci\u00f3n solo podr\u00e1 participar en este curso si se encuentra en el segundo periodo de su nombramiento. <\/p>\n\n\n\n<p class=\"wp-block-paragraph\">Os dejamos con el <a href=\"https:\/\/www.juntadeandalucia.es\/boja\/2019\/188\/BOJA19-188-00008-14095-01_00162309.pdf\" target=\"_blank\" rel=\"noreferrer noopener\" aria-label=\"enlace a las instrucciones (opens in a new tab)\">enlace a las instrucciones<\/a> para que pod\u00e1is ver con calma la forma y el procedimiento. Un saludo.<\/p>\n","protected":false},"excerpt":{"rendered":"<p>Muy buenas de nuevo, Sabemos que algunos y algunos de vosotros est\u00e1is esperando este curso sobre actualizaci\u00f3n de las competencias directivas. Podr\u00e1 participar en la presente convocatoria el personal funcionario docente del \u00e1mbito de gesti\u00f3n de la Consejer\u00eda de Educaci\u00f3n y Deporte que imparta las ense\u00f1anzas que regula la Ley Org\u00e1nica 2\/2006, de 3 de [&hellip;]<\/p>\n","protected":false},"author":3,"featured_media":2849,"comment_status":"open","ping_status":"open","sticky":false,"template":"","format":"standard","meta":{"_crdt_document":"","advanced_seo_description":"","jetpack_seo_html_title":"","jetpack_seo_noindex":false,"jetpack_post_was_ever_published":false,"_jetpack_newsletter_access":"","_jetpack_dont_email_post_to_subs":false,"_jetpack_newsletter_tier_id":0,"_jetpack_memberships_contains_paywalled_content":false,"_jetpack_memberships_contains_paid_content":false,"footnotes":"","jetpack_publicize_message":"","jetpack_publicize_feature_enabled":true,"jetpack_social_post_already_shared":true,"jetpack_social_options":{"image_generator_settings":{"template":"highway","default_image_id":0,"font":"","enabled":false},"version":2}},"categories":[3,5],"tags":[24],"class_list":{"0":"post-3065","1":"post","2":"type-post","3":"status-publish","4":"format-standard","5":"has-post-thumbnail","7":"category-formaciones","8":"category-noticias","9":"tag-equipodirectivo","10":"czr-hentry"},"jetpack_publicize_connections":[],"jetpack_featured_media_url":"https:\/\/i0.wp.com\/cepronda.com\/blog\/wp-content\/uploads\/2019\/05\/logo-nuevo.jpg?fit=531%2C342&ssl=1","jetpack_shortlink":"https:\/\/wp.me\/p8M4X7-Nr","jetpack-related-posts":[{"id":3149,"url":"https:\/\/cepronda.com\/blog\/curso-extraordinario-de-actualizacion-de-competencias-directivas\/","url_meta":{"origin":3065,"position":0},"title":"Curso extraordinario de actualizaci\u00f3n de competencias directivas","author":"V\u00edctor Caballero","date":"18 noviembre, 2019","format":false,"excerpt":"\u00a1Hola de nuevo! El pasado viernes se public\u00f3 una Resoluci\u00f3n, de la Direcci\u00f3n General de Formaci\u00f3n del Profesorado e Innovaci\u00f3n Educativa, por la que se convoca curso extraordinario de actualizaci\u00f3n de competencias directivas sobre el desarrollo de la funci\u00f3n directiva establecido en el art\u00edculo 1 del Real Decreto 894\/2014, de\u2026","rel":"","context":"En \u00abFormaciones\u00bb","block_context":{"text":"Formaciones","link":"https:\/\/cepronda.com\/blog\/category\/formaciones\/"},"img":{"alt_text":"","src":"https:\/\/i0.wp.com\/cepronda.com\/blog\/wp-content\/uploads\/2019\/05\/logo-nuevo.jpg?fit=531%2C342&ssl=1&resize=350%2C200","width":350,"height":200,"srcset":"https:\/\/i0.wp.com\/cepronda.com\/blog\/wp-content\/uploads\/2019\/05\/logo-nuevo.jpg?fit=531%2C342&ssl=1&resize=350%2C200 1x, https:\/\/i0.wp.com\/cepronda.com\/blog\/wp-content\/uploads\/2019\/05\/logo-nuevo.jpg?fit=531%2C342&ssl=1&resize=525%2C300 1.5x"},"classes":[]},{"id":1353,"url":"https:\/\/cepronda.com\/blog\/curso-de-actualizacion-de-competencias-directivas-sobre-el-desarrollo-de-la-funcion-directiva-2\/","url_meta":{"origin":3065,"position":1},"title":"Curso de actualizaci\u00f3n de competencias directivas sobre el desarrollo de la funci\u00f3n directiva","author":"V\u00edctor Caballero","date":"16 octubre, 2017","format":false,"excerpt":"\u00a1Muy buenas! Se acaba de publicar la Resoluci\u00f3n de 5 de octubre de 2017, de la Direcci\u00f3n General de Profesorado y Gesti\u00f3n de Recursos Humanos, por la que se convoca curso de actualizaci\u00f3n de competencias directivas sobre el desarrollo de la funci\u00f3n directiva establecido en el art\u00edculo 1 del Real\u2026","rel":"","context":"En \u00abNoticias\u00bb","block_context":{"text":"Noticias","link":"https:\/\/cepronda.com\/blog\/category\/noticias\/"},"img":{"alt_text":"","src":"https:\/\/i0.wp.com\/cepronda.com\/blog\/wp-content\/uploads\/2017\/05\/logo_ja_ce_mejor.jpg?fit=732%2C600&ssl=1&resize=350%2C200","width":350,"height":200,"srcset":"https:\/\/i0.wp.com\/cepronda.com\/blog\/wp-content\/uploads\/2017\/05\/logo_ja_ce_mejor.jpg?fit=732%2C600&ssl=1&resize=350%2C200 1x, https:\/\/i0.wp.com\/cepronda.com\/blog\/wp-content\/uploads\/2017\/05\/logo_ja_ce_mejor.jpg?fit=732%2C600&ssl=1&resize=525%2C300 1.5x, https:\/\/i0.wp.com\/cepronda.com\/blog\/wp-content\/uploads\/2017\/05\/logo_ja_ce_mejor.jpg?fit=732%2C600&ssl=1&resize=700%2C400 2x"},"classes":[]},{"id":3926,"url":"https:\/\/cepronda.com\/blog\/curso-de-actualizacion-de-competencias-directivas\/","url_meta":{"origin":3065,"position":2},"title":"Curso de actualizaci\u00f3n de competencias directivas.","author":"Maribel Mu\u00f1oz","date":"26 octubre, 2020","format":false,"excerpt":"Buenos d\u00edas compa\u00f1eras y compa\u00f1eros, Os informamos que se ha publicado la resoluci\u00f3n de 20 de octubre de 2020 de la Direcci\u00f3n General de Formaci\u00f3n del Profesorado e Innovaci\u00f3n Educativa con el listado definitivo del personal adjudicatario de plazas para el curso de actualizaci\u00f3n de competencias directivas convocado por la\u2026","rel":"","context":"En \u00abFormaciones\u00bb","block_context":{"text":"Formaciones","link":"https:\/\/cepronda.com\/blog\/category\/formaciones\/"},"img":{"alt_text":"","src":"https:\/\/i0.wp.com\/cepronda.com\/blog\/wp-content\/uploads\/2020\/09\/Logo-progamas-de-formacion-oficial.jpg?resize=350%2C200","width":350,"height":200},"classes":[]},{"id":3734,"url":"https:\/\/cepronda.com\/blog\/actualizacion-de-competencias-directivas\/","url_meta":{"origin":3065,"position":3},"title":"Actualizaci\u00f3n de competencias directivas","author":"Maribel Mu\u00f1oz","date":"15 septiembre, 2020","format":false,"excerpt":"Buenos d\u00edas compa\u00f1eras y compa\u00f1eros, Os dejamos el enlace a la resoluci\u00f3n por la que se convoca curso deactualizaci\u00f3n de competencias para el desarrollo de la funci\u00f3ndirectiva. Deseamos que sea de vuestro inter\u00e9s.\u00a0 Saludos.","rel":"","context":"En \u00abFormaciones\u00bb","block_context":{"text":"Formaciones","link":"https:\/\/cepronda.com\/blog\/category\/formaciones\/"},"img":{"alt_text":"","src":"https:\/\/i0.wp.com\/cepronda.com\/blog\/wp-content\/uploads\/2020\/09\/Competencias-directivas.jpg?fit=1200%2C679&ssl=1&resize=350%2C200","width":350,"height":200,"srcset":"https:\/\/i0.wp.com\/cepronda.com\/blog\/wp-content\/uploads\/2020\/09\/Competencias-directivas.jpg?fit=1200%2C679&ssl=1&resize=350%2C200 1x, https:\/\/i0.wp.com\/cepronda.com\/blog\/wp-content\/uploads\/2020\/09\/Competencias-directivas.jpg?fit=1200%2C679&ssl=1&resize=525%2C300 1.5x, https:\/\/i0.wp.com\/cepronda.com\/blog\/wp-content\/uploads\/2020\/09\/Competencias-directivas.jpg?fit=1200%2C679&ssl=1&resize=700%2C400 2x, https:\/\/i0.wp.com\/cepronda.com\/blog\/wp-content\/uploads\/2020\/09\/Competencias-directivas.jpg?fit=1200%2C679&ssl=1&resize=1050%2C600 3x"},"classes":[]},{"id":4713,"url":"https:\/\/cepronda.com\/blog\/curso-de-actualizacion-de-competencias-directivas-2\/","url_meta":{"origin":3065,"position":4},"title":"CURSO DE ACTUALIZACI\u00d3N DE COMPETENCIAS DIRECTIVAS.","author":"Maribel Mu\u00f1oz","date":"4 octubre, 2021","format":false,"excerpt":"Buenos d\u00edas compa\u00f1eras y compa\u00f1eros, Os informamos que\u00a0 se ha publicado la Resoluci\u00f3n de 20 de septiembre de 2021, de la Direcci\u00f3n General de Formaci\u00f3n del Profesorado e Innovaci\u00f3n Educativa, por la que se convoca curso de actualizaci\u00f3n de competencias directivas sobre el desarrollo de la funci\u00f3n directiva establecido en\u2026","rel":"","context":"En \u00abFormaciones\u00bb","block_context":{"text":"Formaciones","link":"https:\/\/cepronda.com\/blog\/category\/formaciones\/"},"img":{"alt_text":"","src":"https:\/\/i0.wp.com\/cepronda.com\/blog\/wp-content\/uploads\/2020\/03\/S%C2%B0mbolo-gen%C3%87rico-RRSS-redondo-negativo.png?fit=1200%2C1200&ssl=1&resize=350%2C200","width":350,"height":200,"srcset":"https:\/\/i0.wp.com\/cepronda.com\/blog\/wp-content\/uploads\/2020\/03\/S%C2%B0mbolo-gen%C3%87rico-RRSS-redondo-negativo.png?fit=1200%2C1200&ssl=1&resize=350%2C200 1x, https:\/\/i0.wp.com\/cepronda.com\/blog\/wp-content\/uploads\/2020\/03\/S%C2%B0mbolo-gen%C3%87rico-RRSS-redondo-negativo.png?fit=1200%2C1200&ssl=1&resize=525%2C300 1.5x, https:\/\/i0.wp.com\/cepronda.com\/blog\/wp-content\/uploads\/2020\/03\/S%C2%B0mbolo-gen%C3%87rico-RRSS-redondo-negativo.png?fit=1200%2C1200&ssl=1&resize=700%2C400 2x, https:\/\/i0.wp.com\/cepronda.com\/blog\/wp-content\/uploads\/2020\/03\/S%C2%B0mbolo-gen%C3%87rico-RRSS-redondo-negativo.png?fit=1200%2C1200&ssl=1&resize=1050%2C600 3x"},"classes":[]},{"id":703,"url":"https:\/\/cepronda.com\/blog\/curso-de-actualizacion-de-competencias-directivas-sobre-el-desarrollo-de-la-funcion-directiva\/","url_meta":{"origin":3065,"position":5},"title":"Curso de actualizaci\u00f3n de competencias directivas sobre el desarrollo de la funci\u00f3n directiva","author":"V\u00edctor Caballero","date":"23 febrero, 2017","format":false,"excerpt":"Pasamos a informaros de que ha salido publicada en BOJA la resoluci\u00f3n por la que se convoca el\u00a0 curso de actualizaci\u00f3n de competencias directivas sobre el desarrollo de la funci\u00f3n directiva. Para obtener toda la informaci\u00f3n haz clic en el siguiente enlace.","rel":"","context":"En \u00abNoticias\u00bb","block_context":{"text":"Noticias","link":"https:\/\/cepronda.com\/blog\/category\/noticias\/"},"img":{"alt_text":"","src":"https:\/\/i0.wp.com\/cepronda.com\/blog\/wp-content\/uploads\/2017\/02\/boja-e1487843465821.jpg?resize=350%2C200","width":350,"height":200},"classes":[]}],"jetpack_sharing_enabled":true,"_links":{"self":[{"href":"https:\/\/cepronda.com\/blog\/wp-json\/wp\/v2\/posts\/3065","targetHints":{"allow":["GET"]}}],"collection":[{"href":"https:\/\/cepronda.com\/blog\/wp-json\/wp\/v2\/posts"}],"about":[{"href":"https:\/\/cepronda.com\/blog\/wp-json\/wp\/v2\/types\/post"}],"author":[{"embeddable":true,"href":"https:\/\/cepronda.com\/blog\/wp-json\/wp\/v2\/users\/3"}],"replies":[{"embeddable":true,"href":"https:\/\/cepronda.com\/blog\/wp-json\/wp\/v2\/comments?post=3065"}],"version-history":[{"count":1,"href":"https:\/\/cepronda.com\/blog\/wp-json\/wp\/v2\/posts\/3065\/revisions"}],"predecessor-version":[{"id":3066,"href":"https:\/\/cepronda.com\/blog\/wp-json\/wp\/v2\/posts\/3065\/revisions\/3066"}],"wp:featuredmedia":[{"embeddable":true,"href":"https:\/\/cepronda.com\/blog\/wp-json\/wp\/v2\/media\/2849"}],"wp:attachment":[{"href":"https:\/\/cepronda.com\/blog\/wp-json\/wp\/v2\/media?parent=3065"}],"wp:term":[{"taxonomy":"category","embeddable":true,"href":"https:\/\/cepronda.com\/blog\/wp-json\/wp\/v2\/categories?post=3065"},{"taxonomy":"post_tag","embeddable":true,"href":"https:\/\/cepronda.com\/blog\/wp-json\/wp\/v2\/tags?post=3065"}],"curies":[{"name":"wp","href":"https:\/\/api.w.org\/{rel}","templated":true}]}}