{"id":3062,"date":"2019-09-30T16:41:17","date_gmt":"2019-09-30T14:41:17","guid":{"rendered":"http:\/\/cepronda.com\/blog\/?p=3062"},"modified":"2025-04-28T11:58:59","modified_gmt":"2025-04-28T09:58:59","slug":"ii-torneo-de-debate-educativo-de-andalucia","status":"publish","type":"post","link":"https:\/\/cepronda.com\/blog\/ii-torneo-de-debate-educativo-de-andalucia\/","title":{"rendered":"II Torneo de Debate Educativo de Andaluc\u00eda"},"content":{"rendered":"\n<p class=\"wp-block-paragraph\">Muy buenas familia,<\/p>\n\n\n\n<p class=\"wp-block-paragraph\">Comenzamos esta semana calurosa con vosotros compartiendo esta informaci\u00f3n que creemos os puede resultar interesante.<\/p>\n\n\n\n<p class=\"wp-block-paragraph\">Se convoca el II Torneo de Debate Educativo de Andaluc\u00eda y sus fases correspondientes, de centros docentes, provincial y auton\u00f3mica para el curso 2019\/2020.<\/p>\n\n\n\n<p class=\"wp-block-paragraph\">El Torneo se concibe como un foro de discusi\u00f3n y di\u00e1logo que refuerza las actuaciones que se desarrollan en los centros educativos andaluces en torno al debate. Tiene fundamentalmente un car\u00e1cter formativo, no competitivo, ya que la preparaci\u00f3n para el debate hace necesario el ejercicio activo de la expresi\u00f3n y la comprensi\u00f3n, tanto oral como escrita, a la vez que desarrolla el pensamiento cr\u00edtico, lo que ofrece a los docentes una herramienta de enorme utilidad para la formaci\u00f3n integral del alumnado y para el desarrollo de los contenidos de cada materia.<\/p>\n\n\n\n<p class=\"wp-block-paragraph\">Para poder participar en este II Torneo de Debate Educativo, los centros docentes de Andaluc\u00eda que imparten Ense\u00f1anza Secundaria Obligatoria, Ciclos Formativos de FP y Bachillerato, deber\u00e1n inscribirse previamente. Para ello cumplimentar\u00e1n el formulario de solicitud en el sistema S\u00e9neca\u00a0<strong>antes del 15 de octubre de 2019.<\/strong><\/p>\n\n\n\n<p class=\"wp-block-paragraph\">Pod\u00e9is encontrar toda la informaci\u00f3n en el <a href=\"http:\/\/www.juntadeandalucia.es\/educacion\/portals\/web\/ced\/contenidos\/-\/contenidos\/detalle\/resolucion-de-26-de-septiembre-de-2019-de-la-direccion-general-de-formacion-del-profesorado-e-innovacion-educativa-por-1u8pet5mfulwo\" target=\"_blank\" rel=\"noreferrer noopener\" aria-label=\"siguiente enlace. (opens in a new tab)\">siguiente enlace.<\/a><\/p>\n\n\n\n<figure class=\"wp-block-image\"><a href=\"http:\/\/www.juntadeandalucia.es\/educacion\/portals\/web\/ced\/contenidos\/-\/contenidos\/detalle\/resolucion-de-26-de-septiembre-de-2019-de-la-direccion-general-de-formacion-del-profesorado-e-innovacion-educativa-por-1u8pet5mfulwo\" target=\"_blank\" rel=\"noreferrer noopener\"><img loading=\"lazy\" decoding=\"async\" width=\"1920\" height=\"841\" src=\"https:\/\/i1.wp.com\/cepronda.com\/blog\/wp-content\/uploads\/2019\/09\/man-2814937_1920-1.jpg?fit=1024%2C449\" alt=\"\" class=\"wp-image-3063\" srcset=\"https:\/\/i0.wp.com\/cepronda.com\/blog\/wp-content\/uploads\/2019\/09\/man-2814937_1920-1.jpg?w=1920&amp;ssl=1 1920w, https:\/\/i0.wp.com\/cepronda.com\/blog\/wp-content\/uploads\/2019\/09\/man-2814937_1920-1.jpg?resize=300%2C131&amp;ssl=1 300w, https:\/\/i0.wp.com\/cepronda.com\/blog\/wp-content\/uploads\/2019\/09\/man-2814937_1920-1.jpg?resize=768%2C336&amp;ssl=1 768w, https:\/\/i0.wp.com\/cepronda.com\/blog\/wp-content\/uploads\/2019\/09\/man-2814937_1920-1.jpg?resize=1024%2C449&amp;ssl=1 1024w\" sizes=\"auto, (max-width: 1170px) 100vw, 1170px\" \/><\/a><\/figure>\n","protected":false},"excerpt":{"rendered":"<p>Muy buenas familia, Comenzamos esta semana calurosa con vosotros compartiendo esta informaci\u00f3n que creemos os puede resultar interesante. Se convoca el II Torneo de Debate Educativo de Andaluc\u00eda y sus fases correspondientes, de centros docentes, provincial y auton\u00f3mica para el curso 2019\/2020. El Torneo se concibe como un foro de discusi\u00f3n y di\u00e1logo que refuerza [&hellip;]<\/p>\n","protected":false},"author":3,"featured_media":3063,"comment_status":"open","ping_status":"open","sticky":false,"template":"","format":"standard","meta":{"_crdt_document":"","advanced_seo_description":"","jetpack_seo_html_title":"","jetpack_seo_noindex":false,"jetpack_post_was_ever_published":false,"_jetpack_newsletter_access":"","_jetpack_dont_email_post_to_subs":false,"_jetpack_newsletter_tier_id":0,"_jetpack_memberships_contains_paywalled_content":false,"_jetpack_memberships_contains_paid_content":false,"footnotes":"","jetpack_publicize_message":"","jetpack_publicize_feature_enabled":true,"jetpack_social_post_already_shared":true,"jetpack_social_options":{"image_generator_settings":{"template":"highway","default_image_id":0,"font":"","enabled":false},"version":2}},"categories":[3,5],"tags":[154],"class_list":{"0":"post-3062","1":"post","2":"type-post","3":"status-publish","4":"format-standard","5":"has-post-thumbnail","7":"category-formaciones","8":"category-noticias","9":"tag-debate","10":"czr-hentry"},"jetpack_publicize_connections":[],"jetpack_featured_media_url":"https:\/\/i0.wp.com\/cepronda.com\/blog\/wp-content\/uploads\/2019\/09\/man-2814937_1920-1.jpg?fit=1920%2C841&ssl=1","jetpack_shortlink":"https:\/\/wp.me\/p8M4X7-No","jetpack-related-posts":[{"id":4793,"url":"https:\/\/cepronda.com\/blog\/iii-torneo-de-debate-educativo-de-andalucia\/","url_meta":{"origin":3062,"position":0},"title":"III TORNEO DE DEBATE EDUCATIVO DE ANDALUC\u00cdA","author":"Maribel Mu\u00f1oz","date":"21 octubre, 2021","format":false,"excerpt":"Buenos d\u00edas compa\u00f1eras y compa\u00f1eros, Os informamos que se ha publicado la\u00a0 convocatoria del\u00a0 III Torneo de Debate Educativo de Andaluc\u00eda. El plazo\u00a0de inscripci\u00f3n est\u00e1 abierto hasta el 29 de octubre inclusive. Para poder participar en este III Torneo de Debate Educativo, los centros docentes de Andaluc\u00eda que imparten Ense\u00f1anza\u2026","rel":"","context":"En \u00abFormaciones\u00bb","block_context":{"text":"Formaciones","link":"https:\/\/cepronda.com\/blog\/category\/formaciones\/"},"img":{"alt_text":"","src":"https:\/\/i0.wp.com\/cepronda.com\/blog\/wp-content\/uploads\/2020\/03\/S%C2%B0mbolo-gen%C3%87rico-RRSS-redondo-negativo.png?fit=1200%2C1200&ssl=1&resize=350%2C200","width":350,"height":200,"srcset":"https:\/\/i0.wp.com\/cepronda.com\/blog\/wp-content\/uploads\/2020\/03\/S%C2%B0mbolo-gen%C3%87rico-RRSS-redondo-negativo.png?fit=1200%2C1200&ssl=1&resize=350%2C200 1x, https:\/\/i0.wp.com\/cepronda.com\/blog\/wp-content\/uploads\/2020\/03\/S%C2%B0mbolo-gen%C3%87rico-RRSS-redondo-negativo.png?fit=1200%2C1200&ssl=1&resize=525%2C300 1.5x, https:\/\/i0.wp.com\/cepronda.com\/blog\/wp-content\/uploads\/2020\/03\/S%C2%B0mbolo-gen%C3%87rico-RRSS-redondo-negativo.png?fit=1200%2C1200&ssl=1&resize=700%2C400 2x, https:\/\/i0.wp.com\/cepronda.com\/blog\/wp-content\/uploads\/2020\/03\/S%C2%B0mbolo-gen%C3%87rico-RRSS-redondo-negativo.png?fit=1200%2C1200&ssl=1&resize=1050%2C600 3x"},"classes":[]},{"id":7950,"url":"https:\/\/cepronda.com\/blog\/actividad-regional-formacion-en-debate-academico-jurados-curso-24-25-con-codigo-259922in007\/","url_meta":{"origin":3062,"position":1},"title":"ACTIVIDAD REGIONAL: FORMACI\u00d3N EN DEBATE ACAD\u00c9MICO: JURADOS. CURSO 24-25, con c\u00f3digo 259922IN007.","author":"Inmaculada Garc\u00eda","date":"17 diciembre, 2024","format":false,"excerpt":"Se encuentra abierto el plazo de inscripci\u00f3n en la ACTIVIDAD REGIONAL: FORMACI\u00d3N EN DEBATE ACAD\u00c9MICO: JURADOS. CURSO 24-25, con c\u00f3digo 259922IN007. \u270f\ufe0fPlazo de inscripci\u00f3n:17\/12\/2024-14\/01\/2025 Fecha de actividad: 21\/01\/2025-14\/02\/2025. Sesiones presenciales online (Webex): 21 y 28 de enero, 4 de febrero en horario de tarde. \u23f3Duraci\u00f3n: 12 horas (9 horas presenciales\u2026","rel":"","context":"En \u00abFormaciones\u00bb","block_context":{"text":"Formaciones","link":"https:\/\/cepronda.com\/blog\/category\/formaciones\/"},"img":{"alt_text":"","src":"https:\/\/i0.wp.com\/cepronda.com\/blog\/wp-content\/uploads\/2024\/12\/WhatsApp-Image-2024-12-17-at-11.11.56.jpeg?fit=1080%2C1080&ssl=1&resize=350%2C200","width":350,"height":200,"srcset":"https:\/\/i0.wp.com\/cepronda.com\/blog\/wp-content\/uploads\/2024\/12\/WhatsApp-Image-2024-12-17-at-11.11.56.jpeg?fit=1080%2C1080&ssl=1&resize=350%2C200 1x, https:\/\/i0.wp.com\/cepronda.com\/blog\/wp-content\/uploads\/2024\/12\/WhatsApp-Image-2024-12-17-at-11.11.56.jpeg?fit=1080%2C1080&ssl=1&resize=525%2C300 1.5x, https:\/\/i0.wp.com\/cepronda.com\/blog\/wp-content\/uploads\/2024\/12\/WhatsApp-Image-2024-12-17-at-11.11.56.jpeg?fit=1080%2C1080&ssl=1&resize=700%2C400 2x, https:\/\/i0.wp.com\/cepronda.com\/blog\/wp-content\/uploads\/2024\/12\/WhatsApp-Image-2024-12-17-at-11.11.56.jpeg?fit=1080%2C1080&ssl=1&resize=1050%2C600 3x"},"classes":[]},{"id":9484,"url":"https:\/\/cepronda.com\/blog\/la-coordinacion-del-bienestar-y-proteccion-del-alumnado-en-centros-docentes-de-andalucia\/","url_meta":{"origin":3062,"position":2},"title":"LA COORDINACI\u00d3N DEL BIENESTAR Y PROTECCI\u00d3N DEL ALUMNADO EN CENTROS DOCENTES DE ANDALUC\u00cdA","author":"Inmaculada Garc\u00eda","date":"27 marzo, 2026","format":false,"excerpt":"Se encuentra abierto el plazo de inscripci\u00f3n para la formaci\u00f3n provincial a distancia: LA COORDINACI\u00d3N DEL BIENESTAR Y PROTECCI\u00d3N DEL ALUMNADO EN CENTROS DOCENTES DE ANDALUC\u00cdA, con c\u00f3digo: 269923CI437 \u00bfEres la persona encargada de la coordinaci\u00f3n de bienestar en tu centro? Esta actividad es para ti. Potencia la seguridad y\u2026","rel":"","context":"En \u00abFormaciones\u00bb","block_context":{"text":"Formaciones","link":"https:\/\/cepronda.com\/blog\/category\/formaciones\/"},"img":{"alt_text":"","src":"https:\/\/i0.wp.com\/cepronda.com\/blog\/wp-content\/uploads\/2026\/03\/Modelo-Plantilla-publicaciones.jpg?fit=960%2C1200&ssl=1&resize=350%2C200","width":350,"height":200,"srcset":"https:\/\/i0.wp.com\/cepronda.com\/blog\/wp-content\/uploads\/2026\/03\/Modelo-Plantilla-publicaciones.jpg?fit=960%2C1200&ssl=1&resize=350%2C200 1x, https:\/\/i0.wp.com\/cepronda.com\/blog\/wp-content\/uploads\/2026\/03\/Modelo-Plantilla-publicaciones.jpg?fit=960%2C1200&ssl=1&resize=525%2C300 1.5x, https:\/\/i0.wp.com\/cepronda.com\/blog\/wp-content\/uploads\/2026\/03\/Modelo-Plantilla-publicaciones.jpg?fit=960%2C1200&ssl=1&resize=700%2C400 2x"},"classes":[]},{"id":2667,"url":"https:\/\/cepronda.com\/blog\/ii-premios-para-el-reconocimiento-a-centros-publicos-de-andalucia-con-buenas-practicas-docentes-en-bibliotecas-escolares-y-en-el-fomento-de-la-lectura\/","url_meta":{"origin":3062,"position":3},"title":"II Premios para el reconocimiento a centros p\u00fablicos de Andaluc\u00eda con buenas pr\u00e1cticas docentes en Bibliotecas Escolares y en el fomento de la lectura","author":"V\u00edctor Caballero","date":"13 marzo, 2019","format":false,"excerpt":"Muy buenas familia, queremos compartir con todos y todas vosotras la convocatoria de estos premios, ya que sabemos que muchas de las bibliotecas de los centros de nuestra zona est\u00e1n haciendo un gran trabajo, y creemos sinceramente que pod\u00e9is optar a estos premios. Os dejamos con la informaci\u00f3n sobre la\u2026","rel":"","context":"En \u00abNoticias\u00bb","block_context":{"text":"Noticias","link":"https:\/\/cepronda.com\/blog\/category\/noticias\/"},"img":{"alt_text":"","src":"","width":0,"height":0},"classes":[]},{"id":3298,"url":"https:\/\/cepronda.com\/blog\/formacion-destinada-a-jueces-y-juezas-de-debate\/","url_meta":{"origin":3062,"position":4},"title":"FORMACI\u00d3N DESTINADA A JUECES Y JUEZAS DE DEBATE","author":"V\u00edctor Caballero","date":"9 enero, 2020","format":false,"excerpt":"Muy buenos d\u00edas, Os trasladamos esta informaci\u00f3n a nivel provincial para todas aquellas personas que est\u00e9n interesadas en formarse para ser jueces y juezas en los torneos de debate. Desde hoy, pod\u00e9is inscribiros en el curso sobre debate educativo que\u00a0 os enlazo m\u00e1s abajo y que est\u00e1 organizado por el\u2026","rel":"","context":"En \u00abFormaciones\u00bb","block_context":{"text":"Formaciones","link":"https:\/\/cepronda.com\/blog\/category\/formaciones\/"},"img":{"alt_text":"","src":"https:\/\/i0.wp.com\/cepronda.com\/blog\/wp-content\/uploads\/2020\/01\/image.png?fit=400%2C566&ssl=1&resize=350%2C200","width":350,"height":200},"classes":[]},{"id":3794,"url":"https:\/\/cepronda.com\/blog\/iii-premios-para-el-reconocimiento-a-centros-publicos-de-andalucia-con-buenas-practicas-docentes-en-bibliotecas-escolares-y-en-el-fomento-de-la-lectura-2\/","url_meta":{"origin":3062,"position":5},"title":"III Premios para el reconocimiento a centros p\u00fablicos de Andaluc\u00eda con buenas pr\u00e1cticas docentes en Bibliotecas Escolares y en el fomento de la lectura","author":"Inmaculada Garc\u00eda","date":"5 octubre, 2020","format":false,"excerpt":"\u00a0 \u00a0 \u00a0 Enhorabuena a todos los centros que han sido premiados en los III Premios para el reconocimiento a centros p\u00fablicos de Andaluc\u00eda con buenas pr\u00e1cticas docentes en bibliotecas escolares y en el fomento de la lectura correspondientes al curso 2019-2020. (Publicaci\u00f3n del fallo del jurado) \u00a0 \u00a0 \u00a0\u2026","rel":"","context":"En \u00abNoticias\u00bb","block_context":{"text":"Noticias","link":"https:\/\/cepronda.com\/blog\/category\/noticias\/"},"img":{"alt_text":"","src":"https:\/\/i0.wp.com\/cepronda.com\/blog\/wp-content\/uploads\/2020\/03\/premio_bibliotecas_escolares.png?fit=1200%2C678&ssl=1&resize=350%2C200","width":350,"height":200,"srcset":"https:\/\/i0.wp.com\/cepronda.com\/blog\/wp-content\/uploads\/2020\/03\/premio_bibliotecas_escolares.png?fit=1200%2C678&ssl=1&resize=350%2C200 1x, https:\/\/i0.wp.com\/cepronda.com\/blog\/wp-content\/uploads\/2020\/03\/premio_bibliotecas_escolares.png?fit=1200%2C678&ssl=1&resize=525%2C300 1.5x, https:\/\/i0.wp.com\/cepronda.com\/blog\/wp-content\/uploads\/2020\/03\/premio_bibliotecas_escolares.png?fit=1200%2C678&ssl=1&resize=700%2C400 2x, https:\/\/i0.wp.com\/cepronda.com\/blog\/wp-content\/uploads\/2020\/03\/premio_bibliotecas_escolares.png?fit=1200%2C678&ssl=1&resize=1050%2C600 3x"},"classes":[]}],"jetpack_sharing_enabled":true,"_links":{"self":[{"href":"https:\/\/cepronda.com\/blog\/wp-json\/wp\/v2\/posts\/3062","targetHints":{"allow":["GET"]}}],"collection":[{"href":"https:\/\/cepronda.com\/blog\/wp-json\/wp\/v2\/posts"}],"about":[{"href":"https:\/\/cepronda.com\/blog\/wp-json\/wp\/v2\/types\/post"}],"author":[{"embeddable":true,"href":"https:\/\/cepronda.com\/blog\/wp-json\/wp\/v2\/users\/3"}],"replies":[{"embeddable":true,"href":"https:\/\/cepronda.com\/blog\/wp-json\/wp\/v2\/comments?post=3062"}],"version-history":[{"count":1,"href":"https:\/\/cepronda.com\/blog\/wp-json\/wp\/v2\/posts\/3062\/revisions"}],"predecessor-version":[{"id":3064,"href":"https:\/\/cepronda.com\/blog\/wp-json\/wp\/v2\/posts\/3062\/revisions\/3064"}],"wp:featuredmedia":[{"embeddable":true,"href":"https:\/\/cepronda.com\/blog\/wp-json\/wp\/v2\/media\/3063"}],"wp:attachment":[{"href":"https:\/\/cepronda.com\/blog\/wp-json\/wp\/v2\/media?parent=3062"}],"wp:term":[{"taxonomy":"category","embeddable":true,"href":"https:\/\/cepronda.com\/blog\/wp-json\/wp\/v2\/categories?post=3062"},{"taxonomy":"post_tag","embeddable":true,"href":"https:\/\/cepronda.com\/blog\/wp-json\/wp\/v2\/tags?post=3062"}],"curies":[{"name":"wp","href":"https:\/\/api.w.org\/{rel}","templated":true}]}}