{"id":3057,"date":"2019-09-27T09:35:30","date_gmt":"2019-09-27T07:35:30","guid":{"rendered":"http:\/\/cepronda.com\/blog\/?p=3057"},"modified":"2019-09-27T09:35:37","modified_gmt":"2019-09-27T07:35:37","slug":"premiados-en-el-ies-martin-rivero","status":"publish","type":"post","link":"https:\/\/cepronda.com\/blog\/premiados-en-el-ies-martin-rivero\/","title":{"rendered":"Premiados en el IES Mart\u00edn Rivero"},"content":{"rendered":"\n<p class=\"wp-block-paragraph\">Muy buenas, nos llegan dos magn\u00edficas noticias de premiados en el IES Mart\u00edn Rivero en distintos premios y cert\u00e1menes. Os dejamos con los enlaces a las noticias, y desde el CEP damos la enhorabuena al alumnado premiado.<\/p>\n\n\n\n<p class=\"wp-block-paragraph\"><a rel=\"noreferrer noopener\" aria-label=\" Fad y BBVA fallan los proyectos educativos ganadores del Premio a la Acci\u00f3n Magistral 2019  (opens in a new tab)\" href=\"https:\/\/www.fad.es\/noticias\/fad-bbva-fallan-proyectos-educativos-innovadores-ganadores-premio-accion-magistral-2019\/\" target=\"_blank\"> Fad y BBVA fallan los proyectos educativos ganadores del Premio a la Acci\u00f3n Magistral 2019 <\/a><\/p>\n\n\n\n<p class=\"wp-block-paragraph\"><a href=\"http:\/\/eustory.es\/blog\/2019\/9\/18\/ganadores-de-la-xii-edicin-de-eustory\" target=\"_blank\" rel=\"noreferrer noopener\" aria-label=\" (opens in a new tab)\">Ganadores de la XII edici\u00f3n de Eustory<\/a><\/p>\n","protected":false},"excerpt":{"rendered":"<p>Muy buenas, nos llegan dos magn\u00edficas noticias de premiados en el IES Mart\u00edn Rivero en distintos premios y cert\u00e1menes. Os dejamos con los enlaces a las noticias, y desde el CEP damos la enhorabuena al alumnado premiado. Fad y BBVA fallan los proyectos educativos ganadores del Premio a la Acci\u00f3n Magistral 2019 Ganadores de la [&hellip;]<\/p>\n","protected":false},"author":3,"featured_media":0,"comment_status":"open","ping_status":"open","sticky":false,"template":"","format":"standard","meta":{"_crdt_document":"","advanced_seo_description":"","jetpack_seo_html_title":"","jetpack_seo_noindex":false,"jetpack_post_was_ever_published":false,"_jetpack_newsletter_access":"","_jetpack_dont_email_post_to_subs":false,"_jetpack_newsletter_tier_id":0,"_jetpack_memberships_contains_paywalled_content":false,"_jetpack_memberships_contains_paid_content":false,"footnotes":"","jetpack_publicize_message":"","jetpack_publicize_feature_enabled":true,"jetpack_social_post_already_shared":true,"jetpack_social_options":{"image_generator_settings":{"template":"highway","default_image_id":0,"font":"","enabled":false},"version":2}},"categories":[5],"tags":[57],"class_list":{"0":"post-3057","1":"post","2":"type-post","3":"status-publish","4":"format-standard","6":"category-noticias","7":"tag-premios","8":"czr-hentry"},"jetpack_publicize_connections":[],"jetpack_featured_media_url":"","jetpack_shortlink":"https:\/\/wp.me\/p8M4X7-Nj","jetpack-related-posts":[{"id":1144,"url":"https:\/\/cepronda.com\/blog\/entrega-de-premio-al-ies-martin-rivero-por-la-fundacion-atresmedia\/","url_meta":{"origin":3057,"position":0},"title":"Entrega de premio al IES Mart\u00edn Rivero por la fundaci\u00f3n AtresMedia","author":"V\u00edctor Caballero","date":"9 junio, 2017","format":false,"excerpt":"Muy buenas de nuevo, Como ya comentamos anteriormente desde el IES Mart\u00edn Rivero, y su departamento de I+D+I dirigido por Antonio Marcos Naz, fueron premiados por la Fundaci\u00f3n AtresMedia en la Categor\u00eda de Grandes Iniciativas que cambian el aula. Ayer tarde fu\u00e9 la entrega del premio, y queremos compartir con\u2026","rel":"","context":"En \u00abNoticias\u00bb","block_context":{"text":"Noticias","link":"https:\/\/cepronda.com\/blog\/category\/noticias\/"},"img":{"alt_text":"","src":"https:\/\/i0.wp.com\/cepronda.com\/blog\/wp-content\/uploads\/2017\/06\/WhatsApp-Image-2017-06-09-at-09.58.42.jpeg?fit=1200%2C900&ssl=1&resize=350%2C200","width":350,"height":200,"srcset":"https:\/\/i0.wp.com\/cepronda.com\/blog\/wp-content\/uploads\/2017\/06\/WhatsApp-Image-2017-06-09-at-09.58.42.jpeg?fit=1200%2C900&ssl=1&resize=350%2C200 1x, https:\/\/i0.wp.com\/cepronda.com\/blog\/wp-content\/uploads\/2017\/06\/WhatsApp-Image-2017-06-09-at-09.58.42.jpeg?fit=1200%2C900&ssl=1&resize=525%2C300 1.5x, https:\/\/i0.wp.com\/cepronda.com\/blog\/wp-content\/uploads\/2017\/06\/WhatsApp-Image-2017-06-09-at-09.58.42.jpeg?fit=1200%2C900&ssl=1&resize=700%2C400 2x, https:\/\/i0.wp.com\/cepronda.com\/blog\/wp-content\/uploads\/2017\/06\/WhatsApp-Image-2017-06-09-at-09.58.42.jpeg?fit=1200%2C900&ssl=1&resize=1050%2C600 3x"},"classes":[]},{"id":3639,"url":"https:\/\/cepronda.com\/blog\/resolucion-del-jurado-de-ciencia-en-accion-xxi-opcion-presencial\/","url_meta":{"origin":3057,"position":1},"title":"Resoluci\u00f3n del Jurado de Ciencia en Acci\u00f3n XXI opci\u00f3n Presencial","author":"V\u00edctor Caballero","date":"7 julio, 2020","format":false,"excerpt":"Unos 35 estudiantes del Mart\u00edn Rivero han conseguido premios en 8 categor\u00edas, 6 de ellos a nombre del IES Mart\u00edn Rivero del concurso internacional ciencia en acci\u00f3n. https:\/\/cienciaenaccion.org\/resolucion-del-jurado-de-ciencia-en-accion-xxi-opcion-presencial\/","rel":"","context":"En \u00abNoticias\u00bb","block_context":{"text":"Noticias","link":"https:\/\/cepronda.com\/blog\/category\/noticias\/"},"img":{"alt_text":"","src":"","width":0,"height":0},"classes":[]},{"id":6001,"url":"https:\/\/cepronda.com\/blog\/el-ies-gran-capitan-de-cordoba-y-martin-rivero-de-ronda-logran-el-primer-premio-ciccartuja-futuros-investigadores\/","url_meta":{"origin":3057,"position":2},"title":"El IES Gran Capit\u00e1n de C\u00f3rdoba y Mart\u00edn Rivero de Ronda, logran el primer Premio CicCartuja \u201cfuturos investigadores\u201d","author":"Inmaculada Garc\u00eda","date":"17 mayo, 2023","format":false,"excerpt":"Desde el CEP de Ronda queremos dar la enhorabuena al alumnado y al profesorado del I.E.S. MArt\u00edn Rivero (Ronda) por su premio. \u201cDocumentales y Youtube: En busca de ideas para nuevas investigaciones\u201d es el t\u00edtulo del trabajo realizado de manera simult\u00e1nea durante este curso escolar en los IES Gran Capit\u00e1n\u2026","rel":"","context":"En \u00abNoticias\u00bb","block_context":{"text":"Noticias","link":"https:\/\/cepronda.com\/blog\/category\/noticias\/"},"img":{"alt_text":"","src":"https:\/\/i0.wp.com\/cepronda.com\/blog\/wp-content\/uploads\/2023\/05\/Entrega-premio-total.jpg?fit=853%2C841&ssl=1&resize=350%2C200","width":350,"height":200,"srcset":"https:\/\/i0.wp.com\/cepronda.com\/blog\/wp-content\/uploads\/2023\/05\/Entrega-premio-total.jpg?fit=853%2C841&ssl=1&resize=350%2C200 1x, https:\/\/i0.wp.com\/cepronda.com\/blog\/wp-content\/uploads\/2023\/05\/Entrega-premio-total.jpg?fit=853%2C841&ssl=1&resize=525%2C300 1.5x, https:\/\/i0.wp.com\/cepronda.com\/blog\/wp-content\/uploads\/2023\/05\/Entrega-premio-total.jpg?fit=853%2C841&ssl=1&resize=700%2C400 2x"},"classes":[]},{"id":826,"url":"https:\/\/cepronda.com\/blog\/premio-al-ies-martin-rivero-de-la-fundacion-atresmedia\/","url_meta":{"origin":3057,"position":3},"title":"Premio al IES Mart\u00edn Rivero de la Fundaci\u00f3n AtresMedia","author":"V\u00edctor Caballero","date":"15 mayo, 2017","format":false,"excerpt":"\u00a1\u00a1\u00a1Muy buenas!!! Abrir el Twitter y encontrarte con noticias como esta no tiene precio... Una de las categor\u00edas era \"Grandes iniciativas que cambian el aula\" y ah\u00ed es donde el departamento I+D+I del Ies MArt\u00edn Rivero ha sido galardonado. \"Esta propuesta del IES Mart\u00edn Rivero de Ronda (M\u00e1laga) est\u00e1 dirigida\u2026","rel":"","context":"En \u00abNoticias\u00bb","block_context":{"text":"Noticias","link":"https:\/\/cepronda.com\/blog\/category\/noticias\/"},"img":{"alt_text":"","src":"https:\/\/i0.wp.com\/cepronda.com\/blog\/wp-content\/uploads\/2017\/05\/Atresmedia.svg-e1495712753768.png?fit=500%2C215&ssl=1&resize=350%2C200","width":350,"height":200},"classes":[]},{"id":3630,"url":"https:\/\/cepronda.com\/blog\/ganadores-relatos-cortos\/","url_meta":{"origin":3057,"position":4},"title":"Ganadores Relatos Cortos","author":"V\u00edctor Caballero","date":"30 junio, 2020","format":false,"excerpt":"Nos comunican desde el IES Profesor Gonzalo Huesa que, desde la Casa de la Juventud de Ronda, una gran noticia: los ganadores del certamen de relato corto del Ayuntamiento de nuestra ciudad en categor\u00eda 1 y 2 son dos estudiantes de 3\u00ba de ESO \u00a0de nuestro centro. Los alumnos premiados\u2026","rel":"","context":"En \u00abNoticias\u00bb","block_context":{"text":"Noticias","link":"https:\/\/cepronda.com\/blog\/category\/noticias\/"},"img":{"alt_text":"","src":"https:\/\/i0.wp.com\/cepronda.com\/blog\/wp-content\/uploads\/2020\/06\/u1xcXPOz_400x400.jpg?resize=350%2C200","width":350,"height":200},"classes":[]},{"id":5493,"url":"https:\/\/cepronda.com\/blog\/el-ave-fenix-del-incendio-de-sierra-bermeja-ies-martin-rivero-ronda-malaga\/","url_meta":{"origin":3057,"position":5},"title":"El ave F\u00e9nix del incendio de Sierra Bermeja. IES Martin Rivero, Ronda (M\u00e1laga)","author":"Mamen Moreno","date":"21 septiembre, 2022","format":false,"excerpt":"Este proyecto ha sido ganador de RedeSTEAM. Las alumnas de este instituto de la Serran\u00eda de Ronda han ideado un proyecto para recuperar el suelo quemado despu\u00e9s de un incendio forestal como el acaecido en Sierra Bermeja (M\u00e1laga) en septiembre del a\u00f1o pasado. Alumnas: Clara Fern\u00e1ndez, Claudia Garc\u00eda, Alba Guerrero,\u2026","rel":"","context":"En \u00abNoticias\u00bb","block_context":{"text":"Noticias","link":"https:\/\/cepronda.com\/blog\/category\/noticias\/"},"img":{"alt_text":"","src":"https:\/\/i0.wp.com\/cepronda.com\/blog\/wp-content\/uploads\/2022\/09\/FOTO-MARTIN.jpeg?fit=734%2C512&ssl=1&resize=350%2C200","width":350,"height":200,"srcset":"https:\/\/i0.wp.com\/cepronda.com\/blog\/wp-content\/uploads\/2022\/09\/FOTO-MARTIN.jpeg?fit=734%2C512&ssl=1&resize=350%2C200 1x, https:\/\/i0.wp.com\/cepronda.com\/blog\/wp-content\/uploads\/2022\/09\/FOTO-MARTIN.jpeg?fit=734%2C512&ssl=1&resize=525%2C300 1.5x, https:\/\/i0.wp.com\/cepronda.com\/blog\/wp-content\/uploads\/2022\/09\/FOTO-MARTIN.jpeg?fit=734%2C512&ssl=1&resize=700%2C400 2x"},"classes":[]}],"jetpack_sharing_enabled":true,"_links":{"self":[{"href":"https:\/\/cepronda.com\/blog\/wp-json\/wp\/v2\/posts\/3057","targetHints":{"allow":["GET"]}}],"collection":[{"href":"https:\/\/cepronda.com\/blog\/wp-json\/wp\/v2\/posts"}],"about":[{"href":"https:\/\/cepronda.com\/blog\/wp-json\/wp\/v2\/types\/post"}],"author":[{"embeddable":true,"href":"https:\/\/cepronda.com\/blog\/wp-json\/wp\/v2\/users\/3"}],"replies":[{"embeddable":true,"href":"https:\/\/cepronda.com\/blog\/wp-json\/wp\/v2\/comments?post=3057"}],"version-history":[{"count":1,"href":"https:\/\/cepronda.com\/blog\/wp-json\/wp\/v2\/posts\/3057\/revisions"}],"predecessor-version":[{"id":3058,"href":"https:\/\/cepronda.com\/blog\/wp-json\/wp\/v2\/posts\/3057\/revisions\/3058"}],"wp:attachment":[{"href":"https:\/\/cepronda.com\/blog\/wp-json\/wp\/v2\/media?parent=3057"}],"wp:term":[{"taxonomy":"category","embeddable":true,"href":"https:\/\/cepronda.com\/blog\/wp-json\/wp\/v2\/categories?post=3057"},{"taxonomy":"post_tag","embeddable":true,"href":"https:\/\/cepronda.com\/blog\/wp-json\/wp\/v2\/tags?post=3057"}],"curies":[{"name":"wp","href":"https:\/\/api.w.org\/{rel}","templated":true}]}}