{"id":3044,"date":"2019-09-24T13:11:13","date_gmt":"2019-09-24T11:11:13","guid":{"rendered":"http:\/\/cepronda.com\/blog\/?p=3044"},"modified":"2019-09-24T13:11:22","modified_gmt":"2019-09-24T11:11:22","slug":"programa-rutas-cientificas-artisticas-y-literarias-con-inmersion-linguistica-en-ingles-durante-el-otono-de-2019","status":"publish","type":"post","link":"https:\/\/cepronda.com\/blog\/programa-rutas-cientificas-artisticas-y-literarias-con-inmersion-linguistica-en-ingles-durante-el-otono-de-2019\/","title":{"rendered":"Programa \u00abRutas cient\u00edficas, art\u00edsticas y literarias con inmersi\u00f3n ling\u00fc\u00edstica en ingl\u00e9s durante el oto\u00f1o de 2019\u00bb"},"content":{"rendered":"\n<p class=\"wp-block-paragraph\">Compartimos con todas y todos vosotros esta informaci\u00f3n por si os interesa participar con vuestro alumnado. Pod\u00e9is encontrar toda la informaci\u00f3n en el <a href=\"http:\/\/www.educacionyfp.gob.es\/servicios-al-ciudadano\/catalogo\/estudiantes\/becas-ayudas\/para-estudiar\/idiomas\/rutas-ingles-otono.html\" target=\"_blank\" rel=\"noreferrer noopener\" aria-label=\"siguiente enlace.  (opens in a new tab)\">siguiente enlace. <\/a><\/p>\n\n\n\n<h3 class=\"wp-block-heading\" id=\"dg1\">Descripci\u00f3n<\/h3>\n\n\n\n<p class=\"wp-block-paragraph\">Programa de ayudas a centros educativos para complementar los conocimientos que los alumnos reciben en sus centros, a trav\u00e9s de diversas actividades desarrolladas a lo largo del recorrido por distintas comunidades aut\u00f3nomas (visitas a museos, monumentos, paseos por espacios naturales&#8230;). Con ello, se pretende dar continuidad a la formaci\u00f3n recibida en el aula de manera m\u00e1s atractiva y din\u00e1mica, a trav\u00e9s de vivencias en entornos m\u00e1s ricos y experimentales. Asimismo, la convivencia con alumnos de otros lugares de Espa\u00f1a se ver\u00e1 favorecida gracias a las actividades que se realicen a lo largo de la ruta. Durante el desarrollo del programa, la lengua vehicular en la que se desarrollar\u00e1n todas las actividades del programa ser\u00e1, prioritariamente, el ingl\u00e9s.<\/p>\n\n\n\n<h3 class=\"wp-block-heading\" id=\"dg3\">Destinatarios<\/h3>\n\n\n\n<p class=\"wp-block-paragraph\">Alumnos de centros docentes espa\u00f1oles sostenidos con fondos p\u00fablicos de los siguientes niveles educativos:<\/p>\n\n\n\n<ul class=\"wp-block-list\"><li>5\u00ba y 6\u00ba de Educaci\u00f3n Primaria<\/li><li>1\u00ba y 2\u00ba Educaci\u00f3n Secundaria Obligatoria<\/li><\/ul>\n\n\n\n<h3 class=\"wp-block-heading\" id=\"dg4\">N\u00famero de plazas<\/h3>\n\n\n\n<p class=\"wp-block-paragraph\">Becas para 48 grupos de alumnos, compuestos cada uno por un n\u00famero comprendido entre 20 y 24 alumnos. Ir\u00e1n acompa\u00f1ados por dos profesores por grupo, de los que habitualmente les imparten clase, requiri\u00e9ndose necesariamente que uno de ellos sea de la especialidad de Ingl\u00e9s con la siguiente distribuci\u00f3n:<\/p>\n\n\n\n<ul class=\"wp-block-list\"><li>24 grupos de alumnos de 5\u00ba y 6\u00ba de Educaci\u00f3n Primaria.<\/li><li>24 grupos de alumnos de 1\u00ba y 2\u00ba de Educaci\u00f3n Secundaria Obligatoria.<\/li><\/ul>\n\n\n\n<h3 class=\"wp-block-heading\" id=\"dg5\">Requisitos<\/h3>\n\n\n\n<ul class=\"wp-block-list\"><li>Cursar estudios de 5\u00ba y 6\u00ba de Educaci\u00f3n Primaria o 1\u00ba y 2\u00ba de Educaci\u00f3n Secundaria Obligatoria<\/li><li>Constituir grupos de 20 a 24 alumnos.<\/li><\/ul>\n\n\n\n<h3 class=\"wp-block-heading\" id=\"dg7\">Dotaci\u00f3n<\/h3>\n\n\n\n<p class=\"wp-block-paragraph\">Participaci\u00f3n gratuita en la actividad que tendr\u00e1 una duraci\u00f3n de siete d\u00edas, incluidos los d\u00edas de viaje.<\/p>\n\n\n\n<p class=\"wp-block-paragraph\">El traslado de los participantes desde su lugar de residencia hasta el punto de inicio de la ruta y viceversa, no est\u00e1 incluido en la beca y corre por cuenta de los interesados.<\/p>\n\n\n\n<h3 class=\"wp-block-heading\" id=\"dg8\">M\u00e1s Informaci\u00f3n<\/h3>\n\n\n\n<p class=\"wp-block-paragraph\">Itinerarios de las rutas:<\/p>\n\n\n\n<ul class=\"wp-block-list\"><li>Primera ruta: Murcia y Andaluc\u00eda (Andaluc\u00eda Oriental)<\/li><li>Segunda ruta: Navarra y Arag\u00f3n<\/li><li>Tercera ruta: Asturias y Cantabria<\/li><li>Cuarta ruta: Madrid y Castilla-La Mancha<\/li><li>Quinta ruta: Extremadura y Andaluc\u00eda (Andaluc\u00eda Occidental)<\/li><li>Sexta ruta: Castilla y Le\u00f3n y Galicia<\/li><li>S\u00e9ptima ruta: Pa\u00eds Vasco y La Rioja<\/li><li>Octava ruta: Catalu\u00f1a y Comunidad Valenciana<\/li><\/ul>\n\n\n\n<h2 class=\"wp-block-heading\" id=\"dc\">Convocatoria<\/h2>\n\n\n\n<p class=\"wp-block-paragraph\"><a href=\"http:\/\/www.educacionyfp.gob.es\/servicios-al-ciudadano\/catalogo\/estudiantes\/becas-ayudas\/para-estudiar\/idiomas\/rutas-ingles-otono.html#indice\">Subir<\/a><\/p>\n\n\n\n<h3 class=\"wp-block-heading\" id=\"dc1\">Informaci\u00f3n<\/h3>\n\n\n\n<ul class=\"wp-block-list\"><li><a href=\"https:\/\/www.boe.es\/boe\/dias\/2019\/09\/19\/pdfs\/BOE-B-2019-39060.pdf\" rel=\"noreferrer noopener\" target=\"_blank\">Extracto de la convocatoriaEnlace externo, se abre en ventana nueva<\/a>&nbsp;Fecha de publicaci\u00f3n en el BOE: 19-09-2019<\/li><li><a href=\"http:\/\/www.educacionyfp.gob.es\/dam\/jcr:3c585fd4-5bee-4fed-97e2-727aaee3de19\/convocatoria-rutas-ingl&amp;eacute;s-2019-firmada.pdf\" rel=\"noreferrer noopener\" target=\"_blank\">Resoluci\u00f3n de ConvocatoriaEnlace externo, se abre en ventana nueva<\/a>&nbsp;Fecha de publicaci\u00f3n en la web: 13-09-2019<\/li><li><a href=\"http:\/\/www.pap.hacienda.gob.es\/bdnstrans\/GE\/es\/convocatoria\/473384\" rel=\"noreferrer noopener\" target=\"_blank\">Enlace Base Nacional de SubvencionesEnlace externo, se abre en ventana nueva<\/a>&nbsp;Fecha de publicaci\u00f3n en la BDNS: 19-09-2019<\/li><\/ul>\n\n\n\n<h2 class=\"wp-block-heading\" id=\"ds\">Solicitud<\/h2>\n\n\n\n<p class=\"wp-block-paragraph\"><a href=\"http:\/\/www.educacionyfp.gob.es\/servicios-al-ciudadano\/catalogo\/estudiantes\/becas-ayudas\/para-estudiar\/idiomas\/rutas-ingles-otono.html#indice\">Subir<\/a><\/p>\n\n\n\n<h3 class=\"wp-block-heading\" id=\"ds1\">Plazo de presentaci\u00f3n de solicitudes<\/h3>\n\n\n\n<ul class=\"wp-block-list\"><li>Desde el 20 de septiembre de 2019<\/li><li>Hasta el 07 de octubre de 2019<\/li><\/ul>\n\n\n\n<p class=\"wp-block-paragraph\"><strong>Plazo de presentaci\u00f3n de solicitudes abierto<\/strong><\/p>\n\n\n\n<h3 class=\"wp-block-heading\" id=\"ds4\">Documentaci\u00f3n<\/h3>\n\n\n\n<p class=\"wp-block-paragraph\">Al formulario de solicitud que ser\u00e1 accesible a trav\u00e9s de la sede electr\u00f3nica https:\/\/sede.educacion.gob.es del Ministerio de Educaci\u00f3n y Formaci\u00f3n Profesional, secci\u00f3n \u201cBuscar tr\u00e1mites\u201d, se adjuntar\u00e1 la siguiente documentaci\u00f3n:<\/p>\n\n\n\n<ul class=\"wp-block-list\"><li>Proyecto de participaci\u00f3n, original y espec\u00edfico para esta convocatoria y para el nivel educativo del grupo de alumnos solicitante, al que se refiere el apartado tercero, punto 3 de la convocatoria.<\/li><li>Documento de aprobaci\u00f3n de la participaci\u00f3n del centro en el programa: a estos efectos se presentar\u00e1 copia del acta del Consejo Escolar del Centro o del apartado del Proyecto Educativo de Centro o Programaci\u00f3n General Anual en la que haga referencia a su participaci\u00f3n en esta actividad, o en su caso, certificaci\u00f3n del Director en la que se constate la aprobaci\u00f3n de la participaci\u00f3n del centro en el presente programa, que igualmente deber\u00e1 adjuntarse en un fichero electr\u00f3nico.<\/li><li>Acreditaciones de la obtenci\u00f3n de premios de \u00e1mbito educativo concedidos en concurrencia al centro en los \u00faltimos cinco a\u00f1os, a contabilizar desde el curso escolar 2014-2015, convocados por las Administraciones educativas internacionales, nacionales, auton\u00f3micas o locales, o bien por entidades privadas con intereses educativos. Dichas acreditaciones se adjuntar\u00e1n en formato digital siguiendo las instrucciones de la sede electr\u00f3nica.<\/li><li>Autorizaciones familiares: La Direcci\u00f3n del centro certificar\u00e1 en la solicitud que en caso de resultar beneficiarios de una ayuda, dispondr\u00e1 y custodiar\u00e1 la autorizaci\u00f3n del padre, madre o tutor de cada uno de los alumnos, necesaria para su participaci\u00f3n en el programa y, en su caso, la autorizaci\u00f3n de la cesi\u00f3n de im\u00e1genes con fines exclusivamente educativos, de acuerdo al modelo del Anexo III.<\/li><\/ul>\n\n\n\n<h3 class=\"wp-block-heading\" id=\"ds5\">Presentaci\u00f3n de la solicitud<\/h3>\n\n\n\n<p class=\"wp-block-paragraph\">De acuerdo con el apartado tercero 5. de la convocatoria, el registro de la solicitud se ralizar\u00e1 de manera telem\u00e1tica en la sede electr\u00f3nica del Ministerio de Educaci\u00f3n y Formaci\u00f3n Profesional mediante certificado electr\u00f3nico emitido por alguna autoridad de certificaci\u00f3n reconocida por la plataforma de validaci\u00f3n de firma electr\u00f3nica @firma.<\/p>\n\n\n\n<h3 class=\"wp-block-heading\" id=\"ds6\">M\u00e1s informaci\u00f3n sobre la solicitud<\/h3>\n\n\n\n<figure class=\"wp-block-image\"><img data-recalc-dims=\"1\" decoding=\"async\" src=\"https:\/\/i0.wp.com\/www.educacionyfp.gob.es\/docroot\/img\/iconos\/13\/ico-mail.gif?w=1170\" alt=\"e-mail\"\/><\/figure>\n\n\n\n<p class=\"wp-block-paragraph\">Correo electr\u00f3nico:&nbsp;<a href=\"mailto:inmersion.ingles@educacion.gob.es\">inmersion.ingles@educacion.gob.es&nbsp;<\/a><\/p>\n\n\n\n<p class=\"wp-block-paragraph\">Las consultas sobre el procedimiento pueden realizarse por cualquiera de los medios que se encuentran en la p\u00e1gina de Informaci\u00f3n administrativa<\/p>\n","protected":false},"excerpt":{"rendered":"<p>Compartimos con todas y todos vosotros esta informaci\u00f3n por si os interesa participar con vuestro alumnado. Pod\u00e9is encontrar toda la informaci\u00f3n en el siguiente enlace. Descripci\u00f3n Programa de ayudas a centros educativos para complementar los conocimientos que los alumnos reciben en sus centros, a trav\u00e9s de diversas actividades desarrolladas a lo largo del recorrido por [&hellip;]<\/p>\n","protected":false},"author":3,"featured_media":1371,"comment_status":"open","ping_status":"open","sticky":false,"template":"","format":"standard","meta":{"_crdt_document":"","advanced_seo_description":"","jetpack_seo_html_title":"","jetpack_seo_noindex":false,"jetpack_post_was_ever_published":false,"_jetpack_newsletter_access":"","_jetpack_dont_email_post_to_subs":false,"_jetpack_newsletter_tier_id":0,"_jetpack_memberships_contains_paywalled_content":false,"_jetpack_memberships_contains_paid_content":false,"footnotes":"","jetpack_publicize_message":"","jetpack_publicize_feature_enabled":true,"jetpack_social_post_already_shared":true,"jetpack_social_options":{"image_generator_settings":{"template":"highway","default_image_id":0,"font":"","enabled":false},"version":2}},"categories":[5],"tags":[100,175,44],"class_list":{"0":"post-3044","1":"post","2":"type-post","3":"status-publish","4":"format-standard","5":"has-post-thumbnail","7":"category-noticias","8":"tag-ingles","9":"tag-inmersion-liguistica","10":"tag-lengua","11":"czr-hentry"},"jetpack_publicize_connections":[],"jetpack_featured_media_url":"https:\/\/i0.wp.com\/cepronda.com\/blog\/wp-content\/uploads\/2017\/10\/logo-Gobierno-con-banderas-Instituto-Igualdad-Oportunidades-nuevo.jpg?fit=800%2C142&ssl=1","jetpack_shortlink":"https:\/\/wp.me\/p8M4X7-N6","jetpack-related-posts":[{"id":3390,"url":"https:\/\/cepronda.com\/blog\/programa-de-inmersion-linguistica-en-lengua-inglesa-en-espana-durante-la-primavera-de-2020\/","url_meta":{"origin":3044,"position":0},"title":"Programa de inmersi\u00f3n ling\u00fc\u00edstica en lengua inglesa en Espa\u00f1a durante la primavera de 2020","author":"V\u00edctor Caballero","date":"4 febrero, 2020","format":false,"excerpt":"\u00a1Hola de nuevo! Volvemos a compartir con todos los centros de Primaria y Secundaria interesados esta convocatoria, que creemos puede ser muy interesante. Se trata del Extracto de la Resoluci\u00f3n de 11 de diciembre de 2019, de la Secretar\u00eda de Estado de Educaci\u00f3n y Formaci\u00f3n Profesional por la que se\u2026","rel":"","context":"En \u00abFormaciones\u00bb","block_context":{"text":"Formaciones","link":"https:\/\/cepronda.com\/blog\/category\/formaciones\/"},"img":{"alt_text":"","src":"https:\/\/i0.wp.com\/cepronda.com\/blog\/wp-content\/uploads\/2018\/10\/american-1209605_1920.jpg?fit=1200%2C800&ssl=1&resize=350%2C200","width":350,"height":200,"srcset":"https:\/\/i0.wp.com\/cepronda.com\/blog\/wp-content\/uploads\/2018\/10\/american-1209605_1920.jpg?fit=1200%2C800&ssl=1&resize=350%2C200 1x, https:\/\/i0.wp.com\/cepronda.com\/blog\/wp-content\/uploads\/2018\/10\/american-1209605_1920.jpg?fit=1200%2C800&ssl=1&resize=525%2C300 1.5x, https:\/\/i0.wp.com\/cepronda.com\/blog\/wp-content\/uploads\/2018\/10\/american-1209605_1920.jpg?fit=1200%2C800&ssl=1&resize=700%2C400 2x, https:\/\/i0.wp.com\/cepronda.com\/blog\/wp-content\/uploads\/2018\/10\/american-1209605_1920.jpg?fit=1200%2C800&ssl=1&resize=1050%2C600 3x"},"classes":[]},{"id":1098,"url":"https:\/\/cepronda.com\/blog\/programa-de-inmersion-linguistica-para-el-profesorado-con-destino-en-los-centros-publicos-bilingues-convocatoria-2017\/","url_meta":{"origin":3044,"position":1},"title":"Programa de Inmersi\u00f3n Ling\u00fc\u00edstica para el profesorado con destino en los centros p\u00fablicos biling\u00fces. Convocatoria 2017","author":"V\u00edctor Caballero","date":"29 mayo, 2017","format":false,"excerpt":"\u00a1Hola de nuevo! Seguimos informando de novedades... En este caso se trata del inicio del plazo de inscripci\u00f3n en el programa de inmersi\u00f3n ling\u00fc\u00edstica para el profesorado con destino en los centros p\u00fablicos biling\u00fces, en su convocatoria del a\u00f1o 2017. Para poder acceder a la informaci\u00f3n s\u00f3lo ten\u00e9is que hacer\u2026","rel":"","context":"En \u00abNoticias\u00bb","block_context":{"text":"Noticias","link":"https:\/\/cepronda.com\/blog\/category\/noticias\/"},"img":{"alt_text":"","src":"https:\/\/i0.wp.com\/cepronda.com\/blog\/wp-content\/uploads\/2017\/05\/learn-2004905_640.png?fit=640%2C285&ssl=1&resize=350%2C200","width":350,"height":200,"srcset":"https:\/\/i0.wp.com\/cepronda.com\/blog\/wp-content\/uploads\/2017\/05\/learn-2004905_640.png?fit=640%2C285&ssl=1&resize=350%2C200 1x, https:\/\/i0.wp.com\/cepronda.com\/blog\/wp-content\/uploads\/2017\/05\/learn-2004905_640.png?fit=640%2C285&ssl=1&resize=525%2C300 1.5x"},"classes":[]},{"id":5406,"url":"https:\/\/cepronda.com\/blog\/curso-inmersion-moodle-22-23\/","url_meta":{"origin":3044,"position":2},"title":"CURSO \u00abINMERSI\u00d3N MOODLE 22-23\u00bb","author":"Inmaculada Garc\u00eda","date":"5 septiembre, 2022","format":false,"excerpt":"Os informamos que el CEP de M\u00e1laga ha abierto el plazo de inscripci\u00f3n en el curso de\u00a0INMERSI\u00d3N\u00a0MOODLE 2022-23, con c\u00f3digo: 232922GE080.\u00a0Es una formaci\u00f3n de car\u00e1cter provincial y es PRESENCIAL. Fecha de realizaci\u00f3n del 13 de octubre al 10 de noviembre del 2022. El curso se realizar\u00e1 todos los jueves comprendidos\u2026","rel":"","context":"En \u00abFormaciones\u00bb","block_context":{"text":"Formaciones","link":"https:\/\/cepronda.com\/blog\/category\/formaciones\/"},"img":{"alt_text":"","src":"https:\/\/i0.wp.com\/cepronda.com\/blog\/wp-content\/uploads\/2022\/09\/Copia-de-ESTANCIAS-FORMATIVAS-EN-EMPRESAS-PARA-EL-PROFESORADO-DE-FORMACION-PROFESIONAL-2.png?fit=1080%2C1080&ssl=1&resize=350%2C200","width":350,"height":200,"srcset":"https:\/\/i0.wp.com\/cepronda.com\/blog\/wp-content\/uploads\/2022\/09\/Copia-de-ESTANCIAS-FORMATIVAS-EN-EMPRESAS-PARA-EL-PROFESORADO-DE-FORMACION-PROFESIONAL-2.png?fit=1080%2C1080&ssl=1&resize=350%2C200 1x, https:\/\/i0.wp.com\/cepronda.com\/blog\/wp-content\/uploads\/2022\/09\/Copia-de-ESTANCIAS-FORMATIVAS-EN-EMPRESAS-PARA-EL-PROFESORADO-DE-FORMACION-PROFESIONAL-2.png?fit=1080%2C1080&ssl=1&resize=525%2C300 1.5x, https:\/\/i0.wp.com\/cepronda.com\/blog\/wp-content\/uploads\/2022\/09\/Copia-de-ESTANCIAS-FORMATIVAS-EN-EMPRESAS-PARA-EL-PROFESORADO-DE-FORMACION-PROFESIONAL-2.png?fit=1080%2C1080&ssl=1&resize=700%2C400 2x, https:\/\/i0.wp.com\/cepronda.com\/blog\/wp-content\/uploads\/2022\/09\/Copia-de-ESTANCIAS-FORMATIVAS-EN-EMPRESAS-PARA-EL-PROFESORADO-DE-FORMACION-PROFESIONAL-2.png?fit=1080%2C1080&ssl=1&resize=1050%2C600 3x"},"classes":[]},{"id":1199,"url":"https:\/\/cepronda.com\/blog\/plazo-de-inscripcion-para-otros-programas-interesantes\/","url_meta":{"origin":3044,"position":3},"title":"Plazo de inscripci\u00f3n para otros programas interesantes","author":"V\u00edctor Caballero","date":"4 septiembre, 2017","format":false,"excerpt":"\u00a1Hola de nuevo! Nos sigue llegando informaci\u00f3n que queremos compartir con todos y todas vosotras por si os resulta de inter\u00e9s. En este caso se trata de dos programas: Por un lado el Parlamento Europeo viene organizando anualmente el programa \"Escuelas Embajadoras del Parlamento Europeo\". Este programa, que pretende acercar\u2026","rel":"","context":"En \u00abNoticias\u00bb","block_context":{"text":"Noticias","link":"https:\/\/cepronda.com\/blog\/category\/noticias\/"},"img":{"alt_text":"","src":"https:\/\/i0.wp.com\/cepronda.com\/blog\/wp-content\/uploads\/2017\/05\/hands-1697898_640.jpg?fit=640%2C426&ssl=1&resize=350%2C200","width":350,"height":200,"srcset":"https:\/\/i0.wp.com\/cepronda.com\/blog\/wp-content\/uploads\/2017\/05\/hands-1697898_640.jpg?fit=640%2C426&ssl=1&resize=350%2C200 1x, https:\/\/i0.wp.com\/cepronda.com\/blog\/wp-content\/uploads\/2017\/05\/hands-1697898_640.jpg?fit=640%2C426&ssl=1&resize=525%2C300 1.5x"},"classes":[]},{"id":2243,"url":"https:\/\/cepronda.com\/blog\/programa-de-escuelas-mentoras\/","url_meta":{"origin":3044,"position":4},"title":"Programa de Escuelas Mentoras","author":"V\u00edctor Caballero","date":"3 septiembre, 2018","format":false,"excerpt":"Y seguimos con las novedades... En este caso se trata de un programa que el curso pasado se puso a mediados de curso y de forma experimental y, este curso, se pone en marcha desde ya, de modo que el aprendizaje mutuo sea mayor. Escuelas mentoras es un programa de\u2026","rel":"","context":"En \u00abNoticias\u00bb","block_context":{"text":"Noticias","link":"https:\/\/cepronda.com\/blog\/category\/noticias\/"},"img":{"alt_text":"","src":"https:\/\/i0.wp.com\/cepronda.com\/blog\/wp-content\/uploads\/2018\/09\/puzzle-210785_640.jpg?fit=640%2C480&ssl=1&resize=350%2C200","width":350,"height":200,"srcset":"https:\/\/i0.wp.com\/cepronda.com\/blog\/wp-content\/uploads\/2018\/09\/puzzle-210785_640.jpg?fit=640%2C480&ssl=1&resize=350%2C200 1x, https:\/\/i0.wp.com\/cepronda.com\/blog\/wp-content\/uploads\/2018\/09\/puzzle-210785_640.jpg?fit=640%2C480&ssl=1&resize=525%2C300 1.5x"},"classes":[]},{"id":1669,"url":"https:\/\/cepronda.com\/blog\/programa-nacional-recuperacion-y-utilizacion-educativa-de-pueblos-abandonados\/","url_meta":{"origin":3044,"position":5},"title":"Programa nacional \u00abRecuperaci\u00f3n y Utilizaci\u00f3n Educativa de Pueblos Abandonados\u00bb","author":"V\u00edctor Caballero","date":"5 abril, 2018","format":false,"excerpt":"Hola de nuevo, Desde la Consejer\u00eda de Educaci\u00f3n nos informan de este programa que creemos que puede ser muy interesante. A continuaci\u00f3n os transcribimos la informaci\u00f3n recogida en la web. Se convocan para su concesi\u00f3n en r\u00e9gimen de concurrencia competitiva, becas para un m\u00e1ximo de 700 alumnos de centros educativos\u2026","rel":"","context":"En \u00abNoticias\u00bb","block_context":{"text":"Noticias","link":"https:\/\/cepronda.com\/blog\/category\/noticias\/"},"img":{"alt_text":"","src":"https:\/\/i0.wp.com\/cepronda.com\/blog\/wp-content\/uploads\/2018\/04\/black-people-2000943_640.jpg?fit=640%2C426&ssl=1&resize=350%2C200","width":350,"height":200,"srcset":"https:\/\/i0.wp.com\/cepronda.com\/blog\/wp-content\/uploads\/2018\/04\/black-people-2000943_640.jpg?fit=640%2C426&ssl=1&resize=350%2C200 1x, https:\/\/i0.wp.com\/cepronda.com\/blog\/wp-content\/uploads\/2018\/04\/black-people-2000943_640.jpg?fit=640%2C426&ssl=1&resize=525%2C300 1.5x"},"classes":[]}],"jetpack_sharing_enabled":true,"_links":{"self":[{"href":"https:\/\/cepronda.com\/blog\/wp-json\/wp\/v2\/posts\/3044","targetHints":{"allow":["GET"]}}],"collection":[{"href":"https:\/\/cepronda.com\/blog\/wp-json\/wp\/v2\/posts"}],"about":[{"href":"https:\/\/cepronda.com\/blog\/wp-json\/wp\/v2\/types\/post"}],"author":[{"embeddable":true,"href":"https:\/\/cepronda.com\/blog\/wp-json\/wp\/v2\/users\/3"}],"replies":[{"embeddable":true,"href":"https:\/\/cepronda.com\/blog\/wp-json\/wp\/v2\/comments?post=3044"}],"version-history":[{"count":1,"href":"https:\/\/cepronda.com\/blog\/wp-json\/wp\/v2\/posts\/3044\/revisions"}],"predecessor-version":[{"id":3045,"href":"https:\/\/cepronda.com\/blog\/wp-json\/wp\/v2\/posts\/3044\/revisions\/3045"}],"wp:featuredmedia":[{"embeddable":true,"href":"https:\/\/cepronda.com\/blog\/wp-json\/wp\/v2\/media\/1371"}],"wp:attachment":[{"href":"https:\/\/cepronda.com\/blog\/wp-json\/wp\/v2\/media?parent=3044"}],"wp:term":[{"taxonomy":"category","embeddable":true,"href":"https:\/\/cepronda.com\/blog\/wp-json\/wp\/v2\/categories?post=3044"},{"taxonomy":"post_tag","embeddable":true,"href":"https:\/\/cepronda.com\/blog\/wp-json\/wp\/v2\/tags?post=3044"}],"curies":[{"name":"wp","href":"https:\/\/api.w.org\/{rel}","templated":true}]}}