{"id":3022,"date":"2019-09-23T13:52:41","date_gmt":"2019-09-23T11:52:41","guid":{"rendered":"http:\/\/cepronda.com\/blog\/?p=3022"},"modified":"2019-09-23T13:52:49","modified_gmt":"2019-09-23T11:52:49","slug":"instrucciones-de-grupo-de-trabajo-y-formaciones-en-centro","status":"publish","type":"post","link":"https:\/\/cepronda.com\/blog\/instrucciones-de-grupo-de-trabajo-y-formaciones-en-centro\/","title":{"rendered":"Instrucciones de Grupo de Trabajo y Formaciones en Centro"},"content":{"rendered":"\n<p class=\"wp-block-paragraph\">Muy buenas de nuevo, <\/p>\n\n\n\n<p class=\"wp-block-paragraph\">Por fin salieron publicadas las instrucciones que rigen el funcionamiento de los Grupos de Trabajo y Formaciones en Centro. Os las compartimos, y adem\u00e1s os comentamos que este jueves pr\u00f3ximo tendr\u00e1n lugar las jornadas informativas donde aclararemos todas vuestras dudas y adem\u00e1s podr\u00e9is ver algunas de las buenas pr\u00e1cticas de los grupos de trabajo y formaciones en centro del curso pasado. <\/p>\n\n\n\n<p class=\"wp-block-paragraph\">Os animamos a asistir, ser\u00e1n el jueves 26 de 16\u00b430 a 19\u00b430 en el CEP de Ronda. <\/p>\n\n\n\n<p class=\"wp-block-paragraph\"><a rel=\"noreferrer noopener\" aria-label=\" INSTRUCCIONES 9 DE SEPTIEMBRE DE 2019 DE LA DIRECCI\u00d3N GENERAL DE FORMACI\u00d3N DEL PROFESORADO E INNOVACI\u00d3N EDUCATIVA PARA EL DESARROLLO DE LA FORMACI\u00d3N EN CENTRO. (opens in a new tab)\" href=\"http:\/\/www.juntadeandalucia.es\/educacion\/portals\/delegate\/content\/fb17cb39-f468-4962-933c-628ef6f41a9f\/Instrucc.de%209-09-2019\" target=\"_blank\"> INSTRUCCIONES 9 DE SEPTIEMBRE DE 2019 DE LA DIRECCI\u00d3N GENERAL DE FORMACI\u00d3N DEL PROFESORADO E INNOVACI\u00d3N EDUCATIVA PARA EL DESARROLLO DE LA FORMACI\u00d3N EN CENTRO.<\/a> <\/p>\n\n\n\n<p class=\"wp-block-paragraph\"><a href=\"http:\/\/www.juntadeandalucia.es\/educacion\/portals\/delegate\/content\/32744c65-7068-453a-b183-f3cff06229cd\/Instrucciones%209-9-2019\" target=\"_blank\" rel=\"noreferrer noopener\" aria-label=\" INSTRUCCIONES DE 20 DE SEPTIEMBRE 2019 DE LA DIRECCI\u00d3N GENERAL DE FORMACI\u00d3N DEL PROFESORADO E INNOVACI\u00d3N EDUCATIVA PARA EL DESARROLLO DE GRUPOS DE TRABAJO .  (opens in a new tab)\"> INSTRUCCIONES DE 20 DE SEPTIEMBRE 2019 DE LA DIRECCI\u00d3N GENERAL DE FORMACI\u00d3N DEL PROFESORADO E INNOVACI\u00d3N EDUCATIVA PARA EL DESARROLLO DE GRUPOS DE TRABAJO . <\/a><\/p>\n","protected":false},"excerpt":{"rendered":"<p>Muy buenas de nuevo, Por fin salieron publicadas las instrucciones que rigen el funcionamiento de los Grupos de Trabajo y Formaciones en Centro. Os las compartimos, y adem\u00e1s os comentamos que este jueves pr\u00f3ximo tendr\u00e1n lugar las jornadas informativas donde aclararemos todas vuestras dudas y adem\u00e1s podr\u00e9is ver algunas de las buenas pr\u00e1cticas de los [&hellip;]<\/p>\n","protected":false},"author":3,"featured_media":2974,"comment_status":"open","ping_status":"open","sticky":false,"template":"","format":"standard","meta":{"_crdt_document":"","advanced_seo_description":"","jetpack_seo_html_title":"","jetpack_seo_noindex":false,"jetpack_post_was_ever_published":false,"_jetpack_newsletter_access":"","_jetpack_dont_email_post_to_subs":false,"_jetpack_newsletter_tier_id":0,"_jetpack_memberships_contains_paywalled_content":false,"_jetpack_memberships_contains_paid_content":false,"footnotes":"","jetpack_publicize_message":"Instrucciones de Grupo de Trabajo y Formaciones en Centro. Te esperamos en las jornadas informativas el pr\u00f3ximo jueves 26 de septiembre","jetpack_publicize_feature_enabled":true,"jetpack_social_post_already_shared":true,"jetpack_social_options":{"image_generator_settings":{"template":"highway","default_image_id":0,"font":"","enabled":false},"version":2}},"categories":[3],"tags":[81],"class_list":{"0":"post-3022","1":"post","2":"type-post","3":"status-publish","4":"format-standard","5":"has-post-thumbnail","7":"category-formaciones","8":"tag-autoformacion","9":"czr-hentry"},"jetpack_publicize_connections":[],"jetpack_featured_media_url":"https:\/\/i0.wp.com\/cepronda.com\/blog\/wp-content\/uploads\/2019\/09\/GT_FC_PyP.png?fit=644%2C907&ssl=1","jetpack_shortlink":"https:\/\/wp.me\/p8M4X7-MK","jetpack-related-posts":[{"id":4605,"url":"https:\/\/cepronda.com\/blog\/grupos-de-trabajo-y-formacion-en-centro-instrucciones\/","url_meta":{"origin":3022,"position":0},"title":"GRUPOS DE TRABAJO Y FORMACI\u00d3N EN CENTRO. Instrucciones.","author":"Maribel Mu\u00f1oz","date":"14 septiembre, 2021","format":false,"excerpt":"Buenas tardes compa\u00f1eras y compa\u00f1eros, Os informamos que\u00a0 se han publicado las Instrucciones para el desarrollo de\u00a0 Grupos de Trabajo y\u00a0 Formaci\u00f3n en Centro, del curso 21\/22. Estas dos modalidades de autoformaci\u00f3n se solicitan v\u00eda S\u00e9neca. El plazo de solicitud estar\u00e1 abierto hasta el 15 de octubre. Adjuntamos las instrucciones\u2026","rel":"","context":"En \u00abFormaciones\u00bb","block_context":{"text":"Formaciones","link":"https:\/\/cepronda.com\/blog\/category\/formaciones\/"},"img":{"alt_text":"","src":"https:\/\/i0.wp.com\/cepronda.com\/blog\/wp-content\/uploads\/2020\/09\/Logo-progamas-de-formacion-oficial.jpg?resize=350%2C200","width":350,"height":200},"classes":[]},{"id":2264,"url":"https:\/\/cepronda.com\/blog\/convocatorias-de-grupos-de-trabajo-formaciones-en-centro-y-programas-educativos\/","url_meta":{"origin":3022,"position":1},"title":"Convocatorias de grupos de trabajo, formaciones en centro y programas educativos","author":"V\u00edctor Caballero","date":"6 septiembre, 2018","format":false,"excerpt":"Seguimos con las informaciones de principio de curso, y en este caso se trata de informaros\u00a0 sobre las tres instrucciones que regulan las distintas modalidades de autoformaci\u00f3n que pod\u00e9is hacer en vuestros centros este curso escolar. Os dejamos con el enlace a todas estas instrucciones: Instrucciones de 28 de agosto\u2026","rel":"","context":"En \u00abFormaciones\u00bb","block_context":{"text":"Formaciones","link":"https:\/\/cepronda.com\/blog\/category\/formaciones\/"},"img":{"alt_text":"","src":"https:\/\/i0.wp.com\/cepronda.com\/blog\/wp-content\/uploads\/2017\/05\/logo_ja_ce_mejor.jpg?fit=732%2C600&ssl=1&resize=350%2C200","width":350,"height":200,"srcset":"https:\/\/i0.wp.com\/cepronda.com\/blog\/wp-content\/uploads\/2017\/05\/logo_ja_ce_mejor.jpg?fit=732%2C600&ssl=1&resize=350%2C200 1x, https:\/\/i0.wp.com\/cepronda.com\/blog\/wp-content\/uploads\/2017\/05\/logo_ja_ce_mejor.jpg?fit=732%2C600&ssl=1&resize=525%2C300 1.5x, https:\/\/i0.wp.com\/cepronda.com\/blog\/wp-content\/uploads\/2017\/05\/logo_ja_ce_mejor.jpg?fit=732%2C600&ssl=1&resize=700%2C400 2x"},"classes":[]},{"id":2973,"url":"https:\/\/cepronda.com\/blog\/jornadas-informativas-sobre-la-convocatoria-de-grupos-de-trabajo-formacion-en-centros-y-programas-educativos\/","url_meta":{"origin":3022,"position":2},"title":"JORNADAS INFORMATIVAS SOBRE LA CONVOCATORIA DE GRUPOS DE TRABAJO, FORMACI\u00d3N EN CENTROS Y PROGRAMAS EDUCATIVOS","author":"V\u00edctor Caballero","date":"6 septiembre, 2019","format":false,"excerpt":"Muy buenas, Abrimos el periodo de inscripci\u00f3n para uno de nuestros cl\u00e1sicos de principios de curso, y son las jornadas de presentaci\u00f3n de las buenas pr\u00e1cticas de los grupos de trabajo y formaciones en centro del curso anterior. Asimismo estas jornadas tienen como objetivo presentaros las instrucciones relativas a los\u2026","rel":"","context":"En \u00abFormaciones\u00bb","block_context":{"text":"Formaciones","link":"https:\/\/cepronda.com\/blog\/category\/formaciones\/"},"img":{"alt_text":"","src":"https:\/\/i0.wp.com\/cepronda.com\/blog\/wp-content\/uploads\/2019\/09\/GT_FC_PyP.png?fit=644%2C907&ssl=1&resize=350%2C200","width":350,"height":200,"srcset":"https:\/\/i0.wp.com\/cepronda.com\/blog\/wp-content\/uploads\/2019\/09\/GT_FC_PyP.png?fit=644%2C907&ssl=1&resize=350%2C200 1x, https:\/\/i0.wp.com\/cepronda.com\/blog\/wp-content\/uploads\/2019\/09\/GT_FC_PyP.png?fit=644%2C907&ssl=1&resize=525%2C300 1.5x"},"classes":[]},{"id":1225,"url":"https:\/\/cepronda.com\/blog\/jornada-informativa-sobre-los-grupos-de-trabajo-y-formaciones-en-centro\/","url_meta":{"origin":3022,"position":3},"title":"Jornada informativa sobre los Grupos de Trabajo y Formaciones en Centro","author":"V\u00edctor Caballero","date":"13 septiembre, 2017","format":false,"excerpt":"Muy buenas, Hoy queremos contaros que el pr\u00f3ximo mi\u00e9rcoles d\u00eda 20, de 16'30 a 19'30, tendremos una sesi\u00f3n informativa sobre la normativa que regula los Grupos de Trabajo, las Formaciones en Centro, y la formaci\u00f3n vinculada a los distintos Planes y Programas Educativos. En esta jornada podremos informaros de esta\u2026","rel":"","context":"En \u00abNoticias\u00bb","block_context":{"text":"Noticias","link":"https:\/\/cepronda.com\/blog\/category\/noticias\/"},"img":{"alt_text":"","src":"https:\/\/i0.wp.com\/cepronda.com\/blog\/wp-content\/uploads\/2017\/05\/cropped-LogoCep02-2.png?fit=512%2C512&ssl=1&resize=350%2C200","width":350,"height":200},"classes":[]},{"id":3777,"url":"https:\/\/cepronda.com\/blog\/grupos-de-trabajo-formacion-en-centros-programas-para-la-innovacion-educativa\/","url_meta":{"origin":3022,"position":4},"title":"Grupos de trabajo. Formaci\u00f3n en centros. Programas para la innovaci\u00f3n educativa.","author":"Maribel Mu\u00f1oz","date":"28 septiembre, 2020","format":false,"excerpt":"Buenos d\u00edas compa\u00f1eras y compa\u00f1eros, Os informamos que est\u00e1 abierto el plazo para solicitar Grupos de Trabajo y as\u00ed como Formaci\u00f3n en Centros. Estas dos modalidades de autoformaci\u00f3n se solicitan v\u00eda S\u00e9neca. Adjuntamos las instrucciones publicadas ( GT y FC) . Tambi\u00e9n os hacemos llegar las instrucciones relativas a la\u2026","rel":"","context":"En \u00abFormaciones\u00bb","block_context":{"text":"Formaciones","link":"https:\/\/cepronda.com\/blog\/category\/formaciones\/"},"img":{"alt_text":"","src":"https:\/\/i0.wp.com\/cepronda.com\/blog\/wp-content\/uploads\/2020\/09\/Logo-progamas-de-formacion-oficial.jpg?resize=350%2C200","width":350,"height":200},"classes":[]},{"id":3000,"url":"https:\/\/cepronda.com\/blog\/aplazada-la-jornada-informativa-sobre-las-formaciones-en-centro-y-los-grupos-de-trabajo\/","url_meta":{"origin":3022,"position":5},"title":"Aplazada la Jornada informativa sobre las Formaciones en Centro y los Grupos de Trabajo","author":"V\u00edctor Caballero","date":"17 septiembre, 2019","format":false,"excerpt":"Desde el CEP de Ronda, se informa a todos los Centros que se aplaza al jueves 26\/09\/2019 las JORNADAS GRUPOS DE TRABAJO, FORMACI\u00d3N EN CENTROS, PLANES Y PROGRAMAS que ten\u00edan fecha el 19\/09\/2019 por no salir las instrucciones normativas que la regulan. Esperamos a que salgan pronto, pero a\u00fan no\u2026","rel":"","context":"En \u00abFormaciones\u00bb","block_context":{"text":"Formaciones","link":"https:\/\/cepronda.com\/blog\/category\/formaciones\/"},"img":{"alt_text":"","src":"","width":0,"height":0},"classes":[]}],"jetpack_sharing_enabled":true,"_links":{"self":[{"href":"https:\/\/cepronda.com\/blog\/wp-json\/wp\/v2\/posts\/3022","targetHints":{"allow":["GET"]}}],"collection":[{"href":"https:\/\/cepronda.com\/blog\/wp-json\/wp\/v2\/posts"}],"about":[{"href":"https:\/\/cepronda.com\/blog\/wp-json\/wp\/v2\/types\/post"}],"author":[{"embeddable":true,"href":"https:\/\/cepronda.com\/blog\/wp-json\/wp\/v2\/users\/3"}],"replies":[{"embeddable":true,"href":"https:\/\/cepronda.com\/blog\/wp-json\/wp\/v2\/comments?post=3022"}],"version-history":[{"count":1,"href":"https:\/\/cepronda.com\/blog\/wp-json\/wp\/v2\/posts\/3022\/revisions"}],"predecessor-version":[{"id":3023,"href":"https:\/\/cepronda.com\/blog\/wp-json\/wp\/v2\/posts\/3022\/revisions\/3023"}],"wp:featuredmedia":[{"embeddable":true,"href":"https:\/\/cepronda.com\/blog\/wp-json\/wp\/v2\/media\/2974"}],"wp:attachment":[{"href":"https:\/\/cepronda.com\/blog\/wp-json\/wp\/v2\/media?parent=3022"}],"wp:term":[{"taxonomy":"category","embeddable":true,"href":"https:\/\/cepronda.com\/blog\/wp-json\/wp\/v2\/categories?post=3022"},{"taxonomy":"post_tag","embeddable":true,"href":"https:\/\/cepronda.com\/blog\/wp-json\/wp\/v2\/tags?post=3022"}],"curies":[{"name":"wp","href":"https:\/\/api.w.org\/{rel}","templated":true}]}}