{"id":3018,"date":"2019-09-23T13:39:30","date_gmt":"2019-09-23T11:39:30","guid":{"rendered":"http:\/\/cepronda.com\/blog\/?p=3018"},"modified":"2019-09-23T13:39:39","modified_gmt":"2019-09-23T11:39:39","slug":"rondatec-primera-feria-de-las-tecnologias-de-ronda-y-su-serrania","status":"publish","type":"post","link":"https:\/\/cepronda.com\/blog\/rondatec-primera-feria-de-las-tecnologias-de-ronda-y-su-serrania\/","title":{"rendered":"RONDATEC: primera feria de las tecnolog\u00edas de Ronda y su Serran\u00eda"},"content":{"rendered":"\n<p class=\"wp-block-paragraph\">Muy buenas familia, <\/p>\n\n\n\n<p class=\"wp-block-paragraph\">Comienza su andadura uno de los proyectos nuevos de este curso escolar, y que creemos que a muchos y muchas de vosotras os puede interesar e implicar a vuestro alumnado.<\/p>\n\n\n\n<p class=\"wp-block-paragraph\">La idea es participar con vuestro alumnado en RONDATEC, mostrando al resto de participantes y p\u00fablico en general el trabajo con vuestro alumnado usando alg\u00fan tipo de tecnolog\u00eda. Esta participaci\u00f3n est\u00e1 abierta a todos los centros y todas las etapas educativas, ya que el objetivo es compartir y conocer. <\/p>\n\n\n\n<p class=\"wp-block-paragraph\">Lo ideal es que asist\u00e1is todos aquellos centros interesados a la Jornada Informativa que tendr\u00e1 lugar el pr\u00f3ximo 17 de octubre en el IES P\u00e9rez de Guzm\u00e1n, y as\u00ed podremos responder a todas vuestras dudas. El hecho de asistir a esta jornada informativa no obligan a participar en la feria, pero seguro que si que os ayuda a animaros a trabajar todo esto en vuestras clases. <\/p>\n\n\n\n<p class=\"wp-block-paragraph\">Mientras tanto os dejamos con este v\u00eddeo presentaci\u00f3n del proyecto. Animaros a venir y formar parte de la historia de RONDATEC.<\/p>\n\n\n\n<figure class=\"wp-block-embed-youtube wp-block-embed is-type-video is-provider-youtube wp-embed-aspect-16-9 wp-has-aspect-ratio\"><div class=\"wp-block-embed__wrapper\">\n<span class=\"embed-youtube\" style=\"text-align:center; display: block;\"><iframe loading=\"lazy\" class=\"youtube-player\" width=\"1170\" height=\"659\" src=\"https:\/\/www.youtube.com\/embed\/vFswZftMcFs?version=3&#038;rel=1&#038;showsearch=0&#038;showinfo=1&#038;iv_load_policy=1&#038;fs=1&#038;hl=es-ES&#038;autohide=2&#038;wmode=transparent\" allowfullscreen=\"true\" style=\"border:0;\" sandbox=\"allow-scripts allow-same-origin allow-popups allow-presentation allow-popups-to-escape-sandbox\"><\/iframe><\/span>\n<\/div><\/figure>\n\n\n\n<p class=\"wp-block-paragraph\">Os dejamos el <a href=\"https:\/\/www.juntadeandalucia.es\/educacion\/secretariavirtual\/consultaCEP\/actividad\/202924GE011\/\" target=\"_blank\" rel=\"noreferrer noopener\" aria-label=\"enlace a la actividad (opens in a new tab)\">enlace a la actividad<\/a> para que os pod\u00e1is inscribir. <\/p>\n","protected":false},"excerpt":{"rendered":"<p>Muy buenas familia, Comienza su andadura uno de los proyectos nuevos de este curso escolar, y que creemos que a muchos y muchas de vosotras os puede interesar e implicar a vuestro alumnado. La idea es participar con vuestro alumnado en RONDATEC, mostrando al resto de participantes y p\u00fablico en general el trabajo con vuestro [&hellip;]<\/p>\n","protected":false},"author":3,"featured_media":3020,"comment_status":"open","ping_status":"open","sticky":false,"template":"","format":"standard","meta":{"_crdt_document":"","advanced_seo_description":"","jetpack_seo_html_title":"","jetpack_seo_noindex":false,"jetpack_post_was_ever_published":false,"_jetpack_newsletter_access":"","_jetpack_dont_email_post_to_subs":false,"_jetpack_newsletter_tier_id":0,"_jetpack_memberships_contains_paywalled_content":false,"_jetpack_memberships_contains_paid_content":false,"footnotes":"","jetpack_publicize_message":"","jetpack_publicize_feature_enabled":true,"jetpack_social_post_already_shared":true,"jetpack_social_options":{"image_generator_settings":{"template":"highway","default_image_id":0,"font":"","enabled":false},"version":2}},"categories":[3],"tags":[36,167,109],"class_list":{"0":"post-3018","1":"post","2":"type-post","3":"status-publish","4":"format-standard","5":"has-post-thumbnail","7":"category-formaciones","8":"tag-herramientas-tic","9":"tag-programacion","10":"tag-robotica","11":"czr-hentry"},"jetpack_publicize_connections":[],"jetpack_featured_media_url":"https:\/\/i0.wp.com\/cepronda.com\/blog\/wp-content\/uploads\/2019\/09\/rondatec_cartel.png?fit=644%2C915&ssl=1","jetpack_shortlink":"https:\/\/wp.me\/p8M4X7-MG","jetpack-related-posts":[{"id":1586,"url":"https:\/\/cepronda.com\/blog\/21a-feria-de-la-ciencia-en-el-parque-de-las-ciencias-de-granada\/","url_meta":{"origin":3018,"position":0},"title":"21\u00aa FERIA DE LA CIENCIA en el Parque de las Ciencias de Granada","author":"V\u00edctor Caballero","date":"2 febrero, 2018","format":false,"excerpt":"\u00a1Muy buenas de nuevo! El s\u00e1bado 12 de mayo el PARQUE DE LAS CIENCIAS celebrar\u00e1 su 21\u00aa FERIA DE LA CIENCIA para la participaci\u00f3n de centros educativos de toda Andaluc\u00eda. Si quer\u00e9is participar en la misma con vuestro alumnado, abrid el documento pdf que ten\u00e9is mas abajo y podr\u00e9is encontrar\u2026","rel":"","context":"En \u00abNoticias\u00bb","block_context":{"text":"Noticias","link":"https:\/\/cepronda.com\/blog\/category\/noticias\/"},"img":{"alt_text":"","src":"https:\/\/i0.wp.com\/cepronda.com\/blog\/wp-content\/uploads\/2018\/02\/ParqueCiencias_Macroscopio.jpg?fit=1024%2C538&ssl=1&resize=350%2C200","width":350,"height":200,"srcset":"https:\/\/i0.wp.com\/cepronda.com\/blog\/wp-content\/uploads\/2018\/02\/ParqueCiencias_Macroscopio.jpg?fit=1024%2C538&ssl=1&resize=350%2C200 1x, https:\/\/i0.wp.com\/cepronda.com\/blog\/wp-content\/uploads\/2018\/02\/ParqueCiencias_Macroscopio.jpg?fit=1024%2C538&ssl=1&resize=525%2C300 1.5x, https:\/\/i0.wp.com\/cepronda.com\/blog\/wp-content\/uploads\/2018\/02\/ParqueCiencias_Macroscopio.jpg?fit=1024%2C538&ssl=1&resize=700%2C400 2x"},"classes":[]},{"id":2272,"url":"https:\/\/cepronda.com\/blog\/iii-certamen-de-microrrelatos-sobre-violencia-de-genero-en-la-juventud-malaga-2018\/","url_meta":{"origin":3018,"position":1},"title":"III Certamen de Microrrelatos sobre Violencia de g\u00e9nero en la juventud &#8211; M\u00e1laga 2018","author":"V\u00edctor Caballero","date":"7 septiembre, 2018","format":false,"excerpt":"Muy buenas de nuevo familia.\u00a0 Hoy queremos compartir con todas y todos vosotros una iniciativa que nos ha llegado por medio de Antonio Poleo. Se trata del III Certamen de Microrrelatos sobre violencia de g\u00e9nero en la juventud. Va dirigido a j\u00f3venes hasta 20 a\u00f1os, as\u00ed que pod\u00e9is participar con\u2026","rel":"","context":"En \u00abNoticias\u00bb","block_context":{"text":"Noticias","link":"https:\/\/cepronda.com\/blog\/category\/noticias\/"},"img":{"alt_text":"","src":"https:\/\/i0.wp.com\/cepronda.com\/blog\/wp-content\/uploads\/2018\/09\/Cartel_Microrrelatos.png?fit=608%2C855&ssl=1&resize=350%2C200","width":350,"height":200,"srcset":"https:\/\/i0.wp.com\/cepronda.com\/blog\/wp-content\/uploads\/2018\/09\/Cartel_Microrrelatos.png?fit=608%2C855&ssl=1&resize=350%2C200 1x, https:\/\/i0.wp.com\/cepronda.com\/blog\/wp-content\/uploads\/2018\/09\/Cartel_Microrrelatos.png?fit=608%2C855&ssl=1&resize=525%2C300 1.5x"},"classes":[]},{"id":2353,"url":"https:\/\/cepronda.com\/blog\/jornada-formativa-sobre-la-first-lego-league\/","url_meta":{"origin":3018,"position":2},"title":"Jornada formativa sobre la First lego League","author":"V\u00edctor Caballero","date":"1 octubre, 2018","format":false,"excerpt":"\u00a1Hola! \u00bfQu\u00e9 tal ha ido ese fin de semana? Seguro que ya con las pilas mas cargadas... Hoy queremos compartir con todos y todas vosotras esta jornada informativa para el pr\u00f3ximo mi\u00e9rcoles 10 de octubre a las 17 horas. En ella informaremos sobre la First Lego League, una actividad que\u2026","rel":"","context":"En \u00abNoticias\u00bb","block_context":{"text":"Noticias","link":"https:\/\/cepronda.com\/blog\/category\/noticias\/"},"img":{"alt_text":"","src":"https:\/\/i0.wp.com\/cepronda.com\/blog\/wp-content\/uploads\/2018\/10\/electrician-499799_640.jpg?fit=640%2C426&ssl=1&resize=350%2C200","width":350,"height":200,"srcset":"https:\/\/i0.wp.com\/cepronda.com\/blog\/wp-content\/uploads\/2018\/10\/electrician-499799_640.jpg?fit=640%2C426&ssl=1&resize=350%2C200 1x, https:\/\/i0.wp.com\/cepronda.com\/blog\/wp-content\/uploads\/2018\/10\/electrician-499799_640.jpg?fit=640%2C426&ssl=1&resize=525%2C300 1.5x"},"classes":[]},{"id":1228,"url":"https:\/\/cepronda.com\/blog\/material-para-prestamos\/","url_meta":{"origin":3018,"position":3},"title":"Material para pr\u00e9stamos","author":"V\u00edctor Caballero","date":"15 septiembre, 2017","format":false,"excerpt":"Muy buenas, Hoy queremos aprovechar esta entrada para recordaros que todos los centros de \u00a0nuestra zona ten\u00e9is a vuestra disposici\u00f3n un amplio material bibliogr\u00e1fico y de consulta del CEP. Y adem\u00e1s para los y las docentes de Educaci\u00f3n F\u00edsica os recordamos que ten\u00e9is a vuestra disposici\u00f3n material de SpeedStacks y\u2026","rel":"","context":"En \u00abNoticias\u00bb","block_context":{"text":"Noticias","link":"https:\/\/cepronda.com\/blog\/category\/noticias\/"},"img":{"alt_text":"","src":"https:\/\/i0.wp.com\/cepronda.com\/blog\/wp-content\/uploads\/2017\/09\/SPEEDSTACKSSportPackof30Sets_XL.jpg?fit=1000%2C1000&ssl=1&resize=350%2C200","width":350,"height":200,"srcset":"https:\/\/i0.wp.com\/cepronda.com\/blog\/wp-content\/uploads\/2017\/09\/SPEEDSTACKSSportPackof30Sets_XL.jpg?fit=1000%2C1000&ssl=1&resize=350%2C200 1x, https:\/\/i0.wp.com\/cepronda.com\/blog\/wp-content\/uploads\/2017\/09\/SPEEDSTACKSSportPackof30Sets_XL.jpg?fit=1000%2C1000&ssl=1&resize=525%2C300 1.5x, https:\/\/i0.wp.com\/cepronda.com\/blog\/wp-content\/uploads\/2017\/09\/SPEEDSTACKSSportPackof30Sets_XL.jpg?fit=1000%2C1000&ssl=1&resize=700%2C400 2x"},"classes":[]},{"id":222,"url":"https:\/\/cepronda.com\/blog\/i-jornada-cpr-serrania-de-ronda\/","url_meta":{"origin":3018,"position":4},"title":"I Jornada CPR Serran\u00eda de Ronda","author":"V\u00edctor Caballero","date":"17 octubre, 2016","format":false,"excerpt":"Hola \"compis\", \u00bfQu\u00e9 tal vuestro fin de semana? Seguro que hab\u00e9is recargado pilas... Para todo el profesorado que trabaje en centros rurales, tanto CPR como centros que tengan al alumnado agrupado por ciclos en clase, hemos preparado las I Jornadas CPR Serran\u00eda de Ronda, donde queremos crear ese espacio de\u2026","rel":"","context":"En \u00abNoticias\u00bb","block_context":{"text":"Noticias","link":"https:\/\/cepronda.com\/blog\/category\/noticias\/"},"img":{"alt_text":"tree-996311_640","src":"https:\/\/i0.wp.com\/cepronda.com\/blog\/wp-content\/uploads\/2016\/10\/tree-996311_640-300x153.jpg?resize=350%2C200","width":350,"height":200},"classes":[]},{"id":4235,"url":"https:\/\/cepronda.com\/blog\/educacion-emocional-herramientas-de-autogestion-y-apoyo-al-alumnado-2\/","url_meta":{"origin":3018,"position":5},"title":"EDUCACI\u00d3N EMOCIONAL: HERRAMIENTAS DE AUTOGESTI\u00d3N Y APOYO AL ALUMNADO.","author":"Inmaculada Garc\u00eda","date":"4 marzo, 2021","format":false,"excerpt":"Hola compa\u00f1eros y compa\u00f1eras, os recordamos que estamos en los \u00faltimos d\u00edas para realizar vuestra inscripci\u00f3n en la actividad formativa \"EDUCACI\u00d3N EMOCIONAL: HERRAMIENTAS DE AUTOGESTI\u00d3N Y APOYO AL ALUMNADO\", con ALBERTO ORTEGA C\u00c1MARA.\u00a0 Esperamos que sea de vuestro inter\u00e9s. PARA REALIZAR TU INSCRIPCI\u00d3N PINCHA AQU\u00cd.","rel":"","context":"En \u00abNoticias\u00bb","block_context":{"text":"Noticias","link":"https:\/\/cepronda.com\/blog\/category\/noticias\/"},"img":{"alt_text":"","src":"https:\/\/i0.wp.com\/cepronda.com\/blog\/wp-content\/uploads\/2021\/02\/EDUCACION-EMOCIONAL_-HERRAMIENTAS-DE-AUTOGESTION-Y-APOYO-AL-ALUMNADO..jpg?fit=848%2C1200&ssl=1&resize=350%2C200","width":350,"height":200,"srcset":"https:\/\/i0.wp.com\/cepronda.com\/blog\/wp-content\/uploads\/2021\/02\/EDUCACION-EMOCIONAL_-HERRAMIENTAS-DE-AUTOGESTION-Y-APOYO-AL-ALUMNADO..jpg?fit=848%2C1200&ssl=1&resize=350%2C200 1x, https:\/\/i0.wp.com\/cepronda.com\/blog\/wp-content\/uploads\/2021\/02\/EDUCACION-EMOCIONAL_-HERRAMIENTAS-DE-AUTOGESTION-Y-APOYO-AL-ALUMNADO..jpg?fit=848%2C1200&ssl=1&resize=525%2C300 1.5x, https:\/\/i0.wp.com\/cepronda.com\/blog\/wp-content\/uploads\/2021\/02\/EDUCACION-EMOCIONAL_-HERRAMIENTAS-DE-AUTOGESTION-Y-APOYO-AL-ALUMNADO..jpg?fit=848%2C1200&ssl=1&resize=700%2C400 2x"},"classes":[]}],"jetpack_sharing_enabled":true,"_links":{"self":[{"href":"https:\/\/cepronda.com\/blog\/wp-json\/wp\/v2\/posts\/3018","targetHints":{"allow":["GET"]}}],"collection":[{"href":"https:\/\/cepronda.com\/blog\/wp-json\/wp\/v2\/posts"}],"about":[{"href":"https:\/\/cepronda.com\/blog\/wp-json\/wp\/v2\/types\/post"}],"author":[{"embeddable":true,"href":"https:\/\/cepronda.com\/blog\/wp-json\/wp\/v2\/users\/3"}],"replies":[{"embeddable":true,"href":"https:\/\/cepronda.com\/blog\/wp-json\/wp\/v2\/comments?post=3018"}],"version-history":[{"count":1,"href":"https:\/\/cepronda.com\/blog\/wp-json\/wp\/v2\/posts\/3018\/revisions"}],"predecessor-version":[{"id":3021,"href":"https:\/\/cepronda.com\/blog\/wp-json\/wp\/v2\/posts\/3018\/revisions\/3021"}],"wp:featuredmedia":[{"embeddable":true,"href":"https:\/\/cepronda.com\/blog\/wp-json\/wp\/v2\/media\/3020"}],"wp:attachment":[{"href":"https:\/\/cepronda.com\/blog\/wp-json\/wp\/v2\/media?parent=3018"}],"wp:term":[{"taxonomy":"category","embeddable":true,"href":"https:\/\/cepronda.com\/blog\/wp-json\/wp\/v2\/categories?post=3018"},{"taxonomy":"post_tag","embeddable":true,"href":"https:\/\/cepronda.com\/blog\/wp-json\/wp\/v2\/tags?post=3018"}],"curies":[{"name":"wp","href":"https:\/\/api.w.org\/{rel}","templated":true}]}}