{"id":3009,"date":"2019-09-19T09:30:45","date_gmt":"2019-09-19T07:30:45","guid":{"rendered":"http:\/\/cepronda.com\/blog\/?p=3009"},"modified":"2025-04-28T12:09:10","modified_gmt":"2025-04-28T10:09:10","slug":"hi-room-una-innovadora-idea-del-ies-profesor-gonzalo-huesa","status":"publish","type":"post","link":"https:\/\/cepronda.com\/blog\/hi-room-una-innovadora-idea-del-ies-profesor-gonzalo-huesa\/","title":{"rendered":"Hi Room! Una innovadora idea del IES Profesor Gonzalo Huesa"},"content":{"rendered":"\n<p class=\"wp-block-paragraph\">Muy buenas,<\/p>\n\n\n\n<p class=\"wp-block-paragraph\">Hace unos d\u00edas con pasaban un v\u00eddeo intrigante desde el Instituto Gonzalo Huesa, y ya hoy hemos podido ver las fotos de la actividad que organizaron para recibir al alumnado de 1\u00ba de ESO. Os recomendamos ver el <a href=\"https:\/\/www.facebook.com\/1495588623836867\/posts\/2714435885285462\/\" target=\"_blank\" rel=\"noreferrer noopener\" aria-label=\"v\u00eddeo que han publicado en sus redes sociales.  (opens in a new tab)\">v\u00eddeo que han publicado en sus redes sociales. <\/a><\/p>\n\n\n\n<p class=\"wp-block-paragraph\">Desde el CEP queremos felicitar al claustro y al equipo directivo del IES Gonzalo Huesa por esta magn\u00edfica iniciativa, que sabemos que ha sido muy bien acogida por el alumnado que llegaba a su primer d\u00eda de clase. <\/p>\n\n\n\n<p class=\"wp-block-paragraph\">\u00a1Enhorabuena!<\/p>\n\n\n\n<div class=\"wp-block-image\"><figure class=\"aligncenter\"><a href=\"https:\/\/www.facebook.com\/1495588623836867\/posts\/2714435885285462\/\" target=\"_blank\" rel=\"noreferrer noopener\"><img data-recalc-dims=\"1\" loading=\"lazy\" decoding=\"async\" width=\"200\" height=\"200\" src=\"https:\/\/i0.wp.com\/cepronda.com\/blog\/wp-content\/uploads\/2019\/09\/IES-Gonzalo-Huesa.png?resize=200%2C200\" alt=\"\" class=\"wp-image-3010\" srcset=\"https:\/\/i0.wp.com\/cepronda.com\/blog\/wp-content\/uploads\/2019\/09\/IES-Gonzalo-Huesa.png?w=200&amp;ssl=1 200w, https:\/\/i0.wp.com\/cepronda.com\/blog\/wp-content\/uploads\/2019\/09\/IES-Gonzalo-Huesa.png?resize=150%2C150&amp;ssl=1 150w, https:\/\/i0.wp.com\/cepronda.com\/blog\/wp-content\/uploads\/2019\/09\/IES-Gonzalo-Huesa.png?resize=50%2C50&amp;ssl=1 50w\" sizes=\"auto, (max-width: 200px) 100vw, 200px\" \/><\/a><\/figure><\/div>\n","protected":false},"excerpt":{"rendered":"<p>Muy buenas, Hace unos d\u00edas con pasaban un v\u00eddeo intrigante desde el Instituto Gonzalo Huesa, y ya hoy hemos podido ver las fotos de la actividad que organizaron para recibir al alumnado de 1\u00ba de ESO. Os recomendamos ver el v\u00eddeo que han publicado en sus redes sociales. Desde el CEP queremos felicitar al claustro [&hellip;]<\/p>\n","protected":false},"author":3,"featured_media":0,"comment_status":"open","ping_status":"open","sticky":false,"template":"","format":"standard","meta":{"_crdt_document":"","advanced_seo_description":"","jetpack_seo_html_title":"","jetpack_seo_noindex":false,"jetpack_post_was_ever_published":false,"_jetpack_newsletter_access":"","_jetpack_dont_email_post_to_subs":false,"_jetpack_newsletter_tier_id":0,"_jetpack_memberships_contains_paywalled_content":false,"_jetpack_memberships_contains_paid_content":false,"footnotes":"","jetpack_publicize_message":"Hi Room! Una innovadora idea del IES Profesor Gonzalo Huesa para recibir al alumnado de 1\u00ba de ESO","jetpack_publicize_feature_enabled":true,"jetpack_social_post_already_shared":true,"jetpack_social_options":{"image_generator_settings":{"template":"highway","default_image_id":0,"font":"","enabled":false},"version":2}},"categories":[5],"tags":[],"class_list":{"0":"post-3009","1":"post","2":"type-post","3":"status-publish","4":"format-standard","6":"category-noticias","7":"czr-hentry"},"jetpack_publicize_connections":[],"jetpack_featured_media_url":"","jetpack_shortlink":"https:\/\/wp.me\/p8M4X7-Mx","jetpack-related-posts":[{"id":2474,"url":"https:\/\/cepronda.com\/blog\/video-contra-la-violencia-de-genero-del-ies-profesor-goznalo-huesa\/","url_meta":{"origin":3009,"position":0},"title":"V\u00eddeo contra la violencia de g\u00e9nero del IES Profesor Goznalo Huesa","author":"V\u00edctor Caballero","date":"27 noviembre, 2018","format":false,"excerpt":"Hola de nuevo, Desde el IES Profesor Gonzalo Huesa nos mandan este v\u00eddeo donde podemos ver como el alumnado se pronuncia contra la violencia de g\u00e9nero. Desde el CEP queremos dar la enhorabuena a todo el profesorado y alumnado participante, ya que han hecho un trabajo excelente.\u00a0 Enlace al v\u00eddeo","rel":"","context":"En \u00abNoticias\u00bb","block_context":{"text":"Noticias","link":"https:\/\/cepronda.com\/blog\/category\/noticias\/"},"img":{"alt_text":"","src":"https:\/\/i0.wp.com\/cepronda.com\/blog\/wp-content\/uploads\/2018\/11\/man-101001_1920.jpg?fit=1200%2C848&ssl=1&resize=350%2C200","width":350,"height":200,"srcset":"https:\/\/i0.wp.com\/cepronda.com\/blog\/wp-content\/uploads\/2018\/11\/man-101001_1920.jpg?fit=1200%2C848&ssl=1&resize=350%2C200 1x, https:\/\/i0.wp.com\/cepronda.com\/blog\/wp-content\/uploads\/2018\/11\/man-101001_1920.jpg?fit=1200%2C848&ssl=1&resize=525%2C300 1.5x, https:\/\/i0.wp.com\/cepronda.com\/blog\/wp-content\/uploads\/2018\/11\/man-101001_1920.jpg?fit=1200%2C848&ssl=1&resize=700%2C400 2x, https:\/\/i0.wp.com\/cepronda.com\/blog\/wp-content\/uploads\/2018\/11\/man-101001_1920.jpg?fit=1200%2C848&ssl=1&resize=1050%2C600 3x"},"classes":[]},{"id":4462,"url":"https:\/\/cepronda.com\/blog\/doble-acreditacion-erasmus-para-el-i-e-s-profesor-gonzalo-huesa\/","url_meta":{"origin":3009,"position":1},"title":"DOBLE ACREDITACI\u00d3N ERASMUS PARA EL I.E.S. PROFESOR GONZALO HUESA","author":"Mar\u00eda Jos\u00e9 M\u00e1rquez","date":"21 abril, 2021","format":false,"excerpt":"\u00a0 Desde el Centro del Profesorado de Ronda queremos felicitar al I.E.S. Profesor Gonzalo Huesa por haber logrado\u00a0una doble acreditaci\u00f3n del programa Erasmus+ dirigida tanto al alumnado de Formaci\u00f3n Profesional como del resto de ense\u00f1anzas que se imparten en el centro.En Andaluc\u00eda, \u00fanicamente, son 12 los centros que cuentan con\u2026","rel":"","context":"En \u00abFormaciones\u00bb","block_context":{"text":"Formaciones","link":"https:\/\/cepronda.com\/blog\/category\/formaciones\/"},"img":{"alt_text":"","src":"https:\/\/i0.wp.com\/cepronda.com\/blog\/wp-content\/uploads\/2021\/04\/acreditacio%CC%81n-ERASMUS-300x152.jpeg?resize=350%2C200","width":350,"height":200},"classes":[]},{"id":2867,"url":"https:\/\/cepronda.com\/blog\/otro-ejemplo-de-escape-room-esta-vez-en-el-ies-profesor-gonzalo-huesa\/","url_meta":{"origin":3009,"position":2},"title":"Otro ejemplo de Escape Room, esta vez en el IES Profesor Gonzalo Huesa","author":"V\u00edctor Caballero","date":"4 junio, 2019","format":false,"excerpt":"\u00a1Muy buenas! Pocas cosas satisfacen m\u00e1s que cuando trabajamos con nuestro alumnado un tema o concepto, y vemos que lo aplican de una manera pr\u00e1ctica. Pues igual nos pasa en el CEP ... pocas cosas satisfacen m\u00e1s que ver que lo trabajado en un curso tiene efectos tan r\u00e1pidos y\u2026","rel":"","context":"En \u00abNoticias\u00bb","block_context":{"text":"Noticias","link":"https:\/\/cepronda.com\/blog\/category\/noticias\/"},"img":{"alt_text":"","src":"https:\/\/i0.wp.com\/cepronda.com\/blog\/wp-content\/uploads\/2019\/05\/strong-box-1429334_1920.jpg?fit=1200%2C863&ssl=1&resize=350%2C200","width":350,"height":200,"srcset":"https:\/\/i0.wp.com\/cepronda.com\/blog\/wp-content\/uploads\/2019\/05\/strong-box-1429334_1920.jpg?fit=1200%2C863&ssl=1&resize=350%2C200 1x, https:\/\/i0.wp.com\/cepronda.com\/blog\/wp-content\/uploads\/2019\/05\/strong-box-1429334_1920.jpg?fit=1200%2C863&ssl=1&resize=525%2C300 1.5x, https:\/\/i0.wp.com\/cepronda.com\/blog\/wp-content\/uploads\/2019\/05\/strong-box-1429334_1920.jpg?fit=1200%2C863&ssl=1&resize=700%2C400 2x, https:\/\/i0.wp.com\/cepronda.com\/blog\/wp-content\/uploads\/2019\/05\/strong-box-1429334_1920.jpg?fit=1200%2C863&ssl=1&resize=1050%2C600 3x"},"classes":[]},{"id":1659,"url":"https:\/\/cepronda.com\/blog\/un-relato-premiado-en-el-ies-profesor-gonzalo-huesa\/","url_meta":{"origin":3009,"position":3},"title":"Un relato premiado en el IES Profesor Gonzalo Huesa","author":"V\u00edctor Caballero","date":"2 abril, 2018","format":false,"excerpt":"Muy buenas, compartimos con todas y todos vosotros esta noticia recibida desde el instituto Profesor Gonzalo Huesa.\u00a0 \"El pasado 22 de febrero recibimos una grata noticia desde la Fundaci\u00f3n Manuel Alc\u00e1ntara. Nuestra alumna Mar\u00eda Guerrero Garc\u00eda de 1\u00ba de Bachillerato obten\u00eda el primer premio en el II Certamen Literario de\u2026","rel":"","context":"En \u00abNoticias\u00bb","block_context":{"text":"Noticias","link":"https:\/\/cepronda.com\/blog\/category\/noticias\/"},"img":{"alt_text":"","src":"https:\/\/i0.wp.com\/cepronda.com\/blog\/wp-content\/uploads\/2018\/04\/Libertad.jpg?fit=1200%2C900&ssl=1&resize=350%2C200","width":350,"height":200,"srcset":"https:\/\/i0.wp.com\/cepronda.com\/blog\/wp-content\/uploads\/2018\/04\/Libertad.jpg?fit=1200%2C900&ssl=1&resize=350%2C200 1x, https:\/\/i0.wp.com\/cepronda.com\/blog\/wp-content\/uploads\/2018\/04\/Libertad.jpg?fit=1200%2C900&ssl=1&resize=525%2C300 1.5x, https:\/\/i0.wp.com\/cepronda.com\/blog\/wp-content\/uploads\/2018\/04\/Libertad.jpg?fit=1200%2C900&ssl=1&resize=700%2C400 2x, https:\/\/i0.wp.com\/cepronda.com\/blog\/wp-content\/uploads\/2018\/04\/Libertad.jpg?fit=1200%2C900&ssl=1&resize=1050%2C600 3x"},"classes":[]},{"id":3630,"url":"https:\/\/cepronda.com\/blog\/ganadores-relatos-cortos\/","url_meta":{"origin":3009,"position":4},"title":"Ganadores Relatos Cortos","author":"V\u00edctor Caballero","date":"30 junio, 2020","format":false,"excerpt":"Nos comunican desde el IES Profesor Gonzalo Huesa que, desde la Casa de la Juventud de Ronda, una gran noticia: los ganadores del certamen de relato corto del Ayuntamiento de nuestra ciudad en categor\u00eda 1 y 2 son dos estudiantes de 3\u00ba de ESO \u00a0de nuestro centro. Los alumnos premiados\u2026","rel":"","context":"En \u00abNoticias\u00bb","block_context":{"text":"Noticias","link":"https:\/\/cepronda.com\/blog\/category\/noticias\/"},"img":{"alt_text":"","src":"https:\/\/i0.wp.com\/cepronda.com\/blog\/wp-content\/uploads\/2020\/06\/u1xcXPOz_400x400.jpg?resize=350%2C200","width":350,"height":200},"classes":[]},{"id":2501,"url":"https:\/\/cepronda.com\/blog\/premiados-en-el-iii-certamen-de-microrrelatos-sobre-violencia-de-genero-en-la-juventud\/","url_meta":{"origin":3009,"position":5},"title":"Premiados en el III CERTAMEN DE MICRORRELATOS SOBRE VIOLENCIA DE G\u00c9NERO EN LA JUVENTUD","author":"V\u00edctor Caballero","date":"30 noviembre, 2018","format":false,"excerpt":"Muy buenas, terminamos la semana con una magn\u00edfica noticia, y es que 3 relatos presentados por 3 alumnas del IES Profesor Gonzalo Huesa han sido seleccionados en el\u00a0III CERTAMEN DE MICRORRELATOS SOBREVIOLENCIA DE G\u00c9NERO EN LA JUVENTUD. Os dejamos con algunas fotos tomadas en el d\u00eda de la entrega de\u2026","rel":"","context":"En \u00abNoticias\u00bb","block_context":{"text":"Noticias","link":"https:\/\/cepronda.com\/blog\/category\/noticias\/"},"img":{"alt_text":"","src":"https:\/\/i0.wp.com\/cepronda.com\/blog\/wp-content\/uploads\/2018\/11\/Gonzalo-Huesa-premio.jpg?fit=576%2C1024&ssl=1&resize=350%2C200","width":350,"height":200,"srcset":"https:\/\/i0.wp.com\/cepronda.com\/blog\/wp-content\/uploads\/2018\/11\/Gonzalo-Huesa-premio.jpg?fit=576%2C1024&ssl=1&resize=350%2C200 1x, https:\/\/i0.wp.com\/cepronda.com\/blog\/wp-content\/uploads\/2018\/11\/Gonzalo-Huesa-premio.jpg?fit=576%2C1024&ssl=1&resize=525%2C300 1.5x"},"classes":[]}],"jetpack_sharing_enabled":true,"_links":{"self":[{"href":"https:\/\/cepronda.com\/blog\/wp-json\/wp\/v2\/posts\/3009","targetHints":{"allow":["GET"]}}],"collection":[{"href":"https:\/\/cepronda.com\/blog\/wp-json\/wp\/v2\/posts"}],"about":[{"href":"https:\/\/cepronda.com\/blog\/wp-json\/wp\/v2\/types\/post"}],"author":[{"embeddable":true,"href":"https:\/\/cepronda.com\/blog\/wp-json\/wp\/v2\/users\/3"}],"replies":[{"embeddable":true,"href":"https:\/\/cepronda.com\/blog\/wp-json\/wp\/v2\/comments?post=3009"}],"version-history":[{"count":1,"href":"https:\/\/cepronda.com\/blog\/wp-json\/wp\/v2\/posts\/3009\/revisions"}],"predecessor-version":[{"id":3011,"href":"https:\/\/cepronda.com\/blog\/wp-json\/wp\/v2\/posts\/3009\/revisions\/3011"}],"wp:attachment":[{"href":"https:\/\/cepronda.com\/blog\/wp-json\/wp\/v2\/media?parent=3009"}],"wp:term":[{"taxonomy":"category","embeddable":true,"href":"https:\/\/cepronda.com\/blog\/wp-json\/wp\/v2\/categories?post=3009"},{"taxonomy":"post_tag","embeddable":true,"href":"https:\/\/cepronda.com\/blog\/wp-json\/wp\/v2\/tags?post=3009"}],"curies":[{"name":"wp","href":"https:\/\/api.w.org\/{rel}","templated":true}]}}