{"id":3006,"date":"2019-09-18T17:15:47","date_gmt":"2019-09-18T15:15:47","guid":{"rendered":"http:\/\/cepronda.com\/blog\/?p=3006"},"modified":"2025-04-28T12:09:10","modified_gmt":"2025-04-28T10:09:10","slug":"premios-anuales-a-la-promocion-de-la-cultura-de-paz-y-la-convivencia-escolar-en-andalucia-para-el-curso-escolar-2019-2020","status":"publish","type":"post","link":"https:\/\/cepronda.com\/blog\/premios-anuales-a-la-promocion-de-la-cultura-de-paz-y-la-convivencia-escolar-en-andalucia-para-el-curso-escolar-2019-2020\/","title":{"rendered":"Premios Anuales a la Promoci\u00f3n de la Cultura de Paz y la Convivencia Escolar en Andaluc\u00eda para el curso escolar 2019-2020."},"content":{"rendered":"\n<p class=\"wp-block-paragraph\">Muy buenas de nuevo,<\/p>\n\n\n\n<p class=\"wp-block-paragraph\">Compartimos tambi\u00e9n la convocatoria de los   Premios Anuales a la Promoci\u00f3n de la Cultura de Paz y la Convivencia Escolar en Andaluc\u00eda para el curso escolar 2019-2020. Pod\u00e9is encontrar toda la informaci\u00f3n en el <a href=\"https:\/\/www.juntadeandalucia.es\/boja\/2019\/179\/BOJA19-179-00001-13321-01_00161567.pdf\" target=\"_blank\" rel=\"noreferrer noopener\" aria-label=\"siguiente enlace. (opens in a new tab)\">siguiente enlace.<\/a><\/p>\n\n\n\n<figure class=\"wp-block-image\"><a href=\"https:\/\/www.juntadeandalucia.es\/boja\/2019\/179\/BOJA19-179-00001-13321-01_00161567.pdf\" target=\"_blank\" rel=\"noreferrer noopener\"><img loading=\"lazy\" decoding=\"async\" width=\"1920\" height=\"1277\" src=\"https:\/\/i1.wp.com\/cepronda.com\/blog\/wp-content\/uploads\/2019\/09\/vw-1308501_1920.jpg?fit=1024%2C681\" alt=\"\" class=\"wp-image-3007\" srcset=\"https:\/\/i0.wp.com\/cepronda.com\/blog\/wp-content\/uploads\/2019\/09\/vw-1308501_1920.jpg?w=1920&amp;ssl=1 1920w, https:\/\/i0.wp.com\/cepronda.com\/blog\/wp-content\/uploads\/2019\/09\/vw-1308501_1920.jpg?resize=300%2C200&amp;ssl=1 300w, https:\/\/i0.wp.com\/cepronda.com\/blog\/wp-content\/uploads\/2019\/09\/vw-1308501_1920.jpg?resize=768%2C511&amp;ssl=1 768w, https:\/\/i0.wp.com\/cepronda.com\/blog\/wp-content\/uploads\/2019\/09\/vw-1308501_1920.jpg?resize=1024%2C681&amp;ssl=1 1024w\" sizes=\"auto, (max-width: 1170px) 100vw, 1170px\" \/><\/a><\/figure>\n","protected":false},"excerpt":{"rendered":"<p>Muy buenas de nuevo, Compartimos tambi\u00e9n la convocatoria de los Premios Anuales a la Promoci\u00f3n de la Cultura de Paz y la Convivencia Escolar en Andaluc\u00eda para el curso escolar 2019-2020. Pod\u00e9is encontrar toda la informaci\u00f3n en el siguiente enlace.<\/p>\n","protected":false},"author":3,"featured_media":0,"comment_status":"open","ping_status":"open","sticky":false,"template":"","format":"standard","meta":{"_crdt_document":"","advanced_seo_description":"","jetpack_seo_html_title":"","jetpack_seo_noindex":false,"jetpack_post_was_ever_published":false,"_jetpack_newsletter_access":"","_jetpack_dont_email_post_to_subs":false,"_jetpack_newsletter_tier_id":0,"_jetpack_memberships_contains_paywalled_content":false,"_jetpack_memberships_contains_paid_content":false,"footnotes":"","jetpack_publicize_message":"","jetpack_publicize_feature_enabled":true,"jetpack_social_post_already_shared":true,"jetpack_social_options":{"image_generator_settings":{"template":"highway","default_image_id":0,"font":"","enabled":false},"version":2}},"categories":[5],"tags":[],"class_list":{"0":"post-3006","1":"post","2":"type-post","3":"status-publish","4":"format-standard","6":"category-noticias","7":"czr-hentry"},"jetpack_publicize_connections":[],"jetpack_featured_media_url":"","jetpack_shortlink":"https:\/\/wp.me\/p8M4X7-Mu","jetpack-related-posts":[{"id":3101,"url":"https:\/\/cepronda.com\/blog\/concurso-escolar-andalucia-en-un-mapa\/","url_meta":{"origin":3006,"position":0},"title":"Concurso escolar \u00abAndaluc\u00eda en un mapa\u00bb","author":"V\u00edctor Caballero","date":"17 octubre, 2019","format":false,"excerpt":"El objeto de este concurso es promover la utilizaci\u00f3n de la cartograf\u00eda y la estad\u00edstica entre la comunidad escolar como herramientas did\u00e1cticas y de representaci\u00f3n creativa del territorio andaluz, con el fin \u00faltimo de aproximar a las personas participantes en el concurso a la importancia que la representaci\u00f3n cartogr\u00e1fica y\u2026","rel":"","context":"En \u00abNoticias\u00bb","block_context":{"text":"Noticias","link":"https:\/\/cepronda.com\/blog\/category\/noticias\/"},"img":{"alt_text":"","src":"","width":0,"height":0},"classes":[]},{"id":9106,"url":"https:\/\/cepronda.com\/blog\/mediacion-escolar-un-recurso-en-el-entorno-educativo\/","url_meta":{"origin":3006,"position":1},"title":"MEDIACI\u00d3N ESCOLAR. UN RECURSO EN EL ENTORNO EDUCATIVO","author":"Maribel Mu\u00f1oz","date":"5 diciembre, 2025","format":false,"excerpt":"Se encuentra abierto el plazo de inscripci\u00f3n en el curso provincial, \"MEDIACI\u00d3N ESCOLAR. UN RECURSO EN EL ENTORNO EDUCATIVO\", con c\u00f3digo: 262924GE174. Inscripciones: del 5 de diciembre al 8 de enero. Inicio del curso: 13 de enero de 2026. Fin del curso de formaci\u00f3n: 12 de febrero de 2026. Lugar:\u2026","rel":"","context":"En \u00abFormaciones\u00bb","block_context":{"text":"Formaciones","link":"https:\/\/cepronda.com\/blog\/category\/formaciones\/"},"img":{"alt_text":"","src":"https:\/\/i0.wp.com\/cepronda.com\/blog\/wp-content\/uploads\/2025\/12\/MEDIACION-262924GE174-1.png?fit=1080%2C1080&ssl=1&resize=350%2C200","width":350,"height":200,"srcset":"https:\/\/i0.wp.com\/cepronda.com\/blog\/wp-content\/uploads\/2025\/12\/MEDIACION-262924GE174-1.png?fit=1080%2C1080&ssl=1&resize=350%2C200 1x, https:\/\/i0.wp.com\/cepronda.com\/blog\/wp-content\/uploads\/2025\/12\/MEDIACION-262924GE174-1.png?fit=1080%2C1080&ssl=1&resize=525%2C300 1.5x, https:\/\/i0.wp.com\/cepronda.com\/blog\/wp-content\/uploads\/2025\/12\/MEDIACION-262924GE174-1.png?fit=1080%2C1080&ssl=1&resize=700%2C400 2x, https:\/\/i0.wp.com\/cepronda.com\/blog\/wp-content\/uploads\/2025\/12\/MEDIACION-262924GE174-1.png?fit=1080%2C1080&ssl=1&resize=1050%2C600 3x"},"classes":[]},{"id":8742,"url":"https:\/\/cepronda.com\/blog\/curso-escolar-2025-2026\/","url_meta":{"origin":3006,"position":2},"title":"CURSO ESCOLAR 2025\/2026","author":"Mamen Moreno","date":"2 septiembre, 2025","format":false,"excerpt":"\u00a1Comienza la aventura! Bienvenidos al curso 2025\/2026. Comenzamos un nuevo curso con ilusi\u00f3n, compromiso y ganas de seguir aprendiendo juntos.","rel":"","context":"En \u00abNoticias\u00bb","block_context":{"text":"Noticias","link":"https:\/\/cepronda.com\/blog\/category\/noticias\/"},"img":{"alt_text":"","src":"https:\/\/i0.wp.com\/cepronda.com\/blog\/wp-content\/uploads\/2025\/09\/post-de-instagram-bienvenido-septiembre-amarillo-3.png?fit=960%2C1200&ssl=1&resize=350%2C200","width":350,"height":200,"srcset":"https:\/\/i0.wp.com\/cepronda.com\/blog\/wp-content\/uploads\/2025\/09\/post-de-instagram-bienvenido-septiembre-amarillo-3.png?fit=960%2C1200&ssl=1&resize=350%2C200 1x, https:\/\/i0.wp.com\/cepronda.com\/blog\/wp-content\/uploads\/2025\/09\/post-de-instagram-bienvenido-septiembre-amarillo-3.png?fit=960%2C1200&ssl=1&resize=525%2C300 1.5x, https:\/\/i0.wp.com\/cepronda.com\/blog\/wp-content\/uploads\/2025\/09\/post-de-instagram-bienvenido-septiembre-amarillo-3.png?fit=960%2C1200&ssl=1&resize=700%2C400 2x"},"classes":[]},{"id":2200,"url":"https:\/\/cepronda.com\/blog\/instrucciones-sobre-programas-educativos-para-el-proximo-curso-escolar\/","url_meta":{"origin":3006,"position":3},"title":"Instrucciones sobre Programas educativos para el pr\u00f3ximo curso escolar","author":"V\u00edctor Caballero","date":"26 junio, 2018","format":false,"excerpt":"\u00a1Hola familia! Pensando ya en el pr\u00f3ximo curso escolar os informamos que han salido publicadas las instrucciones por las que se efect\u00faa la convocatoria de programas educativos para el pr\u00f3ximo curso escolar. Para acceder a las mismas s\u00f3lo ten\u00e9is que seguir este enlace. Un saludo. \u00a0","rel":"","context":"En \u00abFormaciones\u00bb","block_context":{"text":"Formaciones","link":"https:\/\/cepronda.com\/blog\/category\/formaciones\/"},"img":{"alt_text":"","src":"https:\/\/i0.wp.com\/cepronda.com\/blog\/wp-content\/uploads\/2017\/05\/logo_ja_ce_mejor.jpg?fit=732%2C600&ssl=1&resize=350%2C200","width":350,"height":200,"srcset":"https:\/\/i0.wp.com\/cepronda.com\/blog\/wp-content\/uploads\/2017\/05\/logo_ja_ce_mejor.jpg?fit=732%2C600&ssl=1&resize=350%2C200 1x, https:\/\/i0.wp.com\/cepronda.com\/blog\/wp-content\/uploads\/2017\/05\/logo_ja_ce_mejor.jpg?fit=732%2C600&ssl=1&resize=525%2C300 1.5x, https:\/\/i0.wp.com\/cepronda.com\/blog\/wp-content\/uploads\/2017\/05\/logo_ja_ce_mejor.jpg?fit=732%2C600&ssl=1&resize=700%2C400 2x"},"classes":[]},{"id":5499,"url":"https:\/\/cepronda.com\/blog\/xxi-certamen-literario-escolar-andaluz-en-materia-de-voluntariado-solidaridad-en-letras-2022\/","url_meta":{"origin":3006,"position":4},"title":"XXI CERTAMEN LITERARIO ESCOLAR ANDALUZ EN MATERIA DE VOLUNTARIADO \u00abSOLIDARIDAD EN LETRAS\u00bb 2022","author":"Mamen Moreno","date":"21 septiembre, 2022","format":false,"excerpt":"La Junta de Andaluc\u00eda, a trav\u00e9s de la Consejer\u00eda de Igualdad, Pol\u00edticas Sociales y Conciliaci\u00f3n, tiene abierto el plazo de presentaci\u00f3n de candidaturas para el\u00a0 XXI Certamen Literario Escolar Andaluz en materia de voluntariado: \u00abSolidaridad en Letras. El plazo de presentaci\u00f3n finaliza el d\u00eda 28 de octubre de 2022. Dicho\u2026","rel":"","context":"En \u00abNoticias\u00bb","block_context":{"text":"Noticias","link":"https:\/\/cepronda.com\/blog\/category\/noticias\/"},"img":{"alt_text":"","src":"https:\/\/i0.wp.com\/cepronda.com\/blog\/wp-content\/uploads\/2022\/09\/f06ccb03-e9d6-4236-bc0e-f8c34407feb0.jpg?fit=1080%2C1080&ssl=1&resize=350%2C200","width":350,"height":200,"srcset":"https:\/\/i0.wp.com\/cepronda.com\/blog\/wp-content\/uploads\/2022\/09\/f06ccb03-e9d6-4236-bc0e-f8c34407feb0.jpg?fit=1080%2C1080&ssl=1&resize=350%2C200 1x, https:\/\/i0.wp.com\/cepronda.com\/blog\/wp-content\/uploads\/2022\/09\/f06ccb03-e9d6-4236-bc0e-f8c34407feb0.jpg?fit=1080%2C1080&ssl=1&resize=525%2C300 1.5x, https:\/\/i0.wp.com\/cepronda.com\/blog\/wp-content\/uploads\/2022\/09\/f06ccb03-e9d6-4236-bc0e-f8c34407feb0.jpg?fit=1080%2C1080&ssl=1&resize=700%2C400 2x, https:\/\/i0.wp.com\/cepronda.com\/blog\/wp-content\/uploads\/2022\/09\/f06ccb03-e9d6-4236-bc0e-f8c34407feb0.jpg?fit=1080%2C1080&ssl=1&resize=1050%2C600 3x"},"classes":[]},{"id":8786,"url":"https:\/\/cepronda.com\/blog\/xv-jornadas-las-pruebas-de-la-educacion-inclusion-3d\/","url_meta":{"origin":3006,"position":5},"title":"XV JORNADAS DEL CONSEJO ESCOLAR \u00abLas Pruebas de la Educaci\u00f3n &#038; Inclusi\u00f3n 3D\u00bb","author":"Mamen Moreno","date":"11 septiembre, 2025","format":false,"excerpt":"El Consejo Escolar de Andaluc\u00eda organiza las XV Jornadas del Consejo Escolar de Andaluc\u00eda: \u201cLas Pruebas de la Educaci\u00f3n & Inclusi\u00f3n 3D\", que celebraremos los pr\u00f3ximos d\u00edas 16 y 17 de octubre de 2025 en la Escuela T\u00e9cnica Superior de Arquitectura de Granada. \u00a0 Desde el Consejo Escolar de Andaluc\u00eda\u2026","rel":"","context":"En \u00abFormaciones\u00bb","block_context":{"text":"Formaciones","link":"https:\/\/cepronda.com\/blog\/category\/formaciones\/"},"img":{"alt_text":"","src":"https:\/\/i0.wp.com\/cepronda.com\/blog\/wp-content\/uploads\/2025\/09\/544070332_17979172922879832_4134245255170936447_n.jpg?fit=960%2C1200&ssl=1&resize=350%2C200","width":350,"height":200,"srcset":"https:\/\/i0.wp.com\/cepronda.com\/blog\/wp-content\/uploads\/2025\/09\/544070332_17979172922879832_4134245255170936447_n.jpg?fit=960%2C1200&ssl=1&resize=350%2C200 1x, https:\/\/i0.wp.com\/cepronda.com\/blog\/wp-content\/uploads\/2025\/09\/544070332_17979172922879832_4134245255170936447_n.jpg?fit=960%2C1200&ssl=1&resize=525%2C300 1.5x, https:\/\/i0.wp.com\/cepronda.com\/blog\/wp-content\/uploads\/2025\/09\/544070332_17979172922879832_4134245255170936447_n.jpg?fit=960%2C1200&ssl=1&resize=700%2C400 2x"},"classes":[]}],"jetpack_sharing_enabled":true,"_links":{"self":[{"href":"https:\/\/cepronda.com\/blog\/wp-json\/wp\/v2\/posts\/3006","targetHints":{"allow":["GET"]}}],"collection":[{"href":"https:\/\/cepronda.com\/blog\/wp-json\/wp\/v2\/posts"}],"about":[{"href":"https:\/\/cepronda.com\/blog\/wp-json\/wp\/v2\/types\/post"}],"author":[{"embeddable":true,"href":"https:\/\/cepronda.com\/blog\/wp-json\/wp\/v2\/users\/3"}],"replies":[{"embeddable":true,"href":"https:\/\/cepronda.com\/blog\/wp-json\/wp\/v2\/comments?post=3006"}],"version-history":[{"count":1,"href":"https:\/\/cepronda.com\/blog\/wp-json\/wp\/v2\/posts\/3006\/revisions"}],"predecessor-version":[{"id":3008,"href":"https:\/\/cepronda.com\/blog\/wp-json\/wp\/v2\/posts\/3006\/revisions\/3008"}],"wp:attachment":[{"href":"https:\/\/cepronda.com\/blog\/wp-json\/wp\/v2\/media?parent=3006"}],"wp:term":[{"taxonomy":"category","embeddable":true,"href":"https:\/\/cepronda.com\/blog\/wp-json\/wp\/v2\/categories?post=3006"},{"taxonomy":"post_tag","embeddable":true,"href":"https:\/\/cepronda.com\/blog\/wp-json\/wp\/v2\/tags?post=3006"}],"curies":[{"name":"wp","href":"https:\/\/api.w.org\/{rel}","templated":true}]}}