{"id":3003,"date":"2019-09-18T17:11:09","date_gmt":"2019-09-18T15:11:09","guid":{"rendered":"http:\/\/cepronda.com\/blog\/?p=3003"},"modified":"2019-09-18T17:11:18","modified_gmt":"2019-09-18T15:11:18","slug":"programa-educativo-alhambra-educa","status":"publish","type":"post","link":"https:\/\/cepronda.com\/blog\/programa-educativo-alhambra-educa\/","title":{"rendered":"Programa educativo Alhambra Educa"},"content":{"rendered":"\n<p class=\"wp-block-paragraph\">Muy buenas, hemos recibido esta informaci\u00f3n que compartimos con todos los centros, por si es de vuestro inter\u00e9s. Se trata de informaci\u00f3n sobre los diferentes programas educativos de la Alhambra.  <\/p>\n\n\n\n<p class=\"wp-block-paragraph\">En el siguiente enlace podr\u00e9is encontrar la convocatoria del presente curso as\u00ed como los formularios y  normativas de todas las modalidades de visita que ofrece el Programa educativo para el curso 2019-20:\u00a0<\/p>\n\n\n\n<p class=\"wp-block-paragraph\"> <a href=\"http:\/\/www.alhambra-patronato.es\/descubrir\/aprende\/programas\/comunidadeducativa\">Convocatoria y formularios <\/a><\/p>\n\n\n\n<figure class=\"wp-block-image\"><a href=\"http:\/\/www.alhambra-patronato.es\/descubrir\/aprende\/programas\/comunidadeducativa\" target=\"_blank\" rel=\"noreferrer noopener\"><img loading=\"lazy\" decoding=\"async\" width=\"1920\" height=\"815\" src=\"https:\/\/i0.wp.com\/cepronda.com\/blog\/wp-content\/uploads\/2019\/09\/alhambra-2428790_1920.jpg?fit=1024%2C435\" alt=\"\" class=\"wp-image-3004\" srcset=\"https:\/\/i0.wp.com\/cepronda.com\/blog\/wp-content\/uploads\/2019\/09\/alhambra-2428790_1920.jpg?w=1920&amp;ssl=1 1920w, https:\/\/i0.wp.com\/cepronda.com\/blog\/wp-content\/uploads\/2019\/09\/alhambra-2428790_1920.jpg?resize=300%2C127&amp;ssl=1 300w, https:\/\/i0.wp.com\/cepronda.com\/blog\/wp-content\/uploads\/2019\/09\/alhambra-2428790_1920.jpg?resize=768%2C326&amp;ssl=1 768w, https:\/\/i0.wp.com\/cepronda.com\/blog\/wp-content\/uploads\/2019\/09\/alhambra-2428790_1920.jpg?resize=1024%2C435&amp;ssl=1 1024w\" sizes=\"auto, (max-width: 1170px) 100vw, 1170px\" \/><\/a><\/figure>\n","protected":false},"excerpt":{"rendered":"<p>Muy buenas, hemos recibido esta informaci\u00f3n que compartimos con todos los centros, por si es de vuestro inter\u00e9s. Se trata de informaci\u00f3n sobre los diferentes programas educativos de la Alhambra. En el siguiente enlace podr\u00e9is encontrar la convocatoria del presente curso as\u00ed como los formularios y normativas de todas las modalidades de visita que ofrece [&hellip;]<\/p>\n","protected":false},"author":3,"featured_media":3004,"comment_status":"open","ping_status":"open","sticky":false,"template":"","format":"standard","meta":{"_crdt_document":"","advanced_seo_description":"","jetpack_seo_html_title":"","jetpack_seo_noindex":false,"jetpack_post_was_ever_published":false,"_jetpack_newsletter_access":"","_jetpack_dont_email_post_to_subs":false,"_jetpack_newsletter_tier_id":0,"_jetpack_memberships_contains_paywalled_content":false,"_jetpack_memberships_contains_paid_content":false,"footnotes":"","jetpack_publicize_message":"","jetpack_publicize_feature_enabled":true,"jetpack_social_post_already_shared":true,"jetpack_social_options":{"image_generator_settings":{"template":"highway","default_image_id":0,"font":"","enabled":false},"version":2}},"categories":[5],"tags":[141],"class_list":{"0":"post-3003","1":"post","2":"type-post","3":"status-publish","4":"format-standard","5":"has-post-thumbnail","7":"category-noticias","8":"tag-patrimonio-cultural","9":"czr-hentry"},"jetpack_publicize_connections":[],"jetpack_featured_media_url":"https:\/\/i0.wp.com\/cepronda.com\/blog\/wp-content\/uploads\/2019\/09\/alhambra-2428790_1920.jpg?fit=1920%2C815&ssl=1","jetpack_shortlink":"https:\/\/wp.me\/p8M4X7-Mr","jetpack-related-posts":[{"id":2066,"url":"https:\/\/cepronda.com\/blog\/convocatoria-del-curso-de-formacion-en-red-proyecta-etwinning\/","url_meta":{"origin":3003,"position":0},"title":"Convocatoria del Curso de formaci\u00f3n en red Proyecta eTwinning","author":"V\u00edctor Caballero","date":"4 junio, 2018","format":false,"excerpt":"Muy buenas,\u00a0 Os informamos de la convocatoria de este curso en l\u00ednea, cuyo plazo termina el pr\u00f3ximo 7 de junio. Se trata de un curso en l\u00ednea para docentes, con materiales y metodolog\u00edas totalmente renovadas y adaptadas a los \u00faltimos desarrollos de la plataforma, orientado a conocer mejor eTwinning y\u2026","rel":"","context":"En \u00abFormaciones\u00bb","block_context":{"text":"Formaciones","link":"https:\/\/cepronda.com\/blog\/category\/formaciones\/"},"img":{"alt_text":"","src":"https:\/\/i0.wp.com\/cepronda.com\/blog\/wp-content\/uploads\/2017\/11\/logo_1269x942.png?fit=1200%2C891&ssl=1&resize=350%2C200","width":350,"height":200,"srcset":"https:\/\/i0.wp.com\/cepronda.com\/blog\/wp-content\/uploads\/2017\/11\/logo_1269x942.png?fit=1200%2C891&ssl=1&resize=350%2C200 1x, https:\/\/i0.wp.com\/cepronda.com\/blog\/wp-content\/uploads\/2017\/11\/logo_1269x942.png?fit=1200%2C891&ssl=1&resize=525%2C300 1.5x, https:\/\/i0.wp.com\/cepronda.com\/blog\/wp-content\/uploads\/2017\/11\/logo_1269x942.png?fit=1200%2C891&ssl=1&resize=700%2C400 2x, https:\/\/i0.wp.com\/cepronda.com\/blog\/wp-content\/uploads\/2017\/11\/logo_1269x942.png?fit=1200%2C891&ssl=1&resize=1050%2C600 3x"},"classes":[]},{"id":3786,"url":"https:\/\/cepronda.com\/blog\/plan-de-igualdad-convocatoria-abierta\/","url_meta":{"origin":3003,"position":1},"title":"Plan de Igualdad. Convocatoria abierta.","author":"Inmaculada Garc\u00eda","date":"30 septiembre, 2020","format":false,"excerpt":"Buenos d\u00edas compa\u00f1eras y compa\u00f1eros, Os informamos que est\u00e1 publicada la Resoluci\u00f3n que regula las medidas y actuaciones para la prevenci\u00f3n de la violencia de g\u00e9nero en el \u00e1mbito educativo y establece la convocatoria para este curso 2020\/2021. El plazo para solicitarlo est\u00e1 abierto y en la convocatoria vienen explicadas\u2026","rel":"","context":"En \u00abFormaciones\u00bb","block_context":{"text":"Formaciones","link":"https:\/\/cepronda.com\/blog\/category\/formaciones\/"},"img":{"alt_text":"","src":"https:\/\/i0.wp.com\/cepronda.com\/blog\/wp-content\/uploads\/2020\/09\/cartel_vg_bien.jpg?fit=300%2C300&ssl=1&resize=350%2C200","width":350,"height":200},"classes":[]},{"id":8395,"url":"https:\/\/cepronda.com\/blog\/acompanamiento-educativo-en-situacion-de-duelo-con-codigo-259928ci547\/","url_meta":{"origin":3003,"position":2},"title":"ACOMPA\u00d1AMIENTO EDUCATIVO EN SITUACI\u00d3N DE DUELO, con c\u00f3digo: 259928CI547.","author":"Inmaculada Garc\u00eda","date":"21 marzo, 2025","format":false,"excerpt":"Se convoca el curso de \u00e1mbito regional: ACOMPA\u00d1AMIENTO EDUCATIVO EN SITUACI\u00d3N DE DUELO, con c\u00f3digo: 259928CI547. Dicho curso se desarrollar\u00e1 en la modalidad a distancia, con 30 horas de duraci\u00f3n y 120 plazas disponibles en convocatoria abierta a los docentes interesados de cualquier nivel educativo. PLAZO DE INSCRIPCI\u00d3N: Desde el\u2026","rel":"","context":"En \u00abFormaciones\u00bb","block_context":{"text":"Formaciones","link":"https:\/\/cepronda.com\/blog\/category\/formaciones\/"},"img":{"alt_text":"","src":"","width":0,"height":0},"classes":[]},{"id":9418,"url":"https:\/\/cepronda.com\/blog\/acompanamiento-educativo-en-situacion-de-duelo\/","url_meta":{"origin":3003,"position":3},"title":"ACOMPA\u00d1AMIENTO EDUCATIVO EN SITUACI\u00d3N DE DUELO","author":"Inmaculada Garc\u00eda","date":"2 marzo, 2026","format":false,"excerpt":"Se encuentra abierto el plazo de inscripci\u00f3n para el curso regional: ACOMPA\u00d1AMIENTO EDUCATIVO EN SITUACI\u00d3N DE DUELO, con c\u00f3digo 269928CI547. Curso a Distancia de 30 horas no presenciales. Fecha inscripci\u00f3n: 24\/02\/2026 hasta 03\/03\/2026. Fecha actividad: 16\/03\/2026 hasta 28\/04\/2026. Para m\u00e1s informaci\u00f3n e inscripci\u00f3n: https:\/\/secretariavirtual.juntadeandalucia.es\/secretariavirtual\/consultaCEP\/actividad\/269928CI547\/","rel":"","context":"En \u00abFormaciones\u00bb","block_context":{"text":"Formaciones","link":"https:\/\/cepronda.com\/blog\/category\/formaciones\/"},"img":{"alt_text":"","src":"https:\/\/i0.wp.com\/cepronda.com\/blog\/wp-content\/uploads\/2026\/03\/duelo.jpg?fit=1080%2C1080&ssl=1&resize=350%2C200","width":350,"height":200,"srcset":"https:\/\/i0.wp.com\/cepronda.com\/blog\/wp-content\/uploads\/2026\/03\/duelo.jpg?fit=1080%2C1080&ssl=1&resize=350%2C200 1x, https:\/\/i0.wp.com\/cepronda.com\/blog\/wp-content\/uploads\/2026\/03\/duelo.jpg?fit=1080%2C1080&ssl=1&resize=525%2C300 1.5x, https:\/\/i0.wp.com\/cepronda.com\/blog\/wp-content\/uploads\/2026\/03\/duelo.jpg?fit=1080%2C1080&ssl=1&resize=700%2C400 2x, https:\/\/i0.wp.com\/cepronda.com\/blog\/wp-content\/uploads\/2026\/03\/duelo.jpg?fit=1080%2C1080&ssl=1&resize=1050%2C600 3x"},"classes":[]},{"id":5687,"url":"https:\/\/cepronda.com\/blog\/convocatoria-de-curso-cdd-nivel-b2-competencias-profesionales-especificas\/","url_meta":{"origin":3003,"position":4},"title":"CONVOCATORIA DE CURSO CDD NIVEL B2. COMPETENCIAS PROFESIONALES ESPEC\u00cdFICAS","author":"Inmaculada Garc\u00eda","date":"10 enero, 2023","format":false,"excerpt":"Est\u00e1 abierto el plazo para el curso de Competencia Digital Docente NIVEL B2, competencias Profesionales Espec\u00edficas, dirigido a: 1\u00ba Direcciones y asesor\u00edas de los Centros del Profesorado 2\u00ba Directores\/as de centros sostenidos con fondos p\u00fablicos 3\u00ba Coordinadores\/as TDE, responsables #CompDigEdu y ATD 4\u00ba Inspecci\u00f3n 5\u00ba Personal docente adscrito a los\u2026","rel":"","context":"En \u00abFormaciones\u00bb","block_context":{"text":"Formaciones","link":"https:\/\/cepronda.com\/blog\/category\/formaciones\/"},"img":{"alt_text":"","src":"https:\/\/i0.wp.com\/cepronda.com\/blog\/wp-content\/uploads\/2023\/01\/FmBHKZeWIAE4o-.jpg?fit=679%2C382&ssl=1&resize=350%2C200","width":350,"height":200,"srcset":"https:\/\/i0.wp.com\/cepronda.com\/blog\/wp-content\/uploads\/2023\/01\/FmBHKZeWIAE4o-.jpg?fit=679%2C382&ssl=1&resize=350%2C200 1x, https:\/\/i0.wp.com\/cepronda.com\/blog\/wp-content\/uploads\/2023\/01\/FmBHKZeWIAE4o-.jpg?fit=679%2C382&ssl=1&resize=525%2C300 1.5x"},"classes":[]},{"id":7427,"url":"https:\/\/cepronda.com\/blog\/claves-para-la-educacion-sexual-en-el-ambito-educativo\/","url_meta":{"origin":3003,"position":5},"title":"CLAVES PARA LA EDUCACI\u00d3N SEXUAL EN EL \u00c1MBITO EDUCATIVO","author":"Mamen Moreno","date":"2 febrero, 2024","format":false,"excerpt":"CURSO PROVINCIAL A DISTANCIA: CLAVES PARA LA EDUCACI\u00d3N SEXUAL EN EL \u00c1MBITO EDUCATIVO. Nivel I C\u00f3digo: 242922GE059 Curso Provincial a Distancia (AVFP) de 30 horas. Fecha inscripci\u00f3n: 01\/02\/2024 hasta el 15\/02\/2024 Fecha actividad: 07\/03\/2024 hasta 26\/04\/2024. M\u00e1s informaci\u00f3n e inscripci\u00f3n en: https:\/\/bit.ly\/3SFE9yr","rel":"","context":"En \u00abFormaciones\u00bb","block_context":{"text":"Formaciones","link":"https:\/\/cepronda.com\/blog\/category\/formaciones\/"},"img":{"alt_text":"","src":"https:\/\/i0.wp.com\/cepronda.com\/blog\/wp-content\/uploads\/2024\/02\/WhatsApp-Image-2024-02-01-at-08.47.28.jpeg?fit=1080%2C1080&ssl=1&resize=350%2C200","width":350,"height":200,"srcset":"https:\/\/i0.wp.com\/cepronda.com\/blog\/wp-content\/uploads\/2024\/02\/WhatsApp-Image-2024-02-01-at-08.47.28.jpeg?fit=1080%2C1080&ssl=1&resize=350%2C200 1x, https:\/\/i0.wp.com\/cepronda.com\/blog\/wp-content\/uploads\/2024\/02\/WhatsApp-Image-2024-02-01-at-08.47.28.jpeg?fit=1080%2C1080&ssl=1&resize=525%2C300 1.5x, https:\/\/i0.wp.com\/cepronda.com\/blog\/wp-content\/uploads\/2024\/02\/WhatsApp-Image-2024-02-01-at-08.47.28.jpeg?fit=1080%2C1080&ssl=1&resize=700%2C400 2x, https:\/\/i0.wp.com\/cepronda.com\/blog\/wp-content\/uploads\/2024\/02\/WhatsApp-Image-2024-02-01-at-08.47.28.jpeg?fit=1080%2C1080&ssl=1&resize=1050%2C600 3x"},"classes":[]}],"jetpack_sharing_enabled":true,"_links":{"self":[{"href":"https:\/\/cepronda.com\/blog\/wp-json\/wp\/v2\/posts\/3003","targetHints":{"allow":["GET"]}}],"collection":[{"href":"https:\/\/cepronda.com\/blog\/wp-json\/wp\/v2\/posts"}],"about":[{"href":"https:\/\/cepronda.com\/blog\/wp-json\/wp\/v2\/types\/post"}],"author":[{"embeddable":true,"href":"https:\/\/cepronda.com\/blog\/wp-json\/wp\/v2\/users\/3"}],"replies":[{"embeddable":true,"href":"https:\/\/cepronda.com\/blog\/wp-json\/wp\/v2\/comments?post=3003"}],"version-history":[{"count":1,"href":"https:\/\/cepronda.com\/blog\/wp-json\/wp\/v2\/posts\/3003\/revisions"}],"predecessor-version":[{"id":3005,"href":"https:\/\/cepronda.com\/blog\/wp-json\/wp\/v2\/posts\/3003\/revisions\/3005"}],"wp:featuredmedia":[{"embeddable":true,"href":"https:\/\/cepronda.com\/blog\/wp-json\/wp\/v2\/media\/3004"}],"wp:attachment":[{"href":"https:\/\/cepronda.com\/blog\/wp-json\/wp\/v2\/media?parent=3003"}],"wp:term":[{"taxonomy":"category","embeddable":true,"href":"https:\/\/cepronda.com\/blog\/wp-json\/wp\/v2\/categories?post=3003"},{"taxonomy":"post_tag","embeddable":true,"href":"https:\/\/cepronda.com\/blog\/wp-json\/wp\/v2\/tags?post=3003"}],"curies":[{"name":"wp","href":"https:\/\/api.w.org\/{rel}","templated":true}]}}