{"id":2995,"date":"2019-09-10T10:44:18","date_gmt":"2019-09-10T08:44:18","guid":{"rendered":"http:\/\/cepronda.com\/blog\/?p=2995"},"modified":"2019-09-10T10:44:26","modified_gmt":"2019-09-10T08:44:26","slug":"itinerario-formativo-de-inteligencia-emocional","status":"publish","type":"post","link":"https:\/\/cepronda.com\/blog\/itinerario-formativo-de-inteligencia-emocional\/","title":{"rendered":"Itinerario formativo de Inteligencia emocional"},"content":{"rendered":"\n<p class=\"wp-block-paragraph\">Muy buenas de nuevo, <\/p>\n\n\n\n<p class=\"wp-block-paragraph\">Una de las actividades que despierta mayor inter\u00e9s entre las personas docentes de nuestra zona es el itinerario en inteligencia emocional, con Alberto Ortega. <\/p>\n\n\n\n<p class=\"wp-block-paragraph\">Os dejamos con el cartel que hemos preparado con toda la informaci\u00f3n de los niveles que ponemos a vuestra disposici\u00f3n. <\/p>\n\n\n\n<p class=\"wp-block-paragraph\">Asimismo ya est\u00e1 abierto el plazo de inscripci\u00f3n para la  RED RIE: NEUROCIENCIA E INTELIGENCIA EMOCIONAL. Pod\u00e9is encontrar toda la informaci\u00f3n en el <a href=\"https:\/\/www.juntadeandalucia.es\/educacion\/secretariavirtual\/consultaCEP\/actividad\/202924GE004\/\" target=\"_blank\" rel=\"noreferrer noopener\" aria-label=\"siguiente enlace (opens in a new tab)\">siguiente enlace<\/a>.<\/p>\n\n\n\n<figure class=\"wp-block-image\"><img loading=\"lazy\" decoding=\"async\" width=\"794\" height=\"1123\" src=\"https:\/\/i0.wp.com\/cepronda.com\/blog\/wp-content\/uploads\/2019\/09\/Copia-de-Inteligencia-Emocional-Itinerario.jpg?fit=724%2C1024\" alt=\"\" class=\"wp-image-2996\" srcset=\"https:\/\/i0.wp.com\/cepronda.com\/blog\/wp-content\/uploads\/2019\/09\/Copia-de-Inteligencia-Emocional-Itinerario.jpg?w=794&amp;ssl=1 794w, https:\/\/i0.wp.com\/cepronda.com\/blog\/wp-content\/uploads\/2019\/09\/Copia-de-Inteligencia-Emocional-Itinerario.jpg?resize=212%2C300&amp;ssl=1 212w, https:\/\/i0.wp.com\/cepronda.com\/blog\/wp-content\/uploads\/2019\/09\/Copia-de-Inteligencia-Emocional-Itinerario.jpg?resize=768%2C1086&amp;ssl=1 768w, https:\/\/i0.wp.com\/cepronda.com\/blog\/wp-content\/uploads\/2019\/09\/Copia-de-Inteligencia-Emocional-Itinerario.jpg?resize=724%2C1024&amp;ssl=1 724w\" sizes=\"auto, (max-width: 794px) 100vw, 794px\" \/><\/figure>\n","protected":false},"excerpt":{"rendered":"<p>Muy buenas de nuevo, Una de las actividades que despierta mayor inter\u00e9s entre las personas docentes de nuestra zona es el itinerario en inteligencia emocional, con Alberto Ortega. Os dejamos con el cartel que hemos preparado con toda la informaci\u00f3n de los niveles que ponemos a vuestra disposici\u00f3n. Asimismo ya est\u00e1 abierto el plazo de [&hellip;]<\/p>\n","protected":false},"author":3,"featured_media":2996,"comment_status":"open","ping_status":"open","sticky":false,"template":"","format":"standard","meta":{"_crdt_document":"","advanced_seo_description":"","jetpack_seo_html_title":"","jetpack_seo_noindex":false,"jetpack_post_was_ever_published":false,"_jetpack_newsletter_access":"","_jetpack_dont_email_post_to_subs":false,"_jetpack_newsletter_tier_id":0,"_jetpack_memberships_contains_paywalled_content":false,"_jetpack_memberships_contains_paid_content":false,"footnotes":"","jetpack_publicize_message":"","jetpack_publicize_feature_enabled":true,"jetpack_social_post_already_shared":true,"jetpack_social_options":{"image_generator_settings":{"template":"highway","default_image_id":0,"font":"","enabled":false},"version":2}},"categories":[3],"tags":[97],"class_list":{"0":"post-2995","1":"post","2":"type-post","3":"status-publish","4":"format-standard","5":"has-post-thumbnail","7":"category-formaciones","8":"tag-inteligencia-emocional","9":"czr-hentry"},"jetpack_publicize_connections":[],"jetpack_featured_media_url":"https:\/\/i0.wp.com\/cepronda.com\/blog\/wp-content\/uploads\/2019\/09\/Copia-de-Inteligencia-Emocional-Itinerario.jpg?fit=794%2C1123&ssl=1","jetpack_shortlink":"https:\/\/wp.me\/p8M4X7-Mj","jetpack-related-posts":[{"id":1391,"url":"https:\/\/cepronda.com\/blog\/curso-sobre-inteligencia-emocional-y-social-en-el-ambito-educativo\/","url_meta":{"origin":2995,"position":0},"title":"Curso sobre \u00abInteligencia emocional y social en el \u00e1mbito educativo\u00bb","author":"V\u00edctor Caballero","date":"6 noviembre, 2017","format":false,"excerpt":"Muy buenas a todos y a todas, \u00bfQu\u00e9 tal ha ido ese fin de semana \"m\u00e1gico\"? Nosotros por nuestra parte seguimos proponiendo actividades y cursos respondiendo a vuestras demandas del presente curso y del anterior.\u00a0 En este caso se trata de dar respuesta a vuestras necesidades formativas sobre la inteligencia\u2026","rel":"","context":"En \u00abFormaciones\u00bb","block_context":{"text":"Formaciones","link":"https:\/\/cepronda.com\/blog\/category\/formaciones\/"},"img":{"alt_text":"","src":"https:\/\/i0.wp.com\/cepronda.com\/blog\/wp-content\/uploads\/2017\/11\/smilies-2912634_640.jpg?fit=640%2C283&ssl=1&resize=350%2C200","width":350,"height":200,"srcset":"https:\/\/i0.wp.com\/cepronda.com\/blog\/wp-content\/uploads\/2017\/11\/smilies-2912634_640.jpg?fit=640%2C283&ssl=1&resize=350%2C200 1x, https:\/\/i0.wp.com\/cepronda.com\/blog\/wp-content\/uploads\/2017\/11\/smilies-2912634_640.jpg?fit=640%2C283&ssl=1&resize=525%2C300 1.5x"},"classes":[]},{"id":4700,"url":"https:\/\/cepronda.com\/blog\/inteligencia-emocional-n-ii-y-n-iii-desarrollo-e-implementacion\/","url_meta":{"origin":2995,"position":1},"title":"INTELIGENCIA EMOCIONAL N.II Y N.III. DESARROLLO E IMPLEMENTACI\u00d3N.","author":"Inmaculada Garc\u00eda","date":"29 septiembre, 2021","format":false,"excerpt":"Buenos d\u00edas compa\u00f1eros y compa\u00f1eras, hoy se abre el plazo de inscripci\u00f3n para la actividad formativa INTELIGENCIA EMOCIONAL N.II Y N.III. DESARROLLO E IMPLEMENTACI\u00d3N, con Alberto Ortega, Manuel Deco, Mar\u00eda Valencia, Marisa Ben\u00edtez y Jos\u00e9 Eduardo Faya. Esperamos que sea de vuestro inter\u00e9s. Un saludo. \u00a0 \u00a0 PINCHA EN EL\u2026","rel":"","context":"En \u00abNoticias\u00bb","block_context":{"text":"Noticias","link":"https:\/\/cepronda.com\/blog\/category\/noticias\/"},"img":{"alt_text":"","src":"https:\/\/i0.wp.com\/cepronda.com\/blog\/wp-content\/uploads\/2021\/09\/ITINERARIO-FORMATIVO-DE-INTELIGENCIA-EMOCIONAL-1.png?fit=848%2C1200&ssl=1&resize=350%2C200","width":350,"height":200,"srcset":"https:\/\/i0.wp.com\/cepronda.com\/blog\/wp-content\/uploads\/2021\/09\/ITINERARIO-FORMATIVO-DE-INTELIGENCIA-EMOCIONAL-1.png?fit=848%2C1200&ssl=1&resize=350%2C200 1x, https:\/\/i0.wp.com\/cepronda.com\/blog\/wp-content\/uploads\/2021\/09\/ITINERARIO-FORMATIVO-DE-INTELIGENCIA-EMOCIONAL-1.png?fit=848%2C1200&ssl=1&resize=525%2C300 1.5x, https:\/\/i0.wp.com\/cepronda.com\/blog\/wp-content\/uploads\/2021\/09\/ITINERARIO-FORMATIVO-DE-INTELIGENCIA-EMOCIONAL-1.png?fit=848%2C1200&ssl=1&resize=700%2C400 2x"},"classes":[]},{"id":3059,"url":"https:\/\/cepronda.com\/blog\/nivel-i-y-ii-programa-de-inteligencia-emocional-sensibilizacion-y-desarrollo-2\/","url_meta":{"origin":2995,"position":2},"title":"NIVEL I Y II. PROGRAMA DE INTELIGENCIA EMOCIONAL: SENSIBILIZACI\u00d3N Y DESARROLLO","author":"V\u00edctor Caballero","date":"27 septiembre, 2019","format":false,"excerpt":"Muy buenas familia, Comenzamos el viernes con la apertura del plazo de inscripci\u00f3n para el programa de inteligencia emocional en sus niveles I y II. Sabemos que muchas y muchos de vosotros estabais esperando esta actividad. Os dejamos con el enlace a la actividad para comprobar las fechas e inscribiros.","rel":"","context":"En \u00abFormaciones\u00bb","block_context":{"text":"Formaciones","link":"https:\/\/cepronda.com\/blog\/category\/formaciones\/"},"img":{"alt_text":"","src":"https:\/\/i0.wp.com\/cepronda.com\/blog\/wp-content\/uploads\/2019\/09\/blond-1868815_1920.jpg?fit=1200%2C800&ssl=1&resize=350%2C200","width":350,"height":200,"srcset":"https:\/\/i0.wp.com\/cepronda.com\/blog\/wp-content\/uploads\/2019\/09\/blond-1868815_1920.jpg?fit=1200%2C800&ssl=1&resize=350%2C200 1x, https:\/\/i0.wp.com\/cepronda.com\/blog\/wp-content\/uploads\/2019\/09\/blond-1868815_1920.jpg?fit=1200%2C800&ssl=1&resize=525%2C300 1.5x, https:\/\/i0.wp.com\/cepronda.com\/blog\/wp-content\/uploads\/2019\/09\/blond-1868815_1920.jpg?fit=1200%2C800&ssl=1&resize=700%2C400 2x, https:\/\/i0.wp.com\/cepronda.com\/blog\/wp-content\/uploads\/2019\/09\/blond-1868815_1920.jpg?fit=1200%2C800&ssl=1&resize=1050%2C600 3x"},"classes":[]},{"id":1682,"url":"https:\/\/cepronda.com\/blog\/video-tarea-de-los-super-pan-del-curso-de-inteligencia-emocional\/","url_meta":{"origin":2995,"position":3},"title":"V\u00eddeo Tarea de los Super Pan del curso de Inteligencia Emocional","author":"V\u00edctor Caballero","date":"12 abril, 2018","format":false,"excerpt":"Muy buenas,\u00a0 Ayer tarde tuve la gran oportunidad de vivir uno de esos momentos m\u00e1gicos que de cuando en cuando nos depara estar aqu\u00ed en el CEP. Vino a buscarme uno de los ponentes del curso de Inteligencia emocional para pedirme que grabara \"una cosa\"...y esto fue lo vivido... GRACIAS\u00a0\u2026","rel":"","context":"En \u00abNoticias\u00bb","block_context":{"text":"Noticias","link":"https:\/\/cepronda.com\/blog\/category\/noticias\/"},"img":{"alt_text":"","src":"https:\/\/i0.wp.com\/cepronda.com\/blog\/wp-content\/uploads\/2017\/11\/kids-2835426_640.jpg?fit=640%2C423&ssl=1&resize=350%2C200","width":350,"height":200,"srcset":"https:\/\/i0.wp.com\/cepronda.com\/blog\/wp-content\/uploads\/2017\/11\/kids-2835426_640.jpg?fit=640%2C423&ssl=1&resize=350%2C200 1x, https:\/\/i0.wp.com\/cepronda.com\/blog\/wp-content\/uploads\/2017\/11\/kids-2835426_640.jpg?fit=640%2C423&ssl=1&resize=525%2C300 1.5x"},"classes":[]},{"id":697,"url":"https:\/\/cepronda.com\/blog\/inteligencia-emocional-nivel-i-zona-cortes-de-la-frontera\/","url_meta":{"origin":2995,"position":4},"title":"INTELIGENCIA EMOCIONAL. NIVEL I (ZONA CORTES DE LA FRONTERA)","author":"V\u00edctor Caballero","date":"22 febrero, 2017","format":false,"excerpt":"Abierto el plazo de solicitudes para el curso Inteligencia Emocional. Nivel I en Cortes de la Frontera, que comenzaremos a la vuelta de las vacaciones\u00a0Semana Blanca (mi\u00e9rcoles 8 de marzo) Para saber m\u00e1s e inscribirte pincha AQU\u00cd","rel":"","context":"En \u00abFormaciones\u00bb","block_context":{"text":"Formaciones","link":"https:\/\/cepronda.com\/blog\/category\/formaciones\/"},"img":{"alt_text":"","src":"","width":0,"height":0},"classes":[]},{"id":4320,"url":"https:\/\/cepronda.com\/blog\/fomentamos-la-lectura-con-inteligencia-emocional-poecuentoterapia\/","url_meta":{"origin":2995,"position":5},"title":"FOMENTAMOS LA LECTURA CON INTELIGENCIA EMOCIONAL.POECUENTOTERAPIA.","author":"Maribel Mu\u00f1oz","date":"16 marzo, 2021","format":false,"excerpt":"Buenas tardes\u00a0 compa\u00f1eras y compa\u00f1eros, Os informamos que est\u00e1 abierto el plazo de inscripci\u00f3n de la formaci\u00f3n\u00a0 FOMENTAMOS LA LECTURA CON INTELIGENCIA EMOCIONAL.POECUENTOTERAPIA.\u00a0 212924GE006,\u00a0\u00a0 que comenzar\u00e1 a desarrollarse el pr\u00f3ximo\u00a0 08\/04\/2021.\u00a0 Adjuntamos\u00a0enlace : https:\/\/www.juntadeandalucia.es\/educacion\/secretariavirtual\/consultaCEP\/actividad\/212924GE006\/ El plazo de inscripci\u00f3n finaliza el pr\u00f3ximo 05\/04\/2021 a las 23:59. Te rogamos que en el\u2026","rel":"","context":"En \u00abFormaciones\u00bb","block_context":{"text":"Formaciones","link":"https:\/\/cepronda.com\/blog\/category\/formaciones\/"},"img":{"alt_text":"","src":"https:\/\/i0.wp.com\/cepronda.com\/blog\/wp-content\/uploads\/2021\/03\/20210408Fomentando-la-lectura-con-inteligencia-emocional.jpg?fit=848%2C1200&ssl=1&resize=350%2C200","width":350,"height":200,"srcset":"https:\/\/i0.wp.com\/cepronda.com\/blog\/wp-content\/uploads\/2021\/03\/20210408Fomentando-la-lectura-con-inteligencia-emocional.jpg?fit=848%2C1200&ssl=1&resize=350%2C200 1x, https:\/\/i0.wp.com\/cepronda.com\/blog\/wp-content\/uploads\/2021\/03\/20210408Fomentando-la-lectura-con-inteligencia-emocional.jpg?fit=848%2C1200&ssl=1&resize=525%2C300 1.5x, https:\/\/i0.wp.com\/cepronda.com\/blog\/wp-content\/uploads\/2021\/03\/20210408Fomentando-la-lectura-con-inteligencia-emocional.jpg?fit=848%2C1200&ssl=1&resize=700%2C400 2x"},"classes":[]}],"jetpack_sharing_enabled":true,"_links":{"self":[{"href":"https:\/\/cepronda.com\/blog\/wp-json\/wp\/v2\/posts\/2995","targetHints":{"allow":["GET"]}}],"collection":[{"href":"https:\/\/cepronda.com\/blog\/wp-json\/wp\/v2\/posts"}],"about":[{"href":"https:\/\/cepronda.com\/blog\/wp-json\/wp\/v2\/types\/post"}],"author":[{"embeddable":true,"href":"https:\/\/cepronda.com\/blog\/wp-json\/wp\/v2\/users\/3"}],"replies":[{"embeddable":true,"href":"https:\/\/cepronda.com\/blog\/wp-json\/wp\/v2\/comments?post=2995"}],"version-history":[{"count":1,"href":"https:\/\/cepronda.com\/blog\/wp-json\/wp\/v2\/posts\/2995\/revisions"}],"predecessor-version":[{"id":2997,"href":"https:\/\/cepronda.com\/blog\/wp-json\/wp\/v2\/posts\/2995\/revisions\/2997"}],"wp:featuredmedia":[{"embeddable":true,"href":"https:\/\/cepronda.com\/blog\/wp-json\/wp\/v2\/media\/2996"}],"wp:attachment":[{"href":"https:\/\/cepronda.com\/blog\/wp-json\/wp\/v2\/media?parent=2995"}],"wp:term":[{"taxonomy":"category","embeddable":true,"href":"https:\/\/cepronda.com\/blog\/wp-json\/wp\/v2\/categories?post=2995"},{"taxonomy":"post_tag","embeddable":true,"href":"https:\/\/cepronda.com\/blog\/wp-json\/wp\/v2\/tags?post=2995"}],"curies":[{"name":"wp","href":"https:\/\/api.w.org\/{rel}","templated":true}]}}