{"id":2992,"date":"2019-09-10T10:33:43","date_gmt":"2019-09-10T08:33:43","guid":{"rendered":"http:\/\/cepronda.com\/blog\/?p=2992"},"modified":"2019-09-10T10:33:51","modified_gmt":"2019-09-10T08:33:51","slug":"convocatoria-para-la-participacion-de-los-centros-en-la-feria-de-la-ciencia-2020","status":"publish","type":"post","link":"https:\/\/cepronda.com\/blog\/convocatoria-para-la-participacion-de-los-centros-en-la-feria-de-la-ciencia-2020\/","title":{"rendered":"Convocatoria para la participaci\u00f3n de los centros en la Feria de la Ciencia 2020"},"content":{"rendered":"\n<p class=\"wp-block-paragraph\">\u00a1Hola!<\/p>\n\n\n\n<p class=\"wp-block-paragraph\">Os comunicamos a todos y a todas que os pod\u00e9is inscribir para participar en la pr\u00f3xima Feria de la Ciencia de Sevilla. Sabemos que algunos de nuestros centros ya hab\u00e9is asistido, y creemos que puede resultar de gran inter\u00e9s que los dem\u00e1s centros tambi\u00e9n participen. Os dejamos con toda la informaci\u00f3n. Ten\u00e9is hasta el 16 de octubre y pueden participar centros de todas las etapas educativas con sus proyectos. Os aseguramos que es una experiencia \u00fanica.<\/p>\n\n\n\n<p class=\"wp-block-paragraph\">La Sociedad Andaluza para la Divulgaci\u00f3n de la Ciencia, la Fundaci\u00f3n Descubre y el Centro del Profesorado de Sevilla organizan la 18\u00aa Feria de la Ciencia, que est\u00e1 prevista que se celebre los d\u00edas 14, 15 y 16 de mayo de 2020 en Sevilla.<\/p>\n\n\n\n<p class=\"wp-block-paragraph\">Los centros educativos que deseen&nbsp;<strong>participar con stand<\/strong>&nbsp;en esta edici\u00f3n de la Feria de la Ciencia podr\u00e1n enviar la solicitud de participaci\u00f3n y la descripci\u00f3n del proyecto y de las actividades&nbsp;<strong>hasta el pr\u00f3ximo d\u00eda 16 de octubre de 2019.<\/strong><\/p>\n\n\n\n<p class=\"wp-block-paragraph\">Este a\u00f1o los temas principales son:<\/p>\n\n\n\n<ul class=\"wp-block-list\"><li><strong>Conmemoraci\u00f3n del V Centenario de la Primera Vuelta al Mundo.<\/strong><\/li><li><strong>Compromiso con los Objetivos de Desarrollo Sostenible (ODS).<\/strong>&nbsp;Entre los valores de la Feria de la Ciencia se encuentra la apuesta por mejorar el medio ambiente y las condiciones de vida en el planeta, de ah\u00ed su compromiso con los Objetivos de Desarrollo Sostenible (ODS). En coherencia con estos fines se proponen en esta edici\u00f3n dos subtemas:<ul><li><strong>Conmemoraci\u00f3n del A\u00f1o Internacional de la Salud de las Plantas.<\/strong><\/li><li><strong>Adaptaci\u00f3n al cambio clim\u00e1tico.<\/strong><\/li><\/ul><\/li><li><strong>STEM+A.<\/strong>&nbsp;En esta edici\u00f3n habr\u00e1 de nuevo un \u00e1rea espec\u00edfica dedicada a este tema,&nbsp;<strong>Espacio STEM+A<\/strong>&nbsp;(Ciencia, Tecnolog\u00eda, Ingenier\u00eda, Matem\u00e1ticas + Arte), en la se incluir\u00e1n proyectos relacionados con la rob\u00f3tica, la programaci\u00f3n, el software libre, la dom\u00f3tica o las matem\u00e1ticas abordando estos proyectos desde la creatividad, el emprendimiento y la innovaci\u00f3n, incorporando as\u00ed las disciplinas art\u00edsticas y human\u00edsticas.<\/li><\/ul>\n\n\n\n<p class=\"wp-block-paragraph\">Se puede acceder a toda la informaci\u00f3n as\u00ed como a los formularios de participaci\u00f3n\u00a0<a rel=\"noreferrer noopener\" aria-label=\" (opens in a new tab)\" href=\"http:\/\/www.feriadelaciencia.org\/\" target=\"_blank\">pinchando aqu\u00ed.<\/a><\/p>\n\n\n\n<figure class=\"wp-block-image\"><a href=\"http:\/\/www.feriadelaciencia.org\/\" target=\"_blank\" rel=\"noreferrer noopener\"><img loading=\"lazy\" decoding=\"async\" width=\"1890\" height=\"1920\" src=\"https:\/\/i2.wp.com\/cepronda.com\/blog\/wp-content\/uploads\/2019\/09\/alien-1905155_1920.png?fit=1008%2C1024\" alt=\"\" class=\"wp-image-2993\" srcset=\"https:\/\/i0.wp.com\/cepronda.com\/blog\/wp-content\/uploads\/2019\/09\/alien-1905155_1920.png?w=1890&amp;ssl=1 1890w, https:\/\/i0.wp.com\/cepronda.com\/blog\/wp-content\/uploads\/2019\/09\/alien-1905155_1920.png?resize=295%2C300&amp;ssl=1 295w, https:\/\/i0.wp.com\/cepronda.com\/blog\/wp-content\/uploads\/2019\/09\/alien-1905155_1920.png?resize=768%2C780&amp;ssl=1 768w, https:\/\/i0.wp.com\/cepronda.com\/blog\/wp-content\/uploads\/2019\/09\/alien-1905155_1920.png?resize=1008%2C1024&amp;ssl=1 1008w, https:\/\/i0.wp.com\/cepronda.com\/blog\/wp-content\/uploads\/2019\/09\/alien-1905155_1920.png?resize=50%2C50&amp;ssl=1 50w\" sizes=\"auto, (max-width: 1170px) 100vw, 1170px\" \/><\/a><\/figure>\n","protected":false},"excerpt":{"rendered":"<p>\u00a1Hola! Os comunicamos a todos y a todas que os pod\u00e9is inscribir para participar en la pr\u00f3xima Feria de la Ciencia de Sevilla. Sabemos que algunos de nuestros centros ya hab\u00e9is asistido, y creemos que puede resultar de gran inter\u00e9s que los dem\u00e1s centros tambi\u00e9n participen. Os dejamos con toda la informaci\u00f3n. Ten\u00e9is hasta el [&hellip;]<\/p>\n","protected":false},"author":3,"featured_media":2993,"comment_status":"open","ping_status":"open","sticky":false,"template":"","format":"standard","meta":{"_crdt_document":"","advanced_seo_description":"","jetpack_seo_html_title":"","jetpack_seo_noindex":false,"jetpack_post_was_ever_published":false,"_jetpack_newsletter_access":"","_jetpack_dont_email_post_to_subs":false,"_jetpack_newsletter_tier_id":0,"_jetpack_memberships_contains_paywalled_content":false,"_jetpack_memberships_contains_paid_content":false,"footnotes":"","jetpack_publicize_message":"","jetpack_publicize_feature_enabled":true,"jetpack_social_post_already_shared":true,"jetpack_social_options":{"image_generator_settings":{"template":"highway","default_image_id":0,"font":"","enabled":false},"version":2}},"categories":[5],"tags":[162],"class_list":{"0":"post-2992","1":"post","2":"type-post","3":"status-publish","4":"format-standard","5":"has-post-thumbnail","7":"category-noticias","8":"tag-ciencia","9":"czr-hentry"},"jetpack_publicize_connections":[],"jetpack_featured_media_url":"https:\/\/i0.wp.com\/cepronda.com\/blog\/wp-content\/uploads\/2019\/09\/alien-1905155_1920.png?fit=1890%2C1920&ssl=1","jetpack_shortlink":"https:\/\/wp.me\/p8M4X7-Mg","jetpack-related-posts":[{"id":1586,"url":"https:\/\/cepronda.com\/blog\/21a-feria-de-la-ciencia-en-el-parque-de-las-ciencias-de-granada\/","url_meta":{"origin":2992,"position":0},"title":"21\u00aa FERIA DE LA CIENCIA en el Parque de las Ciencias de Granada","author":"V\u00edctor Caballero","date":"2 febrero, 2018","format":false,"excerpt":"\u00a1Muy buenas de nuevo! El s\u00e1bado 12 de mayo el PARQUE DE LAS CIENCIAS celebrar\u00e1 su 21\u00aa FERIA DE LA CIENCIA para la participaci\u00f3n de centros educativos de toda Andaluc\u00eda. Si quer\u00e9is participar en la misma con vuestro alumnado, abrid el documento pdf que ten\u00e9is mas abajo y podr\u00e9is encontrar\u2026","rel":"","context":"En \u00abNoticias\u00bb","block_context":{"text":"Noticias","link":"https:\/\/cepronda.com\/blog\/category\/noticias\/"},"img":{"alt_text":"","src":"https:\/\/i0.wp.com\/cepronda.com\/blog\/wp-content\/uploads\/2018\/02\/ParqueCiencias_Macroscopio.jpg?fit=1024%2C538&ssl=1&resize=350%2C200","width":350,"height":200,"srcset":"https:\/\/i0.wp.com\/cepronda.com\/blog\/wp-content\/uploads\/2018\/02\/ParqueCiencias_Macroscopio.jpg?fit=1024%2C538&ssl=1&resize=350%2C200 1x, https:\/\/i0.wp.com\/cepronda.com\/blog\/wp-content\/uploads\/2018\/02\/ParqueCiencias_Macroscopio.jpg?fit=1024%2C538&ssl=1&resize=525%2C300 1.5x, https:\/\/i0.wp.com\/cepronda.com\/blog\/wp-content\/uploads\/2018\/02\/ParqueCiencias_Macroscopio.jpg?fit=1024%2C538&ssl=1&resize=700%2C400 2x"},"classes":[]},{"id":2691,"url":"https:\/\/cepronda.com\/blog\/visitas-17a-feria-de-la-ciencia-de-sevilla\/","url_meta":{"origin":2992,"position":1},"title":"Visitas 17\u00aa Feria de la Ciencia de Sevilla","author":"V\u00edctor Caballero","date":"1 abril, 2019","format":false,"excerpt":"Muy buenas familia, Compartimos con todos y todas vosotras que se ha abierto el plazo de inscripci\u00f3n para acudir con vuestro centro educativo a visitar la Feria de la Ciencia de Sevilla. Todas aquellas personas que otros a\u00f1os han acudido hablan maravillas de esta experiencia, y creemos que puede ser\u2026","rel":"","context":"En \u00abNoticias\u00bb","block_context":{"text":"Noticias","link":"https:\/\/cepronda.com\/blog\/category\/noticias\/"},"img":{"alt_text":"","src":"","width":0,"height":0},"classes":[]},{"id":7552,"url":"https:\/\/cepronda.com\/blog\/iii-feria-de-inventos-y-talentos-its-ronda-2024-2\/","url_meta":{"origin":2992,"position":2},"title":"III Feria de Inventos y Talentos. IT\u00b4S RONDA 2024.","author":"Mamen Moreno","date":"8 abril, 2024","format":false,"excerpt":"Desde el CEP de Ronda, nos complace invitaros a visitar la III Feria de Inventos y Talentos. IT\u00b4s RONDA 2024. Se desarrollar\u00e1 los d\u00edas jueves 25 de abril (centros de ESO y Bachillerato) y el viernes 26 de abril (centros de Educaci\u00f3n Infantil y Primaria). Os recordamos que ten\u00e9is hasta\u2026","rel":"","context":"En \u00abNoticias\u00bb","block_context":{"text":"Noticias","link":"https:\/\/cepronda.com\/blog\/category\/noticias\/"},"img":{"alt_text":"","src":"https:\/\/i0.wp.com\/cepronda.com\/blog\/wp-content\/uploads\/2024\/04\/IMAGEN-VIDEO.png?fit=1200%2C707&ssl=1&resize=350%2C200","width":350,"height":200,"srcset":"https:\/\/i0.wp.com\/cepronda.com\/blog\/wp-content\/uploads\/2024\/04\/IMAGEN-VIDEO.png?fit=1200%2C707&ssl=1&resize=350%2C200 1x, https:\/\/i0.wp.com\/cepronda.com\/blog\/wp-content\/uploads\/2024\/04\/IMAGEN-VIDEO.png?fit=1200%2C707&ssl=1&resize=525%2C300 1.5x, https:\/\/i0.wp.com\/cepronda.com\/blog\/wp-content\/uploads\/2024\/04\/IMAGEN-VIDEO.png?fit=1200%2C707&ssl=1&resize=700%2C400 2x, https:\/\/i0.wp.com\/cepronda.com\/blog\/wp-content\/uploads\/2024\/04\/IMAGEN-VIDEO.png?fit=1200%2C707&ssl=1&resize=1050%2C600 3x"},"classes":[]},{"id":3018,"url":"https:\/\/cepronda.com\/blog\/rondatec-primera-feria-de-las-tecnologias-de-ronda-y-su-serrania\/","url_meta":{"origin":2992,"position":3},"title":"RONDATEC: primera feria de las tecnolog\u00edas de Ronda y su Serran\u00eda","author":"V\u00edctor Caballero","date":"23 septiembre, 2019","format":false,"excerpt":"Muy buenas familia, Comienza su andadura uno de los proyectos nuevos de este curso escolar, y que creemos que a muchos y muchas de vosotras os puede interesar e implicar a vuestro alumnado. La idea es participar con vuestro alumnado en RONDATEC, mostrando al resto de participantes y p\u00fablico en\u2026","rel":"","context":"En \u00abFormaciones\u00bb","block_context":{"text":"Formaciones","link":"https:\/\/cepronda.com\/blog\/category\/formaciones\/"},"img":{"alt_text":"","src":"https:\/\/i0.wp.com\/cepronda.com\/blog\/wp-content\/uploads\/2019\/09\/rondatec_cartel.png?fit=644%2C915&ssl=1&resize=350%2C200","width":350,"height":200,"srcset":"https:\/\/i0.wp.com\/cepronda.com\/blog\/wp-content\/uploads\/2019\/09\/rondatec_cartel.png?fit=644%2C915&ssl=1&resize=350%2C200 1x, https:\/\/i0.wp.com\/cepronda.com\/blog\/wp-content\/uploads\/2019\/09\/rondatec_cartel.png?fit=644%2C915&ssl=1&resize=525%2C300 1.5x"},"classes":[]},{"id":2708,"url":"https:\/\/cepronda.com\/blog\/aprender-ciencia-desde-la-indagacion\/","url_meta":{"origin":2992,"position":4},"title":"APRENDER CIENCIA DESDE LA INDAGACI\u00d3N","author":"V\u00edctor Caballero","date":"5 abril, 2019","format":false,"excerpt":"Muy buenas familia, desde el CEP de Granada se oferta un curso a distancia de \u00c1mbito Regional: APRENDER CIENCIA DESDE LA INDAGACI\u00d3N y queremos compartirlo con todos y todas aquellas que os interese. Est\u00e1 dirigido a profesorado interesado en conocer, comprender y aplicar en sus clases los elementos que involucra\u2026","rel":"","context":"En \u00abNoticias\u00bb","block_context":{"text":"Noticias","link":"https:\/\/cepronda.com\/blog\/category\/noticias\/"},"img":{"alt_text":"","src":"https:\/\/i0.wp.com\/cepronda.com\/blog\/wp-content\/uploads\/2019\/04\/dna-1811955_1920.jpg?fit=1200%2C600&ssl=1&resize=350%2C200","width":350,"height":200,"srcset":"https:\/\/i0.wp.com\/cepronda.com\/blog\/wp-content\/uploads\/2019\/04\/dna-1811955_1920.jpg?fit=1200%2C600&ssl=1&resize=350%2C200 1x, https:\/\/i0.wp.com\/cepronda.com\/blog\/wp-content\/uploads\/2019\/04\/dna-1811955_1920.jpg?fit=1200%2C600&ssl=1&resize=525%2C300 1.5x, https:\/\/i0.wp.com\/cepronda.com\/blog\/wp-content\/uploads\/2019\/04\/dna-1811955_1920.jpg?fit=1200%2C600&ssl=1&resize=700%2C400 2x, https:\/\/i0.wp.com\/cepronda.com\/blog\/wp-content\/uploads\/2019\/04\/dna-1811955_1920.jpg?fit=1200%2C600&ssl=1&resize=1050%2C600 3x"},"classes":[]},{"id":6001,"url":"https:\/\/cepronda.com\/blog\/el-ies-gran-capitan-de-cordoba-y-martin-rivero-de-ronda-logran-el-primer-premio-ciccartuja-futuros-investigadores\/","url_meta":{"origin":2992,"position":5},"title":"El IES Gran Capit\u00e1n de C\u00f3rdoba y Mart\u00edn Rivero de Ronda, logran el primer Premio CicCartuja \u201cfuturos investigadores\u201d","author":"Inmaculada Garc\u00eda","date":"17 mayo, 2023","format":false,"excerpt":"Desde el CEP de Ronda queremos dar la enhorabuena al alumnado y al profesorado del I.E.S. MArt\u00edn Rivero (Ronda) por su premio. \u201cDocumentales y Youtube: En busca de ideas para nuevas investigaciones\u201d es el t\u00edtulo del trabajo realizado de manera simult\u00e1nea durante este curso escolar en los IES Gran Capit\u00e1n\u2026","rel":"","context":"En \u00abNoticias\u00bb","block_context":{"text":"Noticias","link":"https:\/\/cepronda.com\/blog\/category\/noticias\/"},"img":{"alt_text":"","src":"https:\/\/i0.wp.com\/cepronda.com\/blog\/wp-content\/uploads\/2023\/05\/Entrega-premio-total.jpg?fit=853%2C841&ssl=1&resize=350%2C200","width":350,"height":200,"srcset":"https:\/\/i0.wp.com\/cepronda.com\/blog\/wp-content\/uploads\/2023\/05\/Entrega-premio-total.jpg?fit=853%2C841&ssl=1&resize=350%2C200 1x, https:\/\/i0.wp.com\/cepronda.com\/blog\/wp-content\/uploads\/2023\/05\/Entrega-premio-total.jpg?fit=853%2C841&ssl=1&resize=525%2C300 1.5x, https:\/\/i0.wp.com\/cepronda.com\/blog\/wp-content\/uploads\/2023\/05\/Entrega-premio-total.jpg?fit=853%2C841&ssl=1&resize=700%2C400 2x"},"classes":[]}],"jetpack_sharing_enabled":true,"_links":{"self":[{"href":"https:\/\/cepronda.com\/blog\/wp-json\/wp\/v2\/posts\/2992","targetHints":{"allow":["GET"]}}],"collection":[{"href":"https:\/\/cepronda.com\/blog\/wp-json\/wp\/v2\/posts"}],"about":[{"href":"https:\/\/cepronda.com\/blog\/wp-json\/wp\/v2\/types\/post"}],"author":[{"embeddable":true,"href":"https:\/\/cepronda.com\/blog\/wp-json\/wp\/v2\/users\/3"}],"replies":[{"embeddable":true,"href":"https:\/\/cepronda.com\/blog\/wp-json\/wp\/v2\/comments?post=2992"}],"version-history":[{"count":1,"href":"https:\/\/cepronda.com\/blog\/wp-json\/wp\/v2\/posts\/2992\/revisions"}],"predecessor-version":[{"id":2994,"href":"https:\/\/cepronda.com\/blog\/wp-json\/wp\/v2\/posts\/2992\/revisions\/2994"}],"wp:featuredmedia":[{"embeddable":true,"href":"https:\/\/cepronda.com\/blog\/wp-json\/wp\/v2\/media\/2993"}],"wp:attachment":[{"href":"https:\/\/cepronda.com\/blog\/wp-json\/wp\/v2\/media?parent=2992"}],"wp:term":[{"taxonomy":"category","embeddable":true,"href":"https:\/\/cepronda.com\/blog\/wp-json\/wp\/v2\/categories?post=2992"},{"taxonomy":"post_tag","embeddable":true,"href":"https:\/\/cepronda.com\/blog\/wp-json\/wp\/v2\/tags?post=2992"}],"curies":[{"name":"wp","href":"https:\/\/api.w.org\/{rel}","templated":true}]}}