{"id":2980,"date":"2019-09-09T09:35:16","date_gmt":"2019-09-09T07:35:16","guid":{"rendered":"http:\/\/cepronda.com\/blog\/?p=2980"},"modified":"2019-09-09T09:35:23","modified_gmt":"2019-09-09T07:35:23","slug":"ronda-con-nombre-de-mujer-un-paseo-por-la-historia-de-las-mujeres-de-ronda-y-la-serrania","status":"publish","type":"post","link":"https:\/\/cepronda.com\/blog\/ronda-con-nombre-de-mujer-un-paseo-por-la-historia-de-las-mujeres-de-ronda-y-la-serrania\/","title":{"rendered":"RONDA CON NOMBRE DE MUJER: UN PASEO POR LA HISTORIA DE LAS MUJERES DE RONDA Y LA SERRAN\u00cdA"},"content":{"rendered":"\n<p class=\"wp-block-paragraph\">Muy buenas familia, <\/p>\n\n\n\n<p class=\"wp-block-paragraph\">Comenzamos la semana poniendo en marcha un curso que el a\u00f1o pasado tuvo muy buena acogida, y que creemos que os puede interesar, tanto a las personas que el a\u00f1o pasado ya lo hicisteis (ya que conoceremos a nuevas mujeres y haremos una visita nueva) como  como a todas a aquellas personas que el a\u00f1o pasado no pudisteis asistir. <\/p>\n\n\n\n<p class=\"wp-block-paragraph\">Contaremos con las ponencias de Aurora Melgar, periodista y autora de la web <a rel=\"noreferrer noopener\" aria-label=\"www.bibliotecadelaserrania.com (opens in a new tab)\" href=\"http:\/\/www.bibliotecadelaserrania.com\" target=\"_blank\">www.bibliotecadelaserrania.com<\/a> y las visitas guiadas de Pilar Delgado.<\/p>\n\n\n\n<p class=\"wp-block-paragraph\">Os dejamos con el <a rel=\"noreferrer noopener\" aria-label=\"enlace a la actividad (opens in a new tab)\" href=\"https:\/\/www.juntadeandalucia.es\/educacion\/secretariavirtual\/consultaCEP\/actividad\/202924GE002\/\" target=\"_blank\">enlace a la actividad<\/a> para que pod\u00e1is ver los detalles y las fechas, e inscribiros. Animaros a participar en esta actividad, donde adem\u00e1s os pediremos una peque\u00f1a actividad donde llev\u00e9is a vuestras aulas una de las mujeres estudiadas. <\/p>\n\n\n\n<p class=\"wp-block-paragraph\">Un abrazo y seguimos en contacto.  <\/p>\n\n\n\n<figure class=\"wp-block-image\"><a href=\"https:\/\/www.juntadeandalucia.es\/educacion\/secretariavirtual\/consultaCEP\/actividad\/202924GE002\/\" target=\"_blank\" rel=\"noreferrer noopener\"><img data-recalc-dims=\"1\" loading=\"lazy\" decoding=\"async\" width=\"645\" height=\"917\" src=\"https:\/\/i0.wp.com\/cepronda.com\/blog\/wp-content\/uploads\/2019\/09\/Ronda_con_nombre_de_mujer.png?resize=645%2C917\" alt=\"\" class=\"wp-image-2985\" srcset=\"https:\/\/i0.wp.com\/cepronda.com\/blog\/wp-content\/uploads\/2019\/09\/Ronda_con_nombre_de_mujer.png?w=645&amp;ssl=1 645w, https:\/\/i0.wp.com\/cepronda.com\/blog\/wp-content\/uploads\/2019\/09\/Ronda_con_nombre_de_mujer.png?resize=211%2C300&amp;ssl=1 211w\" sizes=\"auto, (max-width: 645px) 100vw, 645px\" \/><\/a><\/figure>\n","protected":false},"excerpt":{"rendered":"<p>Muy buenas familia, Comenzamos la semana poniendo en marcha un curso que el a\u00f1o pasado tuvo muy buena acogida, y que creemos que os puede interesar, tanto a las personas que el a\u00f1o pasado ya lo hicisteis (ya que conoceremos a nuevas mujeres y haremos una visita nueva) como como a todas a aquellas personas [&hellip;]<\/p>\n","protected":false},"author":3,"featured_media":2985,"comment_status":"open","ping_status":"open","sticky":false,"template":"","format":"standard","meta":{"_crdt_document":"","advanced_seo_description":"","jetpack_seo_html_title":"","jetpack_seo_noindex":false,"jetpack_post_was_ever_published":false,"_jetpack_newsletter_access":"","_jetpack_dont_email_post_to_subs":false,"_jetpack_newsletter_tier_id":0,"_jetpack_memberships_contains_paywalled_content":false,"_jetpack_memberships_contains_paid_content":false,"footnotes":"","jetpack_publicize_message":"","jetpack_publicize_feature_enabled":true,"jetpack_social_post_already_shared":true,"jetpack_social_options":{"image_generator_settings":{"template":"highway","default_image_id":0,"font":"","enabled":false},"version":2}},"categories":[3],"tags":[37],"class_list":{"0":"post-2980","1":"post","2":"type-post","3":"status-publish","4":"format-standard","5":"has-post-thumbnail","7":"category-formaciones","8":"tag-igualdad","9":"czr-hentry"},"jetpack_publicize_connections":[],"jetpack_featured_media_url":"https:\/\/i0.wp.com\/cepronda.com\/blog\/wp-content\/uploads\/2019\/09\/Ronda_con_nombre_de_mujer.png?fit=645%2C917&ssl=1","jetpack_shortlink":"https:\/\/wp.me\/p8M4X7-M4","jetpack-related-posts":[{"id":2296,"url":"https:\/\/cepronda.com\/blog\/curso-ronda-con-nombre-de-mujer\/","url_meta":{"origin":2980,"position":0},"title":"Curso \u00abRONDA CON NOMBRE DE MUJER\u00bb","author":"V\u00edctor Caballero","date":"10 septiembre, 2018","format":false,"excerpt":"\u00a0Y seguimos trabajando en ofreceros una formaci\u00f3n adecuada a vuestros intereses y necesidades. En este caso nos dirigimos a todas aquellas personas que est\u00e9is interesadas en la coeducaci\u00f3n y el g\u00e9nero, combinada con paseos por Ronda.\u00a0 Se trata de una formaci\u00f3n donde pretendemos visibilizar todas aquellas mujeres de Ronda y\u2026","rel":"","context":"En \u00abFormaciones\u00bb","block_context":{"text":"Formaciones","link":"https:\/\/cepronda.com\/blog\/category\/formaciones\/"},"img":{"alt_text":"","src":"https:\/\/i0.wp.com\/cepronda.com\/blog\/wp-content\/uploads\/2018\/09\/Ronda_con_nombre_de_mujer.png?fit=591%2C835&ssl=1&resize=350%2C200","width":350,"height":200,"srcset":"https:\/\/i0.wp.com\/cepronda.com\/blog\/wp-content\/uploads\/2018\/09\/Ronda_con_nombre_de_mujer.png?fit=591%2C835&ssl=1&resize=350%2C200 1x, https:\/\/i0.wp.com\/cepronda.com\/blog\/wp-content\/uploads\/2018\/09\/Ronda_con_nombre_de_mujer.png?fit=591%2C835&ssl=1&resize=525%2C300 1.5x"},"classes":[]},{"id":1628,"url":"https:\/\/cepronda.com\/blog\/formularios-para-participar-como-publico-v-certamen-de-teatro-ciudad-de-ronda\/","url_meta":{"origin":2980,"position":1},"title":"FORMULARIOS PARA PARTICIPAR COMO P\u00daBLICO V CERTAMEN DE TEATRO \u00abCIUDAD DE RONDA\u00bb","author":"V\u00edctor Caballero","date":"5 marzo, 2018","format":false,"excerpt":"\u00a1Saludos teatrales compa\u00f1eros\/as!!: Ya ha llegado Marzo y como os prometimos aqu\u00ed os dejamos el enlace para participar gratis como p\u00fablico asistente al\u00a0V CERTAMEN DE TEATRO \"CIUDAD DE RONDA\"\u00a0 Esperamos vuestra presencia un a\u00f1o m\u00e1s en el Teatro Vicente Espinel para disfrutar de la calidad de nuestros actores y actrices.\u2026","rel":"","context":"En \u00abNoticias\u00bb","block_context":{"text":"Noticias","link":"https:\/\/cepronda.com\/blog\/category\/noticias\/"},"img":{"alt_text":"","src":"","width":0,"height":0},"classes":[]},{"id":3242,"url":"https:\/\/cepronda.com\/blog\/visita-de-belen-en-ronda-con-el-alumnado-entrada-gratuita\/","url_meta":{"origin":2980,"position":2},"title":"VISITA DE BEL\u00c9N EN RONDA CON EL ALUMNADO. (Entrada gratuita)","author":"V\u00edctor Caballero","date":"11 diciembre, 2019","format":false,"excerpt":"Muy buenas, compa\u00f1eros\/as y compa\u00f1eras: Al igual que el curso pasado, os enviamos informaci\u00f3n para visitar un genial\u00a0Bel\u00e9n ubicado en La Barriada Cruz de San Jorge. C\/ Virgen de las Nieves n\u00ba 2 (Ronda)Pod\u00e9is ir con el\u00a0alumnado, es totalmente\u00a0gratuito y muy recomendable\u00a0su visita. Lo \u00fanico que ten\u00e9is que hacer es\u00a0acordar\u2026","rel":"","context":"En \u00abNoticias\u00bb","block_context":{"text":"Noticias","link":"https:\/\/cepronda.com\/blog\/category\/noticias\/"},"img":{"alt_text":"","src":"https:\/\/i0.wp.com\/cepronda.com\/blog\/wp-content\/uploads\/2019\/12\/village-nativity-586796_1920.jpg?fit=1200%2C801&ssl=1&resize=350%2C200","width":350,"height":200,"srcset":"https:\/\/i0.wp.com\/cepronda.com\/blog\/wp-content\/uploads\/2019\/12\/village-nativity-586796_1920.jpg?fit=1200%2C801&ssl=1&resize=350%2C200 1x, https:\/\/i0.wp.com\/cepronda.com\/blog\/wp-content\/uploads\/2019\/12\/village-nativity-586796_1920.jpg?fit=1200%2C801&ssl=1&resize=525%2C300 1.5x, https:\/\/i0.wp.com\/cepronda.com\/blog\/wp-content\/uploads\/2019\/12\/village-nativity-586796_1920.jpg?fit=1200%2C801&ssl=1&resize=700%2C400 2x, https:\/\/i0.wp.com\/cepronda.com\/blog\/wp-content\/uploads\/2019\/12\/village-nativity-586796_1920.jpg?fit=1200%2C801&ssl=1&resize=1050%2C600 3x"},"classes":[]},{"id":2178,"url":"https:\/\/cepronda.com\/blog\/2-microrrelatos-escolares-premiados-que-conmemoran-el-ano-europeo-del-patrimonio-cultural\/","url_meta":{"origin":2980,"position":3},"title":"2 Microrrelatos escolares premiados que conmemoran el A\u00f1o Europeo del Patrimonio Cultural","author":"V\u00edctor Caballero","date":"12 junio, 2018","format":false,"excerpt":"Muy buenas,\u00a0 Hoy estamos de enhorabuena ya que dos microrrelatos de centros de nuestra zona ha sido premiados en el concurso de microrrelatos educativos \"Cu\u00e9ntanos una historia\". M\u00e1s concretamente se trata de\u00a0\u201cNoche que alegra el alma\u201d de\u00a0Mar\u00eda Guerrero Garc\u00eda, del\u00a0IES Profesor Gonzalo Huesa de Ronda\u00a0y\u00a0\u00a0\u201cAdi\u00f3s\u201d de\u00a0Javier Aguilar M\u00e9ndez, del\u00a0IES Valle\u2026","rel":"","context":"En \u00abNoticias\u00bb","block_context":{"text":"Noticias","link":"https:\/\/cepronda.com\/blog\/category\/noticias\/"},"img":{"alt_text":"","src":"https:\/\/i0.wp.com\/cepronda.com\/blog\/wp-content\/uploads\/2018\/06\/premios.jpg?fit=1200%2C792&ssl=1&resize=350%2C200","width":350,"height":200,"srcset":"https:\/\/i0.wp.com\/cepronda.com\/blog\/wp-content\/uploads\/2018\/06\/premios.jpg?fit=1200%2C792&ssl=1&resize=350%2C200 1x, https:\/\/i0.wp.com\/cepronda.com\/blog\/wp-content\/uploads\/2018\/06\/premios.jpg?fit=1200%2C792&ssl=1&resize=525%2C300 1.5x, https:\/\/i0.wp.com\/cepronda.com\/blog\/wp-content\/uploads\/2018\/06\/premios.jpg?fit=1200%2C792&ssl=1&resize=700%2C400 2x, https:\/\/i0.wp.com\/cepronda.com\/blog\/wp-content\/uploads\/2018\/06\/premios.jpg?fit=1200%2C792&ssl=1&resize=1050%2C600 3x"},"classes":[]},{"id":4058,"url":"https:\/\/cepronda.com\/blog\/el-cep-de-ronda-os-desea-felices-fiestas\/","url_meta":{"origin":2980,"position":4},"title":"EL CEP DE RONDA OS DESEA FELICES FIESTAS","author":"Inmaculada Garc\u00eda","date":"16 diciembre, 2020","format":false,"excerpt":"Hola compa\u00f1eros y compa\u00f1eras. Especialmente en este a\u00f1o tan complicado queremos haceros llegar nuestra muestra de apoyo y agradecimiento a trav\u00e9s de esta felicitaci\u00f3n. Felices Fiestas. HAZ CLIC AQU\u00cd","rel":"","context":"En \u00abNoticias\u00bb","block_context":{"text":"Noticias","link":"https:\/\/cepronda.com\/blog\/category\/noticias\/"},"img":{"alt_text":"","src":"https:\/\/i0.wp.com\/cepronda.com\/blog\/wp-content\/uploads\/2020\/12\/felicitaciondef.png?fit=767%2C1061&ssl=1&resize=350%2C200","width":350,"height":200,"srcset":"https:\/\/i0.wp.com\/cepronda.com\/blog\/wp-content\/uploads\/2020\/12\/felicitaciondef.png?fit=767%2C1061&ssl=1&resize=350%2C200 1x, https:\/\/i0.wp.com\/cepronda.com\/blog\/wp-content\/uploads\/2020\/12\/felicitaciondef.png?fit=767%2C1061&ssl=1&resize=525%2C300 1.5x, https:\/\/i0.wp.com\/cepronda.com\/blog\/wp-content\/uploads\/2020\/12\/felicitaciondef.png?fit=767%2C1061&ssl=1&resize=700%2C400 2x"},"classes":[]},{"id":5493,"url":"https:\/\/cepronda.com\/blog\/el-ave-fenix-del-incendio-de-sierra-bermeja-ies-martin-rivero-ronda-malaga\/","url_meta":{"origin":2980,"position":5},"title":"El ave F\u00e9nix del incendio de Sierra Bermeja. IES Martin Rivero, Ronda (M\u00e1laga)","author":"Mamen Moreno","date":"21 septiembre, 2022","format":false,"excerpt":"Este proyecto ha sido ganador de RedeSTEAM. Las alumnas de este instituto de la Serran\u00eda de Ronda han ideado un proyecto para recuperar el suelo quemado despu\u00e9s de un incendio forestal como el acaecido en Sierra Bermeja (M\u00e1laga) en septiembre del a\u00f1o pasado. Alumnas: Clara Fern\u00e1ndez, Claudia Garc\u00eda, Alba Guerrero,\u2026","rel":"","context":"En \u00abNoticias\u00bb","block_context":{"text":"Noticias","link":"https:\/\/cepronda.com\/blog\/category\/noticias\/"},"img":{"alt_text":"","src":"https:\/\/i0.wp.com\/cepronda.com\/blog\/wp-content\/uploads\/2022\/09\/FOTO-MARTIN.jpeg?fit=734%2C512&ssl=1&resize=350%2C200","width":350,"height":200,"srcset":"https:\/\/i0.wp.com\/cepronda.com\/blog\/wp-content\/uploads\/2022\/09\/FOTO-MARTIN.jpeg?fit=734%2C512&ssl=1&resize=350%2C200 1x, https:\/\/i0.wp.com\/cepronda.com\/blog\/wp-content\/uploads\/2022\/09\/FOTO-MARTIN.jpeg?fit=734%2C512&ssl=1&resize=525%2C300 1.5x, https:\/\/i0.wp.com\/cepronda.com\/blog\/wp-content\/uploads\/2022\/09\/FOTO-MARTIN.jpeg?fit=734%2C512&ssl=1&resize=700%2C400 2x"},"classes":[]}],"jetpack_sharing_enabled":true,"_links":{"self":[{"href":"https:\/\/cepronda.com\/blog\/wp-json\/wp\/v2\/posts\/2980","targetHints":{"allow":["GET"]}}],"collection":[{"href":"https:\/\/cepronda.com\/blog\/wp-json\/wp\/v2\/posts"}],"about":[{"href":"https:\/\/cepronda.com\/blog\/wp-json\/wp\/v2\/types\/post"}],"author":[{"embeddable":true,"href":"https:\/\/cepronda.com\/blog\/wp-json\/wp\/v2\/users\/3"}],"replies":[{"embeddable":true,"href":"https:\/\/cepronda.com\/blog\/wp-json\/wp\/v2\/comments?post=2980"}],"version-history":[{"count":1,"href":"https:\/\/cepronda.com\/blog\/wp-json\/wp\/v2\/posts\/2980\/revisions"}],"predecessor-version":[{"id":2986,"href":"https:\/\/cepronda.com\/blog\/wp-json\/wp\/v2\/posts\/2980\/revisions\/2986"}],"wp:featuredmedia":[{"embeddable":true,"href":"https:\/\/cepronda.com\/blog\/wp-json\/wp\/v2\/media\/2985"}],"wp:attachment":[{"href":"https:\/\/cepronda.com\/blog\/wp-json\/wp\/v2\/media?parent=2980"}],"wp:term":[{"taxonomy":"category","embeddable":true,"href":"https:\/\/cepronda.com\/blog\/wp-json\/wp\/v2\/categories?post=2980"},{"taxonomy":"post_tag","embeddable":true,"href":"https:\/\/cepronda.com\/blog\/wp-json\/wp\/v2\/tags?post=2980"}],"curies":[{"name":"wp","href":"https:\/\/api.w.org\/{rel}","templated":true}]}}