{"id":2976,"date":"2019-09-06T12:59:37","date_gmt":"2019-09-06T10:59:37","guid":{"rendered":"http:\/\/cepronda.com\/blog\/?p=2976"},"modified":"2019-09-06T12:59:46","modified_gmt":"2019-09-06T10:59:46","slug":"teachers-for-future-spain","status":"publish","type":"post","link":"https:\/\/cepronda.com\/blog\/teachers-for-future-spain\/","title":{"rendered":"Teachers For Future Spain"},"content":{"rendered":"\n<p class=\"wp-block-paragraph\">\u00a1Hola de nuevo familia!<\/p>\n\n\n\n<p class=\"wp-block-paragraph\">A finales del curso pasado nos sorprendi\u00f3 a algunas personas el movimiento juvenil contra el cambio clim\u00e1tico que tuvo lugar en todo el mundo. Dentro de este movimiento se han ido sumando otra serie de colectivos, y no pod\u00eda faltar el colectivo docente. <\/p>\n\n\n\n<p class=\"wp-block-paragraph\">Queremos compartir con todas y todos vosotros la p\u00e1gina web de este colectivo docente,  <strong>Teachers for future Spain<\/strong>, ya que creemos que podr\u00e9is encontrar recursos, materiales, ideas para trabajar la educaci\u00f3n ambiental en vuestros centros. El enlace al mismo es  <a href=\"https:\/\/teachersforfuturespain.org\/\">https:\/\/teachersforfuturespain.org\/<\/a>  y entre otras acciones nos proponen la SEMANA DE HUELGA POR LA TIERRA, con una serie de acciones puntuales y muy sencillas que pod\u00e9is trabajar en vuestros centros y con vuestro alumnado. Adem\u00e1s en el apartado de recursos pod\u00e9is encontrar bastantes cortos y v\u00eddeos muy interesantes.  Os dejamos <a rel=\"noreferrer noopener\" aria-label=\"con la carta (opens in a new tab)\" href=\"https:\/\/doc-00-a0-apps-viewer.googleusercontent.com\/viewer\/secure\/pdf\/5rp2pgic54bjmmef380n9a37t4o6ouij\/avbifrvmub7ipm6olc06ck38ktjqj2mj\/1567765875000\/drive\/10416012724571791308\/ACFrOgD3jYWjaS1YK56pXLcObVTFYkaLIyZYEYYh7IaSB2y74mKiYH7edKqKYwkQlNHvhiibGygrGTdRsQ9MgZiQZ9z_Md6CyaXdZ_PE5MYPEwZbAH1rRG-G9agUp_Q=?print=true&amp;nonce=b7reo5cdb58sq&amp;user=10416012724571791308&amp;hash=imdb4qlqkum0a5ccjbo39fr947ds2vl9\" target=\"_blank\">con la carta<\/a> donde explican la semana de huelga a realizar del 20 al 27 de septiembre y os animamos a compartir con nosotros vuestras actividades e iniciativas en este sentido. <\/p>\n\n\n\n<figure class=\"wp-block-image\"><a href=\"https:\/\/teachersforfuturespain.org\/\"><img loading=\"lazy\" decoding=\"async\" width=\"2000\" height=\"1198\" src=\"https:\/\/i1.wp.com\/cepronda.com\/blog\/wp-content\/uploads\/2019\/09\/cropped-earth-11015_1280.jpg?fit=1024%2C613\" alt=\"\" class=\"wp-image-2977\" srcset=\"https:\/\/i0.wp.com\/cepronda.com\/blog\/wp-content\/uploads\/2019\/09\/cropped-earth-11015_1280.jpg?w=2000&amp;ssl=1 2000w, https:\/\/i0.wp.com\/cepronda.com\/blog\/wp-content\/uploads\/2019\/09\/cropped-earth-11015_1280.jpg?resize=300%2C180&amp;ssl=1 300w, https:\/\/i0.wp.com\/cepronda.com\/blog\/wp-content\/uploads\/2019\/09\/cropped-earth-11015_1280.jpg?resize=768%2C460&amp;ssl=1 768w, https:\/\/i0.wp.com\/cepronda.com\/blog\/wp-content\/uploads\/2019\/09\/cropped-earth-11015_1280.jpg?resize=1024%2C613&amp;ssl=1 1024w\" sizes=\"auto, (max-width: 1170px) 100vw, 1170px\" \/><\/a><\/figure>\n","protected":false},"excerpt":{"rendered":"<p>\u00a1Hola de nuevo familia! A finales del curso pasado nos sorprendi\u00f3 a algunas personas el movimiento juvenil contra el cambio clim\u00e1tico que tuvo lugar en todo el mundo. Dentro de este movimiento se han ido sumando otra serie de colectivos, y no pod\u00eda faltar el colectivo docente. Queremos compartir con todas y todos vosotros la [&hellip;]<\/p>\n","protected":false},"author":3,"featured_media":2978,"comment_status":"open","ping_status":"open","sticky":false,"template":"","format":"standard","meta":{"_crdt_document":"","advanced_seo_description":"","jetpack_seo_html_title":"","jetpack_seo_noindex":false,"jetpack_post_was_ever_published":false,"_jetpack_newsletter_access":"","_jetpack_dont_email_post_to_subs":false,"_jetpack_newsletter_tier_id":0,"_jetpack_memberships_contains_paywalled_content":false,"_jetpack_memberships_contains_paid_content":false,"footnotes":"","jetpack_publicize_message":"","jetpack_publicize_feature_enabled":true,"jetpack_social_post_already_shared":true,"jetpack_social_options":{"image_generator_settings":{"template":"highway","default_image_id":0,"font":"","enabled":false},"version":2}},"categories":[5],"tags":[128],"class_list":{"0":"post-2976","1":"post","2":"type-post","3":"status-publish","4":"format-standard","5":"has-post-thumbnail","7":"category-noticias","8":"tag-educacion-ambiental","9":"czr-hentry"},"jetpack_publicize_connections":[],"jetpack_featured_media_url":"https:\/\/i0.wp.com\/cepronda.com\/blog\/wp-content\/uploads\/2019\/09\/cropped-OaC1cn0V_400x400-1.jpg?fit=250%2C250&ssl=1","jetpack_shortlink":"https:\/\/wp.me\/p8M4X7-M0","jetpack-related-posts":[{"id":2334,"url":"https:\/\/cepronda.com\/blog\/nivel-i-y-ii-programa-de-inteligencia-emocional-sensibilizacion-y-desarrollo\/","url_meta":{"origin":2976,"position":0},"title":"NIVEL I Y II. PROGRAMA DE INTELIGENCIA EMOCIONAL: SENSIBILIZACI\u00d3N Y DESARROLLO","author":"V\u00edctor Caballero","date":"25 septiembre, 2018","format":false,"excerpt":"\u00a1Hola de nuevo!\u00a0 Queremos compartir con todas y todos vosotros este curso tan esperado por todo el mundo, dado el \u00e9xito del curso pasado. Se trata de los niveles I y II del programa de inteligencia emocional, donde aprenderemos mucho a nivel personal y como trasladar este programa a nuestros\u2026","rel":"","context":"En \u00abFormaciones\u00bb","block_context":{"text":"Formaciones","link":"https:\/\/cepronda.com\/blog\/category\/formaciones\/"},"img":{"alt_text":"","src":"https:\/\/i0.wp.com\/cepronda.com\/blog\/wp-content\/uploads\/2018\/09\/blond-1868815_640.jpg?fit=640%2C426&ssl=1&resize=350%2C200","width":350,"height":200,"srcset":"https:\/\/i0.wp.com\/cepronda.com\/blog\/wp-content\/uploads\/2018\/09\/blond-1868815_640.jpg?fit=640%2C426&ssl=1&resize=350%2C200 1x, https:\/\/i0.wp.com\/cepronda.com\/blog\/wp-content\/uploads\/2018\/09\/blond-1868815_640.jpg?fit=640%2C426&ssl=1&resize=525%2C300 1.5x"},"classes":[]},{"id":1667,"url":"https:\/\/cepronda.com\/blog\/nuevos-manuales-de-seneca\/","url_meta":{"origin":2976,"position":1},"title":"Nuevos manuales de S\u00e9neca","author":"V\u00edctor Caballero","date":"5 abril, 2018","format":false,"excerpt":"Muy buenas de nuevo, Queremos compartir con todas y todos vosotros dos nuevos manuales de S\u00e9neca, destinados a aclarar dudas y conceptos relacionados con la Evaluaci\u00f3n por competencias. Est\u00e1n bastante claros y muy bien explicados para poder seguir correctamente todo el proceso. Uno de los manuales est\u00e1 destinado a los\u2026","rel":"","context":"En \u00abNoticias\u00bb","block_context":{"text":"Noticias","link":"https:\/\/cepronda.com\/blog\/category\/noticias\/"},"img":{"alt_text":"","src":"https:\/\/i0.wp.com\/cepronda.com\/blog\/wp-content\/uploads\/2017\/05\/logo_ja_ce_mejor.jpg?fit=732%2C600&ssl=1&resize=350%2C200","width":350,"height":200,"srcset":"https:\/\/i0.wp.com\/cepronda.com\/blog\/wp-content\/uploads\/2017\/05\/logo_ja_ce_mejor.jpg?fit=732%2C600&ssl=1&resize=350%2C200 1x, https:\/\/i0.wp.com\/cepronda.com\/blog\/wp-content\/uploads\/2017\/05\/logo_ja_ce_mejor.jpg?fit=732%2C600&ssl=1&resize=525%2C300 1.5x, https:\/\/i0.wp.com\/cepronda.com\/blog\/wp-content\/uploads\/2017\/05\/logo_ja_ce_mejor.jpg?fit=732%2C600&ssl=1&resize=700%2C400 2x"},"classes":[]},{"id":1751,"url":"https:\/\/cepronda.com\/blog\/jornada-de-educacion-ambiental-genatur\/","url_meta":{"origin":2976,"position":2},"title":"Jornada de Educaci\u00f3n Ambiental Genatur","author":"V\u00edctor Caballero","date":"2 mayo, 2018","format":false,"excerpt":"\u00a1Hola! \u00bfQu\u00e9 tal esa vuelta? \u00bfQu\u00e9 tal esa recarga de pilas? Esperamos que todo genial.\u00a0 Hoy queremos compartir con todos y todas vosotras que el pr\u00f3ximo 17 de mayo, jueves, desde la empresa Genatur nos han solicitado nuestro sal\u00f3n de actos para impartir unas jornadas de educaci\u00f3n ambiental. Compartimos la\u2026","rel":"","context":"En \u00abNoticias\u00bb","block_context":{"text":"Noticias","link":"https:\/\/cepronda.com\/blog\/category\/noticias\/"},"img":{"alt_text":"","src":"https:\/\/i0.wp.com\/cepronda.com\/blog\/wp-content\/uploads\/2018\/05\/cartel-jornadas-sobre-educaci%C3%B3n-ambiental.jpg?fit=1200%2C861&ssl=1&resize=350%2C200","width":350,"height":200,"srcset":"https:\/\/i0.wp.com\/cepronda.com\/blog\/wp-content\/uploads\/2018\/05\/cartel-jornadas-sobre-educaci%C3%B3n-ambiental.jpg?fit=1200%2C861&ssl=1&resize=350%2C200 1x, https:\/\/i0.wp.com\/cepronda.com\/blog\/wp-content\/uploads\/2018\/05\/cartel-jornadas-sobre-educaci%C3%B3n-ambiental.jpg?fit=1200%2C861&ssl=1&resize=525%2C300 1.5x, https:\/\/i0.wp.com\/cepronda.com\/blog\/wp-content\/uploads\/2018\/05\/cartel-jornadas-sobre-educaci%C3%B3n-ambiental.jpg?fit=1200%2C861&ssl=1&resize=700%2C400 2x, https:\/\/i0.wp.com\/cepronda.com\/blog\/wp-content\/uploads\/2018\/05\/cartel-jornadas-sobre-educaci%C3%B3n-ambiental.jpg?fit=1200%2C861&ssl=1&resize=1050%2C600 3x"},"classes":[]},{"id":2364,"url":"https:\/\/cepronda.com\/blog\/informacion-sobre-la-codeweek\/","url_meta":{"origin":2976,"position":3},"title":"Informaci\u00f3n sobre la CodeWeek","author":"V\u00edctor Caballero","date":"4 octubre, 2018","format":false,"excerpt":"Muy buenas familia,\u00a0 Queremos compartir con todos los centros de nuestra zona esta iniciativa que nos parece muy interesante, y es la CodeWeek.\u00a0 La semana europea de la programaci\u00f3n es una iniciativa que pretende acercar a todos, y especialmente a los m\u00e1s peque\u00f1os, la programaci\u00f3n inform\u00e1tica y la alfabetizaci\u00f3n digital\u2026","rel":"","context":"En \u00abNoticias\u00bb","block_context":{"text":"Noticias","link":"https:\/\/cepronda.com\/blog\/category\/noticias\/"},"img":{"alt_text":"","src":"https:\/\/i0.wp.com\/cepronda.com\/blog\/wp-content\/uploads\/2018\/10\/hand-3685829_640.jpg?fit=640%2C426&ssl=1&resize=350%2C200","width":350,"height":200,"srcset":"https:\/\/i0.wp.com\/cepronda.com\/blog\/wp-content\/uploads\/2018\/10\/hand-3685829_640.jpg?fit=640%2C426&ssl=1&resize=350%2C200 1x, https:\/\/i0.wp.com\/cepronda.com\/blog\/wp-content\/uploads\/2018\/10\/hand-3685829_640.jpg?fit=640%2C426&ssl=1&resize=525%2C300 1.5x"},"classes":[]},{"id":5382,"url":"https:\/\/cepronda.com\/blog\/estancias-docentes-extranjeros\/","url_meta":{"origin":2976,"position":4},"title":"ESTANCIAS DOCENTES EXTRANJEROS","author":"Maribel Mu\u00f1oz","date":"27 junio, 2022","format":false,"excerpt":"Buenas tardes compa\u00f1eras y compa\u00f1eros, Os recordamos que\u00a0hasta el 6 de julio est\u00e1 abierta la convocatoria del Ministerio de Educaci\u00f3n y Formaci\u00f3n Profesional para centros educativos sostenidos con fondos p\u00fablicos que deseen acoger a un docente extranjero para una estancia de dos semanas durante el curso 2022-23.\u00a0 Para m\u00e1s informaci\u00f3n\u2026","rel":"","context":"En \u00abFormaciones\u00bb","block_context":{"text":"Formaciones","link":"https:\/\/cepronda.com\/blog\/category\/formaciones\/"},"img":{"alt_text":"","src":"https:\/\/i0.wp.com\/cepronda.com\/blog\/wp-content\/uploads\/2022\/06\/1280px-Logotipo_del_Ministerio_de_Educacion_y_Formacion_Profesional.svg_-1.png?fit=1200%2C300&ssl=1&resize=350%2C200","width":350,"height":200,"srcset":"https:\/\/i0.wp.com\/cepronda.com\/blog\/wp-content\/uploads\/2022\/06\/1280px-Logotipo_del_Ministerio_de_Educacion_y_Formacion_Profesional.svg_-1.png?fit=1200%2C300&ssl=1&resize=350%2C200 1x, https:\/\/i0.wp.com\/cepronda.com\/blog\/wp-content\/uploads\/2022\/06\/1280px-Logotipo_del_Ministerio_de_Educacion_y_Formacion_Profesional.svg_-1.png?fit=1200%2C300&ssl=1&resize=525%2C300 1.5x, https:\/\/i0.wp.com\/cepronda.com\/blog\/wp-content\/uploads\/2022\/06\/1280px-Logotipo_del_Ministerio_de_Educacion_y_Formacion_Profesional.svg_-1.png?fit=1200%2C300&ssl=1&resize=700%2C400 2x, https:\/\/i0.wp.com\/cepronda.com\/blog\/wp-content\/uploads\/2022\/06\/1280px-Logotipo_del_Ministerio_de_Educacion_y_Formacion_Profesional.svg_-1.png?fit=1200%2C300&ssl=1&resize=1050%2C600 3x"},"classes":[]},{"id":3739,"url":"https:\/\/cepronda.com\/blog\/ideo-cepronda\/","url_meta":{"origin":2976,"position":5},"title":"IDEO-CEPRONDA.","author":"Inmaculada Garc\u00eda","date":"15 septiembre, 2020","format":false,"excerpt":"Hola compa\u00f1eros y compa\u00f1eras.\u00a0 El pasado mes de mayo naci\u00f3 nuestro nuevo portal sobre \u201cImpulso y Difusi\u00f3n de la ense\u00f1anza online\u201d, IDEO-CEPRONDA. \u00a0El objetivo de la creaci\u00f3n de este portal es visibilizar la gran labor que est\u00e1is realizando, creando un espacio colaborativo en el que todos y todas podamos aportar\u2026","rel":"","context":"En \u00abNoticias\u00bb","block_context":{"text":"Noticias","link":"https:\/\/cepronda.com\/blog\/category\/noticias\/"},"img":{"alt_text":"","src":"https:\/\/i0.wp.com\/cepronda.com\/blog\/wp-content\/uploads\/2020\/09\/IDEO-CEPRONDA.png?fit=500%2C500&ssl=1&resize=350%2C200","width":350,"height":200},"classes":[]}],"jetpack_sharing_enabled":true,"_links":{"self":[{"href":"https:\/\/cepronda.com\/blog\/wp-json\/wp\/v2\/posts\/2976","targetHints":{"allow":["GET"]}}],"collection":[{"href":"https:\/\/cepronda.com\/blog\/wp-json\/wp\/v2\/posts"}],"about":[{"href":"https:\/\/cepronda.com\/blog\/wp-json\/wp\/v2\/types\/post"}],"author":[{"embeddable":true,"href":"https:\/\/cepronda.com\/blog\/wp-json\/wp\/v2\/users\/3"}],"replies":[{"embeddable":true,"href":"https:\/\/cepronda.com\/blog\/wp-json\/wp\/v2\/comments?post=2976"}],"version-history":[{"count":1,"href":"https:\/\/cepronda.com\/blog\/wp-json\/wp\/v2\/posts\/2976\/revisions"}],"predecessor-version":[{"id":2979,"href":"https:\/\/cepronda.com\/blog\/wp-json\/wp\/v2\/posts\/2976\/revisions\/2979"}],"wp:featuredmedia":[{"embeddable":true,"href":"https:\/\/cepronda.com\/blog\/wp-json\/wp\/v2\/media\/2978"}],"wp:attachment":[{"href":"https:\/\/cepronda.com\/blog\/wp-json\/wp\/v2\/media?parent=2976"}],"wp:term":[{"taxonomy":"category","embeddable":true,"href":"https:\/\/cepronda.com\/blog\/wp-json\/wp\/v2\/categories?post=2976"},{"taxonomy":"post_tag","embeddable":true,"href":"https:\/\/cepronda.com\/blog\/wp-json\/wp\/v2\/tags?post=2976"}],"curies":[{"name":"wp","href":"https:\/\/api.w.org\/{rel}","templated":true}]}}