{"id":2967,"date":"2019-09-06T11:06:52","date_gmt":"2019-09-06T09:06:52","guid":{"rendered":"http:\/\/cepronda.com\/blog\/?p=2967"},"modified":"2019-09-06T11:06:54","modified_gmt":"2019-09-06T09:06:54","slug":"sesion-informativa-del-programa-edufinet","status":"publish","type":"post","link":"https:\/\/cepronda.com\/blog\/sesion-informativa-del-programa-edufinet\/","title":{"rendered":"Sesi\u00f3n informativa del programa Edufinet"},"content":{"rendered":"\n<p class=\"wp-block-paragraph\">El mi\u00e9rcoles 11 de septiembre tendr\u00e1 lugar de 12.00 a 13.30 horas en el Centro Unicaja de Educaci\u00f3n Financiera, Av. de Andaluc\u00eda, 25, 29006, una Sesi\u00f3n informativa para profesorado interesado en participar en el programa Edufinet.<\/p>\n\n\n\n<p class=\"wp-block-paragraph\">El objetivo de este proyecto es contribuir a la difusi\u00f3n de conocimientos relativos a la operatoria del sistema financiero y al fomento de la cultura financiera, con la convicci\u00f3n de que as\u00ed se promueve una mayor transparencia, seguridad y responsabilidad en el desarrollo de las relaciones financieras entre los ciudadanos y los intermediarios financieros, y, como consecuencia de lo anterior, una mayor eficiencia en los mercados financieros.&nbsp;&nbsp;<\/p>\n\n\n\n<p class=\"wp-block-paragraph\">Esta sesi\u00f3n va dirigida preferentemente al profesorado que NO ha participado previamente en el programa. Las plazas son limitadas.<\/p>\n\n\n\n<p class=\"wp-block-paragraph\">El plazo para la remisi\u00f3n de\u00a0<a href=\"https:\/\/docs.google.com\/forms\/d\/e\/1FAIpQLSfFMC50BYmbpNlbjg_H2wAmZX4tYjQRBAjyaNwy5GKXwjiYQQ\/viewform\">este formulario<\/a>\u00a0finaliza el 6 de septiembre a las 12.00. El lunes 9 de septiembre se comunicar\u00e1 por S\u00e9neca la relaci\u00f3n de participantes admitidos.<\/p>\n\n\n\n<div class=\"wp-block-image\"><figure class=\"aligncenter\"><img data-recalc-dims=\"1\" loading=\"lazy\" decoding=\"async\" width=\"300\" height=\"109\" src=\"https:\/\/i0.wp.com\/cepronda.com\/blog\/wp-content\/uploads\/2019\/09\/edufinet.png?resize=300%2C109\" alt=\"\" class=\"wp-image-2968\"\/><\/figure><\/div>\n","protected":false},"excerpt":{"rendered":"<p>El mi\u00e9rcoles 11 de septiembre tendr\u00e1 lugar de 12.00 a 13.30 horas en el Centro Unicaja de Educaci\u00f3n Financiera, Av. de Andaluc\u00eda, 25, 29006, una Sesi\u00f3n informativa para profesorado interesado en participar en el programa Edufinet. El objetivo de este proyecto es contribuir a la difusi\u00f3n de conocimientos relativos a la operatoria del sistema financiero [&hellip;]<\/p>\n","protected":false},"author":3,"featured_media":2968,"comment_status":"open","ping_status":"open","sticky":false,"template":"","format":"standard","meta":{"_crdt_document":"","advanced_seo_description":"","jetpack_seo_html_title":"","jetpack_seo_noindex":false,"jetpack_post_was_ever_published":false,"_jetpack_newsletter_access":"","_jetpack_dont_email_post_to_subs":false,"_jetpack_newsletter_tier_id":0,"_jetpack_memberships_contains_paywalled_content":false,"_jetpack_memberships_contains_paid_content":false,"footnotes":"","jetpack_publicize_message":"","jetpack_publicize_feature_enabled":true,"jetpack_social_post_already_shared":true,"jetpack_social_options":{"image_generator_settings":{"template":"highway","default_image_id":0,"font":"","enabled":false},"version":2}},"categories":[5],"tags":[56],"class_list":{"0":"post-2967","1":"post","2":"type-post","3":"status-publish","4":"format-standard","5":"has-post-thumbnail","7":"category-noticias","8":"tag-planes-y-programas","9":"czr-hentry"},"jetpack_publicize_connections":[],"jetpack_featured_media_url":"https:\/\/i0.wp.com\/cepronda.com\/blog\/wp-content\/uploads\/2019\/09\/edufinet.png?fit=300%2C109&ssl=1","jetpack_shortlink":"https:\/\/wp.me\/p8M4X7-LR","jetpack-related-posts":[{"id":7642,"url":"https:\/\/cepronda.com\/blog\/sesion-formativa-vida-sin-humo-guia-para-la-prevencion-de-las-nuevas-formas-de-fumar-en-el-entorno-educativo\/","url_meta":{"origin":2967,"position":0},"title":"SESI\u00d3N FORMATIVA: \u201cVIDA SIN HUMO\u201d. GU\u00cdA PARA LA PREVENCI\u00d3N DE LAS NUEVAS FORMAS DE FUMAR EN EL ENTORNO EDUCATIVO","author":"Inmaculada Garc\u00eda","date":"22 mayo, 2024","format":false,"excerpt":"Se convoca a la Direcci\u00f3n del centro, Departamento de Orientaci\u00f3n y profesorado interesado a la SESI\u00d3N FORMATIVA: \u201cVIDA SIN HUMO\u201d. GU\u00cdA PARA LA PREVENCI\u00d3N DE LAS NUEVAS FORMAS DE FUMAR EN EL ENTORNO EDUCATIVO, organizada por la Unidad de Gesti\u00f3n de Salud P\u00fablica AGS Serran\u00eda de M\u00e1laga. En la actualidad,\u2026","rel":"","context":"En \u00abNoticias\u00bb","block_context":{"text":"Noticias","link":"https:\/\/cepronda.com\/blog\/category\/noticias\/"},"img":{"alt_text":"","src":"https:\/\/i0.wp.com\/cepronda.com\/blog\/wp-content\/uploads\/2024\/05\/WhatsApp-Image-2024-05-22-at-12.24.08.jpeg?fit=1080%2C1080&ssl=1&resize=350%2C200","width":350,"height":200,"srcset":"https:\/\/i0.wp.com\/cepronda.com\/blog\/wp-content\/uploads\/2024\/05\/WhatsApp-Image-2024-05-22-at-12.24.08.jpeg?fit=1080%2C1080&ssl=1&resize=350%2C200 1x, https:\/\/i0.wp.com\/cepronda.com\/blog\/wp-content\/uploads\/2024\/05\/WhatsApp-Image-2024-05-22-at-12.24.08.jpeg?fit=1080%2C1080&ssl=1&resize=525%2C300 1.5x, https:\/\/i0.wp.com\/cepronda.com\/blog\/wp-content\/uploads\/2024\/05\/WhatsApp-Image-2024-05-22-at-12.24.08.jpeg?fit=1080%2C1080&ssl=1&resize=700%2C400 2x, https:\/\/i0.wp.com\/cepronda.com\/blog\/wp-content\/uploads\/2024\/05\/WhatsApp-Image-2024-05-22-at-12.24.08.jpeg?fit=1080%2C1080&ssl=1&resize=1050%2C600 3x"},"classes":[]},{"id":5633,"url":"https:\/\/cepronda.com\/blog\/jornadas-informativas-para-profesorado-tutor-de-funcionariado-en-practicas-en-su-centro\/","url_meta":{"origin":2967,"position":1},"title":"JORNADAS INFORMATIVAS PARA PROFESORADO TUTOR DE FUNCIONARIADO EN PR\u00c1CTICAS EN SU CENTRO","author":"Inmaculada Garc\u00eda","date":"2 diciembre, 2022","format":false,"excerpt":"Est\u00e1 abierto el plazo para la inscripci\u00f3n a las JORNADAS INFORMATIVAS PARA PROFESORADO TUTOR DE FUNCIONARIADO EN PR\u00c1CTICAS EN SU CENTRO. \"NOCIONES B\u00c1SICAS SOBRE LA OBSERVACI\u00d3N ENTRE PARES\" (239923PF008) Fecha actividad: 19\/12\/2022\u00a0 Fecha inscripci\u00f3n:\u00a002\/12\/2022 hasta 13\/12\/2022 Duraci\u00f3n: 3 horas \u00c1mbito Provincial El pr\u00f3ximo d\u00eda 19 de diciembre se realizar\u00e1 esta\u2026","rel":"","context":"En \u00abNoticias\u00bb","block_context":{"text":"Noticias","link":"https:\/\/cepronda.com\/blog\/category\/noticias\/"},"img":{"alt_text":"","src":"https:\/\/i0.wp.com\/cepronda.com\/blog\/wp-content\/uploads\/2022\/12\/Copia-de-ESTANCIAS-FORMATIVAS-EN-EMPRESAS-PARA-EL-PROFESORADO-DE-FORMACION-PROFESIONAL-8.png?fit=1080%2C1080&ssl=1&resize=350%2C200","width":350,"height":200,"srcset":"https:\/\/i0.wp.com\/cepronda.com\/blog\/wp-content\/uploads\/2022\/12\/Copia-de-ESTANCIAS-FORMATIVAS-EN-EMPRESAS-PARA-EL-PROFESORADO-DE-FORMACION-PROFESIONAL-8.png?fit=1080%2C1080&ssl=1&resize=350%2C200 1x, https:\/\/i0.wp.com\/cepronda.com\/blog\/wp-content\/uploads\/2022\/12\/Copia-de-ESTANCIAS-FORMATIVAS-EN-EMPRESAS-PARA-EL-PROFESORADO-DE-FORMACION-PROFESIONAL-8.png?fit=1080%2C1080&ssl=1&resize=525%2C300 1.5x, https:\/\/i0.wp.com\/cepronda.com\/blog\/wp-content\/uploads\/2022\/12\/Copia-de-ESTANCIAS-FORMATIVAS-EN-EMPRESAS-PARA-EL-PROFESORADO-DE-FORMACION-PROFESIONAL-8.png?fit=1080%2C1080&ssl=1&resize=700%2C400 2x, https:\/\/i0.wp.com\/cepronda.com\/blog\/wp-content\/uploads\/2022\/12\/Copia-de-ESTANCIAS-FORMATIVAS-EN-EMPRESAS-PARA-EL-PROFESORADO-DE-FORMACION-PROFESIONAL-8.png?fit=1080%2C1080&ssl=1&resize=1050%2C600 3x"},"classes":[]},{"id":2243,"url":"https:\/\/cepronda.com\/blog\/programa-de-escuelas-mentoras\/","url_meta":{"origin":2967,"position":2},"title":"Programa de Escuelas Mentoras","author":"V\u00edctor Caballero","date":"3 septiembre, 2018","format":false,"excerpt":"Y seguimos con las novedades... En este caso se trata de un programa que el curso pasado se puso a mediados de curso y de forma experimental y, este curso, se pone en marcha desde ya, de modo que el aprendizaje mutuo sea mayor. Escuelas mentoras es un programa de\u2026","rel":"","context":"En \u00abNoticias\u00bb","block_context":{"text":"Noticias","link":"https:\/\/cepronda.com\/blog\/category\/noticias\/"},"img":{"alt_text":"","src":"https:\/\/i0.wp.com\/cepronda.com\/blog\/wp-content\/uploads\/2018\/09\/puzzle-210785_640.jpg?fit=640%2C480&ssl=1&resize=350%2C200","width":350,"height":200,"srcset":"https:\/\/i0.wp.com\/cepronda.com\/blog\/wp-content\/uploads\/2018\/09\/puzzle-210785_640.jpg?fit=640%2C480&ssl=1&resize=350%2C200 1x, https:\/\/i0.wp.com\/cepronda.com\/blog\/wp-content\/uploads\/2018\/09\/puzzle-210785_640.jpg?fit=640%2C480&ssl=1&resize=525%2C300 1.5x"},"classes":[]},{"id":8521,"url":"https:\/\/cepronda.com\/blog\/vida-sin-humo-guia-para-la-prevencion-de-las-nuevas-formas-de-fumar-en-el-entorno-educativo\/","url_meta":{"origin":2967,"position":3},"title":"\u201cVIDA SIN HUMO\u201d. GU\u00cdA PARA LA PREVENCI\u00d3N DE LAS NUEVAS FORMAS DE FUMAR EN EL ENTORNO EDUCATIVO.","author":"Inmaculada Garc\u00eda","date":"28 abril, 2025","format":false,"excerpt":"Se convoca a la Direcci\u00f3n del centro, Departamento de Orientaci\u00f3n y profesorado interesado a la SESI\u00d3N INFORMATIVA: \u201cVIDA SIN HUMO\u201d. GU\u00cdA PARA LA PREVENCI\u00d3N DE LAS NUEVAS FORMAS DE FUMAR EN EL ENTORNO EDUCATIVO, organizada por la Unidad de Gesti\u00f3n de Salud P\u00fablica AGS Serran\u00eda de M\u00e1laga. Hoy en d\u00eda,\u2026","rel":"","context":"En \u00abNoticias\u00bb","block_context":{"text":"Noticias","link":"https:\/\/cepronda.com\/blog\/category\/noticias\/"},"img":{"alt_text":"","src":"https:\/\/i0.wp.com\/cepronda.com\/blog\/wp-content\/uploads\/2025\/04\/Copia-de-VIDA-SIN-HUMO-1.jpg?fit=1080%2C1080&ssl=1&resize=350%2C200","width":350,"height":200,"srcset":"https:\/\/i0.wp.com\/cepronda.com\/blog\/wp-content\/uploads\/2025\/04\/Copia-de-VIDA-SIN-HUMO-1.jpg?fit=1080%2C1080&ssl=1&resize=350%2C200 1x, https:\/\/i0.wp.com\/cepronda.com\/blog\/wp-content\/uploads\/2025\/04\/Copia-de-VIDA-SIN-HUMO-1.jpg?fit=1080%2C1080&ssl=1&resize=525%2C300 1.5x, https:\/\/i0.wp.com\/cepronda.com\/blog\/wp-content\/uploads\/2025\/04\/Copia-de-VIDA-SIN-HUMO-1.jpg?fit=1080%2C1080&ssl=1&resize=700%2C400 2x, https:\/\/i0.wp.com\/cepronda.com\/blog\/wp-content\/uploads\/2025\/04\/Copia-de-VIDA-SIN-HUMO-1.jpg?fit=1080%2C1080&ssl=1&resize=1050%2C600 3x"},"classes":[]},{"id":8067,"url":"https:\/\/cepronda.com\/blog\/convivencia-y-aprendizaje-creando-ambientes-educativos-positivos\/","url_meta":{"origin":2967,"position":4},"title":"CONVIVENCIA Y APRENDIZAJE: CREANDO AMBIENTES EDUCATIVOS POSITIVOS","author":"Mamen Moreno","date":"21 enero, 2025","format":false,"excerpt":"Inscripciones abiertas para el curso \"Convivencia y Aprendizaje: Creando Ambientes Educativos Positivos\" con c\u00f3digo 252924GE017 Duraci\u00f3n: 15 horas (12 horas presenciales y 3 horas de tareas) Dirigido a: Todo el profesorado (Internivelar) Inscripciones: del 21 de enero al 21 de febrero Lugar: CEP de Ronda \/ Sala de Videoconferencias Fechas:\u00a0\u2026","rel":"","context":"En \u00abFormaciones\u00bb","block_context":{"text":"Formaciones","link":"https:\/\/cepronda.com\/blog\/category\/formaciones\/"},"img":{"alt_text":"","src":"https:\/\/i0.wp.com\/cepronda.com\/blog\/wp-content\/uploads\/2025\/01\/CONVIVENCIA.jpg?fit=1080%2C1080&ssl=1&resize=350%2C200","width":350,"height":200,"srcset":"https:\/\/i0.wp.com\/cepronda.com\/blog\/wp-content\/uploads\/2025\/01\/CONVIVENCIA.jpg?fit=1080%2C1080&ssl=1&resize=350%2C200 1x, https:\/\/i0.wp.com\/cepronda.com\/blog\/wp-content\/uploads\/2025\/01\/CONVIVENCIA.jpg?fit=1080%2C1080&ssl=1&resize=525%2C300 1.5x, https:\/\/i0.wp.com\/cepronda.com\/blog\/wp-content\/uploads\/2025\/01\/CONVIVENCIA.jpg?fit=1080%2C1080&ssl=1&resize=700%2C400 2x, https:\/\/i0.wp.com\/cepronda.com\/blog\/wp-content\/uploads\/2025\/01\/CONVIVENCIA.jpg?fit=1080%2C1080&ssl=1&resize=1050%2C600 3x"},"classes":[]},{"id":1645,"url":"https:\/\/cepronda.com\/blog\/programa-formacion-profesorado-escuelas-mentoras\/","url_meta":{"origin":2967,"position":5},"title":"Programa Formaci\u00f3n Profesorado Escuelas Mentoras","author":"V\u00edctor Caballero","date":"13 marzo, 2018","format":false,"excerpt":"\u00a1Hola a todo el mundo! Compartimos con todos y todas vosotras este programa que acaba de publicarse y que creemos puede ser una idea muy interesante para compartir\u00a0 con el resto de profesorado nuestras experiencias, y aprender mutuamente. Se ha denominado Programa de escuelas mentoras y para acceder a toda\u2026","rel":"","context":"En \u00abNoticias\u00bb","block_context":{"text":"Noticias","link":"https:\/\/cepronda.com\/blog\/category\/noticias\/"},"img":{"alt_text":"","src":"https:\/\/i0.wp.com\/cepronda.com\/blog\/wp-content\/uploads\/2018\/03\/connect-316638_640.jpg?fit=640%2C426&ssl=1&resize=350%2C200","width":350,"height":200,"srcset":"https:\/\/i0.wp.com\/cepronda.com\/blog\/wp-content\/uploads\/2018\/03\/connect-316638_640.jpg?fit=640%2C426&ssl=1&resize=350%2C200 1x, https:\/\/i0.wp.com\/cepronda.com\/blog\/wp-content\/uploads\/2018\/03\/connect-316638_640.jpg?fit=640%2C426&ssl=1&resize=525%2C300 1.5x"},"classes":[]}],"jetpack_sharing_enabled":true,"_links":{"self":[{"href":"https:\/\/cepronda.com\/blog\/wp-json\/wp\/v2\/posts\/2967","targetHints":{"allow":["GET"]}}],"collection":[{"href":"https:\/\/cepronda.com\/blog\/wp-json\/wp\/v2\/posts"}],"about":[{"href":"https:\/\/cepronda.com\/blog\/wp-json\/wp\/v2\/types\/post"}],"author":[{"embeddable":true,"href":"https:\/\/cepronda.com\/blog\/wp-json\/wp\/v2\/users\/3"}],"replies":[{"embeddable":true,"href":"https:\/\/cepronda.com\/blog\/wp-json\/wp\/v2\/comments?post=2967"}],"version-history":[{"count":1,"href":"https:\/\/cepronda.com\/blog\/wp-json\/wp\/v2\/posts\/2967\/revisions"}],"predecessor-version":[{"id":2969,"href":"https:\/\/cepronda.com\/blog\/wp-json\/wp\/v2\/posts\/2967\/revisions\/2969"}],"wp:featuredmedia":[{"embeddable":true,"href":"https:\/\/cepronda.com\/blog\/wp-json\/wp\/v2\/media\/2968"}],"wp:attachment":[{"href":"https:\/\/cepronda.com\/blog\/wp-json\/wp\/v2\/media?parent=2967"}],"wp:term":[{"taxonomy":"category","embeddable":true,"href":"https:\/\/cepronda.com\/blog\/wp-json\/wp\/v2\/categories?post=2967"},{"taxonomy":"post_tag","embeddable":true,"href":"https:\/\/cepronda.com\/blog\/wp-json\/wp\/v2\/tags?post=2967"}],"curies":[{"name":"wp","href":"https:\/\/api.w.org\/{rel}","templated":true}]}}