{"id":2957,"date":"2019-09-03T13:26:22","date_gmt":"2019-09-03T11:26:22","guid":{"rendered":"http:\/\/cepronda.com\/blog\/?p=2957"},"modified":"2019-09-03T13:26:30","modified_gmt":"2019-09-03T11:26:30","slug":"fomento-de-la-comunicacion-linguistica-en-los-centros-plc-comunica-bilinguismo-y-erasmus","status":"publish","type":"post","link":"https:\/\/cepronda.com\/blog\/fomento-de-la-comunicacion-linguistica-en-los-centros-plc-comunica-bilinguismo-y-erasmus\/","title":{"rendered":"FOMENTO DE LA COMUNICACI\u00d3N LING\u00dc\u00cdSTICA EN LOS CENTROS: PLC, COMUNICA, BILING\u00dcISMO Y ERASMUS+"},"content":{"rendered":"\n<p class=\"wp-block-paragraph\">Muy buenas familia,<\/p>\n\n\n\n<p class=\"wp-block-paragraph\">\u00bfQu\u00e9 tal la vuelta? Seguro que bien. muchos \u00e1nimos desde el CEP y ya sab\u00e9is donde ten\u00e9is vuestra casa. <\/p>\n\n\n\n<p class=\"wp-block-paragraph\">Comenzamos nuestro periplo formativo con una actividad dirigida a todos aquellos centros que est\u00e9is interesados en pedir alg\u00fan PLC, Comunica o Erasmus +, as\u00ed como a nuestros centros biling\u00fces. <\/p>\n\n\n\n<p class=\"wp-block-paragraph\">Los objetivos de la formaci\u00f3n son:<\/p>\n\n\n\n<ul class=\"wp-block-list\"><li> Informar sobre los programas educativos con los que contamos para mejorar la competencia ling\u00fc\u00edstica.  <\/li><li>Proporcionar herramientas y elaborar del esbozo del proyecto de PLC necesario, para los centros que quieren solicitarlo este curso acad\u00e9mico. <\/li><li>Mostrar como el binomio Biling\u00fc\u00edsmo y Erasmus+, es una poderosa estrategia para el desarrollo de la competencia ling\u00fc\u00edstica en los centros educativos. <\/li><li>Aportar informaci\u00f3n sobre las distintas modalidades de participaci\u00f3n en el programa Erasmus+. <\/li><li>Dar a conocer buenas pr\u00e1cticas y modelos educativos de centros de nuestro entorno, que han desarrollado programas para el desarrollo de la competencia ling\u00fc\u00edstica.  <\/li><\/ul>\n\n\n\n<p class=\"wp-block-paragraph\">Para conocer los detalles e inscribiros en la actividad s\u00f3lo ten\u00e9is que <a href=\"https:\/\/www.juntadeandalucia.es\/educacion\/secretariavirtual\/consultaCEP\/actividad\/202924GE001\/\" target=\"_blank\" rel=\"noreferrer noopener\" aria-label=\"seguir este enlace.  (opens in a new tab)\">seguir este enlace. <\/a><\/p>\n\n\n\n<p class=\"wp-block-paragraph\">Un saludo y nos vemos. <\/p>\n\n\n\n<figure class=\"wp-block-image\"><img data-recalc-dims=\"1\" loading=\"lazy\" decoding=\"async\" width=\"642\" height=\"909\" src=\"https:\/\/i0.wp.com\/cepronda.com\/blog\/wp-content\/uploads\/2019\/09\/PLC_Comunica.png?resize=642%2C909\" alt=\"\" class=\"wp-image-2958\" srcset=\"https:\/\/i0.wp.com\/cepronda.com\/blog\/wp-content\/uploads\/2019\/09\/PLC_Comunica.png?w=642&amp;ssl=1 642w, https:\/\/i0.wp.com\/cepronda.com\/blog\/wp-content\/uploads\/2019\/09\/PLC_Comunica.png?resize=212%2C300&amp;ssl=1 212w\" sizes=\"auto, (max-width: 642px) 100vw, 642px\" \/><\/figure>\n","protected":false},"excerpt":{"rendered":"<p>Muy buenas familia, \u00bfQu\u00e9 tal la vuelta? Seguro que bien. muchos \u00e1nimos desde el CEP y ya sab\u00e9is donde ten\u00e9is vuestra casa. Comenzamos nuestro periplo formativo con una actividad dirigida a todos aquellos centros que est\u00e9is interesados en pedir alg\u00fan PLC, Comunica o Erasmus +, as\u00ed como a nuestros centros biling\u00fces. Los objetivos de la [&hellip;]<\/p>\n","protected":false},"author":3,"featured_media":2958,"comment_status":"open","ping_status":"open","sticky":false,"template":"","format":"standard","meta":{"_crdt_document":"","advanced_seo_description":"","jetpack_seo_html_title":"","jetpack_seo_noindex":false,"jetpack_post_was_ever_published":false,"_jetpack_newsletter_access":"","_jetpack_dont_email_post_to_subs":false,"_jetpack_newsletter_tier_id":0,"_jetpack_memberships_contains_paywalled_content":false,"_jetpack_memberships_contains_paid_content":false,"footnotes":"","jetpack_publicize_message":"","jetpack_publicize_feature_enabled":true,"jetpack_social_post_already_shared":true,"jetpack_social_options":{"image_generator_settings":{"template":"highway","default_image_id":0,"font":"","enabled":false},"version":2}},"categories":[3],"tags":[172],"class_list":{"0":"post-2957","1":"post","2":"type-post","3":"status-publish","4":"format-standard","5":"has-post-thumbnail","7":"category-formaciones","8":"tag-comunicacion-linguistica","9":"czr-hentry"},"jetpack_publicize_connections":[],"jetpack_featured_media_url":"https:\/\/i0.wp.com\/cepronda.com\/blog\/wp-content\/uploads\/2019\/09\/PLC_Comunica.png?fit=642%2C909&ssl=1","jetpack_shortlink":"https:\/\/wp.me\/p8M4X7-LH","jetpack-related-posts":[{"id":4599,"url":"https:\/\/cepronda.com\/blog\/plc-y-comunica-programas-para-el-desarrollo-de-la-ccl\/","url_meta":{"origin":2957,"position":0},"title":"PLC y ComunicA. Programas para el desarrollo de la CCL.","author":"Maribel Mu\u00f1oz","date":"13 septiembre, 2021","format":false,"excerpt":"Buenas tardes compa\u00f1eras y compa\u00f1eros, Os hacemos llegar la siguiente infograf\u00eda\u00a0 sobre los programas para el desarrollo de la Competencia en Comunicaci\u00f3n Ling\u00fc\u00edstica, cuyo plazo de solicitud termina el pr\u00f3ximo 30 de septiembre. Adem\u00e1s, se van a\u00a0 desarrollar unas Jornadas Provinciales Informativas sobre estos programas. En los siguientes d\u00edas conoceremos\u2026","rel":"","context":"En \u00abFormaciones\u00bb","block_context":{"text":"Formaciones","link":"https:\/\/cepronda.com\/blog\/category\/formaciones\/"},"img":{"alt_text":"","src":"https:\/\/i0.wp.com\/cepronda.com\/blog\/wp-content\/uploads\/2021\/09\/Infografia-PLC-ComunicA.png?fit=763%2C1074&ssl=1&resize=350%2C200","width":350,"height":200,"srcset":"https:\/\/i0.wp.com\/cepronda.com\/blog\/wp-content\/uploads\/2021\/09\/Infografia-PLC-ComunicA.png?fit=763%2C1074&ssl=1&resize=350%2C200 1x, https:\/\/i0.wp.com\/cepronda.com\/blog\/wp-content\/uploads\/2021\/09\/Infografia-PLC-ComunicA.png?fit=763%2C1074&ssl=1&resize=525%2C300 1.5x, https:\/\/i0.wp.com\/cepronda.com\/blog\/wp-content\/uploads\/2021\/09\/Infografia-PLC-ComunicA.png?fit=763%2C1074&ssl=1&resize=700%2C400 2x"},"classes":[]},{"id":1098,"url":"https:\/\/cepronda.com\/blog\/programa-de-inmersion-linguistica-para-el-profesorado-con-destino-en-los-centros-publicos-bilingues-convocatoria-2017\/","url_meta":{"origin":2957,"position":1},"title":"Programa de Inmersi\u00f3n Ling\u00fc\u00edstica para el profesorado con destino en los centros p\u00fablicos biling\u00fces. Convocatoria 2017","author":"V\u00edctor Caballero","date":"29 mayo, 2017","format":false,"excerpt":"\u00a1Hola de nuevo! Seguimos informando de novedades... En este caso se trata del inicio del plazo de inscripci\u00f3n en el programa de inmersi\u00f3n ling\u00fc\u00edstica para el profesorado con destino en los centros p\u00fablicos biling\u00fces, en su convocatoria del a\u00f1o 2017. Para poder acceder a la informaci\u00f3n s\u00f3lo ten\u00e9is que hacer\u2026","rel":"","context":"En \u00abNoticias\u00bb","block_context":{"text":"Noticias","link":"https:\/\/cepronda.com\/blog\/category\/noticias\/"},"img":{"alt_text":"","src":"https:\/\/i0.wp.com\/cepronda.com\/blog\/wp-content\/uploads\/2017\/05\/learn-2004905_640.png?fit=640%2C285&ssl=1&resize=350%2C200","width":350,"height":200,"srcset":"https:\/\/i0.wp.com\/cepronda.com\/blog\/wp-content\/uploads\/2017\/05\/learn-2004905_640.png?fit=640%2C285&ssl=1&resize=350%2C200 1x, https:\/\/i0.wp.com\/cepronda.com\/blog\/wp-content\/uploads\/2017\/05\/learn-2004905_640.png?fit=640%2C285&ssl=1&resize=525%2C300 1.5x"},"classes":[]},{"id":4633,"url":"https:\/\/cepronda.com\/blog\/jornada-de-sensibilizacion-del-proyecto-linguistico-de-centro-plc-provincial\/","url_meta":{"origin":2957,"position":2},"title":"JORNADA DE SENSIBILIZACI\u00d3N DEL PROYECTO LING\u00dc\u00cdSTICO DE CENTRO (PLC) PROVINCIAL","author":"Maribel Mu\u00f1oz","date":"21 septiembre, 2021","format":false,"excerpt":"Buenas tardes compa\u00f1eras y compa\u00f1eros, Os informamos que est\u00e1 abierto el plazo de inscripci\u00f3n en la JORNADA DE SENSIBILIZACI\u00d3N DEL PROYECTO LING\u00dc\u00cdSTICO DE CENTRO (PLC) PROVINCIAL, con c\u00f3digo 222922IC001 . La modalidad es: Jornada online 5h (2h presenciales y 3h no presenciales). Fecha actividad: 27\/09\/2021 Fecha inscripci\u00f3n: 20\/09\/2021 hasta las\u2026","rel":"","context":"En \u00abFormaciones\u00bb","block_context":{"text":"Formaciones","link":"https:\/\/cepronda.com\/blog\/category\/formaciones\/"},"img":{"alt_text":"","src":"https:\/\/i0.wp.com\/cepronda.com\/blog\/wp-content\/uploads\/2021\/09\/FOMENTO-DE-LA-COMUNICACION-LINGUISTICA-EN-LOS-CENTROS-EDUCATIVOS-1.png?fit=512%2C800&ssl=1&resize=350%2C200","width":350,"height":200},"classes":[]},{"id":7811,"url":"https:\/\/cepronda.com\/blog\/celebracion-del-erasmus-day-un-agradecimiento-a-todos-los-centros-participantes\/","url_meta":{"origin":2957,"position":3},"title":"CELEBRACI\u00d3N DEL ERASMUS DAY. UN AGRADECIMIENTO A TODOS LOS CENTROS PARTICIPANTES.","author":"Maribel Mu\u00f1oz","date":"24 octubre, 2024","format":false,"excerpt":"En el marco del Erasmus Day, queremos dedicar este espacio para agradecer a todos los centros que han participado activamente en las movilidades docentes durante el curso 2023\/2024 dentro del Consorcio MEPRural del CEP de Ronda. El programa Erasmus+ sigue siendo una oportunidad \u00fanica para el intercambio de experiencias, conocimientos\u2026","rel":"","context":"En \u00abFormaciones\u00bb","block_context":{"text":"Formaciones","link":"https:\/\/cepronda.com\/blog\/category\/formaciones\/"},"img":{"alt_text":"","src":"https:\/\/i0.wp.com\/cepronda.com\/blog\/wp-content\/uploads\/2024\/10\/Erasmus-day-video-portada.jpg?fit=446%2C787&ssl=1&resize=350%2C200","width":350,"height":200},"classes":[]},{"id":8424,"url":"https:\/\/cepronda.com\/blog\/tratamiento-difusion-y-evaluacion-del-plan-de-lectura-planificada-en-los-centros-educativos\/","url_meta":{"origin":2957,"position":4},"title":"TRATAMIENTO, DIFUSI\u00d3N Y EVALUACI\u00d3N  DEL PLAN DE LECTURA PLANIFICADA EN LOS CENTROS EDUCATIVOS","author":"Maribel Mu\u00f1oz","date":"1 abril, 2025","format":false,"excerpt":"Desde hoy, martes 1 de abril y hasta el 1 de mayo, estar\u00e1 abierto el plazo de solicitudes para la actividad TRATAMIENTO, DIFUSI\u00d3N Y EVALUACI\u00d3N DEL PLAN DE LECTURA PLANIFICADA EN LOS CENTROS EDUCATIVOS, c\u00f3digo 259924LE460. \u00a0 INSCRIPCIONES: del 1 de abril al 1 de mayo de 2025, ambos inclusive\u2026","rel":"","context":"En \u00abFormaciones\u00bb","block_context":{"text":"Formaciones","link":"https:\/\/cepronda.com\/blog\/category\/formaciones\/"},"img":{"alt_text":"","src":"https:\/\/i0.wp.com\/cepronda.com\/blog\/wp-content\/uploads\/2025\/04\/Cartel-FASE-III-Itinerario-de-lectura.jpg?fit=800%2C800&ssl=1&resize=350%2C200","width":350,"height":200,"srcset":"https:\/\/i0.wp.com\/cepronda.com\/blog\/wp-content\/uploads\/2025\/04\/Cartel-FASE-III-Itinerario-de-lectura.jpg?fit=800%2C800&ssl=1&resize=350%2C200 1x, https:\/\/i0.wp.com\/cepronda.com\/blog\/wp-content\/uploads\/2025\/04\/Cartel-FASE-III-Itinerario-de-lectura.jpg?fit=800%2C800&ssl=1&resize=525%2C300 1.5x, https:\/\/i0.wp.com\/cepronda.com\/blog\/wp-content\/uploads\/2025\/04\/Cartel-FASE-III-Itinerario-de-lectura.jpg?fit=800%2C800&ssl=1&resize=700%2C400 2x"},"classes":[]},{"id":4466,"url":"https:\/\/cepronda.com\/blog\/4466-2\/","url_meta":{"origin":2957,"position":5},"title":"CEP DE RONDA. ACREDITACI\u00d3N ERASMUS KA1 2021-2027","author":"Mar\u00eda Jos\u00e9 M\u00e1rquez","date":"21 abril, 2021","format":false,"excerpt":"Desde el CEP de Ronda queremos compartir con vosotros y vosotras nuestra alegr\u00eda porque se nos ha concedido la Acreditaci\u00f3n Erasmus en el \u00c1mbito de la Educaci\u00f3n Escolar para el per\u00edodo 2021-2027, lo que nos permitir\u00e1 continuar con nuestro objetivo de apoyar la internacionalizaci\u00f3n de los centros educativos de nuestro\u2026","rel":"","context":"En \u00abFormaciones\u00bb","block_context":{"text":"Formaciones","link":"https:\/\/cepronda.com\/blog\/category\/formaciones\/"},"img":{"alt_text":"","src":"https:\/\/i0.wp.com\/cepronda.com\/blog\/wp-content\/uploads\/2021\/04\/acreditacion-erasmus-cep-300x99.jpeg?resize=350%2C200","width":350,"height":200},"classes":[]}],"jetpack_sharing_enabled":true,"_links":{"self":[{"href":"https:\/\/cepronda.com\/blog\/wp-json\/wp\/v2\/posts\/2957","targetHints":{"allow":["GET"]}}],"collection":[{"href":"https:\/\/cepronda.com\/blog\/wp-json\/wp\/v2\/posts"}],"about":[{"href":"https:\/\/cepronda.com\/blog\/wp-json\/wp\/v2\/types\/post"}],"author":[{"embeddable":true,"href":"https:\/\/cepronda.com\/blog\/wp-json\/wp\/v2\/users\/3"}],"replies":[{"embeddable":true,"href":"https:\/\/cepronda.com\/blog\/wp-json\/wp\/v2\/comments?post=2957"}],"version-history":[{"count":1,"href":"https:\/\/cepronda.com\/blog\/wp-json\/wp\/v2\/posts\/2957\/revisions"}],"predecessor-version":[{"id":2959,"href":"https:\/\/cepronda.com\/blog\/wp-json\/wp\/v2\/posts\/2957\/revisions\/2959"}],"wp:featuredmedia":[{"embeddable":true,"href":"https:\/\/cepronda.com\/blog\/wp-json\/wp\/v2\/media\/2958"}],"wp:attachment":[{"href":"https:\/\/cepronda.com\/blog\/wp-json\/wp\/v2\/media?parent=2957"}],"wp:term":[{"taxonomy":"category","embeddable":true,"href":"https:\/\/cepronda.com\/blog\/wp-json\/wp\/v2\/categories?post=2957"},{"taxonomy":"post_tag","embeddable":true,"href":"https:\/\/cepronda.com\/blog\/wp-json\/wp\/v2\/tags?post=2957"}],"curies":[{"name":"wp","href":"https:\/\/api.w.org\/{rel}","templated":true}]}}