{"id":2942,"date":"2019-07-03T09:42:35","date_gmt":"2019-07-03T07:42:35","guid":{"rendered":"http:\/\/cepronda.com\/blog\/?p=2942"},"modified":"2025-04-28T11:58:59","modified_gmt":"2025-04-28T09:58:59","slug":"rutas-cientificas-artisticas-y-literarias-durante-el-otono-2019","status":"publish","type":"post","link":"https:\/\/cepronda.com\/blog\/rutas-cientificas-artisticas-y-literarias-durante-el-otono-2019\/","title":{"rendered":"\u00abRutas Cient\u00edficas, Art\u00edsticas y Literarias\u00bb durante el oto\u00f1o 2019"},"content":{"rendered":"\n<p class=\"wp-block-paragraph\">Muy buenas familia, ya estamos dando los \u00faltimos coletazos en el CEP y, aunque sabemos que muchos y muchas de vosotras ya est\u00e1is de descanso, queremos compartir esta informaci\u00f3n que creemos puede resultaros interesante para el pr\u00f3ximo curso escolar. <\/p>\n\n\n\n<p class=\"wp-block-paragraph\">Se trata de la Resoluci\u00f3n de 25 de junio de 2019, de la Secretar\u00eda de Estado de Educaci\u00f3n y Formaci\u00f3n Profesional, por la que se convocan becas para participar en el programa nacional \u00abRutas Cient\u00edficas, Art\u00edsticas y Literarias\u00bb durante el oto\u00f1o 2019. Os dejamos con el enlace a la normativa.<\/p>\n\n\n\n<p class=\"wp-block-paragraph\">Enlaces de la normativa<\/p>\n\n\n\n<ul class=\"wp-block-list\"><li><a rel=\"noreferrer noopener\" href=\"https:\/\/www.boe.es\/boe\/dias\/2019\/07\/02\/pdfs\/BOE-B-2019-29908.pdf\" target=\"_blank\">Extracto de la Resoluci\u00f3n de 25 de junio de 2019 (BOE 02-07-2019)<\/a><\/li><\/ul>\n\n\n\n<p class=\"wp-block-paragraph\">Otros documentos relacionados<\/p>\n\n\n\n<ul class=\"wp-block-list\"><li><a rel=\"noreferrer noopener\" href=\"http:\/\/www.juntadeandalucia.es\/educacion\/portals\/abaco-portlet\/content\/403c4fca-5c03-4e55-ad8a-8dce31934d43\" target=\"_blank\">Resoluci\u00f3n de 25 de junio de 2019 (PDF \/ 489.5Kb)<\/a><\/li><\/ul>\n","protected":false},"excerpt":{"rendered":"<p>Muy buenas familia, ya estamos dando los \u00faltimos coletazos en el CEP y, aunque sabemos que muchos y muchas de vosotras ya est\u00e1is de descanso, queremos compartir esta informaci\u00f3n que creemos puede resultaros interesante para el pr\u00f3ximo curso escolar. Se trata de la Resoluci\u00f3n de 25 de junio de 2019, de la Secretar\u00eda de Estado [&hellip;]<\/p>\n","protected":false},"author":3,"featured_media":985,"comment_status":"open","ping_status":"open","sticky":false,"template":"","format":"standard","meta":{"_crdt_document":"","advanced_seo_description":"","jetpack_seo_html_title":"","jetpack_seo_noindex":false,"jetpack_post_was_ever_published":false,"_jetpack_newsletter_access":"","_jetpack_dont_email_post_to_subs":false,"_jetpack_newsletter_tier_id":0,"_jetpack_memberships_contains_paywalled_content":false,"_jetpack_memberships_contains_paid_content":false,"footnotes":"","jetpack_publicize_message":"","jetpack_publicize_feature_enabled":true,"jetpack_social_post_already_shared":true,"jetpack_social_options":{"image_generator_settings":{"template":"highway","default_image_id":0,"font":"","enabled":false},"version":2}},"categories":[3,5],"tags":[17],"class_list":{"0":"post-2942","1":"post","2":"type-post","3":"status-publish","4":"format-standard","5":"has-post-thumbnail","7":"category-formaciones","8":"category-noticias","9":"tag-convocatorias","10":"czr-hentry"},"jetpack_publicize_connections":[],"jetpack_featured_media_url":"https:\/\/i0.wp.com\/cepronda.com\/blog\/wp-content\/uploads\/2017\/05\/icon-2174805_1280.png?fit=1280%2C905&ssl=1","jetpack_shortlink":"https:\/\/wp.me\/p8M4X7-Ls","jetpack-related-posts":[{"id":1199,"url":"https:\/\/cepronda.com\/blog\/plazo-de-inscripcion-para-otros-programas-interesantes\/","url_meta":{"origin":2942,"position":0},"title":"Plazo de inscripci\u00f3n para otros programas interesantes","author":"V\u00edctor Caballero","date":"4 septiembre, 2017","format":false,"excerpt":"\u00a1Hola de nuevo! Nos sigue llegando informaci\u00f3n que queremos compartir con todos y todas vosotras por si os resulta de inter\u00e9s. En este caso se trata de dos programas: Por un lado el Parlamento Europeo viene organizando anualmente el programa \"Escuelas Embajadoras del Parlamento Europeo\". Este programa, que pretende acercar\u2026","rel":"","context":"En \u00abNoticias\u00bb","block_context":{"text":"Noticias","link":"https:\/\/cepronda.com\/blog\/category\/noticias\/"},"img":{"alt_text":"","src":"https:\/\/i0.wp.com\/cepronda.com\/blog\/wp-content\/uploads\/2017\/05\/hands-1697898_640.jpg?fit=640%2C426&ssl=1&resize=350%2C200","width":350,"height":200,"srcset":"https:\/\/i0.wp.com\/cepronda.com\/blog\/wp-content\/uploads\/2017\/05\/hands-1697898_640.jpg?fit=640%2C426&ssl=1&resize=350%2C200 1x, https:\/\/i0.wp.com\/cepronda.com\/blog\/wp-content\/uploads\/2017\/05\/hands-1697898_640.jpg?fit=640%2C426&ssl=1&resize=525%2C300 1.5x"},"classes":[]},{"id":8450,"url":"https:\/\/cepronda.com\/blog\/actualizacion-normativa-ensenanzas-artisticas-superiores\/","url_meta":{"origin":2942,"position":1},"title":"ACTUALIZACI\u00d3N NORMATIVA EN ENSE\u00d1ANZAS ART\u00cdSTICAS SUPERIORES:","author":"Mamen Moreno","date":"7 abril, 2025","format":false,"excerpt":"Os informamos que est\u00e1 abierto el plazo de solicitudes para la actividad ACTUALIZACI\u00d3N NORMATIVA EN ENSE\u00d1ANZAS ART\u00cdSTICAS SUPERIORES: NOVEDADES Y ENFOQUE COMPETENCIAL, de 11 horas de formaci\u00f3n online, con c\u00f3digo 252318GE066 dirigido a profesorado de ense\u00f1anzas art\u00edsticas, principalmente en relaci\u00f3n a m\u00fasica y artes esc\u00e9nicas superiores.Fecha de inscripci\u00f3n: hasta el\u2026","rel":"","context":"En \u00abFormaciones\u00bb","block_context":{"text":"Formaciones","link":"https:\/\/cepronda.com\/blog\/category\/formaciones\/"},"img":{"alt_text":"","src":"https:\/\/i0.wp.com\/cepronda.com\/blog\/wp-content\/uploads\/2025\/04\/DIPTICO.png?fit=1080%2C1080&ssl=1&resize=350%2C200","width":350,"height":200,"srcset":"https:\/\/i0.wp.com\/cepronda.com\/blog\/wp-content\/uploads\/2025\/04\/DIPTICO.png?fit=1080%2C1080&ssl=1&resize=350%2C200 1x, https:\/\/i0.wp.com\/cepronda.com\/blog\/wp-content\/uploads\/2025\/04\/DIPTICO.png?fit=1080%2C1080&ssl=1&resize=525%2C300 1.5x, https:\/\/i0.wp.com\/cepronda.com\/blog\/wp-content\/uploads\/2025\/04\/DIPTICO.png?fit=1080%2C1080&ssl=1&resize=700%2C400 2x, https:\/\/i0.wp.com\/cepronda.com\/blog\/wp-content\/uploads\/2025\/04\/DIPTICO.png?fit=1080%2C1080&ssl=1&resize=1050%2C600 3x"},"classes":[]},{"id":242,"url":"https:\/\/cepronda.com\/blog\/normativa-sobre-curso-de-formacion-sobre-el-desarrollo-de-la-funcion-directiva\/","url_meta":{"origin":2942,"position":2},"title":"Normativa sobre curso de formaci\u00f3n sobre el desarrollo de la funci\u00f3n directiva","author":"V\u00edctor Caballero","date":"26 octubre, 2016","format":false,"excerpt":"Atenci\u00f3n a todas aquellas personas que dese\u00e1is obtener la\u00a0certificaci\u00f3n acreditativa de la funci\u00f3n directiva, ya que ha salido publicada la orden que regula este proceso. Si hac\u00e9is clic en la imagen pod\u00e9is acceder a la\u00a0Resoluci\u00f3n de 20 de octubre de 2016, de la Direcci\u00f3n General de Profesorado y Gesti\u00f3n de\u2026","rel":"","context":"En \u00abNoticias\u00bb","block_context":{"text":"Noticias","link":"https:\/\/cepronda.com\/blog\/category\/noticias\/"},"img":{"alt_text":"arrow-945271_640","src":"https:\/\/i0.wp.com\/cepronda.com\/blog\/wp-content\/uploads\/2016\/10\/arrow-945271_640-300x212.png?resize=350%2C200","width":350,"height":200},"classes":[]},{"id":2776,"url":"https:\/\/cepronda.com\/blog\/xxxiv-premios-francisco-giner-de-los-rios-a-la-mejora-de-la-calidad-educativa\/","url_meta":{"origin":2942,"position":3},"title":"XXXIV Premios Francisco Giner de los R\u00edos a la Mejora de la Calidad Educativa.","author":"V\u00edctor Caballero","date":"2 mayo, 2019","format":false,"excerpt":"Hola de nuevo, Compartimos con vosotros y vosotras la convocatoria de estos premios, donde el Ministerio de Educaci\u00f3n y Formaci\u00f3n Profesional, en colaboraci\u00f3n con la Fundaci\u00f3n BBVA, convoca los XXXIV Premios Francisco Giner de los R\u00edos a la Mejora de la Calidad Educativa, para los trabajos y experiencias pedag\u00f3gicas que\u2026","rel":"","context":"En \u00abFormaciones\u00bb","block_context":{"text":"Formaciones","link":"https:\/\/cepronda.com\/blog\/category\/formaciones\/"},"img":{"alt_text":"","src":"https:\/\/i0.wp.com\/cepronda.com\/blog\/wp-content\/uploads\/2019\/05\/ministerio.jpg?resize=350%2C200","width":350,"height":200},"classes":[]},{"id":1761,"url":"https:\/\/cepronda.com\/blog\/programa-de-intercambios-escolares-para-ies-y-centros-extranjeros\/","url_meta":{"origin":2942,"position":4},"title":"Programa de intercambios escolares para IES y centros extranjeros","author":"V\u00edctor Caballero","date":"4 mayo, 2018","format":false,"excerpt":"Buenas,\u00a0 Compartimos con los centros de Secundaria esta convocatoria que creemos os puede resultar de inter\u00e9s. Se trata de la Resoluci\u00f3n de la direcci\u00f3n general de Innovaci\u00f3n y Formaci\u00f3n del profesorado de 3 de mayo de 2018 por la que se convoca el programa de intercambios escolares de los institutos\u2026","rel":"","context":"En \u00abNoticias\u00bb","block_context":{"text":"Noticias","link":"https:\/\/cepronda.com\/blog\/category\/noticias\/"},"img":{"alt_text":"","src":"https:\/\/i0.wp.com\/cepronda.com\/blog\/wp-content\/uploads\/2017\/05\/logo_ja_ce_mejor.jpg?fit=732%2C600&ssl=1&resize=350%2C200","width":350,"height":200,"srcset":"https:\/\/i0.wp.com\/cepronda.com\/blog\/wp-content\/uploads\/2017\/05\/logo_ja_ce_mejor.jpg?fit=732%2C600&ssl=1&resize=350%2C200 1x, https:\/\/i0.wp.com\/cepronda.com\/blog\/wp-content\/uploads\/2017\/05\/logo_ja_ce_mejor.jpg?fit=732%2C600&ssl=1&resize=525%2C300 1.5x, https:\/\/i0.wp.com\/cepronda.com\/blog\/wp-content\/uploads\/2017\/05\/logo_ja_ce_mejor.jpg?fit=732%2C600&ssl=1&resize=700%2C400 2x"},"classes":[]},{"id":1211,"url":"https:\/\/cepronda.com\/blog\/normativa-para-grupos-de-trabajo-formaciones-en-centro-y-programas-educativos\/","url_meta":{"origin":2942,"position":5},"title":"Normativa para Grupos de Trabajo, Formaciones en Centro y Programas educativos","author":"V\u00edctor Caballero","date":"6 septiembre, 2017","format":false,"excerpt":"Seguimos con el inicio de curso, y no pod\u00eda faltar el comunicaros que ya ten\u00e9is a vuestra disposici\u00f3n la normativa que este curso regir\u00e1 la autoformaci\u00f3n en sus dos modalidades, los Grupos de Trabajo y las Formaciones en Centro. Asimismo tenemos tambi\u00e9n la normativa que establece la formaci\u00f3n vinculada a\u2026","rel":"","context":"En \u00abNoticias\u00bb","block_context":{"text":"Noticias","link":"https:\/\/cepronda.com\/blog\/category\/noticias\/"},"img":{"alt_text":"","src":"https:\/\/i0.wp.com\/cepronda.com\/blog\/wp-content\/uploads\/2017\/05\/logo_ja_ce_mejor.jpg?fit=732%2C600&ssl=1&resize=350%2C200","width":350,"height":200,"srcset":"https:\/\/i0.wp.com\/cepronda.com\/blog\/wp-content\/uploads\/2017\/05\/logo_ja_ce_mejor.jpg?fit=732%2C600&ssl=1&resize=350%2C200 1x, https:\/\/i0.wp.com\/cepronda.com\/blog\/wp-content\/uploads\/2017\/05\/logo_ja_ce_mejor.jpg?fit=732%2C600&ssl=1&resize=525%2C300 1.5x, https:\/\/i0.wp.com\/cepronda.com\/blog\/wp-content\/uploads\/2017\/05\/logo_ja_ce_mejor.jpg?fit=732%2C600&ssl=1&resize=700%2C400 2x"},"classes":[]}],"jetpack_sharing_enabled":true,"_links":{"self":[{"href":"https:\/\/cepronda.com\/blog\/wp-json\/wp\/v2\/posts\/2942","targetHints":{"allow":["GET"]}}],"collection":[{"href":"https:\/\/cepronda.com\/blog\/wp-json\/wp\/v2\/posts"}],"about":[{"href":"https:\/\/cepronda.com\/blog\/wp-json\/wp\/v2\/types\/post"}],"author":[{"embeddable":true,"href":"https:\/\/cepronda.com\/blog\/wp-json\/wp\/v2\/users\/3"}],"replies":[{"embeddable":true,"href":"https:\/\/cepronda.com\/blog\/wp-json\/wp\/v2\/comments?post=2942"}],"version-history":[{"count":1,"href":"https:\/\/cepronda.com\/blog\/wp-json\/wp\/v2\/posts\/2942\/revisions"}],"predecessor-version":[{"id":2943,"href":"https:\/\/cepronda.com\/blog\/wp-json\/wp\/v2\/posts\/2942\/revisions\/2943"}],"wp:featuredmedia":[{"embeddable":true,"href":"https:\/\/cepronda.com\/blog\/wp-json\/wp\/v2\/media\/985"}],"wp:attachment":[{"href":"https:\/\/cepronda.com\/blog\/wp-json\/wp\/v2\/media?parent=2942"}],"wp:term":[{"taxonomy":"category","embeddable":true,"href":"https:\/\/cepronda.com\/blog\/wp-json\/wp\/v2\/categories?post=2942"},{"taxonomy":"post_tag","embeddable":true,"href":"https:\/\/cepronda.com\/blog\/wp-json\/wp\/v2\/tags?post=2942"}],"curies":[{"name":"wp","href":"https:\/\/api.w.org\/{rel}","templated":true}]}}