{"id":2917,"date":"2019-06-21T09:44:36","date_gmt":"2019-06-21T07:44:36","guid":{"rendered":"http:\/\/cepronda.com\/blog\/?p=2917"},"modified":"2019-06-26T09:54:32","modified_gmt":"2019-06-26T07:54:32","slug":"video-en-el-ceip-virgen-de-la-aurora-de-arriate","status":"publish","type":"post","link":"https:\/\/cepronda.com\/blog\/video-en-el-ceip-virgen-de-la-aurora-de-arriate\/","title":{"rendered":"V\u00eddeo en el CEIP Virgen de la Aurora de Arriate"},"content":{"rendered":"\n<p class=\"wp-block-paragraph\">Y siguiendo con la \u00abruta\u00bb de vuestras actividades finales de curso nos desplazamos a Arriate.<\/p>\n\n\n\n<p class=\"wp-block-paragraph\">En este caso, y enmarcada dentro del proyecto \u00abVac\u00fanate con la igualdad\u00bb que en el pueblo de Arriate est\u00e1n llevando a cabo, y del que el colegio es uno de los motores principales; se est\u00e1 grabando un v\u00eddeo con alumnado y profesorado de infantil, primaria y secundaria con la canci\u00f3n \u00abSe acabaron las l\u00e1grimas\u00bb de Huecco. <\/p>\n\n\n\n<p class=\"wp-block-paragraph\">Mientras termina de editarse el v\u00eddeo os dejamos con algunas de las im\u00e1genes de su grabaci\u00f3n en el colegio. \u00a1Seguro que queda genial! Desde el CEP queremos dar la enhorabuena a todo el profesorado, alumnado y familias implicadas, y nos quedamos a la espera de ver el resultado final. <\/p>\n\n\n\n[ngg src=\u00bbgalleries\u00bb ids=\u00bb23&#8243; display=\u00bbbasic_slideshow\u00bb]\n","protected":false},"excerpt":{"rendered":"<p>Y siguiendo con la \u00abruta\u00bb de vuestras actividades finales de curso nos desplazamos a Arriate. En este caso, y enmarcada dentro del proyecto \u00abVac\u00fanate con la igualdad\u00bb que en el pueblo de Arriate est\u00e1n llevando a cabo, y del que el colegio es uno de los motores principales; se est\u00e1 grabando un v\u00eddeo con alumnado [&hellip;]<\/p>\n","protected":false},"author":3,"featured_media":902,"comment_status":"open","ping_status":"open","sticky":false,"template":"","format":"standard","meta":{"_crdt_document":"","advanced_seo_description":"","jetpack_seo_html_title":"","jetpack_seo_noindex":false,"jetpack_post_was_ever_published":false,"_jetpack_newsletter_access":"","_jetpack_dont_email_post_to_subs":false,"_jetpack_newsletter_tier_id":0,"_jetpack_memberships_contains_paywalled_content":false,"_jetpack_memberships_contains_paid_content":false,"footnotes":"","jetpack_publicize_message":"","jetpack_publicize_feature_enabled":true,"jetpack_social_post_already_shared":true,"jetpack_social_options":{"image_generator_settings":{"template":"highway","default_image_id":0,"font":"","enabled":false},"version":2}},"categories":[5],"tags":[37],"class_list":{"0":"post-2917","1":"post","2":"type-post","3":"status-publish","4":"format-standard","5":"has-post-thumbnail","7":"category-noticias","8":"tag-igualdad","9":"czr-hentry"},"jetpack_publicize_connections":[],"jetpack_featured_media_url":"https:\/\/i0.wp.com\/cepronda.com\/blog\/wp-content\/uploads\/2017\/05\/silhouettes-1186990_640.png?fit=640%2C496&ssl=1","jetpack_shortlink":"https:\/\/wp.me\/p8M4X7-L3","jetpack-related-posts":[{"id":4550,"url":"https:\/\/cepronda.com\/blog\/guias-digitales-ceip-virgen-de-la-aurora-escuelas-transformadoras\/","url_meta":{"origin":2917,"position":0},"title":"GU\u00cdAS DIGITALES-CEIP Virgen de la Aurora-ESCUELAS TRANSFORMADORAS","author":"Maribel Mu\u00f1oz","date":"2 julio, 2021","format":false,"excerpt":"Buenas tardes compa\u00f1eras y compa\u00f1eros, Queremos compartir los siguientes materiales elaborados por el alumnado del CEIP Virgen de la Aurora de Arriate, dentro de la FC Escuelas Transformadoras, llevada a cabo en el centro durante los dos \u00faltimos cursos (19\/20-20\/21) GU\u00cdAS DIGITALES DE ARRIATE TRABAJOS FIN DEL PROYECTO: \"Arriate, Nuestro\u2026","rel":"","context":"En \u00abNoticias\u00bb","block_context":{"text":"Noticias","link":"https:\/\/cepronda.com\/blog\/category\/noticias\/"},"img":{"alt_text":"","src":"https:\/\/i0.wp.com\/cepronda.com\/blog\/wp-content\/uploads\/2020\/03\/S%C2%B0mbolo-gen%C3%87rico-RRSS-redondo-negativo.png?fit=1200%2C1200&ssl=1&resize=350%2C200","width":350,"height":200,"srcset":"https:\/\/i0.wp.com\/cepronda.com\/blog\/wp-content\/uploads\/2020\/03\/S%C2%B0mbolo-gen%C3%87rico-RRSS-redondo-negativo.png?fit=1200%2C1200&ssl=1&resize=350%2C200 1x, https:\/\/i0.wp.com\/cepronda.com\/blog\/wp-content\/uploads\/2020\/03\/S%C2%B0mbolo-gen%C3%87rico-RRSS-redondo-negativo.png?fit=1200%2C1200&ssl=1&resize=525%2C300 1.5x, https:\/\/i0.wp.com\/cepronda.com\/blog\/wp-content\/uploads\/2020\/03\/S%C2%B0mbolo-gen%C3%87rico-RRSS-redondo-negativo.png?fit=1200%2C1200&ssl=1&resize=700%2C400 2x, https:\/\/i0.wp.com\/cepronda.com\/blog\/wp-content\/uploads\/2020\/03\/S%C2%B0mbolo-gen%C3%87rico-RRSS-redondo-negativo.png?fit=1200%2C1200&ssl=1&resize=1050%2C600 3x"},"classes":[]},{"id":2474,"url":"https:\/\/cepronda.com\/blog\/video-contra-la-violencia-de-genero-del-ies-profesor-goznalo-huesa\/","url_meta":{"origin":2917,"position":1},"title":"V\u00eddeo contra la violencia de g\u00e9nero del IES Profesor Goznalo Huesa","author":"V\u00edctor Caballero","date":"27 noviembre, 2018","format":false,"excerpt":"Hola de nuevo, Desde el IES Profesor Gonzalo Huesa nos mandan este v\u00eddeo donde podemos ver como el alumnado se pronuncia contra la violencia de g\u00e9nero. Desde el CEP queremos dar la enhorabuena a todo el profesorado y alumnado participante, ya que han hecho un trabajo excelente.\u00a0 Enlace al v\u00eddeo","rel":"","context":"En \u00abNoticias\u00bb","block_context":{"text":"Noticias","link":"https:\/\/cepronda.com\/blog\/category\/noticias\/"},"img":{"alt_text":"","src":"https:\/\/i0.wp.com\/cepronda.com\/blog\/wp-content\/uploads\/2018\/11\/man-101001_1920.jpg?fit=1200%2C848&ssl=1&resize=350%2C200","width":350,"height":200,"srcset":"https:\/\/i0.wp.com\/cepronda.com\/blog\/wp-content\/uploads\/2018\/11\/man-101001_1920.jpg?fit=1200%2C848&ssl=1&resize=350%2C200 1x, https:\/\/i0.wp.com\/cepronda.com\/blog\/wp-content\/uploads\/2018\/11\/man-101001_1920.jpg?fit=1200%2C848&ssl=1&resize=525%2C300 1.5x, https:\/\/i0.wp.com\/cepronda.com\/blog\/wp-content\/uploads\/2018\/11\/man-101001_1920.jpg?fit=1200%2C848&ssl=1&resize=700%2C400 2x, https:\/\/i0.wp.com\/cepronda.com\/blog\/wp-content\/uploads\/2018\/11\/man-101001_1920.jpg?fit=1200%2C848&ssl=1&resize=1050%2C600 3x"},"classes":[]},{"id":2468,"url":"https:\/\/cepronda.com\/blog\/video-contra-la-violencia-de-genero-del-ceip-virgen-de-la-cabeza\/","url_meta":{"origin":2917,"position":2},"title":"V\u00eddeo contra la violencia de g\u00e9nero del CEIP Virgen de la Cabeza","author":"V\u00edctor Caballero","date":"26 noviembre, 2018","format":false,"excerpt":"\u00a1Hola! El viernes tarde recib\u00ed unos de esos regalos que te alegran la tarde. Y es que desde el CEIP Virgen de la Cabeza me hicieron llegar el v\u00eddeo que han preparado con su alumnado como reivindicaci\u00f3n en el 25 de noviembre. Os dejo que disfrut\u00e9is con \u00e9l, y desde\u2026","rel":"","context":"En \u00abNoticias\u00bb","block_context":{"text":"Noticias","link":"https:\/\/cepronda.com\/blog\/category\/noticias\/"},"img":{"alt_text":"","src":"https:\/\/i0.wp.com\/cepronda.com\/blog\/wp-content\/uploads\/2018\/11\/man-101001_1920.jpg?fit=1200%2C848&ssl=1&resize=350%2C200","width":350,"height":200,"srcset":"https:\/\/i0.wp.com\/cepronda.com\/blog\/wp-content\/uploads\/2018\/11\/man-101001_1920.jpg?fit=1200%2C848&ssl=1&resize=350%2C200 1x, https:\/\/i0.wp.com\/cepronda.com\/blog\/wp-content\/uploads\/2018\/11\/man-101001_1920.jpg?fit=1200%2C848&ssl=1&resize=525%2C300 1.5x, https:\/\/i0.wp.com\/cepronda.com\/blog\/wp-content\/uploads\/2018\/11\/man-101001_1920.jpg?fit=1200%2C848&ssl=1&resize=700%2C400 2x, https:\/\/i0.wp.com\/cepronda.com\/blog\/wp-content\/uploads\/2018\/11\/man-101001_1920.jpg?fit=1200%2C848&ssl=1&resize=1050%2C600 3x"},"classes":[]},{"id":2486,"url":"https:\/\/cepronda.com\/blog\/otro-nuevo-ejemplo-del-trabajo-en-los-centros-contra-la-violencia-de-genero\/","url_meta":{"origin":2917,"position":3},"title":"Otro nuevo ejemplo del trabajo en los centros contra la violencia de g\u00e9nero","author":"V\u00edctor Caballero","date":"27 noviembre, 2018","format":false,"excerpt":"Muy buenas de nuevo,\u00a0 Me llegan nuevos ejemplos de como han trabajado con el alumnado y la comunidad educativa en distintos centros de nuestra zona con motivo del 25 de noviembre. En este caso me llega el v\u00eddeo elaborado por el CEIP Hermanos Aguilera, en el que han usado dibujos\u2026","rel":"","context":"En \u00abNoticias\u00bb","block_context":{"text":"Noticias","link":"https:\/\/cepronda.com\/blog\/category\/noticias\/"},"img":{"alt_text":"","src":"https:\/\/i0.wp.com\/cepronda.com\/blog\/wp-content\/uploads\/2017\/09\/man-2660414_640.jpg?fit=640%2C640&ssl=1&resize=350%2C200","width":350,"height":200,"srcset":"https:\/\/i0.wp.com\/cepronda.com\/blog\/wp-content\/uploads\/2017\/09\/man-2660414_640.jpg?fit=640%2C640&ssl=1&resize=350%2C200 1x, https:\/\/i0.wp.com\/cepronda.com\/blog\/wp-content\/uploads\/2017\/09\/man-2660414_640.jpg?fit=640%2C640&ssl=1&resize=525%2C300 1.5x"},"classes":[]},{"id":5314,"url":"https:\/\/cepronda.com\/blog\/la-serrania-innova-aprendizaje-cooperativo-en-secundaria\/","url_meta":{"origin":2917,"position":4},"title":"LA SERRAN\u00cdA INNOVA. APRENDIZAJE COOPERATIVO EN SECUNDARIA.","author":"Inmaculada Garc\u00eda","date":"16 mayo, 2022","format":false,"excerpt":"Estimados compa\u00f1eros y compa\u00f1eras, volvemos un lunes m\u00e1s con nuestros v\u00eddeos de LA SERRAN\u00cdA INNOVA, Metodolog\u00edas Emergentes en la Serran\u00eda de Ronda.\u00a0 En esta ocasi\u00f3n, nuestro compa\u00f1ero Francisco Castillo del IES Escultor Mar\u00edn Higuero (Arriate) nos cuenta c\u00f3mo lleva a la pr\u00e1ctica el Aprendizaje Cooperativo en las aulas de secundaria.\u00a0\u2026","rel":"","context":"En \u00abNoticias\u00bb","block_context":{"text":"Noticias","link":"https:\/\/cepronda.com\/blog\/category\/noticias\/"},"img":{"alt_text":"","src":"https:\/\/i0.wp.com\/cepronda.com\/blog\/wp-content\/uploads\/2022\/05\/Captura-de-pantalla-108.png?fit=1200%2C677&ssl=1&resize=350%2C200","width":350,"height":200,"srcset":"https:\/\/i0.wp.com\/cepronda.com\/blog\/wp-content\/uploads\/2022\/05\/Captura-de-pantalla-108.png?fit=1200%2C677&ssl=1&resize=350%2C200 1x, https:\/\/i0.wp.com\/cepronda.com\/blog\/wp-content\/uploads\/2022\/05\/Captura-de-pantalla-108.png?fit=1200%2C677&ssl=1&resize=525%2C300 1.5x, https:\/\/i0.wp.com\/cepronda.com\/blog\/wp-content\/uploads\/2022\/05\/Captura-de-pantalla-108.png?fit=1200%2C677&ssl=1&resize=700%2C400 2x, https:\/\/i0.wp.com\/cepronda.com\/blog\/wp-content\/uploads\/2022\/05\/Captura-de-pantalla-108.png?fit=1200%2C677&ssl=1&resize=1050%2C600 3x"},"classes":[]},{"id":3583,"url":"https:\/\/cepronda.com\/blog\/radio-escolar-del-ceip-virgen-de-la-aurora\/","url_meta":{"origin":2917,"position":5},"title":"Radio escolar del CEIP Virgen de la Aurora","author":"V\u00edctor Caballero","date":"14 mayo, 2020","format":false,"excerpt":"\u00a1Buenos d\u00edas! El alumnado de 4\u00ba A del CEIP Virgen de la Aurora de Arriate, junto con su maestro Juan Antonio Moreno, inicia un proyecto de\u00a0 RADIO ESCOLAR durante este confinamiento para seguir trabajando de manera competencial bajo la metodolog\u00eda de\u00a0 Aprendizaje Basado en Proyectos, con el objetivo de afianzar\u2026","rel":"","context":"En \u00abNoticias\u00bb","block_context":{"text":"Noticias","link":"https:\/\/cepronda.com\/blog\/category\/noticias\/"},"img":{"alt_text":"","src":"https:\/\/i0.wp.com\/cepronda.com\/blog\/wp-content\/uploads\/2020\/05\/radio-4333412_1920.jpg?fit=1200%2C800&ssl=1&resize=350%2C200","width":350,"height":200,"srcset":"https:\/\/i0.wp.com\/cepronda.com\/blog\/wp-content\/uploads\/2020\/05\/radio-4333412_1920.jpg?fit=1200%2C800&ssl=1&resize=350%2C200 1x, https:\/\/i0.wp.com\/cepronda.com\/blog\/wp-content\/uploads\/2020\/05\/radio-4333412_1920.jpg?fit=1200%2C800&ssl=1&resize=525%2C300 1.5x, https:\/\/i0.wp.com\/cepronda.com\/blog\/wp-content\/uploads\/2020\/05\/radio-4333412_1920.jpg?fit=1200%2C800&ssl=1&resize=700%2C400 2x, https:\/\/i0.wp.com\/cepronda.com\/blog\/wp-content\/uploads\/2020\/05\/radio-4333412_1920.jpg?fit=1200%2C800&ssl=1&resize=1050%2C600 3x"},"classes":[]}],"jetpack_sharing_enabled":true,"_links":{"self":[{"href":"https:\/\/cepronda.com\/blog\/wp-json\/wp\/v2\/posts\/2917","targetHints":{"allow":["GET"]}}],"collection":[{"href":"https:\/\/cepronda.com\/blog\/wp-json\/wp\/v2\/posts"}],"about":[{"href":"https:\/\/cepronda.com\/blog\/wp-json\/wp\/v2\/types\/post"}],"author":[{"embeddable":true,"href":"https:\/\/cepronda.com\/blog\/wp-json\/wp\/v2\/users\/3"}],"replies":[{"embeddable":true,"href":"https:\/\/cepronda.com\/blog\/wp-json\/wp\/v2\/comments?post=2917"}],"version-history":[{"count":2,"href":"https:\/\/cepronda.com\/blog\/wp-json\/wp\/v2\/posts\/2917\/revisions"}],"predecessor-version":[{"id":2940,"href":"https:\/\/cepronda.com\/blog\/wp-json\/wp\/v2\/posts\/2917\/revisions\/2940"}],"wp:featuredmedia":[{"embeddable":true,"href":"https:\/\/cepronda.com\/blog\/wp-json\/wp\/v2\/media\/902"}],"wp:attachment":[{"href":"https:\/\/cepronda.com\/blog\/wp-json\/wp\/v2\/media?parent=2917"}],"wp:term":[{"taxonomy":"category","embeddable":true,"href":"https:\/\/cepronda.com\/blog\/wp-json\/wp\/v2\/categories?post=2917"},{"taxonomy":"post_tag","embeddable":true,"href":"https:\/\/cepronda.com\/blog\/wp-json\/wp\/v2\/tags?post=2917"}],"curies":[{"name":"wp","href":"https:\/\/api.w.org\/{rel}","templated":true}]}}