{"id":2915,"date":"2019-06-21T09:27:47","date_gmt":"2019-06-21T07:27:47","guid":{"rendered":"http:\/\/cepronda.com\/blog\/?p=2915"},"modified":"2019-06-21T09:27:55","modified_gmt":"2019-06-21T07:27:55","slug":"actividades-de-calculo-mental-en-el-ceip-vicente-espinel","status":"publish","type":"post","link":"https:\/\/cepronda.com\/blog\/actividades-de-calculo-mental-en-el-ceip-vicente-espinel\/","title":{"rendered":"Actividades de c\u00e1lculo mental en el CEIP Vicente Espinel"},"content":{"rendered":"\n<p class=\"wp-block-paragraph\">Muy buenas,<\/p>\n\n\n\n<p class=\"wp-block-paragraph\">Sabemos que en muchos de vuestros centros est\u00e1is haciendo en estos dais muchas actividades muy interesantes y motivantes para vuestro alumnado. En este caso queremos compartir una actividad realizada en el CEIP Vicente Espinel y que podemos decir que es una de las actividades finales del grupo de trabajo sobre c\u00e1lculo mental que ha tenido la suerte de realizar en este curso, donde adem\u00e1s han tenido la gran suerte de contar con Jaime Mart\u00ednez Montero (creador del m\u00e9todo ABN) como ponente. <\/p>\n\n\n\n<p class=\"wp-block-paragraph\">Pues bien, realizaron varios materiales y los montaron en una especie de circuito matem\u00e1tico donde el alumnado iba pasando en grupos y resolviendo los distintos retos que se les propon\u00edan. Os dejamos con algunas de las im\u00e1genes de las pruebas, y desde el CEP queremos dar la enhorabuena a todo el profesorado implicado. <\/p>\n\n\n\n[ngg src=\u00bbgalleries\u00bb ids=\u00bb22&#8243; display=\u00bbbasic_slideshow\u00bb]\n","protected":false},"excerpt":{"rendered":"<p>Muy buenas, Sabemos que en muchos de vuestros centros est\u00e1is haciendo en estos dais muchas actividades muy interesantes y motivantes para vuestro alumnado. En este caso queremos compartir una actividad realizada en el CEIP Vicente Espinel y que podemos decir que es una de las actividades finales del grupo de trabajo sobre c\u00e1lculo mental que [&hellip;]<\/p>\n","protected":false},"author":3,"featured_media":884,"comment_status":"open","ping_status":"open","sticky":false,"template":"","format":"standard","meta":{"_crdt_document":"","advanced_seo_description":"","jetpack_seo_html_title":"","jetpack_seo_noindex":false,"jetpack_post_was_ever_published":false,"_jetpack_newsletter_access":"","_jetpack_dont_email_post_to_subs":false,"_jetpack_newsletter_tier_id":0,"_jetpack_memberships_contains_paywalled_content":false,"_jetpack_memberships_contains_paid_content":false,"footnotes":"","jetpack_publicize_message":"","jetpack_publicize_feature_enabled":true,"jetpack_social_post_already_shared":true,"jetpack_social_options":{"image_generator_settings":{"template":"highway","default_image_id":0,"font":"","enabled":false},"version":2}},"categories":[5],"tags":[48],"class_list":{"0":"post-2915","1":"post","2":"type-post","3":"status-publish","4":"format-standard","5":"has-post-thumbnail","7":"category-noticias","8":"tag-matematicas","9":"czr-hentry"},"jetpack_publicize_connections":[],"jetpack_featured_media_url":"https:\/\/i0.wp.com\/cepronda.com\/blog\/wp-content\/uploads\/2017\/05\/mathematics-1044080_640.jpg?fit=640%2C436&ssl=1","jetpack_shortlink":"https:\/\/wp.me\/p8M4X7-L1","jetpack-related-posts":[{"id":7455,"url":"https:\/\/cepronda.com\/blog\/ceip-vicente-espinel-concurso-de-poesia\/","url_meta":{"origin":2915,"position":0},"title":"CEIP VICENTE ESPINEL: CONCURSO DE POES\u00cdA","author":"V\u00edctor Caballero","date":"14 febrero, 2024","format":false,"excerpt":"Muy buenas, Desde el CEP de Ronda queremos dar difusi\u00f3n a esta iniciativa del CEIP Vicente Espinel sobre la conmemoraci\u00f3n del 400 aniversario de la muerte de Vicente Espinel a trav\u00e9s de un Concurso de Poes\u00eda\u00a0 MODALIDADES: Hasta 18 a\u00f1os (Cuartetas y\/o Espinelas) Mayores de 18 a\u00f1os (Espinelas) FECHA FINAL\u2026","rel":"","context":"En \u00abFormaciones\u00bb","block_context":{"text":"Formaciones","link":"https:\/\/cepronda.com\/blog\/category\/formaciones\/"},"img":{"alt_text":"","src":"https:\/\/i0.wp.com\/cepronda.com\/blog\/wp-content\/uploads\/2024\/02\/WhatsApp-Image-2024-02-14-at-11.13.56.jpeg?fit=860%2C1200&ssl=1&resize=350%2C200","width":350,"height":200,"srcset":"https:\/\/i0.wp.com\/cepronda.com\/blog\/wp-content\/uploads\/2024\/02\/WhatsApp-Image-2024-02-14-at-11.13.56.jpeg?fit=860%2C1200&ssl=1&resize=350%2C200 1x, https:\/\/i0.wp.com\/cepronda.com\/blog\/wp-content\/uploads\/2024\/02\/WhatsApp-Image-2024-02-14-at-11.13.56.jpeg?fit=860%2C1200&ssl=1&resize=525%2C300 1.5x, https:\/\/i0.wp.com\/cepronda.com\/blog\/wp-content\/uploads\/2024\/02\/WhatsApp-Image-2024-02-14-at-11.13.56.jpeg?fit=860%2C1200&ssl=1&resize=700%2C400 2x"},"classes":[]},{"id":3196,"url":"https:\/\/cepronda.com\/blog\/actividades-con-motivo-del-25-de-noviembre-en-vuestros-centros\/","url_meta":{"origin":2915,"position":1},"title":"Actividades con motivo del 25 de noviembre en vuestros centros","author":"V\u00edctor Caballero","date":"26 noviembre, 2019","format":false,"excerpt":"Muy buenas familia, A trav\u00e9s de las redes sociales, de forma directa a nuestros tel\u00e9fonos m\u00f3viles, o bien acudiendo a vuestros centros hemos visto los grandes trabajos que hab\u00e9is realizado con vuestro alumnado con motivo del 25 de noviembre. Como publicamos en nuestras redes, estamos convencidas en el CEP de\u2026","rel":"","context":"En \u00abNoticias\u00bb","block_context":{"text":"Noticias","link":"https:\/\/cepronda.com\/blog\/category\/noticias\/"},"img":{"alt_text":"","src":"","width":0,"height":0},"classes":[]},{"id":2802,"url":"https:\/\/cepronda.com\/blog\/jornada-botanica-en-el-ceip-san-agustin-de-el-burgo\/","url_meta":{"origin":2915,"position":2},"title":"Jornada bot\u00e1nica en el CEIP San Agust\u00edn de El Burgo","author":"V\u00edctor Caballero","date":"15 mayo, 2019","format":false,"excerpt":"Muy buenas familia, Desde el CEIP San Agust\u00edn de El Burgo quieren compartir con todas y todos nosotros la actividad realizada el pasado jueves 9 de mayo, donde el alumnado de 3\u00ba y 4\u00ba de Primaria del CEIP San Agust\u00edn llev\u00f3 a cabo diversas actividades de acercamiento a la\u00a0flora\u00a0y\u00a0fauna\u00a0del\u00a0pinsapar. Para\u2026","rel":"","context":"En \u00abNoticias\u00bb","block_context":{"text":"Noticias","link":"https:\/\/cepronda.com\/blog\/category\/noticias\/"},"img":{"alt_text":"","src":"https:\/\/i0.wp.com\/cepronda.com\/blog\/wp-content\/uploads\/2019\/05\/IMG_7444.jpg?fit=400%2C266&ssl=1&resize=350%2C200","width":350,"height":200},"classes":[]},{"id":1785,"url":"https:\/\/cepronda.com\/blog\/video-final-de-las-actividades-del-dia-del-libro-en-el-ceip-virgen-de-la-cabeza\/","url_meta":{"origin":2915,"position":3},"title":"V\u00eddeo final de las actividades del D\u00eda del Libro en el CEIP Virgen de la Cabeza","author":"V\u00edctor Caballero","date":"7 mayo, 2018","format":false,"excerpt":"Muy buenas,\u00a0 Como os cont\u00e1bamos hace un par de semanas en el CEIP Virgen de la Cabeza\u00a0 estaban realizando un trabajo magn\u00edfico entre el profesorado y el alumnado, tomando como eje el libro de \"La vuelta al mundo en 80 d\u00edas\". Me acaban de pasar el enlace al v\u00eddeo que\u2026","rel":"","context":"En \u00abNoticias\u00bb","block_context":{"text":"Noticias","link":"https:\/\/cepronda.com\/blog\/category\/noticias\/"},"img":{"alt_text":"","src":"https:\/\/i0.wp.com\/cepronda.com\/blog\/wp-content\/uploads\/2018\/04\/002Lisa-mascota-biblio7.jpg?fit=247%2C270&ssl=1&resize=350%2C200","width":350,"height":200},"classes":[]},{"id":2764,"url":"https:\/\/cepronda.com\/blog\/el-misterio-resuelto-en-el-ceip-virgen-de-la-cabeza\/","url_meta":{"origin":2915,"position":4},"title":"El misterio resuelto en el CEIP Virgen de la Cabeza&#8230;","author":"V\u00edctor Caballero","date":"26 abril, 2019","format":false,"excerpt":"Comenz\u00f3 la ma\u00f1ana del jueves lluviosa, esa lluvia de Londres que moja sin mojar...preludio de los misterios a resolver por el alumnado del CEIP Virgen de la Cabeza y preparados con mucho trabajo y cari\u00f1o por el grupo de apoyo a la biblioteca del centro. Tuve la gran suerte de\u2026","rel":"","context":"En \u00abNoticias\u00bb","block_context":{"text":"Noticias","link":"https:\/\/cepronda.com\/blog\/category\/noticias\/"},"img":{"alt_text":"","src":"https:\/\/i0.wp.com\/cepronda.com\/blog\/wp-content\/uploads\/2019\/04\/D%C3%ADa-del-libro-Virgen-de-la-Cabeza.jpeg?fit=1200%2C900&ssl=1&resize=350%2C200","width":350,"height":200,"srcset":"https:\/\/i0.wp.com\/cepronda.com\/blog\/wp-content\/uploads\/2019\/04\/D%C3%ADa-del-libro-Virgen-de-la-Cabeza.jpeg?fit=1200%2C900&ssl=1&resize=350%2C200 1x, https:\/\/i0.wp.com\/cepronda.com\/blog\/wp-content\/uploads\/2019\/04\/D%C3%ADa-del-libro-Virgen-de-la-Cabeza.jpeg?fit=1200%2C900&ssl=1&resize=525%2C300 1.5x, https:\/\/i0.wp.com\/cepronda.com\/blog\/wp-content\/uploads\/2019\/04\/D%C3%ADa-del-libro-Virgen-de-la-Cabeza.jpeg?fit=1200%2C900&ssl=1&resize=700%2C400 2x, https:\/\/i0.wp.com\/cepronda.com\/blog\/wp-content\/uploads\/2019\/04\/D%C3%ADa-del-libro-Virgen-de-la-Cabeza.jpeg?fit=1200%2C900&ssl=1&resize=1050%2C600 3x"},"classes":[]},{"id":5374,"url":"https:\/\/cepronda.com\/blog\/actividades-destacadas-de-nuestros-centros-ceip-san-agustin-el-burgo\/","url_meta":{"origin":2915,"position":5},"title":"ACTIVIDADES DESTACADAS DE NUESTROS CENTROS: CEIP SAN AGUST\u00cdN (EL BURGO)","author":"V\u00edctor Caballero","date":"15 junio, 2022","format":false,"excerpt":"Desde el centro del Profesorado de Ronda queremos compartir actividades destacadas de nuestros centros como pr\u00e1cticas educativas de \u00e9xito que creemos que deben ser difundidas para su conocimiento. \u00a0 En este caso tenemos las siguientes actividades desarrolladas en el tercer trimestre por el CEIP San Agust\u00edn (El Burgo). \u00a0 En\u2026","rel":"","context":"En \u00abNoticias\u00bb","block_context":{"text":"Noticias","link":"https:\/\/cepronda.com\/blog\/category\/noticias\/"},"img":{"alt_text":"","src":"https:\/\/i0.wp.com\/cepronda.com\/blog\/wp-content\/uploads\/2022\/06\/Captura-de-pantalla-2022-06-15-a-las-14.37.14.png?fit=870%2C832&ssl=1&resize=350%2C200","width":350,"height":200,"srcset":"https:\/\/i0.wp.com\/cepronda.com\/blog\/wp-content\/uploads\/2022\/06\/Captura-de-pantalla-2022-06-15-a-las-14.37.14.png?fit=870%2C832&ssl=1&resize=350%2C200 1x, https:\/\/i0.wp.com\/cepronda.com\/blog\/wp-content\/uploads\/2022\/06\/Captura-de-pantalla-2022-06-15-a-las-14.37.14.png?fit=870%2C832&ssl=1&resize=525%2C300 1.5x, https:\/\/i0.wp.com\/cepronda.com\/blog\/wp-content\/uploads\/2022\/06\/Captura-de-pantalla-2022-06-15-a-las-14.37.14.png?fit=870%2C832&ssl=1&resize=700%2C400 2x"},"classes":[]}],"jetpack_sharing_enabled":true,"_links":{"self":[{"href":"https:\/\/cepronda.com\/blog\/wp-json\/wp\/v2\/posts\/2915","targetHints":{"allow":["GET"]}}],"collection":[{"href":"https:\/\/cepronda.com\/blog\/wp-json\/wp\/v2\/posts"}],"about":[{"href":"https:\/\/cepronda.com\/blog\/wp-json\/wp\/v2\/types\/post"}],"author":[{"embeddable":true,"href":"https:\/\/cepronda.com\/blog\/wp-json\/wp\/v2\/users\/3"}],"replies":[{"embeddable":true,"href":"https:\/\/cepronda.com\/blog\/wp-json\/wp\/v2\/comments?post=2915"}],"version-history":[{"count":1,"href":"https:\/\/cepronda.com\/blog\/wp-json\/wp\/v2\/posts\/2915\/revisions"}],"predecessor-version":[{"id":2916,"href":"https:\/\/cepronda.com\/blog\/wp-json\/wp\/v2\/posts\/2915\/revisions\/2916"}],"wp:featuredmedia":[{"embeddable":true,"href":"https:\/\/cepronda.com\/blog\/wp-json\/wp\/v2\/media\/884"}],"wp:attachment":[{"href":"https:\/\/cepronda.com\/blog\/wp-json\/wp\/v2\/media?parent=2915"}],"wp:term":[{"taxonomy":"category","embeddable":true,"href":"https:\/\/cepronda.com\/blog\/wp-json\/wp\/v2\/categories?post=2915"},{"taxonomy":"post_tag","embeddable":true,"href":"https:\/\/cepronda.com\/blog\/wp-json\/wp\/v2\/tags?post=2915"}],"curies":[{"name":"wp","href":"https:\/\/api.w.org\/{rel}","templated":true}]}}