{"id":2876,"date":"2019-06-12T09:12:07","date_gmt":"2019-06-12T07:12:07","guid":{"rendered":"http:\/\/cepronda.com\/blog\/?p=2876"},"modified":"2025-04-28T11:58:59","modified_gmt":"2025-04-28T09:58:59","slug":"convocatoria-xxxi-edicion-de-los-premios-joaquin-guichot-y-antonio-dominguez-ortiz","status":"publish","type":"post","link":"https:\/\/cepronda.com\/blog\/convocatoria-xxxi-edicion-de-los-premios-joaquin-guichot-y-antonio-dominguez-ortiz\/","title":{"rendered":"Convocatoria XXXI Edici\u00f3n de los Premios Joaqu\u00edn Guichot y Antonio Dom\u00ednguez Ortiz"},"content":{"rendered":"\n<p class=\"wp-block-paragraph\">Convocada la XXXI edici\u00f3n del concurso para el fomento de la investigaci\u00f3n e innovaci\u00f3n educativa en sus dos modalidades, Premio \u00abJoaqu\u00edn Guichot\u00bb y Premio \u00abAntonio Dom\u00ednguez Ortiz\u00bb en centros p\u00fablicos correspondiente al curso 2018\/2019 por la RESOLUCI\u00d3N de 23 de mayo de 2019, de la Direcci\u00f3n General de Formaci\u00f3n del Profesorado e Innovaci\u00f3n Educativa.<\/p>\n\n\n\n<p class=\"wp-block-paragraph\">En sus sucesivas ediciones, el concurso para el fomento de la investigaci\u00f3n y de la innovaci\u00f3n educativa se ha consolidado como una importante referencia y un instrumento eficaz de fomento y de reconocimiento de la formaci\u00f3n y actualizaci\u00f3n permanentes del profesorado y de su labor investigadora e innovadora en el \u00e1mbito del sistema educativo andaluz.<\/p>\n\n\n\n<p class=\"wp-block-paragraph\">Podr\u00e1 solicitar la participaci\u00f3n en la presente convocatoria, de forma individual o en equipo, el profesorado de los niveles no universitarios&nbsp;<strong>que a fecha de finalizaci\u00f3n del plazo de presentaci\u00f3n de solicitudes se encuentre prestando servicios en centros p\u00fablicos<\/strong>&nbsp;cuya titularidad corresponda a la Consejer\u00eda competente en materia de educaci\u00f3n de la Junta de Andaluc\u00eda.<\/p>\n\n\n\n<p class=\"wp-block-paragraph\">La presente convocatoria introduce una novedad en lo referente a la forma de relaci\u00f3n de los participantes con la administraci\u00f3n, consistente la misma, de conformidad con el art\u00edculo 14 de la Ley 39\/2015, de 1 de octubre, del Procedimiento Administrativo Com\u00fan de las Administraciones P\u00fablicas, en la obligatoriedad de la presentaci\u00f3n de las solicitudes, as\u00ed como de cualquier otro tr\u00e1mite, por medios electr\u00f3nicos.<\/p>\n\n\n\n<p class=\"wp-block-paragraph\">La solicitud se presentar\u00e1&nbsp;<strong>exclusivamente de forma electr\u00f3nica<\/strong>&nbsp;a trav\u00e9s del Sistema de Informaci\u00f3n S\u00e9neca.<\/p>\n\n\n\n<p class=\"wp-block-paragraph\">Los trabajos que se presenten en esta edici\u00f3n abordar\u00e1n, preferentemente, tem\u00e1ticas que incidan en aspectos que favorezcan el \u00e9xito educativo, tales como: el desarrollo de la competencia digital (centro, alumnado, profesorado y familia); dise\u00f1o de nuevos espacios educativos (aula del futuro); la rob\u00f3tica, el pensamiento computacional y la impresi\u00f3n 3D; metodolog\u00eda STEAM; la educaci\u00f3n inclusiva; la neuroeducaci\u00f3n; el aprendizaje servicio; el pluriling\u00fcismo y el desarrollo sostenible y la conservaci\u00f3n del medio ambiente; o tem\u00e1ticas que se acerquen a personalidades destacadas de la investigaci\u00f3n, innovaci\u00f3n o cultura andaluza.<\/p>\n\n\n\n<h1 class=\"wp-block-heading\">Enlaces relacionados<\/h1>\n\n\n\n<ul class=\"wp-block-list\"><li><a rel=\"noreferrer noopener\" href=\"http:\/\/www.juntadeandalucia.es\/educacion\/portalaverroes\/premiosconcursos\/contenido\/premiojoaquinguichot\" target=\"_blank\">M\u00e1s informaci\u00f3n<\/a><\/li><li><a rel=\"noreferrer noopener\" href=\"http:\/\/www.juntadeandalucia.es\/educacion\/portalaverroes\/documents\/10306\/50358\/Tutorial_solicitud_Guichot_ADO_Seneca.pdf\" target=\"_blank\">Tutorial para la solicitud por S\u00e9neca (pdf)<\/a><\/li><li><a rel=\"noreferrer noopener\" href=\"http:\/\/www.juntadeandalucia.es\/educacion\/portalaverroes\/documents\/10306\/50358\/Tutorial_Declaracion+Responsable_Guichot_ADO_AnexoII_Seneca.pdf\" target=\"_blank\">Tutorial Declaraci\u00f3n Responsable (Anexo II) (para el resto de participantes)<\/a><\/li><\/ul>\n\n\n\n<h1 class=\"wp-block-heading\">Contenidos relacionados<\/h1>\n\n\n\n<ul class=\"wp-block-list\"><li><a href=\"http:\/\/www.juntadeandalucia.es\/educacion\/portals\/web\/ced\/contenidos\/-\/contenidos\/detalle\/resolucion-de-23-de-mayo-de-2019-de-la-direccion-general-de-formacion-del-profesorado-e-innovacion-educativa-por-la-que\">Resoluci\u00f3n de 23 de mayo de 2019, de la Direcci\u00f3n General de Formaci\u00f3n del Profesorado e Innovaci\u00f3n Educativa, por la que se convoca la XXXI edici\u00f3n del concurso para el fomento de la investigaci\u00f3n e innovaci\u00f3n educativa en sus dos modalidades, premio Joaqu\u00edn Guichot y premio Antonio Dom\u00ednguez Ortiz, en centros p\u00fablicos de titularidad de la Consejer\u00eda competente en materia de educaci\u00f3n de la Junta de Andaluc\u00eda, correspondiente al curso 2018\/2019.<\/a><\/li><\/ul>\n","protected":false},"excerpt":{"rendered":"<p>Convocada la XXXI edici\u00f3n del concurso para el fomento de la investigaci\u00f3n e innovaci\u00f3n educativa en sus dos modalidades, Premio \u00abJoaqu\u00edn Guichot\u00bb y Premio \u00abAntonio Dom\u00ednguez Ortiz\u00bb en centros p\u00fablicos correspondiente al curso 2018\/2019 por la RESOLUCI\u00d3N de 23 de mayo de 2019, de la Direcci\u00f3n General de Formaci\u00f3n del Profesorado e Innovaci\u00f3n Educativa. En [&hellip;]<\/p>\n","protected":false},"author":3,"featured_media":2849,"comment_status":"open","ping_status":"open","sticky":false,"template":"","format":"standard","meta":{"_crdt_document":"","advanced_seo_description":"","jetpack_seo_html_title":"","jetpack_seo_noindex":false,"jetpack_post_was_ever_published":false,"_jetpack_newsletter_access":"","_jetpack_dont_email_post_to_subs":false,"_jetpack_newsletter_tier_id":0,"_jetpack_memberships_contains_paywalled_content":false,"_jetpack_memberships_contains_paid_content":false,"footnotes":"","jetpack_publicize_message":"","jetpack_publicize_feature_enabled":true,"jetpack_social_post_already_shared":true,"jetpack_social_options":{"image_generator_settings":{"template":"highway","default_image_id":0,"font":"","enabled":false},"version":2}},"categories":[3,5],"tags":[17],"class_list":{"0":"post-2876","1":"post","2":"type-post","3":"status-publish","4":"format-standard","5":"has-post-thumbnail","7":"category-formaciones","8":"category-noticias","9":"tag-convocatorias","10":"czr-hentry"},"jetpack_publicize_connections":[],"jetpack_featured_media_url":"https:\/\/i0.wp.com\/cepronda.com\/blog\/wp-content\/uploads\/2019\/05\/logo-nuevo.jpg?fit=531%2C342&ssl=1","jetpack_shortlink":"https:\/\/wp.me\/p8M4X7-Ko","jetpack-related-posts":[{"id":1744,"url":"https:\/\/cepronda.com\/blog\/xxx-edicion-del-concurso-para-el-fomento-de-la-investigacion-e-innovacion-educativa-en-sus-dos-modalidades-premio-joaquin-guichot-y-premio-antonio-dominguez-ortiz\/","url_meta":{"origin":2876,"position":0},"title":"XXX edici\u00f3n del concurso para el fomento de la investigaci\u00f3n e innovaci\u00f3n educativa en sus dos modalidades, premio \u00abJoaqu\u00edn Guichot\u00bb y premio \u00abAntonio Dom\u00ednguez Ortiz\u00bb","author":"V\u00edctor Caballero","date":"25 abril, 2018","format":false,"excerpt":"Muy buenas,\u00a0 Ponemos en conocimiento de todo el profesorado que se ha lanzado la convocatoria de la XXX edici\u00f3n del concurso para el fomento de la investigaci\u00f3n e innovaci\u00f3n educativa en sus dos modalidades \"Joaqu\u00edn Guichot\" y premio \"Antonio Dom\u00ednguez Ort\u00edz\".\u00a0 Para acceder a la informaci\u00f3n, s\u00f3lo ten\u00e9is seguir este\u2026","rel":"","context":"En \u00abNoticias\u00bb","block_context":{"text":"Noticias","link":"https:\/\/cepronda.com\/blog\/category\/noticias\/"},"img":{"alt_text":"","src":"https:\/\/i0.wp.com\/cepronda.com\/blog\/wp-content\/uploads\/2017\/05\/logo_ja_ce_mejor.jpg?fit=732%2C600&ssl=1&resize=350%2C200","width":350,"height":200,"srcset":"https:\/\/i0.wp.com\/cepronda.com\/blog\/wp-content\/uploads\/2017\/05\/logo_ja_ce_mejor.jpg?fit=732%2C600&ssl=1&resize=350%2C200 1x, https:\/\/i0.wp.com\/cepronda.com\/blog\/wp-content\/uploads\/2017\/05\/logo_ja_ce_mejor.jpg?fit=732%2C600&ssl=1&resize=525%2C300 1.5x, https:\/\/i0.wp.com\/cepronda.com\/blog\/wp-content\/uploads\/2017\/05\/logo_ja_ce_mejor.jpg?fit=732%2C600&ssl=1&resize=700%2C400 2x"},"classes":[]},{"id":780,"url":"https:\/\/cepronda.com\/blog\/convocatoria-de-la-xxix-edicion-del-concurso-de-los-premios-joaquin-guichot-y-antonio-dominguez-ortiz\/","url_meta":{"origin":2876,"position":1},"title":"Convocatoria de la XXIX edici\u00f3n del concurso de los Premios Joaqu\u00edn Guichot y Antonio Dom\u00ednguez Ortiz.","author":"V\u00edctor Caballero","date":"18 abril, 2017","format":false,"excerpt":"Muy buenas, Compartimos con todas y todos vosotros esta informaci\u00f3n relativa al concurso de los premios Joaqu\u00edn Guichot y Antonio Dom\u00ednguez Ort\u00edz. Se convoca la XXIX edici\u00f3n del concurso para el fomento de la investigaci\u00f3n e innovaci\u00f3n educativa en sus dos modalidades, Premio \u00abJoaqu\u00edn Guichot\u00bb y Premio \u00abAntonio Dom\u00ednguez Ortiz\u00bb\u2026","rel":"","context":"En \u00abNoticias\u00bb","block_context":{"text":"Noticias","link":"https:\/\/cepronda.com\/blog\/category\/noticias\/"},"img":{"alt_text":"","src":"https:\/\/i0.wp.com\/cepronda.com\/blog\/wp-content\/uploads\/2017\/05\/logo_ja_ce_mejor.jpg?fit=732%2C600&ssl=1&resize=350%2C200","width":350,"height":200,"srcset":"https:\/\/i0.wp.com\/cepronda.com\/blog\/wp-content\/uploads\/2017\/05\/logo_ja_ce_mejor.jpg?fit=732%2C600&ssl=1&resize=350%2C200 1x, https:\/\/i0.wp.com\/cepronda.com\/blog\/wp-content\/uploads\/2017\/05\/logo_ja_ce_mejor.jpg?fit=732%2C600&ssl=1&resize=525%2C300 1.5x, https:\/\/i0.wp.com\/cepronda.com\/blog\/wp-content\/uploads\/2017\/05\/logo_ja_ce_mejor.jpg?fit=732%2C600&ssl=1&resize=700%2C400 2x"},"classes":[]},{"id":5272,"url":"https:\/\/cepronda.com\/blog\/xxxii-edicion-del-concurso-para-el-fomento-de-la-investigacion-e-innovacion-educativa-joaquin-guichot-y-antonio-dominguez-ortiz\/","url_meta":{"origin":2876,"position":2},"title":"XXXII edici\u00f3n del concurso para el fomento de la investigaci\u00f3n e innovaci\u00f3n educativa \u00abJoaqu\u00edn Guichot\u00bb Y \u00abAntonio Dom\u00ednguez Ortiz\u00bb","author":"Inmaculada Garc\u00eda","date":"5 mayo, 2022","format":false,"excerpt":"Convocados los premios \u00abJoaqu\u00edn Guichot\u00bb y \u00abAntonio Dom\u00ednguez Ortiz\u00bb. Resoluci\u00f3n de 1 de abril de 2022, de la Direcci\u00f3n General de Formaci\u00f3n del Profesorado e Innovaci\u00f3n Educativa, por la que se convoca la XXXII edici\u00f3n del concurso para el fomento de la investigaci\u00f3n e innovaci\u00f3n educativa en sus dos modalidades,\u2026","rel":"","context":"En \u00abNoticias\u00bb","block_context":{"text":"Noticias","link":"https:\/\/cepronda.com\/blog\/category\/noticias\/"},"img":{"alt_text":"","src":"https:\/\/i0.wp.com\/cepronda.com\/blog\/wp-content\/uploads\/2022\/05\/ESTANCIAS-FORMATIVAS-EN-EMPRESAS-PARA-EL-PROFESORADO-DE-FORMACION-PROFESIONAL.png?fit=1080%2C1080&ssl=1&resize=350%2C200","width":350,"height":200,"srcset":"https:\/\/i0.wp.com\/cepronda.com\/blog\/wp-content\/uploads\/2022\/05\/ESTANCIAS-FORMATIVAS-EN-EMPRESAS-PARA-EL-PROFESORADO-DE-FORMACION-PROFESIONAL.png?fit=1080%2C1080&ssl=1&resize=350%2C200 1x, https:\/\/i0.wp.com\/cepronda.com\/blog\/wp-content\/uploads\/2022\/05\/ESTANCIAS-FORMATIVAS-EN-EMPRESAS-PARA-EL-PROFESORADO-DE-FORMACION-PROFESIONAL.png?fit=1080%2C1080&ssl=1&resize=525%2C300 1.5x, https:\/\/i0.wp.com\/cepronda.com\/blog\/wp-content\/uploads\/2022\/05\/ESTANCIAS-FORMATIVAS-EN-EMPRESAS-PARA-EL-PROFESORADO-DE-FORMACION-PROFESIONAL.png?fit=1080%2C1080&ssl=1&resize=700%2C400 2x, https:\/\/i0.wp.com\/cepronda.com\/blog\/wp-content\/uploads\/2022\/05\/ESTANCIAS-FORMATIVAS-EN-EMPRESAS-PARA-EL-PROFESORADO-DE-FORMACION-PROFESIONAL.png?fit=1080%2C1080&ssl=1&resize=1050%2C600 3x"},"classes":[]},{"id":9210,"url":"https:\/\/cepronda.com\/blog\/9210-2\/","url_meta":{"origin":2876,"position":3},"title":"NOS CONCEDEN EL 3\u00ba PREMIO \u00abJOAQU\u00cdN GUICHOT\u00bb A LA INNOVACI\u00d3N EDUCATIVA.","author":"Encarni Jim\u00e9nez Rosado","date":"15 enero, 2026","format":false,"excerpt":"\u00a1ESTAMOS DE ENHORABUENA! Nos llena de orgullo anunciar que el Show de Inventos y Talentos de Ronda. IT\u00b4s RONDA ha sido galardonado con el 3\u00ba Premio en la modalidad \"Joaqu\u00edn Guichot\". Este reconocimiento llega en el marco de la XXXIV edici\u00f3n del concurso para el fomento de la investigaci\u00f3n e\u2026","rel":"","context":"En \u00abNoticias\u00bb","block_context":{"text":"Noticias","link":"https:\/\/cepronda.com\/blog\/category\/noticias\/"},"img":{"alt_text":"","src":"https:\/\/i0.wp.com\/cepronda.com\/blog\/wp-content\/uploads\/2026\/01\/premio.jpg?fit=960%2C1200&ssl=1&resize=350%2C200","width":350,"height":200,"srcset":"https:\/\/i0.wp.com\/cepronda.com\/blog\/wp-content\/uploads\/2026\/01\/premio.jpg?fit=960%2C1200&ssl=1&resize=350%2C200 1x, https:\/\/i0.wp.com\/cepronda.com\/blog\/wp-content\/uploads\/2026\/01\/premio.jpg?fit=960%2C1200&ssl=1&resize=525%2C300 1.5x, https:\/\/i0.wp.com\/cepronda.com\/blog\/wp-content\/uploads\/2026\/01\/premio.jpg?fit=960%2C1200&ssl=1&resize=700%2C400 2x"},"classes":[]},{"id":3283,"url":"https:\/\/cepronda.com\/blog\/convocatoria-de-medidas-de-apoyo-aprobacion-y-reconocimiento-al-profesorado-para-la-realizacion-de-proyectos-de-investigacion-e-innovacion-educativa-y-de-elaboracion-de-materiales-para-el-curso-acad\/","url_meta":{"origin":2876,"position":4},"title":"Convocatoria de medidas de apoyo, aprobaci\u00f3n y reconocimiento al profesorado para la realizaci\u00f3n de proyectos de investigaci\u00f3n, e innovaci\u00f3n educativa y de elaboraci\u00f3n de materiales para el curso acad\u00e9mico 2020\/2021","author":"V\u00edctor Caballero","date":"7 enero, 2020","format":false,"excerpt":"Compartimos con todas aquellas personas interesadas esta convocatoria. Para acceder a toda la informaci\u00f3n s\u00f3lo ten\u00e9is que seguir este enlace.","rel":"","context":"En \u00abFormaciones\u00bb","block_context":{"text":"Formaciones","link":"https:\/\/cepronda.com\/blog\/category\/formaciones\/"},"img":{"alt_text":"","src":"https:\/\/i0.wp.com\/cepronda.com\/blog\/wp-content\/uploads\/2019\/05\/logo-nuevo.jpg?fit=531%2C342&ssl=1&resize=350%2C200","width":350,"height":200,"srcset":"https:\/\/i0.wp.com\/cepronda.com\/blog\/wp-content\/uploads\/2019\/05\/logo-nuevo.jpg?fit=531%2C342&ssl=1&resize=350%2C200 1x, https:\/\/i0.wp.com\/cepronda.com\/blog\/wp-content\/uploads\/2019\/05\/logo-nuevo.jpg?fit=531%2C342&ssl=1&resize=525%2C300 1.5x"},"classes":[]},{"id":2459,"url":"https:\/\/cepronda.com\/blog\/premios-fundacion-endesa-a-la-ecoinnovacion-educativa-2018-2019\/","url_meta":{"origin":2876,"position":5},"title":"Premios Fundaci\u00f3n Endesa a la Ecoinnovaci\u00f3n Educativa 2018-2019","author":"V\u00edctor Caballero","date":"19 noviembre, 2018","format":false,"excerpt":"Seguimos compartiendo, en este caso, con los centros de Educaci\u00f3n Secundaria, su profesorado y alumnado, la convocatoria de la III edici\u00f3n de los premios de ecoinnovaci\u00f3n educativa. Fundaci\u00f3n Endesa convoca la tercera edici\u00f3n de los Premios a la Ecoinnovaci\u00f3n Educativa 2018-2019, dirigidos no s\u00f3lo a los estudiantes de Secundaria, Bachillerato\u2026","rel":"","context":"En \u00abNoticias\u00bb","block_context":{"text":"Noticias","link":"https:\/\/cepronda.com\/blog\/category\/noticias\/"},"img":{"alt_text":"","src":"https:\/\/i0.wp.com\/cepronda.com\/blog\/wp-content\/uploads\/2018\/11\/recycle-29227_1280.png?fit=1154%2C1200&ssl=1&resize=350%2C200","width":350,"height":200,"srcset":"https:\/\/i0.wp.com\/cepronda.com\/blog\/wp-content\/uploads\/2018\/11\/recycle-29227_1280.png?fit=1154%2C1200&ssl=1&resize=350%2C200 1x, https:\/\/i0.wp.com\/cepronda.com\/blog\/wp-content\/uploads\/2018\/11\/recycle-29227_1280.png?fit=1154%2C1200&ssl=1&resize=525%2C300 1.5x, https:\/\/i0.wp.com\/cepronda.com\/blog\/wp-content\/uploads\/2018\/11\/recycle-29227_1280.png?fit=1154%2C1200&ssl=1&resize=700%2C400 2x, https:\/\/i0.wp.com\/cepronda.com\/blog\/wp-content\/uploads\/2018\/11\/recycle-29227_1280.png?fit=1154%2C1200&ssl=1&resize=1050%2C600 3x"},"classes":[]}],"jetpack_sharing_enabled":true,"_links":{"self":[{"href":"https:\/\/cepronda.com\/blog\/wp-json\/wp\/v2\/posts\/2876","targetHints":{"allow":["GET"]}}],"collection":[{"href":"https:\/\/cepronda.com\/blog\/wp-json\/wp\/v2\/posts"}],"about":[{"href":"https:\/\/cepronda.com\/blog\/wp-json\/wp\/v2\/types\/post"}],"author":[{"embeddable":true,"href":"https:\/\/cepronda.com\/blog\/wp-json\/wp\/v2\/users\/3"}],"replies":[{"embeddable":true,"href":"https:\/\/cepronda.com\/blog\/wp-json\/wp\/v2\/comments?post=2876"}],"version-history":[{"count":1,"href":"https:\/\/cepronda.com\/blog\/wp-json\/wp\/v2\/posts\/2876\/revisions"}],"predecessor-version":[{"id":2877,"href":"https:\/\/cepronda.com\/blog\/wp-json\/wp\/v2\/posts\/2876\/revisions\/2877"}],"wp:featuredmedia":[{"embeddable":true,"href":"https:\/\/cepronda.com\/blog\/wp-json\/wp\/v2\/media\/2849"}],"wp:attachment":[{"href":"https:\/\/cepronda.com\/blog\/wp-json\/wp\/v2\/media?parent=2876"}],"wp:term":[{"taxonomy":"category","embeddable":true,"href":"https:\/\/cepronda.com\/blog\/wp-json\/wp\/v2\/categories?post=2876"},{"taxonomy":"post_tag","embeddable":true,"href":"https:\/\/cepronda.com\/blog\/wp-json\/wp\/v2\/tags?post=2876"}],"curies":[{"name":"wp","href":"https:\/\/api.w.org\/{rel}","templated":true}]}}