{"id":2874,"date":"2019-06-06T12:24:10","date_gmt":"2019-06-06T10:24:10","guid":{"rendered":"http:\/\/cepronda.com\/blog\/?p=2874"},"modified":"2025-04-28T11:58:59","modified_gmt":"2025-04-28T09:58:59","slug":"convocatoria-de-los-premios-rosa-regas-2","status":"publish","type":"post","link":"https:\/\/cepronda.com\/blog\/convocatoria-de-los-premios-rosa-regas-2\/","title":{"rendered":"Convocatoria de los premios Rosa Reg\u00e1s"},"content":{"rendered":"\n<p class=\"wp-block-paragraph\">Muy buenas,<\/p>\n\n\n\n<p class=\"wp-block-paragraph\">Os comunicamos que ha salido publicada la Resoluci\u00f3n de 24 de mayo de 2019, de la Direcci\u00f3n General de Atenci\u00f3n a la Diversidad, Participaci\u00f3n y Convivencia Escolar, por la que se convocan los premios Rosa Reg\u00e0s a materiales curriculares que promuevan la igualdad entre hombres y mujeres en educaci\u00f3n y que destaquen por su valor coeducativo, en su XIII edici\u00f3n correspondiente al curso 2018-2019.<\/p>\n\n\n\n<p class=\"wp-block-paragraph\">Existen dos modalidades de los premios. <\/p>\n\n\n\n<p class=\"wp-block-paragraph\">Modalidad A. Premios destinados a materiales curriculares in\u00e9ditos, no publicados, presentados y realizados por el profesorado de los niveles no universitarios, que a fecha de finalizaci\u00f3n del plazo de presentaci\u00f3n de solicitudes se encuentren prestando servicios en centros p\u00fablicos cuya titularidad corresponda a la Consejer\u00eda competente en materia de educaci\u00f3n de la Junta de Andaluc\u00eda, que sea responsable de su autor\u00eda. La forma de participaci\u00f3n en esta modalidad A podr\u00e1 ser individual o en equipo. En el caso de participaci\u00f3n en equipo, cada uno de sus miembros tendr\u00e1 igualmente la condici\u00f3n de persona beneficiaria, debiendo cada uno de ellos cumplir los requisitos establecidos en el art\u00edculo 7 y aportar la documentaci\u00f3n a que se refiere el art\u00edculo 12.2 de la Orden de 24 de enero de 2012. <\/p>\n\n\n\n<p class=\"wp-block-paragraph\">Modalidad B. Premios destinados a materiales curriculares que hayan sido publicados por las editoriales, las empresas del sector editorial y las instituciones p\u00fablicas o privadas domiciliadas en Andaluc\u00eda o que operen en su \u00e1mbito territorial, as\u00ed como las Universidades andaluzas, a las que se refiere el art\u00edculo 4.b) de la Orden de 24 de enero de 2012, cumpliendo los requisitos establecidos en el art\u00edculo 7 y aportando la documentaci\u00f3n expuesta en el art\u00edculo 12.5 de la misma orden. <\/p>\n\n\n\n<p class=\"wp-block-paragraph\">Os dejamos con el <a rel=\"noreferrer noopener\" aria-label=\"enlace a la convocatoria (opens in a new tab)\" href=\"http:\/\/www.juntadeandalucia.es\/educacion\/portals\/web\/inspeccion-educativa\/normativa-d\/-\/contenidos\/detalle\/resolucion-de-24-de-mayo-de-2019-de-la-direccion-general-de-atencion-a-la-diversidad-participacion-y-convivencia\" target=\"_blank\">enlace a la convocatoria<\/a> para que pod\u00e1is ver todos los detalles, y os animamos a participar en los mismos. <\/p>\n\n\n\n<figure class=\"wp-block-image\"><a href=\"http:\/\/www.juntadeandalucia.es\/educacion\/portals\/web\/inspeccion-educativa\/normativa-d\/-\/contenidos\/detalle\/resolucion-de-24-de-mayo-de-2019-de-la-direccion-general-de-atencion-a-la-diversidad-participacion-y-convivencia\" target=\"_blank\" rel=\"noreferrer noopener\"><img data-recalc-dims=\"1\" loading=\"lazy\" decoding=\"async\" width=\"600\" height=\"300\" src=\"https:\/\/i0.wp.com\/cepronda.com\/blog\/wp-content\/uploads\/2018\/05\/Premiorosaregas.jpg?resize=600%2C300\" alt=\"\" class=\"wp-image-1770\" srcset=\"https:\/\/i0.wp.com\/cepronda.com\/blog\/wp-content\/uploads\/2018\/05\/Premiorosaregas.jpg?w=600&amp;ssl=1 600w, https:\/\/i0.wp.com\/cepronda.com\/blog\/wp-content\/uploads\/2018\/05\/Premiorosaregas.jpg?resize=300%2C150&amp;ssl=1 300w\" sizes=\"auto, (max-width: 600px) 100vw, 600px\" \/><\/a><\/figure>\n","protected":false},"excerpt":{"rendered":"<p>Muy buenas, Os comunicamos que ha salido publicada la Resoluci\u00f3n de 24 de mayo de 2019, de la Direcci\u00f3n General de Atenci\u00f3n a la Diversidad, Participaci\u00f3n y Convivencia Escolar, por la que se convocan los premios Rosa Reg\u00e0s a materiales curriculares que promuevan la igualdad entre hombres y mujeres en educaci\u00f3n y que destaquen por [&hellip;]<\/p>\n","protected":false},"author":3,"featured_media":1770,"comment_status":"open","ping_status":"open","sticky":false,"template":"","format":"standard","meta":{"_crdt_document":"","advanced_seo_description":"","jetpack_seo_html_title":"","jetpack_seo_noindex":false,"jetpack_post_was_ever_published":false,"_jetpack_newsletter_access":"","_jetpack_dont_email_post_to_subs":false,"_jetpack_newsletter_tier_id":0,"_jetpack_memberships_contains_paywalled_content":false,"_jetpack_memberships_contains_paid_content":false,"footnotes":"","jetpack_publicize_message":"","jetpack_publicize_feature_enabled":true,"jetpack_social_post_already_shared":true,"jetpack_social_options":{"image_generator_settings":{"template":"highway","default_image_id":0,"font":"","enabled":false},"version":2}},"categories":[3,5],"tags":[171,37],"class_list":{"0":"post-2874","1":"post","2":"type-post","3":"status-publish","4":"format-standard","5":"has-post-thumbnail","7":"category-formaciones","8":"category-noticias","9":"tag-coeducacion","10":"tag-igualdad","11":"czr-hentry"},"jetpack_publicize_connections":[],"jetpack_featured_media_url":"https:\/\/i0.wp.com\/cepronda.com\/blog\/wp-content\/uploads\/2018\/05\/Premiorosaregas.jpg?fit=600%2C300&ssl=1","jetpack_shortlink":"https:\/\/wp.me\/p8M4X7-Km","jetpack-related-posts":[{"id":3726,"url":"https:\/\/cepronda.com\/blog\/convocatoria-premios-rosa-regas-2\/","url_meta":{"origin":2874,"position":0},"title":"CONVOCATORIA PREMIOS    \u00abROSA REG\u00c1S\u00bb","author":"Maribel Mu\u00f1oz","date":"4 septiembre, 2020","format":false,"excerpt":"Buenas tardes compa\u00f1eras y compa\u00f1eros, Os informamos que se ha publicado la convocatoria de los premios \u00abRosa Reg\u00e0s\u00bb a materiales curriculares que promuevan la igualdad entre hombres y mujeres en educaci\u00f3n y que destaquen por su valor coeducativo, en su XIV edici\u00f3n correspondiente al curso 2019-2020. Aqu\u00ed pod\u00e9is acceder al\u2026","rel":"","context":"En \u00abNoticias\u00bb","block_context":{"text":"Noticias","link":"https:\/\/cepronda.com\/blog\/category\/noticias\/"},"img":{"alt_text":"Rosa Reg\u00e1s","src":"https:\/\/i0.wp.com\/cepronda.com\/blog\/wp-content\/uploads\/2020\/09\/foto-Rosa-regas-300x185.jpg?resize=350%2C200","width":350,"height":200},"classes":[]},{"id":1769,"url":"https:\/\/cepronda.com\/blog\/convocatoria-de-los-premios-rosa-regas\/","url_meta":{"origin":2874,"position":1},"title":"Convocatoria de los premios Rosa Reg\u00e0s","author":"V\u00edctor Caballero","date":"4 mayo, 2018","format":false,"excerpt":"\u00a1Hola de nuevo! Vuelvo a escribiros para compartir con todos y todas la convocatoria de los premios Rosa Reg\u00e0s. Acaba de salir publicada la resoluci\u00f3n de 17 de abril de 2018, de la Direcci\u00f3n General de Participaci\u00f3n y Equidad, por la que se convocan los premios \u00abRosa Reg\u00e0s\u00bb a materiales\u2026","rel":"","context":"En \u00abNoticias\u00bb","block_context":{"text":"Noticias","link":"https:\/\/cepronda.com\/blog\/category\/noticias\/"},"img":{"alt_text":"","src":"https:\/\/i0.wp.com\/cepronda.com\/blog\/wp-content\/uploads\/2018\/05\/Premiorosaregas.jpg?fit=600%2C300&ssl=1&resize=350%2C200","width":350,"height":200,"srcset":"https:\/\/i0.wp.com\/cepronda.com\/blog\/wp-content\/uploads\/2018\/05\/Premiorosaregas.jpg?fit=600%2C300&ssl=1&resize=350%2C200 1x, https:\/\/i0.wp.com\/cepronda.com\/blog\/wp-content\/uploads\/2018\/05\/Premiorosaregas.jpg?fit=600%2C300&ssl=1&resize=525%2C300 1.5x"},"classes":[]},{"id":2386,"url":"https:\/\/cepronda.com\/blog\/premios-flamenco-en-el-aula\/","url_meta":{"origin":2874,"position":2},"title":"Premios Flamenco en el aula","author":"V\u00edctor Caballero","date":"18 octubre, 2018","format":false,"excerpt":"Buenos d\u00edas lluviosos,\u00a0 Compartimos con todos aquellos centros que est\u00e9is interesados la Resoluci\u00f3n por la que se convocan los Premios Flamenco en el aula, enfocado tanto a la elaboraci\u00f3n de materiales curriculares y recursos did\u00e1cticos, como al reconocimiento de experiencias y buenas pr\u00e1cticas docentes.\u00a0 El plazo de presentaci\u00f3n de candidaturas\u2026","rel":"","context":"En \u00abFormaciones\u00bb","block_context":{"text":"Formaciones","link":"https:\/\/cepronda.com\/blog\/category\/formaciones\/"},"img":{"alt_text":"","src":"https:\/\/i0.wp.com\/cepronda.com\/blog\/wp-content\/uploads\/2018\/10\/flamencoenelaula-1.png?fit=794%2C1123&ssl=1&resize=350%2C200","width":350,"height":200,"srcset":"https:\/\/i0.wp.com\/cepronda.com\/blog\/wp-content\/uploads\/2018\/10\/flamencoenelaula-1.png?fit=794%2C1123&ssl=1&resize=350%2C200 1x, https:\/\/i0.wp.com\/cepronda.com\/blog\/wp-content\/uploads\/2018\/10\/flamencoenelaula-1.png?fit=794%2C1123&ssl=1&resize=525%2C300 1.5x, https:\/\/i0.wp.com\/cepronda.com\/blog\/wp-content\/uploads\/2018\/10\/flamencoenelaula-1.png?fit=794%2C1123&ssl=1&resize=700%2C400 2x"},"classes":[]},{"id":2183,"url":"https:\/\/cepronda.com\/blog\/instrucciones-sobre-la-seleccion-de-libros-de-texto-y-materiales-curriculares-sin-prejuicios-sexistas\/","url_meta":{"origin":2874,"position":3},"title":"Instrucciones sobre la selecci\u00f3n de libros de texto y materiales curriculares sin prejuicios sexistas","author":"V\u00edctor Caballero","date":"19 junio, 2018","format":false,"excerpt":"Muy buenas,\u00a0 Acaba de salir publicadas las instrucciones\u00a0de 14 de junio de 2018, de la Direcci\u00f3n General de Participaci\u00f3n y Equidad y de la Direcci\u00f3n General de Ordenaci\u00f3n Educativa, sobre los criterios para la selecci\u00f3n de los libros de texto y para la elaboraci\u00f3n de materiales curriculares sin prejuicios sexistas\u2026","rel":"","context":"En \u00abFormaciones\u00bb","block_context":{"text":"Formaciones","link":"https:\/\/cepronda.com\/blog\/category\/formaciones\/"},"img":{"alt_text":"","src":"https:\/\/i0.wp.com\/cepronda.com\/blog\/wp-content\/uploads\/2017\/05\/logo_ja_ce_mejor.jpg?fit=732%2C600&ssl=1&resize=350%2C200","width":350,"height":200,"srcset":"https:\/\/i0.wp.com\/cepronda.com\/blog\/wp-content\/uploads\/2017\/05\/logo_ja_ce_mejor.jpg?fit=732%2C600&ssl=1&resize=350%2C200 1x, https:\/\/i0.wp.com\/cepronda.com\/blog\/wp-content\/uploads\/2017\/05\/logo_ja_ce_mejor.jpg?fit=732%2C600&ssl=1&resize=525%2C300 1.5x, https:\/\/i0.wp.com\/cepronda.com\/blog\/wp-content\/uploads\/2017\/05\/logo_ja_ce_mejor.jpg?fit=732%2C600&ssl=1&resize=700%2C400 2x"},"classes":[]},{"id":2776,"url":"https:\/\/cepronda.com\/blog\/xxxiv-premios-francisco-giner-de-los-rios-a-la-mejora-de-la-calidad-educativa\/","url_meta":{"origin":2874,"position":4},"title":"XXXIV Premios Francisco Giner de los R\u00edos a la Mejora de la Calidad Educativa.","author":"V\u00edctor Caballero","date":"2 mayo, 2019","format":false,"excerpt":"Hola de nuevo, Compartimos con vosotros y vosotras la convocatoria de estos premios, donde el Ministerio de Educaci\u00f3n y Formaci\u00f3n Profesional, en colaboraci\u00f3n con la Fundaci\u00f3n BBVA, convoca los XXXIV Premios Francisco Giner de los R\u00edos a la Mejora de la Calidad Educativa, para los trabajos y experiencias pedag\u00f3gicas que\u2026","rel":"","context":"En \u00abFormaciones\u00bb","block_context":{"text":"Formaciones","link":"https:\/\/cepronda.com\/blog\/category\/formaciones\/"},"img":{"alt_text":"","src":"https:\/\/i0.wp.com\/cepronda.com\/blog\/wp-content\/uploads\/2019\/05\/ministerio.jpg?resize=350%2C200","width":350,"height":200},"classes":[]},{"id":2572,"url":"https:\/\/cepronda.com\/blog\/abierto-el-plazo-de-solicitud-de-apoyo-aprobacion-y-reconocimiento-al-profesorado-para-la-realizacion-de-proyectos-de-investigacion-e-innovacion-educativa-y-elaboracion-de-materiales-curriculares-2\/","url_meta":{"origin":2874,"position":5},"title":"Abierto el plazo de solicitud de apoyo, aprobaci\u00f3n y reconocimiento al profesorado para la realizaci\u00f3n de proyectos de investigaci\u00f3n e innovaci\u00f3n educativa y elaboraci\u00f3n de materiales curriculares.","author":"V\u00edctor Caballero","date":"11 enero, 2019","format":false,"excerpt":"Muy buenas familia, queremos animaros a participar en esta convocatoria de proyectos de investigaci\u00f3n e innovaci\u00f3n educativa y elaboraci\u00f3n de materiales curriculares. Para ello os copiamos la informaci\u00f3n aparecida en Averroes, junto con los enlaces correspondientes. La Consejer\u00eda de Educaci\u00f3n de la Junta de Andaluc\u00eda ha puesto en marcha una\u2026","rel":"","context":"En \u00abFormaciones\u00bb","block_context":{"text":"Formaciones","link":"https:\/\/cepronda.com\/blog\/category\/formaciones\/"},"img":{"alt_text":"","src":"https:\/\/i0.wp.com\/cepronda.com\/blog\/wp-content\/uploads\/2019\/01\/averroes.jpg?resize=350%2C200","width":350,"height":200},"classes":[]}],"jetpack_sharing_enabled":true,"_links":{"self":[{"href":"https:\/\/cepronda.com\/blog\/wp-json\/wp\/v2\/posts\/2874","targetHints":{"allow":["GET"]}}],"collection":[{"href":"https:\/\/cepronda.com\/blog\/wp-json\/wp\/v2\/posts"}],"about":[{"href":"https:\/\/cepronda.com\/blog\/wp-json\/wp\/v2\/types\/post"}],"author":[{"embeddable":true,"href":"https:\/\/cepronda.com\/blog\/wp-json\/wp\/v2\/users\/3"}],"replies":[{"embeddable":true,"href":"https:\/\/cepronda.com\/blog\/wp-json\/wp\/v2\/comments?post=2874"}],"version-history":[{"count":1,"href":"https:\/\/cepronda.com\/blog\/wp-json\/wp\/v2\/posts\/2874\/revisions"}],"predecessor-version":[{"id":2875,"href":"https:\/\/cepronda.com\/blog\/wp-json\/wp\/v2\/posts\/2874\/revisions\/2875"}],"wp:featuredmedia":[{"embeddable":true,"href":"https:\/\/cepronda.com\/blog\/wp-json\/wp\/v2\/media\/1770"}],"wp:attachment":[{"href":"https:\/\/cepronda.com\/blog\/wp-json\/wp\/v2\/media?parent=2874"}],"wp:term":[{"taxonomy":"category","embeddable":true,"href":"https:\/\/cepronda.com\/blog\/wp-json\/wp\/v2\/categories?post=2874"},{"taxonomy":"post_tag","embeddable":true,"href":"https:\/\/cepronda.com\/blog\/wp-json\/wp\/v2\/tags?post=2874"}],"curies":[{"name":"wp","href":"https:\/\/api.w.org\/{rel}","templated":true}]}}