{"id":2864,"date":"2019-06-03T10:04:59","date_gmt":"2019-06-03T08:04:59","guid":{"rendered":"http:\/\/cepronda.com\/blog\/?p=2864"},"modified":"2019-06-03T10:05:07","modified_gmt":"2019-06-03T08:05:07","slug":"salvados-por-la-campana-una-propuesta-para-comenzar-el-curso-de-forma-diferente-en-nuestros-claustros","status":"publish","type":"post","link":"https:\/\/cepronda.com\/blog\/salvados-por-la-campana-una-propuesta-para-comenzar-el-curso-de-forma-diferente-en-nuestros-claustros\/","title":{"rendered":"SALVADOS POR LA CAMPANA, UNA PROPUESTA PARA COMENZAR EL CURSO DE FORMA DIFERENTE EN NUESTROS CLAUSTROS"},"content":{"rendered":"\n<p class=\"wp-block-paragraph\">Muy buenas familia, <\/p>\n\n\n\n<p class=\"wp-block-paragraph\">Os proponemos una de nuestras \u00faltimas actividades, y se ha preparado ahora a final de curso con vistas al inicio del pr\u00f3ximo curso escolar. Y es que se trata de una actividad donde os proponemos una manera diferente de afrontar los primeros d\u00edas de septiembre en vuestros centros con vuestros claustros. <\/p>\n\n\n\n<p class=\"wp-block-paragraph\">Para ellos contaremos con Rafa Leiva y David Palomo del CEIP Juan Herrera Alcausa de V\u00e9lez M\u00e1laga, donde llevan varios cursos escolares haciendo propuestas gamificadas para el claustros, y de este modo hacer toda la parte burocr\u00e1tica de una manera m\u00e1s l\u00fadica y sobre todo, favorecer la cohesi\u00f3n del claustro desde el inicio de curso. <\/p>\n\n\n\n<p class=\"wp-block-paragraph\">La actividad consistir\u00e1 en una sola sesi\u00f3n, el pr\u00f3ximo jueves 13 de junio, y una tarea on line en la que os pediremos una propuesta de lo que pens\u00e1is que pod\u00e9is hacer en vuestros claustros. <\/p>\n\n\n\n<p class=\"wp-block-paragraph\">Para acceder a la informaci\u00f3n e inscribiros, s\u00f3lo ten\u00e9is que <a rel=\"noreferrer noopener\" aria-label=\"seguir este enlace (opens in a new tab)\" href=\"https:\/\/www.juntadeandalucia.es\/educacion\/secretariavirtual\/consultaCEP\/actividad\/192924GE058\/\" target=\"_blank\">seguir este enlace<\/a>. \u00a1Animaros a participar!<\/p>\n\n\n\n<figure class=\"wp-block-image\"><a href=\"https:\/\/www.juntadeandalucia.es\/educacion\/secretariavirtual\/consultaCEP\/actividad\/192924GE058\/\"><img loading=\"lazy\" decoding=\"async\" width=\"1000\" height=\"1547\" src=\"https:\/\/i1.wp.com\/cepronda.com\/blog\/wp-content\/uploads\/2019\/06\/Salvados-por-la-campana.jpg?fit=662%2C1024\" alt=\"\" class=\"wp-image-2865\" srcset=\"https:\/\/i0.wp.com\/cepronda.com\/blog\/wp-content\/uploads\/2019\/06\/Salvados-por-la-campana.jpg?w=1000&amp;ssl=1 1000w, https:\/\/i0.wp.com\/cepronda.com\/blog\/wp-content\/uploads\/2019\/06\/Salvados-por-la-campana.jpg?resize=194%2C300&amp;ssl=1 194w, https:\/\/i0.wp.com\/cepronda.com\/blog\/wp-content\/uploads\/2019\/06\/Salvados-por-la-campana.jpg?resize=768%2C1188&amp;ssl=1 768w, https:\/\/i0.wp.com\/cepronda.com\/blog\/wp-content\/uploads\/2019\/06\/Salvados-por-la-campana.jpg?resize=662%2C1024&amp;ssl=1 662w\" sizes=\"auto, (max-width: 1000px) 100vw, 1000px\" \/><\/a><\/figure>\n","protected":false},"excerpt":{"rendered":"<p>Muy buenas familia, Os proponemos una de nuestras \u00faltimas actividades, y se ha preparado ahora a final de curso con vistas al inicio del pr\u00f3ximo curso escolar. Y es que se trata de una actividad donde os proponemos una manera diferente de afrontar los primeros d\u00edas de septiembre en vuestros centros con vuestros claustros. Para [&hellip;]<\/p>\n","protected":false},"author":3,"featured_media":2865,"comment_status":"open","ping_status":"open","sticky":false,"template":"","format":"standard","meta":{"_crdt_document":"","advanced_seo_description":"","jetpack_seo_html_title":"","jetpack_seo_noindex":false,"jetpack_post_was_ever_published":false,"_jetpack_newsletter_access":"","_jetpack_dont_email_post_to_subs":false,"_jetpack_newsletter_tier_id":0,"_jetpack_memberships_contains_paywalled_content":false,"_jetpack_memberships_contains_paid_content":false,"footnotes":"","jetpack_publicize_message":"SALVADOS POR LA CAMPANA, UNA PROPUESTA PARA COMENZAR EL CURSO DE FORMA DIFERENTE EN NUESTROS CLAUSTROS","jetpack_publicize_feature_enabled":true,"jetpack_social_post_already_shared":true,"jetpack_social_options":{"image_generator_settings":{"template":"highway","default_image_id":0,"font":"","enabled":false},"version":2}},"categories":[3],"tags":[158],"class_list":{"0":"post-2864","1":"post","2":"type-post","3":"status-publish","4":"format-standard","5":"has-post-thumbnail","7":"category-formaciones","8":"tag-gamificacion","9":"czr-hentry"},"jetpack_publicize_connections":[],"jetpack_featured_media_url":"https:\/\/i0.wp.com\/cepronda.com\/blog\/wp-content\/uploads\/2019\/06\/Salvados-por-la-campana.jpg?fit=1000%2C1547&ssl=1","jetpack_shortlink":"https:\/\/wp.me\/p8M4X7-Kc","jetpack-related-posts":[{"id":2334,"url":"https:\/\/cepronda.com\/blog\/nivel-i-y-ii-programa-de-inteligencia-emocional-sensibilizacion-y-desarrollo\/","url_meta":{"origin":2864,"position":0},"title":"NIVEL I Y II. PROGRAMA DE INTELIGENCIA EMOCIONAL: SENSIBILIZACI\u00d3N Y DESARROLLO","author":"V\u00edctor Caballero","date":"25 septiembre, 2018","format":false,"excerpt":"\u00a1Hola de nuevo!\u00a0 Queremos compartir con todas y todos vosotros este curso tan esperado por todo el mundo, dado el \u00e9xito del curso pasado. Se trata de los niveles I y II del programa de inteligencia emocional, donde aprenderemos mucho a nivel personal y como trasladar este programa a nuestros\u2026","rel":"","context":"En \u00abFormaciones\u00bb","block_context":{"text":"Formaciones","link":"https:\/\/cepronda.com\/blog\/category\/formaciones\/"},"img":{"alt_text":"","src":"https:\/\/i0.wp.com\/cepronda.com\/blog\/wp-content\/uploads\/2018\/09\/blond-1868815_640.jpg?fit=640%2C426&ssl=1&resize=350%2C200","width":350,"height":200,"srcset":"https:\/\/i0.wp.com\/cepronda.com\/blog\/wp-content\/uploads\/2018\/09\/blond-1868815_640.jpg?fit=640%2C426&ssl=1&resize=350%2C200 1x, https:\/\/i0.wp.com\/cepronda.com\/blog\/wp-content\/uploads\/2018\/09\/blond-1868815_640.jpg?fit=640%2C426&ssl=1&resize=525%2C300 1.5x"},"classes":[]},{"id":2200,"url":"https:\/\/cepronda.com\/blog\/instrucciones-sobre-programas-educativos-para-el-proximo-curso-escolar\/","url_meta":{"origin":2864,"position":1},"title":"Instrucciones sobre Programas educativos para el pr\u00f3ximo curso escolar","author":"V\u00edctor Caballero","date":"26 junio, 2018","format":false,"excerpt":"\u00a1Hola familia! Pensando ya en el pr\u00f3ximo curso escolar os informamos que han salido publicadas las instrucciones por las que se efect\u00faa la convocatoria de programas educativos para el pr\u00f3ximo curso escolar. Para acceder a las mismas s\u00f3lo ten\u00e9is que seguir este enlace. Un saludo. \u00a0","rel":"","context":"En \u00abFormaciones\u00bb","block_context":{"text":"Formaciones","link":"https:\/\/cepronda.com\/blog\/category\/formaciones\/"},"img":{"alt_text":"","src":"https:\/\/i0.wp.com\/cepronda.com\/blog\/wp-content\/uploads\/2017\/05\/logo_ja_ce_mejor.jpg?fit=732%2C600&ssl=1&resize=350%2C200","width":350,"height":200,"srcset":"https:\/\/i0.wp.com\/cepronda.com\/blog\/wp-content\/uploads\/2017\/05\/logo_ja_ce_mejor.jpg?fit=732%2C600&ssl=1&resize=350%2C200 1x, https:\/\/i0.wp.com\/cepronda.com\/blog\/wp-content\/uploads\/2017\/05\/logo_ja_ce_mejor.jpg?fit=732%2C600&ssl=1&resize=525%2C300 1.5x, https:\/\/i0.wp.com\/cepronda.com\/blog\/wp-content\/uploads\/2017\/05\/logo_ja_ce_mejor.jpg?fit=732%2C600&ssl=1&resize=700%2C400 2x"},"classes":[]},{"id":2296,"url":"https:\/\/cepronda.com\/blog\/curso-ronda-con-nombre-de-mujer\/","url_meta":{"origin":2864,"position":2},"title":"Curso \u00abRONDA CON NOMBRE DE MUJER\u00bb","author":"V\u00edctor Caballero","date":"10 septiembre, 2018","format":false,"excerpt":"\u00a0Y seguimos trabajando en ofreceros una formaci\u00f3n adecuada a vuestros intereses y necesidades. En este caso nos dirigimos a todas aquellas personas que est\u00e9is interesadas en la coeducaci\u00f3n y el g\u00e9nero, combinada con paseos por Ronda.\u00a0 Se trata de una formaci\u00f3n donde pretendemos visibilizar todas aquellas mujeres de Ronda y\u2026","rel":"","context":"En \u00abFormaciones\u00bb","block_context":{"text":"Formaciones","link":"https:\/\/cepronda.com\/blog\/category\/formaciones\/"},"img":{"alt_text":"","src":"https:\/\/i0.wp.com\/cepronda.com\/blog\/wp-content\/uploads\/2018\/09\/Ronda_con_nombre_de_mujer.png?fit=591%2C835&ssl=1&resize=350%2C200","width":350,"height":200,"srcset":"https:\/\/i0.wp.com\/cepronda.com\/blog\/wp-content\/uploads\/2018\/09\/Ronda_con_nombre_de_mujer.png?fit=591%2C835&ssl=1&resize=350%2C200 1x, https:\/\/i0.wp.com\/cepronda.com\/blog\/wp-content\/uploads\/2018\/09\/Ronda_con_nombre_de_mujer.png?fit=591%2C835&ssl=1&resize=525%2C300 1.5x"},"classes":[]},{"id":2867,"url":"https:\/\/cepronda.com\/blog\/otro-ejemplo-de-escape-room-esta-vez-en-el-ies-profesor-gonzalo-huesa\/","url_meta":{"origin":2864,"position":3},"title":"Otro ejemplo de Escape Room, esta vez en el IES Profesor Gonzalo Huesa","author":"V\u00edctor Caballero","date":"4 junio, 2019","format":false,"excerpt":"\u00a1Muy buenas! Pocas cosas satisfacen m\u00e1s que cuando trabajamos con nuestro alumnado un tema o concepto, y vemos que lo aplican de una manera pr\u00e1ctica. Pues igual nos pasa en el CEP ... pocas cosas satisfacen m\u00e1s que ver que lo trabajado en un curso tiene efectos tan r\u00e1pidos y\u2026","rel":"","context":"En \u00abNoticias\u00bb","block_context":{"text":"Noticias","link":"https:\/\/cepronda.com\/blog\/category\/noticias\/"},"img":{"alt_text":"","src":"https:\/\/i0.wp.com\/cepronda.com\/blog\/wp-content\/uploads\/2019\/05\/strong-box-1429334_1920.jpg?fit=1200%2C863&ssl=1&resize=350%2C200","width":350,"height":200,"srcset":"https:\/\/i0.wp.com\/cepronda.com\/blog\/wp-content\/uploads\/2019\/05\/strong-box-1429334_1920.jpg?fit=1200%2C863&ssl=1&resize=350%2C200 1x, https:\/\/i0.wp.com\/cepronda.com\/blog\/wp-content\/uploads\/2019\/05\/strong-box-1429334_1920.jpg?fit=1200%2C863&ssl=1&resize=525%2C300 1.5x, https:\/\/i0.wp.com\/cepronda.com\/blog\/wp-content\/uploads\/2019\/05\/strong-box-1429334_1920.jpg?fit=1200%2C863&ssl=1&resize=700%2C400 2x, https:\/\/i0.wp.com\/cepronda.com\/blog\/wp-content\/uploads\/2019\/05\/strong-box-1429334_1920.jpg?fit=1200%2C863&ssl=1&resize=1050%2C600 3x"},"classes":[]},{"id":648,"url":"https:\/\/cepronda.com\/blog\/curso-de-cuaderno-de-seneca-para-la-zona-de-cortes-de-la-frontera\/","url_meta":{"origin":2864,"position":4},"title":"Curso de Cuaderno de S\u00e9neca para la zona de Cortes de la Frontera","author":"V\u00edctor Caballero","date":"2 febrero, 2017","format":false,"excerpt":"\u00a1Hola! Desde hace algunos d\u00edas ten\u00e9is a disposici\u00f3n para el profesorado de la zona de Cortes de la Frontera de un curso que est\u00e1 resultando muy interesante para el profesorado. Se trata del curso de Cuaderno S\u00e9neca Pasen donde aprenderemos a configurar y manejar la herramienta que desde la Junta\u2026","rel":"","context":"En \u00abFormaciones\u00bb","block_context":{"text":"Formaciones","link":"https:\/\/cepronda.com\/blog\/category\/formaciones\/"},"img":{"alt_text":"","src":"","width":0,"height":0},"classes":[]},{"id":2729,"url":"https:\/\/cepronda.com\/blog\/aplazada-actividad-del-teatro-del-oprimido-y-las-oprimidas\/","url_meta":{"origin":2864,"position":5},"title":"Aplazada actividad del Teatro del oprimido y las oprimidas","author":"V\u00edctor Caballero","date":"9 abril, 2019","format":"aside","excerpt":"Os informamos que, por razones de fuerza mayor, se aplaza la actividad \"Teatro del oprimido y las oprimidas\" . Confiamos en poder realizarla a comienzos del pr\u00f3ximo curso. Rogamos disculp\u00e9is las molestias. Un saludo","rel":"","context":"En \u00abNoticias\u00bb","block_context":{"text":"Noticias","link":"https:\/\/cepronda.com\/blog\/category\/noticias\/"},"img":{"alt_text":"","src":"","width":0,"height":0},"classes":[]}],"jetpack_sharing_enabled":true,"_links":{"self":[{"href":"https:\/\/cepronda.com\/blog\/wp-json\/wp\/v2\/posts\/2864","targetHints":{"allow":["GET"]}}],"collection":[{"href":"https:\/\/cepronda.com\/blog\/wp-json\/wp\/v2\/posts"}],"about":[{"href":"https:\/\/cepronda.com\/blog\/wp-json\/wp\/v2\/types\/post"}],"author":[{"embeddable":true,"href":"https:\/\/cepronda.com\/blog\/wp-json\/wp\/v2\/users\/3"}],"replies":[{"embeddable":true,"href":"https:\/\/cepronda.com\/blog\/wp-json\/wp\/v2\/comments?post=2864"}],"version-history":[{"count":1,"href":"https:\/\/cepronda.com\/blog\/wp-json\/wp\/v2\/posts\/2864\/revisions"}],"predecessor-version":[{"id":2866,"href":"https:\/\/cepronda.com\/blog\/wp-json\/wp\/v2\/posts\/2864\/revisions\/2866"}],"wp:featuredmedia":[{"embeddable":true,"href":"https:\/\/cepronda.com\/blog\/wp-json\/wp\/v2\/media\/2865"}],"wp:attachment":[{"href":"https:\/\/cepronda.com\/blog\/wp-json\/wp\/v2\/media?parent=2864"}],"wp:term":[{"taxonomy":"category","embeddable":true,"href":"https:\/\/cepronda.com\/blog\/wp-json\/wp\/v2\/categories?post=2864"},{"taxonomy":"post_tag","embeddable":true,"href":"https:\/\/cepronda.com\/blog\/wp-json\/wp\/v2\/tags?post=2864"}],"curies":[{"name":"wp","href":"https:\/\/api.w.org\/{rel}","templated":true}]}}