{"id":2857,"date":"2019-05-30T09:44:26","date_gmt":"2019-05-30T07:44:26","guid":{"rendered":"http:\/\/cepronda.com\/blog\/?p=2857"},"modified":"2019-05-30T09:46:35","modified_gmt":"2019-05-30T07:46:35","slug":"programa-aldea-en-el-cpr-valle-del-guadiaro","status":"publish","type":"post","link":"https:\/\/cepronda.com\/blog\/programa-aldea-en-el-cpr-valle-del-guadiaro\/","title":{"rendered":"Programa ALDEA en el CPR Valle del Guadiaro"},"content":{"rendered":"\n<p class=\"wp-block-paragraph\">Muy buenas queremos compartir con todas y todos vosotros este v\u00eddeo realizado por el CPR Valle del Guadiaro dentro del programa ALDEA. Seguro que os gusta.<\/p>\n\n\n\n<p class=\"wp-block-paragraph\"><a href=\"https:\/\/photos.google.com\/share\/AF1QipOPutZiPfXES6P1hONN-LjnqoDEMTpptvSCXQgb1iYagOCw9XSIQNeOylsS3NVb7A\/photo\/AF1QipNYqgfn11xl1Scj4SPlOVtvbuYbycsJmYghV5Zz?key=ODRIRk5pZXZMeDB1OEJkZkU5QnJkSG51T3NQRlR3\">Enlace al v\u00eddeo<\/a><\/p>\n","protected":false},"excerpt":{"rendered":"<p>Muy buenas queremos compartir con todas y todos vosotros este v\u00eddeo realizado por el CPR Valle del Guadiaro dentro del programa ALDEA. Seguro que os gusta. Enlace al v\u00eddeo<\/p>\n","protected":false},"author":3,"featured_media":2858,"comment_status":"open","ping_status":"open","sticky":false,"template":"","format":"standard","meta":{"_crdt_document":"","advanced_seo_description":"","jetpack_seo_html_title":"","jetpack_seo_noindex":false,"jetpack_post_was_ever_published":false,"_jetpack_newsletter_access":"","_jetpack_dont_email_post_to_subs":false,"_jetpack_newsletter_tier_id":0,"_jetpack_memberships_contains_paywalled_content":false,"_jetpack_memberships_contains_paid_content":false,"footnotes":"","jetpack_publicize_message":"","jetpack_publicize_feature_enabled":true,"jetpack_social_post_already_shared":true,"jetpack_social_options":{"image_generator_settings":{"template":"highway","default_image_id":0,"font":"","enabled":false},"version":2}},"categories":[5],"tags":[143],"class_list":{"0":"post-2857","1":"post","2":"type-post","3":"status-publish","4":"format-standard","5":"has-post-thumbnail","7":"category-noticias","8":"tag-videos","9":"czr-hentry"},"jetpack_publicize_connections":[],"jetpack_featured_media_url":"https:\/\/i0.wp.com\/cepronda.com\/blog\/wp-content\/uploads\/2019\/05\/valle-del-guadiaro.png?fit=220%2C220&ssl=1","jetpack_shortlink":"https:\/\/wp.me\/p8M4X7-K5","jetpack-related-posts":[{"id":1982,"url":"https:\/\/cepronda.com\/blog\/educacion-fisica-en-la-calle\/","url_meta":{"origin":2857,"position":0},"title":"Educaci\u00f3n F\u00edsica en la calle","author":"V\u00edctor Caballero","date":"31 mayo, 2018","format":false,"excerpt":"\u00a1Hola! Ayer por la ma\u00f1ana una serie de maestras y maestros de colegios rurales y colegios de nuestros pueblos se unieron para jugar y disfrutar con su alumnado con el \u00fanico fin de divertirse y promover h\u00e1bitos de vida saludable.\u00a0 Fue una jornada incre\u00edble, en la que jugaron, se divirtieron,\u2026","rel":"","context":"En \u00abNoticias\u00bb","block_context":{"text":"Noticias","link":"https:\/\/cepronda.com\/blog\/category\/noticias\/"},"img":{"alt_text":"","src":"https:\/\/i0.wp.com\/cepronda.com\/blog\/wp-content\/uploads\/2018\/05\/Foto-de-Helena-Gonzalez9.jpg?fit=1200%2C676&ssl=1&resize=350%2C200","width":350,"height":200,"srcset":"https:\/\/i0.wp.com\/cepronda.com\/blog\/wp-content\/uploads\/2018\/05\/Foto-de-Helena-Gonzalez9.jpg?fit=1200%2C676&ssl=1&resize=350%2C200 1x, https:\/\/i0.wp.com\/cepronda.com\/blog\/wp-content\/uploads\/2018\/05\/Foto-de-Helena-Gonzalez9.jpg?fit=1200%2C676&ssl=1&resize=525%2C300 1.5x, https:\/\/i0.wp.com\/cepronda.com\/blog\/wp-content\/uploads\/2018\/05\/Foto-de-Helena-Gonzalez9.jpg?fit=1200%2C676&ssl=1&resize=700%2C400 2x, https:\/\/i0.wp.com\/cepronda.com\/blog\/wp-content\/uploads\/2018\/05\/Foto-de-Helena-Gonzalez9.jpg?fit=1200%2C676&ssl=1&resize=1050%2C600 3x"},"classes":[]},{"id":5286,"url":"https:\/\/cepronda.com\/blog\/la-serrania-innova-gamificacion\/","url_meta":{"origin":2857,"position":1},"title":"LA SERRAN\u00cdA INNOVA. GAMIFICACI\u00d3N.","author":"Inmaculada Garc\u00eda","date":"9 mayo, 2022","format":false,"excerpt":"Hola compa\u00f1eros y compa\u00f1eras, un lunes m\u00e1s os traemos un nuevo v\u00eddeo del proyecto LA SERRAN\u00cdA INNOVA, donde podemos conocer diferentes Metodolog\u00edas Emergentes a trav\u00e9s de la experiencia pr\u00e1ctica de docentes de la comarca de la Serran\u00eda de Ronda. Esta vez, nuestra compa\u00f1era Maite Fajardo nos cuenta como pone en\u2026","rel":"","context":"En \u00abNoticias\u00bb","block_context":{"text":"Noticias","link":"https:\/\/cepronda.com\/blog\/category\/noticias\/"},"img":{"alt_text":"","src":"https:\/\/i0.wp.com\/cepronda.com\/blog\/wp-content\/uploads\/2022\/05\/ABP-1.png?fit=1080%2C1080&ssl=1&resize=350%2C200","width":350,"height":200,"srcset":"https:\/\/i0.wp.com\/cepronda.com\/blog\/wp-content\/uploads\/2022\/05\/ABP-1.png?fit=1080%2C1080&ssl=1&resize=350%2C200 1x, https:\/\/i0.wp.com\/cepronda.com\/blog\/wp-content\/uploads\/2022\/05\/ABP-1.png?fit=1080%2C1080&ssl=1&resize=525%2C300 1.5x, https:\/\/i0.wp.com\/cepronda.com\/blog\/wp-content\/uploads\/2022\/05\/ABP-1.png?fit=1080%2C1080&ssl=1&resize=700%2C400 2x, https:\/\/i0.wp.com\/cepronda.com\/blog\/wp-content\/uploads\/2022\/05\/ABP-1.png?fit=1080%2C1080&ssl=1&resize=1050%2C600 3x"},"classes":[]},{"id":9015,"url":"https:\/\/cepronda.com\/blog\/programa-aldea-la-aventura-de-nuestro-ecohuerto\/","url_meta":{"origin":2857,"position":2},"title":"PROGRAMA ALDEA: \u201cLA AVENTURA DE NUESTRO ECOHUERTO\u201d","author":"Mamen Moreno","date":"5 noviembre, 2025","format":false,"excerpt":"Abierto el plazo de inscripci\u00f3n para la actividad regional\u00a0PROGRAMA ALDEA: \u201cLa Aventura de nuestro Ecohuerto\u201d con c\u00f3digo 269907EA144 Fecha actividad: 17\/11\/2025 hasta 19\/12\/2025 Fecha inscripci\u00f3n: 05\/11\/2025 hasta 11\/05\/2025 Horas totales: 40 Lugar de realizaci\u00f3n: Aula Virtual DIRIGIDO A: Profesorado de centros que hayan seleccionado la L\u00ednea de Actuaci\u00f3n \"Huertos Escolares\"\u2026","rel":"","context":"En \u00abFormaciones\u00bb","block_context":{"text":"Formaciones","link":"https:\/\/cepronda.com\/blog\/category\/formaciones\/"},"img":{"alt_text":"","src":"https:\/\/i0.wp.com\/cepronda.com\/blog\/wp-content\/uploads\/2025\/11\/5977ca6e.png?fit=771%2C626&ssl=1&resize=350%2C200","width":350,"height":200,"srcset":"https:\/\/i0.wp.com\/cepronda.com\/blog\/wp-content\/uploads\/2025\/11\/5977ca6e.png?fit=771%2C626&ssl=1&resize=350%2C200 1x, https:\/\/i0.wp.com\/cepronda.com\/blog\/wp-content\/uploads\/2025\/11\/5977ca6e.png?fit=771%2C626&ssl=1&resize=525%2C300 1.5x, https:\/\/i0.wp.com\/cepronda.com\/blog\/wp-content\/uploads\/2025\/11\/5977ca6e.png?fit=771%2C626&ssl=1&resize=700%2C400 2x"},"classes":[]},{"id":9026,"url":"https:\/\/cepronda.com\/blog\/experiencia-de-exito-gamificacion-y-emociones-la-emocion-en-el-juego\/","url_meta":{"origin":2857,"position":3},"title":"EXPERIENCIA DE \u00c9XITO: Gamificaci\u00f3n y emociones. La emoci\u00f3n en el juego.","author":"Inmaculada Garc\u00eda","date":"13 noviembre, 2025","format":false,"excerpt":"Estamos emocionados de compartir una experiencia educativa fascinante que destaca la importancia de la innovaci\u00f3n en el aula de la mano del CPR. Valle del Guadiaro (Ca\u00f1ada del Real Tesoro). Gamificaci\u00f3n y Emociones: Un Enfoque Apasionante En esta publicaci\u00f3n\u00a0exploramos c\u00f3mo la gamificaci\u00f3n se une a la gesti\u00f3n de emociones para\u2026","rel":"","context":"En \u00abNoticias\u00bb","block_context":{"text":"Noticias","link":"https:\/\/cepronda.com\/blog\/category\/noticias\/"},"img":{"alt_text":"","src":"https:\/\/i0.wp.com\/cepronda.com\/blog\/wp-content\/uploads\/2025\/11\/EXPERIENCIA-DE-EXITO.jpg?fit=960%2C1200&ssl=1&resize=350%2C200","width":350,"height":200,"srcset":"https:\/\/i0.wp.com\/cepronda.com\/blog\/wp-content\/uploads\/2025\/11\/EXPERIENCIA-DE-EXITO.jpg?fit=960%2C1200&ssl=1&resize=350%2C200 1x, https:\/\/i0.wp.com\/cepronda.com\/blog\/wp-content\/uploads\/2025\/11\/EXPERIENCIA-DE-EXITO.jpg?fit=960%2C1200&ssl=1&resize=525%2C300 1.5x, https:\/\/i0.wp.com\/cepronda.com\/blog\/wp-content\/uploads\/2025\/11\/EXPERIENCIA-DE-EXITO.jpg?fit=960%2C1200&ssl=1&resize=700%2C400 2x"},"classes":[]},{"id":2202,"url":"https:\/\/cepronda.com\/blog\/premio-al-merito-educativo-en-malaga\/","url_meta":{"origin":2857,"position":4},"title":"Premio al m\u00e9rito educativo en M\u00e1laga","author":"V\u00edctor Caballero","date":"28 junio, 2018","format":false,"excerpt":"Muy buenas,\u00a0 Ayer tarde tuvo lugar una celebraci\u00f3n muy especial en M\u00e1laga, el reconocimiento a distintos colectivos y personas con el M\u00e9rito Educativo Provincial. Al mismo asistieron todos las personas premiadas, as\u00ed como una representaci\u00f3n de nuestro CEP. Y es que tuvimos la suerte de que se hicieron entrega de\u2026","rel":"","context":"En \u00abNoticias\u00bb","block_context":{"text":"Noticias","link":"https:\/\/cepronda.com\/blog\/category\/noticias\/"},"img":{"alt_text":"","src":"https:\/\/i0.wp.com\/cepronda.com\/blog\/wp-content\/uploads\/2018\/06\/IMG-20180628-WA0002.jpg?fit=1200%2C900&ssl=1&resize=350%2C200","width":350,"height":200,"srcset":"https:\/\/i0.wp.com\/cepronda.com\/blog\/wp-content\/uploads\/2018\/06\/IMG-20180628-WA0002.jpg?fit=1200%2C900&ssl=1&resize=350%2C200 1x, https:\/\/i0.wp.com\/cepronda.com\/blog\/wp-content\/uploads\/2018\/06\/IMG-20180628-WA0002.jpg?fit=1200%2C900&ssl=1&resize=525%2C300 1.5x, https:\/\/i0.wp.com\/cepronda.com\/blog\/wp-content\/uploads\/2018\/06\/IMG-20180628-WA0002.jpg?fit=1200%2C900&ssl=1&resize=700%2C400 2x, https:\/\/i0.wp.com\/cepronda.com\/blog\/wp-content\/uploads\/2018\/06\/IMG-20180628-WA0002.jpg?fit=1200%2C900&ssl=1&resize=1050%2C600 3x"},"classes":[]},{"id":9233,"url":"https:\/\/cepronda.com\/blog\/9233-2\/","url_meta":{"origin":2857,"position":5},"title":"PROGRAMA ALDEA: RECAPACICLA, EDUCACI\u00d3N PARA LA CIRCULARIDAD","author":"Encarni Jim\u00e9nez Rosado","date":"19 enero, 2026","format":false,"excerpt":"Abierto el plazo de inscripci\u00f3n de la actividad, \"PROGRAMA ALDEA: RECAPACICLA, EDUCACI\u00d3N PARA LA CIRCULARIDAD\", con c\u00f3digo: 269920KPF114. Curso de 30 horas no presenciales, de car\u00e1cter voluntario dirigido prioritariamente al profesorado coordinador del Programa ALDEA en el Curso 2025-26. Especialmente aquellos que tienen la l\u00ednea de trabajo de Recapacicla, impulsado\u2026","rel":"","context":"En \u00abFormaciones\u00bb","block_context":{"text":"Formaciones","link":"https:\/\/cepronda.com\/blog\/category\/formaciones\/"},"img":{"alt_text":"","src":"https:\/\/i0.wp.com\/cepronda.com\/blog\/wp-content\/uploads\/2026\/01\/aldea.jpg?fit=450%2C450&ssl=1&resize=350%2C200","width":350,"height":200},"classes":[]}],"jetpack_sharing_enabled":true,"_links":{"self":[{"href":"https:\/\/cepronda.com\/blog\/wp-json\/wp\/v2\/posts\/2857","targetHints":{"allow":["GET"]}}],"collection":[{"href":"https:\/\/cepronda.com\/blog\/wp-json\/wp\/v2\/posts"}],"about":[{"href":"https:\/\/cepronda.com\/blog\/wp-json\/wp\/v2\/types\/post"}],"author":[{"embeddable":true,"href":"https:\/\/cepronda.com\/blog\/wp-json\/wp\/v2\/users\/3"}],"replies":[{"embeddable":true,"href":"https:\/\/cepronda.com\/blog\/wp-json\/wp\/v2\/comments?post=2857"}],"version-history":[{"count":2,"href":"https:\/\/cepronda.com\/blog\/wp-json\/wp\/v2\/posts\/2857\/revisions"}],"predecessor-version":[{"id":2860,"href":"https:\/\/cepronda.com\/blog\/wp-json\/wp\/v2\/posts\/2857\/revisions\/2860"}],"wp:featuredmedia":[{"embeddable":true,"href":"https:\/\/cepronda.com\/blog\/wp-json\/wp\/v2\/media\/2858"}],"wp:attachment":[{"href":"https:\/\/cepronda.com\/blog\/wp-json\/wp\/v2\/media?parent=2857"}],"wp:term":[{"taxonomy":"category","embeddable":true,"href":"https:\/\/cepronda.com\/blog\/wp-json\/wp\/v2\/categories?post=2857"},{"taxonomy":"post_tag","embeddable":true,"href":"https:\/\/cepronda.com\/blog\/wp-json\/wp\/v2\/tags?post=2857"}],"curies":[{"name":"wp","href":"https:\/\/api.w.org\/{rel}","templated":true}]}}