{"id":2853,"date":"2019-05-21T09:30:24","date_gmt":"2019-05-21T07:30:24","guid":{"rendered":"http:\/\/cepronda.com\/blog\/?p=2853"},"modified":"2019-05-21T09:30:32","modified_gmt":"2019-05-21T07:30:32","slug":"pruebas-de-seleccion-estalmat-2019","status":"publish","type":"post","link":"https:\/\/cepronda.com\/blog\/pruebas-de-seleccion-estalmat-2019\/","title":{"rendered":"Pruebas de selecci\u00f3n ESTALMAT 2019"},"content":{"rendered":"\n<p class=\"wp-block-paragraph\">Muy buenas familia, <\/p>\n\n\n\n<p class=\"wp-block-paragraph\">Queremos compartir con los y las docentes de matem\u00e1ticas esta informaci\u00f3n. Se trata de una iniciativa de la Sociedad Andaluza de Educaci\u00f3n Matem\u00e1tica Thales que propone una  nueva edici\u00f3n de su Proyecto ESTALMAT para  la selecci\u00f3n de  un m\u00e1ximo  de cincuenta ni\u00f1os y ni\u00f1as de centros andaluces, nacidos en los a\u00f1os 2006 o 2007 de acuerdo con los siguientes criterios y bases de participaci\u00f3n: <\/p>\n\n\n\n<p class=\"wp-block-paragraph\">\u00c1mbitos: Se establecen dos \u00e1mbitos de actuaci\u00f3n a todos los efectos: <\/p>\n\n\n\n<p class=\"wp-block-paragraph\">a) Andaluc\u00eda Occidental, con sede en la Facultad de Matem\u00e1ticas de Sevilla, abarca las provincias de  C\u00e1diz, C\u00f3rdoba, Huelva y Sevilla. <\/p>\n\n\n\n<p class=\"wp-block-paragraph\">b) Andaluc\u00eda Oriental,  con  sede en la Facultad  de  Ciencias  de Granada, abarca las provincias de Almer\u00eda, Granada, Ja\u00e9n y M\u00e1laga. <\/p>\n\n\n\n<p class=\"wp-block-paragraph\">En cada \u00e1mbito se seleccionar\u00e1 un m\u00e1ximo de veinticinco alumnos. <\/p>\n\n\n\n<p class=\"wp-block-paragraph\">El plazo de inscripci\u00f3n comienza el 5 de mayo y finalizar\u00e1 el 27 de mayo a las 23:59 horas.<\/p>\n\n\n\n<p class=\"wp-block-paragraph\">Aqu\u00ed dejamos los enlaces con las bases de la convocatoria y el formulario de inscripci\u00f3n son:<\/p>\n\n\n\n<p class=\"wp-block-paragraph\"><a href=\"https:\/\/thales.cica.es\/estalmat\/sites\/thales.cica.es.estalmat\/files\/Convocatoria_2019.pdf\" target=\"_blank\" rel=\"noreferrer noopener\">Bases de la convocatoria<\/a><\/p>\n\n\n\n<p class=\"wp-block-paragraph\"><a href=\"https:\/\/thales.cica.es\/~estalmat\/estalmat\/index.php\" target=\"_blank\" rel=\"noreferrer noopener\">Formulario de inscripci\u00f3n online<\/a><\/p>\n\n\n\n<p class=\"wp-block-paragraph\">El lugar y las aulas donde se celebrar\u00e1n las pruebas en cada provincia se ir\u00e1n detallando en esta misma web conforme se vayan confirmando. Los \u00fatiles que se requieren para hacer la prueba son l\u00e1pices y goma de borrar. No se necesita calculadora.<\/p>\n\n\n\n<div class=\"wp-block-image\"><figure class=\"aligncenter\"><a href=\"https:\/\/thales.cica.es\/?q=node\/891\" target=\"_blank\" rel=\"noreferrer noopener\"><img data-recalc-dims=\"1\" loading=\"lazy\" decoding=\"async\" width=\"90\" height=\"98\" src=\"https:\/\/i0.wp.com\/cepronda.com\/blog\/wp-content\/uploads\/2017\/05\/thales.png?resize=90%2C98\" alt=\"\" class=\"wp-image-858\"\/><\/a><\/figure><\/div>\n","protected":false},"excerpt":{"rendered":"<p>Muy buenas familia, Queremos compartir con los y las docentes de matem\u00e1ticas esta informaci\u00f3n. Se trata de una iniciativa de la Sociedad Andaluza de Educaci\u00f3n Matem\u00e1tica Thales que propone una nueva edici\u00f3n de su Proyecto ESTALMAT para la selecci\u00f3n de un m\u00e1ximo de cincuenta ni\u00f1os y ni\u00f1as de centros andaluces, nacidos en los a\u00f1os 2006 [&hellip;]<\/p>\n","protected":false},"author":3,"featured_media":858,"comment_status":"open","ping_status":"open","sticky":false,"template":"","format":"standard","meta":{"_crdt_document":"","advanced_seo_description":"","jetpack_seo_html_title":"","jetpack_seo_noindex":false,"jetpack_post_was_ever_published":false,"_jetpack_newsletter_access":"","_jetpack_dont_email_post_to_subs":false,"_jetpack_newsletter_tier_id":0,"_jetpack_memberships_contains_paywalled_content":false,"_jetpack_memberships_contains_paid_content":false,"footnotes":"","jetpack_publicize_message":"","jetpack_publicize_feature_enabled":true,"jetpack_social_post_already_shared":true,"jetpack_social_options":{"image_generator_settings":{"template":"highway","default_image_id":0,"font":"","enabled":false},"version":2}},"categories":[5],"tags":[48],"class_list":{"0":"post-2853","1":"post","2":"type-post","3":"status-publish","4":"format-standard","5":"has-post-thumbnail","7":"category-noticias","8":"tag-matematicas","9":"czr-hentry"},"jetpack_publicize_connections":[],"jetpack_featured_media_url":"https:\/\/i0.wp.com\/cepronda.com\/blog\/wp-content\/uploads\/2017\/05\/thales.png?fit=90%2C98&ssl=1","jetpack_shortlink":"https:\/\/wp.me\/p8M4X7-K1","jetpack-related-posts":[{"id":7932,"url":"https:\/\/cepronda.com\/blog\/actividad-regional-proceso-de-admision-ensenanzas-de-regimen-general-andalucia-oriental-y-occidental\/","url_meta":{"origin":2853,"position":0},"title":"ACTIVIDAD REGIONAL: PROCESO DE ADMISI\u00d3N ENSE\u00d1ANZAS DE R\u00c9GIMEN GENERAL (ANDALUC\u00cdA ORIENTAL y OCCIDENTAL)","author":"Mamen Moreno","date":"13 diciembre, 2024","format":false,"excerpt":"Abierto el plazo de solicitudes para la\u00a0 ACTIVIDAD REGIONAL:\u00a0 PROCESO DE ADMISI\u00d3N ENSE\u00d1ANZAS DE R\u00c9GIMEN GENERAL (ANDALUC\u00cdA ORIENTAL y OCCIDENTAL) DIRIGIDO A: Destinado a equipos directivos, as\u00ed como aquel personal docente encargado de la gesti\u00f3n del proceso de admisi\u00f3n desde el 2\u00ba ciclo de E. Infantil a Bachillerato y Educaci\u00f3n\u2026","rel":"","context":"En \u00abFormaciones\u00bb","block_context":{"text":"Formaciones","link":"https:\/\/cepronda.com\/blog\/category\/formaciones\/"},"img":{"alt_text":"","src":"https:\/\/i0.wp.com\/cepronda.com\/blog\/wp-content\/uploads\/2024\/12\/PROCESO-DE-ADMISION-ENSENANZAS-DE-REGIMEN-GENERAL-Andalucia-GENERAL-1.jpg?fit=1200%2C675&ssl=1&resize=350%2C200","width":350,"height":200,"srcset":"https:\/\/i0.wp.com\/cepronda.com\/blog\/wp-content\/uploads\/2024\/12\/PROCESO-DE-ADMISION-ENSENANZAS-DE-REGIMEN-GENERAL-Andalucia-GENERAL-1.jpg?fit=1200%2C675&ssl=1&resize=350%2C200 1x, https:\/\/i0.wp.com\/cepronda.com\/blog\/wp-content\/uploads\/2024\/12\/PROCESO-DE-ADMISION-ENSENANZAS-DE-REGIMEN-GENERAL-Andalucia-GENERAL-1.jpg?fit=1200%2C675&ssl=1&resize=525%2C300 1.5x, https:\/\/i0.wp.com\/cepronda.com\/blog\/wp-content\/uploads\/2024\/12\/PROCESO-DE-ADMISION-ENSENANZAS-DE-REGIMEN-GENERAL-Andalucia-GENERAL-1.jpg?fit=1200%2C675&ssl=1&resize=700%2C400 2x, https:\/\/i0.wp.com\/cepronda.com\/blog\/wp-content\/uploads\/2024\/12\/PROCESO-DE-ADMISION-ENSENANZAS-DE-REGIMEN-GENERAL-Andalucia-GENERAL-1.jpg?fit=1200%2C675&ssl=1&resize=1050%2C600 3x"},"classes":[]},{"id":3433,"url":"https:\/\/cepronda.com\/blog\/xxxvi-olimpiada-matematica-thales\/","url_meta":{"origin":2853,"position":1},"title":"XXXVI Olimpiada Matem\u00e1tica Thales","author":"V\u00edctor Caballero","date":"17 febrero, 2020","format":false,"excerpt":"La Sociedad Andaluza de Educaci\u00f3n Matem\u00e1tica Thales convoca la XXXVI edici\u00f3n de la Olimpiada Matem\u00e1tica para alumnos y alumnas matriculados en 2\u00ba ESO de los centros educativos de Andaluc\u00eda. El plazo de inscripci\u00f3n permanecer\u00e1 abierto hasta las 16:00 horas del martes 10 de marzo de 2020. Los centros inscribir\u00e1n a\u2026","rel":"","context":"En \u00abNoticias\u00bb","block_context":{"text":"Noticias","link":"https:\/\/cepronda.com\/blog\/category\/noticias\/"},"img":{"alt_text":"","src":"","width":0,"height":0},"classes":[]},{"id":3441,"url":"https:\/\/cepronda.com\/blog\/matematicas-manipulativas-y-resolucion-de-problemas-en-el-aula-de-educacion-primaria\/","url_meta":{"origin":2853,"position":2},"title":"MATEM\u00c1TICAS  MANIPULATIVAS Y RESOLUCI\u00d3N DE PROBLEMAS EN EL AULA DE EDUCACI\u00d3N PRIMARIA","author":"V\u00edctor Caballero","date":"20 febrero, 2020","format":false,"excerpt":"Buenas familia, Antes de irnos a nuestro merecid\u00edsimo descanso os dejamos con el plazo de isncripci\u00f3n abierto para el curso \" MATEM\u00c1TICAS MANIPULATIVAS Y RESOLUCI\u00d3N DE PROBLEMAS EN EL AULA DE EDUCACI\u00d3N PRIMARIA\". Para ver los detalles, fechas y poder inscribiros s\u00f3lo ten\u00e9is que seguir este enlace.","rel":"","context":"En \u00abFormaciones\u00bb","block_context":{"text":"Formaciones","link":"https:\/\/cepronda.com\/blog\/category\/formaciones\/"},"img":{"alt_text":"","src":"https:\/\/i0.wp.com\/cepronda.com\/blog\/wp-content\/uploads\/2020\/02\/matematicas.png?fit=528%2C747&ssl=1&resize=350%2C200","width":350,"height":200,"srcset":"https:\/\/i0.wp.com\/cepronda.com\/blog\/wp-content\/uploads\/2020\/02\/matematicas.png?fit=528%2C747&ssl=1&resize=350%2C200 1x, https:\/\/i0.wp.com\/cepronda.com\/blog\/wp-content\/uploads\/2020\/02\/matematicas.png?fit=528%2C747&ssl=1&resize=525%2C300 1.5x"},"classes":[]},{"id":3370,"url":"https:\/\/cepronda.com\/blog\/ix-certamen-del-sur-incubadora-de-sondeos-y-experimentos\/","url_meta":{"origin":2853,"position":3},"title":"IX Certamen del Sur \u00abIncubadora de Sondeos y Experimentos\u00bb","author":"V\u00edctor Caballero","date":"27 enero, 2020","format":false,"excerpt":"Organizado por el departamento de Estad\u00edstica e Investigaci\u00f3n Operativa de la Universidad de Granada para trabajos de Estad\u00edstica presentados por grupos de estudiantes de ESO, Bachillerato y Ciclos Formativos de Grado Medio. Dicho concurso corresponde a la fase local (en Andaluc\u00eda, Ceuta y Melilla) del Concurso Tipo Incubadora de Sondeos\u2026","rel":"","context":"En \u00abNoticias\u00bb","block_context":{"text":"Noticias","link":"https:\/\/cepronda.com\/blog\/category\/noticias\/"},"img":{"alt_text":"","src":"","width":0,"height":0},"classes":[]},{"id":4351,"url":"https:\/\/cepronda.com\/blog\/frances-jornadas-fle-en-andalucia\/","url_meta":{"origin":2853,"position":4},"title":"FRANC\u00c9S. Jornadas FLE en Andaluc\u00eda.","author":"Maribel Mu\u00f1oz","date":"24 marzo, 2021","format":false,"excerpt":"Buenos d\u00edas compa\u00f1eras y compa\u00f1eros, Os informamos que desde el Servicio de Programas Internacionales nos indican que el Instituto Franc\u00e9s celebrar\u00e1 los pr\u00f3ximos 9 y 10 de abril una nueva edici\u00f3n de las Jornadas FLE en Andaluc\u00eda dirigidas al profesorado de franc\u00e9s lengua extranjera y ANL en franc\u00e9s, que estar\u00e1\u2026","rel":"","context":"En \u00abFormaciones\u00bb","block_context":{"text":"Formaciones","link":"https:\/\/cepronda.com\/blog\/category\/formaciones\/"},"img":{"alt_text":"","src":"https:\/\/i0.wp.com\/cepronda.com\/blog\/wp-content\/uploads\/2021\/03\/imagen-jornada-de-frances-259x300.jpg?resize=350%2C200","width":350,"height":200},"classes":[]},{"id":1594,"url":"https:\/\/cepronda.com\/blog\/xxxiv-olimpiada-matematica-thales\/","url_meta":{"origin":2853,"position":5},"title":"XXXIV Olimpiada Matem\u00e1tica Thales","author":"V\u00edctor Caballero","date":"5 febrero, 2018","format":false,"excerpt":"Hola familia,\u00a0 Hoy queremos compartir con los centros de Educaci\u00f3n Secundaria\u00a0 que ya se encuentra abierto el plazo de inscripci\u00f3n para la Olimpiada Matem\u00e1tica Thales. El periodo de inscripci\u00f3n ser\u00e1 del 2 de febrero hasta las 16:00 del 2 de marzo de 2018 La fase provincial de la XXXIV edici\u00f3n\u2026","rel":"","context":"En \u00abNoticias\u00bb","block_context":{"text":"Noticias","link":"https:\/\/cepronda.com\/blog\/category\/noticias\/"},"img":{"alt_text":"","src":"https:\/\/i0.wp.com\/cepronda.com\/blog\/wp-content\/uploads\/2018\/02\/thales.png?fit=509%2C717&ssl=1&resize=350%2C200","width":350,"height":200},"classes":[]}],"jetpack_sharing_enabled":true,"_links":{"self":[{"href":"https:\/\/cepronda.com\/blog\/wp-json\/wp\/v2\/posts\/2853","targetHints":{"allow":["GET"]}}],"collection":[{"href":"https:\/\/cepronda.com\/blog\/wp-json\/wp\/v2\/posts"}],"about":[{"href":"https:\/\/cepronda.com\/blog\/wp-json\/wp\/v2\/types\/post"}],"author":[{"embeddable":true,"href":"https:\/\/cepronda.com\/blog\/wp-json\/wp\/v2\/users\/3"}],"replies":[{"embeddable":true,"href":"https:\/\/cepronda.com\/blog\/wp-json\/wp\/v2\/comments?post=2853"}],"version-history":[{"count":1,"href":"https:\/\/cepronda.com\/blog\/wp-json\/wp\/v2\/posts\/2853\/revisions"}],"predecessor-version":[{"id":2854,"href":"https:\/\/cepronda.com\/blog\/wp-json\/wp\/v2\/posts\/2853\/revisions\/2854"}],"wp:featuredmedia":[{"embeddable":true,"href":"https:\/\/cepronda.com\/blog\/wp-json\/wp\/v2\/media\/858"}],"wp:attachment":[{"href":"https:\/\/cepronda.com\/blog\/wp-json\/wp\/v2\/media?parent=2853"}],"wp:term":[{"taxonomy":"category","embeddable":true,"href":"https:\/\/cepronda.com\/blog\/wp-json\/wp\/v2\/categories?post=2853"},{"taxonomy":"post_tag","embeddable":true,"href":"https:\/\/cepronda.com\/blog\/wp-json\/wp\/v2\/tags?post=2853"}],"curies":[{"name":"wp","href":"https:\/\/api.w.org\/{rel}","templated":true}]}}