{"id":2848,"date":"2019-05-20T10:17:13","date_gmt":"2019-05-20T08:17:13","guid":{"rendered":"http:\/\/cepronda.com\/blog\/?p=2848"},"modified":"2025-04-28T11:58:59","modified_gmt":"2025-04-28T09:58:59","slug":"premios-andalucia-sobre-migraciones-xv-edicion-2019","status":"publish","type":"post","link":"https:\/\/cepronda.com\/blog\/premios-andalucia-sobre-migraciones-xv-edicion-2019\/","title":{"rendered":"Premios Andaluc\u00eda sobre Migraciones. XV edici\u00f3n (2019)"},"content":{"rendered":"\n<p class=\"wp-block-paragraph\">Hola de nuevo, <\/p>\n\n\n\n<p class=\"wp-block-paragraph\">Queremos compartir con todos los centros de nuestra zona la convocatoria de estos premios, ya que una de las modalidades de los mismos est\u00e1 dedicada a la Modalidad Programas Educativos de Fomento de la Interculturalidad, y sabemos que muchos y muchas de nuestras docentes est\u00e1is haciendo grandes trabajos en este sentido. <\/p>\n\n\n\n<p class=\"wp-block-paragraph\">Desde la Direcci\u00f3n General de Coordinaci\u00f3n de Pol\u00edticas Migratorias est\u00e1 previsto en breve la convocatoria y publicaci\u00f3n en el Boletin Oficial de la Junta de Andaluc\u00eda (BOJA) de la decimoquinta edici\u00f3n de los Premios Andaluc\u00eda sobre Migraciones, cuyo plazo de presentaci\u00f3n de los trabajos ser\u00e1 HASTA EL 4 JUNIO DE 2019.<\/p>\n\n\n\n<p class=\"wp-block-paragraph\">Las bases reguladoras del procedimiento de concesion de la convocatoria se pueden consultar en la Orden de 4 de septiembre de 2014, que aprueba las bases reguladoras de los Premios Andaluc\u00eda sobre Migraciones, que se otorgan a aquellas actividades que mejor contribuyan a fomentar la interculturalidad y la diversidad cultural y social existente en Andaluc\u00eda en el marco de la igualdad plena de g\u00e9nero, as\u00ed como a sensibilizar a nuestra sociedad en una convivencia de enriquecimiento mutuo y a favorecer la plena integraci\u00f3n social de las personas extranjeras en nuestra Comunidad.<\/p>\n\n\n\n<p class=\"wp-block-paragraph\">En la misma se establece que los trabajos presentados puede ser a las siguientes modalidades:<\/p>\n\n\n\n<ol class=\"wp-block-list\"><li>Modalidad Medios de Comunicaci\u00f3n.<\/li><li>Modalidad Producci\u00f3n Art\u00edstica.<\/li><li>Modalidad Buenas Pr\u00e1cticas de Inserci\u00f3n Sociolaboral.<\/li><li>Modalidad Programas Educativos de Fomento de la Interculturalidad.<\/li><li>Modalidad Programas de Sensibilizaci\u00f3n Social y\/o de Interculturalidad en la Red.<\/li><\/ol>\n\n\n\n<h1 class=\"wp-block-heading\">Documentos relacionados<\/h1>\n\n\n\n<ul class=\"wp-block-list\"><li><a rel=\"noreferrer noopener\" href=\"http:\/\/www.juntadeandalucia.es\/educacion\/portals\/abaco-portlet\/content\/74066ad4-f5eb-4c69-909b-56812a2b95dc\" target=\"_blank\">BOJA14-178-Premios Migraciones (PDF \/ 197.58Kb<\/a><\/li><\/ul>\n\n\n\n<div class=\"wp-block-image\"><figure class=\"aligncenter\"><a href=\"http:\/\/www.juntadeandalucia.es\/educacion\/portals\/web\/ced\/contenidos\/-\/contenidos\/detalle\/premios-andalucia-sobre-migraciones-xv-edicion-2019\" target=\"_blank\" rel=\"noreferrer noopener\"><img data-recalc-dims=\"1\" loading=\"lazy\" decoding=\"async\" width=\"531\" height=\"342\" src=\"https:\/\/i0.wp.com\/cepronda.com\/blog\/wp-content\/uploads\/2019\/05\/logo-nuevo.jpg?resize=531%2C342\" alt=\"\" class=\"wp-image-2849\" srcset=\"https:\/\/i0.wp.com\/cepronda.com\/blog\/wp-content\/uploads\/2019\/05\/logo-nuevo.jpg?w=531&amp;ssl=1 531w, https:\/\/i0.wp.com\/cepronda.com\/blog\/wp-content\/uploads\/2019\/05\/logo-nuevo.jpg?resize=300%2C193&amp;ssl=1 300w\" sizes=\"auto, (max-width: 531px) 100vw, 531px\" \/><\/a><\/figure><\/div>\n","protected":false},"excerpt":{"rendered":"<p>Hola de nuevo, Queremos compartir con todos los centros de nuestra zona la convocatoria de estos premios, ya que una de las modalidades de los mismos est\u00e1 dedicada a la Modalidad Programas Educativos de Fomento de la Interculturalidad, y sabemos que muchos y muchas de nuestras docentes est\u00e1is haciendo grandes trabajos en este sentido. Desde [&hellip;]<\/p>\n","protected":false},"author":3,"featured_media":2849,"comment_status":"open","ping_status":"open","sticky":false,"template":"","format":"standard","meta":{"_crdt_document":"","advanced_seo_description":"","jetpack_seo_html_title":"","jetpack_seo_noindex":false,"jetpack_post_was_ever_published":false,"_jetpack_newsletter_access":"","_jetpack_dont_email_post_to_subs":false,"_jetpack_newsletter_tier_id":0,"_jetpack_memberships_contains_paywalled_content":false,"_jetpack_memberships_contains_paid_content":false,"footnotes":"","jetpack_publicize_message":"","jetpack_publicize_feature_enabled":true,"jetpack_social_post_already_shared":true,"jetpack_social_options":{"image_generator_settings":{"template":"highway","default_image_id":0,"font":"","enabled":false},"version":2}},"categories":[3,5],"tags":[169,168],"class_list":{"0":"post-2848","1":"post","2":"type-post","3":"status-publish","4":"format-standard","5":"has-post-thumbnail","7":"category-formaciones","8":"category-noticias","9":"tag-genero","10":"tag-interculturalidad","11":"czr-hentry"},"jetpack_publicize_connections":[],"jetpack_featured_media_url":"https:\/\/i0.wp.com\/cepronda.com\/blog\/wp-content\/uploads\/2019\/05\/logo-nuevo.jpg?fit=531%2C342&ssl=1","jetpack_shortlink":"https:\/\/wp.me\/p8M4X7-JW","jetpack-related-posts":[{"id":3006,"url":"https:\/\/cepronda.com\/blog\/premios-anuales-a-la-promocion-de-la-cultura-de-paz-y-la-convivencia-escolar-en-andalucia-para-el-curso-escolar-2019-2020\/","url_meta":{"origin":2848,"position":0},"title":"Premios Anuales a la Promoci\u00f3n de la Cultura de Paz y la Convivencia Escolar en Andaluc\u00eda para el curso escolar 2019-2020.","author":"V\u00edctor Caballero","date":"18 septiembre, 2019","format":false,"excerpt":"Muy buenas de nuevo, Compartimos tambi\u00e9n la convocatoria de los Premios Anuales a la Promoci\u00f3n de la Cultura de Paz y la Convivencia Escolar en Andaluc\u00eda para el curso escolar 2019-2020. Pod\u00e9is encontrar toda la informaci\u00f3n en el siguiente enlace.","rel":"","context":"En \u00abNoticias\u00bb","block_context":{"text":"Noticias","link":"https:\/\/cepronda.com\/blog\/category\/noticias\/"},"img":{"alt_text":"","src":"https:\/\/i0.wp.com\/cepronda.com\/blog\/wp-content\/uploads\/2019\/09\/vw-1308501_1920.jpg?resize=350%2C200&ssl=1","width":350,"height":200,"srcset":"https:\/\/i0.wp.com\/cepronda.com\/blog\/wp-content\/uploads\/2019\/09\/vw-1308501_1920.jpg?resize=350%2C200&ssl=1 1x, https:\/\/i0.wp.com\/cepronda.com\/blog\/wp-content\/uploads\/2019\/09\/vw-1308501_1920.jpg?resize=525%2C300&ssl=1 1.5x, https:\/\/i0.wp.com\/cepronda.com\/blog\/wp-content\/uploads\/2019\/09\/vw-1308501_1920.jpg?resize=700%2C400&ssl=1 2x, https:\/\/i0.wp.com\/cepronda.com\/blog\/wp-content\/uploads\/2019\/09\/vw-1308501_1920.jpg?resize=1050%2C600&ssl=1 3x, https:\/\/i0.wp.com\/cepronda.com\/blog\/wp-content\/uploads\/2019\/09\/vw-1308501_1920.jpg?resize=1400%2C800&ssl=1 4x"},"classes":[]},{"id":3726,"url":"https:\/\/cepronda.com\/blog\/convocatoria-premios-rosa-regas-2\/","url_meta":{"origin":2848,"position":1},"title":"CONVOCATORIA PREMIOS    \u00abROSA REG\u00c1S\u00bb","author":"Maribel Mu\u00f1oz","date":"4 septiembre, 2020","format":false,"excerpt":"Buenas tardes compa\u00f1eras y compa\u00f1eros, Os informamos que se ha publicado la convocatoria de los premios \u00abRosa Reg\u00e0s\u00bb a materiales curriculares que promuevan la igualdad entre hombres y mujeres en educaci\u00f3n y que destaquen por su valor coeducativo, en su XIV edici\u00f3n correspondiente al curso 2019-2020. Aqu\u00ed pod\u00e9is acceder al\u2026","rel":"","context":"En \u00abNoticias\u00bb","block_context":{"text":"Noticias","link":"https:\/\/cepronda.com\/blog\/category\/noticias\/"},"img":{"alt_text":"Rosa Reg\u00e1s","src":"https:\/\/i0.wp.com\/cepronda.com\/blog\/wp-content\/uploads\/2020\/09\/foto-Rosa-regas-300x185.jpg?resize=350%2C200","width":350,"height":200},"classes":[]},{"id":2874,"url":"https:\/\/cepronda.com\/blog\/convocatoria-de-los-premios-rosa-regas-2\/","url_meta":{"origin":2848,"position":2},"title":"Convocatoria de los premios Rosa Reg\u00e1s","author":"V\u00edctor Caballero","date":"6 junio, 2019","format":false,"excerpt":"Muy buenas, Os comunicamos que ha salido publicada la Resoluci\u00f3n de 24 de mayo de 2019, de la Direcci\u00f3n General de Atenci\u00f3n a la Diversidad, Participaci\u00f3n y Convivencia Escolar, por la que se convocan los premios Rosa Reg\u00e0s a materiales curriculares que promuevan la igualdad entre hombres y mujeres en\u2026","rel":"","context":"En \u00abFormaciones\u00bb","block_context":{"text":"Formaciones","link":"https:\/\/cepronda.com\/blog\/category\/formaciones\/"},"img":{"alt_text":"","src":"https:\/\/i0.wp.com\/cepronda.com\/blog\/wp-content\/uploads\/2018\/05\/Premiorosaregas.jpg?fit=600%2C300&ssl=1&resize=350%2C200","width":350,"height":200,"srcset":"https:\/\/i0.wp.com\/cepronda.com\/blog\/wp-content\/uploads\/2018\/05\/Premiorosaregas.jpg?fit=600%2C300&ssl=1&resize=350%2C200 1x, https:\/\/i0.wp.com\/cepronda.com\/blog\/wp-content\/uploads\/2018\/05\/Premiorosaregas.jpg?fit=600%2C300&ssl=1&resize=525%2C300 1.5x"},"classes":[]},{"id":1557,"url":"https:\/\/cepronda.com\/blog\/iv-edicion-de-los-premios-andaluces-el-audiovisual-en-la-escuela\/","url_meta":{"origin":2848,"position":3},"title":"IV Edici\u00f3n de los Premios Andaluces \u201d El Audiovisual en la Escuela \u201c","author":"V\u00edctor Caballero","date":"15 enero, 2018","format":false,"excerpt":"\u00a1Hola familia! Quer\u00edamos compartir con todos los centros esta informaci\u00f3n que nos llega y creemos que puede ser de vuestro inter\u00e9s. Se trata de la IV edici\u00f3n delos premios \"El audiovisual en la escuela\".\u00a0 El Consejo Audiovisual de Andaluc\u00eda convoca la IV edici\u00f3n de los\u00a0premios andaluces El Audiovisual en la\u2026","rel":"","context":"En \u00abNoticias\u00bb","block_context":{"text":"Noticias","link":"https:\/\/cepronda.com\/blog\/category\/noticias\/"},"img":{"alt_text":"","src":"https:\/\/i0.wp.com\/cepronda.com\/blog\/wp-content\/uploads\/2018\/01\/ave-cartel-4-001.jpg?fit=740%2C1024&ssl=1&resize=350%2C200","width":350,"height":200,"srcset":"https:\/\/i0.wp.com\/cepronda.com\/blog\/wp-content\/uploads\/2018\/01\/ave-cartel-4-001.jpg?fit=740%2C1024&ssl=1&resize=350%2C200 1x, https:\/\/i0.wp.com\/cepronda.com\/blog\/wp-content\/uploads\/2018\/01\/ave-cartel-4-001.jpg?fit=740%2C1024&ssl=1&resize=525%2C300 1.5x, https:\/\/i0.wp.com\/cepronda.com\/blog\/wp-content\/uploads\/2018\/01\/ave-cartel-4-001.jpg?fit=740%2C1024&ssl=1&resize=700%2C400 2x"},"classes":[]},{"id":2667,"url":"https:\/\/cepronda.com\/blog\/ii-premios-para-el-reconocimiento-a-centros-publicos-de-andalucia-con-buenas-practicas-docentes-en-bibliotecas-escolares-y-en-el-fomento-de-la-lectura\/","url_meta":{"origin":2848,"position":4},"title":"II Premios para el reconocimiento a centros p\u00fablicos de Andaluc\u00eda con buenas pr\u00e1cticas docentes en Bibliotecas Escolares y en el fomento de la lectura","author":"V\u00edctor Caballero","date":"13 marzo, 2019","format":false,"excerpt":"Muy buenas familia, queremos compartir con todos y todas vosotras la convocatoria de estos premios, ya que sabemos que muchas de las bibliotecas de los centros de nuestra zona est\u00e1n haciendo un gran trabajo, y creemos sinceramente que pod\u00e9is optar a estos premios. Os dejamos con la informaci\u00f3n sobre la\u2026","rel":"","context":"En \u00abNoticias\u00bb","block_context":{"text":"Noticias","link":"https:\/\/cepronda.com\/blog\/category\/noticias\/"},"img":{"alt_text":"","src":"","width":0,"height":0},"classes":[]},{"id":1769,"url":"https:\/\/cepronda.com\/blog\/convocatoria-de-los-premios-rosa-regas\/","url_meta":{"origin":2848,"position":5},"title":"Convocatoria de los premios Rosa Reg\u00e0s","author":"V\u00edctor Caballero","date":"4 mayo, 2018","format":false,"excerpt":"\u00a1Hola de nuevo! Vuelvo a escribiros para compartir con todos y todas la convocatoria de los premios Rosa Reg\u00e0s. Acaba de salir publicada la resoluci\u00f3n de 17 de abril de 2018, de la Direcci\u00f3n General de Participaci\u00f3n y Equidad, por la que se convocan los premios \u00abRosa Reg\u00e0s\u00bb a materiales\u2026","rel":"","context":"En \u00abNoticias\u00bb","block_context":{"text":"Noticias","link":"https:\/\/cepronda.com\/blog\/category\/noticias\/"},"img":{"alt_text":"","src":"https:\/\/i0.wp.com\/cepronda.com\/blog\/wp-content\/uploads\/2018\/05\/Premiorosaregas.jpg?fit=600%2C300&ssl=1&resize=350%2C200","width":350,"height":200,"srcset":"https:\/\/i0.wp.com\/cepronda.com\/blog\/wp-content\/uploads\/2018\/05\/Premiorosaregas.jpg?fit=600%2C300&ssl=1&resize=350%2C200 1x, https:\/\/i0.wp.com\/cepronda.com\/blog\/wp-content\/uploads\/2018\/05\/Premiorosaregas.jpg?fit=600%2C300&ssl=1&resize=525%2C300 1.5x"},"classes":[]}],"jetpack_sharing_enabled":true,"_links":{"self":[{"href":"https:\/\/cepronda.com\/blog\/wp-json\/wp\/v2\/posts\/2848","targetHints":{"allow":["GET"]}}],"collection":[{"href":"https:\/\/cepronda.com\/blog\/wp-json\/wp\/v2\/posts"}],"about":[{"href":"https:\/\/cepronda.com\/blog\/wp-json\/wp\/v2\/types\/post"}],"author":[{"embeddable":true,"href":"https:\/\/cepronda.com\/blog\/wp-json\/wp\/v2\/users\/3"}],"replies":[{"embeddable":true,"href":"https:\/\/cepronda.com\/blog\/wp-json\/wp\/v2\/comments?post=2848"}],"version-history":[{"count":1,"href":"https:\/\/cepronda.com\/blog\/wp-json\/wp\/v2\/posts\/2848\/revisions"}],"predecessor-version":[{"id":2850,"href":"https:\/\/cepronda.com\/blog\/wp-json\/wp\/v2\/posts\/2848\/revisions\/2850"}],"wp:featuredmedia":[{"embeddable":true,"href":"https:\/\/cepronda.com\/blog\/wp-json\/wp\/v2\/media\/2849"}],"wp:attachment":[{"href":"https:\/\/cepronda.com\/blog\/wp-json\/wp\/v2\/media?parent=2848"}],"wp:term":[{"taxonomy":"category","embeddable":true,"href":"https:\/\/cepronda.com\/blog\/wp-json\/wp\/v2\/categories?post=2848"},{"taxonomy":"post_tag","embeddable":true,"href":"https:\/\/cepronda.com\/blog\/wp-json\/wp\/v2\/tags?post=2848"}],"curies":[{"name":"wp","href":"https:\/\/api.w.org\/{rel}","templated":true}]}}