{"id":2846,"date":"2019-05-20T10:05:22","date_gmt":"2019-05-20T08:05:22","guid":{"rendered":"http:\/\/cepronda.com\/blog\/?p=2846"},"modified":"2019-05-20T10:05:30","modified_gmt":"2019-05-20T08:05:30","slug":"taller-de-robotica-y-programacion-en-el-ies-perez-de-guzman","status":"publish","type":"post","link":"https:\/\/cepronda.com\/blog\/taller-de-robotica-y-programacion-en-el-ies-perez-de-guzman\/","title":{"rendered":"Taller de rob\u00f3tica y programaci\u00f3n en el IES P\u00e9rez de Guzm\u00e1n"},"content":{"rendered":"\n<p class=\"wp-block-paragraph\">El pasado viernes, tuvimos la gran oportunidad de asistir a un taller de rob\u00f3tica y programaci\u00f3n organizado por varios profes del IES P\u00e9rez de Guzm\u00e1n, en el marco del grupo de trabajo que est\u00e1n llevando a cabo durante este curso. <\/p>\n\n\n\n<p class=\"wp-block-paragraph\">En el taller el propio alumnado realiz\u00f3 varias demostraciones a una clase de 5\u00ba del CEIP Miguel de Cervantes, y tuvieron la oportunidad de ense\u00f1arles su trabajo con Scratch, las placas Makey-makey, los robots y Arduino. Seguro que fue una gran experiencia para este grupo de ni\u00f1os y ni\u00f1as, y sobre todo para el alumnado del instituto y su profesorado. Desde el CEP queremos dar la enhorabuena a todos los protagonistas de la actividad, y so dejamos con algunas de las fotos tomadas el viernes.<\/p>\n\n\n\n[ngg src=\u00bbgalleries\u00bb ids=\u00bb21&#8243; display=\u00bbbasic_slideshow\u00bb]\n","protected":false},"excerpt":{"rendered":"<p>El pasado viernes, tuvimos la gran oportunidad de asistir a un taller de rob\u00f3tica y programaci\u00f3n organizado por varios profes del IES P\u00e9rez de Guzm\u00e1n, en el marco del grupo de trabajo que est\u00e1n llevando a cabo durante este curso. En el taller el propio alumnado realiz\u00f3 varias demostraciones a una clase de 5\u00ba del [&hellip;]<\/p>\n","protected":false},"author":3,"featured_media":2355,"comment_status":"open","ping_status":"open","sticky":false,"template":"","format":"standard","meta":{"_crdt_document":"","advanced_seo_description":"","jetpack_seo_html_title":"","jetpack_seo_noindex":false,"jetpack_post_was_ever_published":false,"_jetpack_newsletter_access":"","_jetpack_dont_email_post_to_subs":false,"_jetpack_newsletter_tier_id":0,"_jetpack_memberships_contains_paywalled_content":false,"_jetpack_memberships_contains_paid_content":false,"footnotes":"","jetpack_publicize_message":"","jetpack_publicize_feature_enabled":true,"jetpack_social_post_already_shared":true,"jetpack_social_options":{"image_generator_settings":{"template":"highway","default_image_id":0,"font":"","enabled":false},"version":2}},"categories":[5],"tags":[167,109],"class_list":{"0":"post-2846","1":"post","2":"type-post","3":"status-publish","4":"format-standard","5":"has-post-thumbnail","7":"category-noticias","8":"tag-programacion","9":"tag-robotica","10":"czr-hentry"},"jetpack_publicize_connections":[],"jetpack_featured_media_url":"https:\/\/i0.wp.com\/cepronda.com\/blog\/wp-content\/uploads\/2018\/10\/electrician-499799_640.jpg?fit=640%2C426&ssl=1","jetpack_shortlink":"https:\/\/wp.me\/p8M4X7-JU","jetpack-related-posts":[{"id":1301,"url":"https:\/\/cepronda.com\/blog\/curso-sobre-scratch-y-makey-makey\/","url_meta":{"origin":2846,"position":0},"title":"Curso sobre Scratch y Makey Makey","author":"V\u00edctor Caballero","date":"2 octubre, 2017","format":false,"excerpt":"\u00a1Seguimos con nuestro ritmo a velocidad de crucero! En este caso nos complace informaros que ya tenemos fecha para nuestro primer taller dentro del itinerario formativo dedicado a la programaci\u00f3n, rob\u00f3tica y 3D. Vamos a comenzar con Scratch, que es es un lenguaje de programaci\u00f3n que facilita crear historias interactivas,\u2026","rel":"","context":"En \u00abFormaciones\u00bb","block_context":{"text":"Formaciones","link":"https:\/\/cepronda.com\/blog\/category\/formaciones\/"},"img":{"alt_text":"","src":"https:\/\/i0.wp.com\/cepronda.com\/blog\/wp-content\/uploads\/2017\/10\/Scratch.png?resize=350%2C200","width":350,"height":200},"classes":[]},{"id":3054,"url":"https:\/\/cepronda.com\/blog\/rondatec\/","url_meta":{"origin":2846,"position":1},"title":"RONDATEC","author":"V\u00edctor Caballero","date":"26 septiembre, 2019","format":false,"excerpt":"Muy buenas familia, Como ya publicamos hace unos d\u00edas ponemos en marcha un nuevo proyecto en nuestro CEP y es la realizaci\u00f3n de una feria donde mostremos y conozcamos lo que estamos trabajando en nuestras aulas en relaci\u00f3n a las nuevas tecnolog\u00edas. Nuestro objetivo no es ambicioso ni pretende pretende\u2026","rel":"","context":"En \u00abFormaciones\u00bb","block_context":{"text":"Formaciones","link":"https:\/\/cepronda.com\/blog\/category\/formaciones\/"},"img":{"alt_text":"","src":"https:\/\/i0.wp.com\/cepronda.com\/blog\/wp-content\/uploads\/2019\/09\/RONDATEC.png?fit=707%2C910&ssl=1&resize=350%2C200","width":350,"height":200,"srcset":"https:\/\/i0.wp.com\/cepronda.com\/blog\/wp-content\/uploads\/2019\/09\/RONDATEC.png?fit=707%2C910&ssl=1&resize=350%2C200 1x, https:\/\/i0.wp.com\/cepronda.com\/blog\/wp-content\/uploads\/2019\/09\/RONDATEC.png?fit=707%2C910&ssl=1&resize=525%2C300 1.5x, https:\/\/i0.wp.com\/cepronda.com\/blog\/wp-content\/uploads\/2019\/09\/RONDATEC.png?fit=707%2C910&ssl=1&resize=700%2C400 2x"},"classes":[]},{"id":3199,"url":"https:\/\/cepronda.com\/blog\/scratch-makey-makey-y-robotica\/","url_meta":{"origin":2846,"position":2},"title":"SCRATCH, MAKEY MAKEY Y ROB\u00d3TICA","author":"V\u00edctor Caballero","date":"28 noviembre, 2019","format":false,"excerpt":"Muy buenas familia, Abrimos el plazo de inscripci\u00f3n para esta actividad que dar\u00e1 comienzo justo a la vuelta de las vacaciones de Navidad, el 8 de enero. En esta actividad intentaremos dar respuesta a todas esas demandas que estamos teniendo en los \u00faltimos a\u00f1os sobre como trabajar en nuestras clases\u2026","rel":"","context":"En \u00abFormaciones\u00bb","block_context":{"text":"Formaciones","link":"https:\/\/cepronda.com\/blog\/category\/formaciones\/"},"img":{"alt_text":"","src":"https:\/\/i0.wp.com\/cepronda.com\/blog\/wp-content\/uploads\/2019\/11\/scratch.png?fit=646%2C912&ssl=1&resize=350%2C200","width":350,"height":200,"srcset":"https:\/\/i0.wp.com\/cepronda.com\/blog\/wp-content\/uploads\/2019\/11\/scratch.png?fit=646%2C912&ssl=1&resize=350%2C200 1x, https:\/\/i0.wp.com\/cepronda.com\/blog\/wp-content\/uploads\/2019\/11\/scratch.png?fit=646%2C912&ssl=1&resize=525%2C300 1.5x"},"classes":[]},{"id":1267,"url":"https:\/\/cepronda.com\/blog\/itinerario-formativo\/","url_meta":{"origin":2846,"position":3},"title":"Itinerario formativo","author":"V\u00edctor Caballero","date":"18 septiembre, 2017","format":false,"excerpt":"\u00a1Muy buenas! Una de nuestras apuestas este curso es trabajar con el profesorado de nuestra comarca la programaci\u00f3n, la rob\u00f3tica y la impresi\u00f3n 3D; de modo que podamos dar a conocer a nuestro alumnado todas las posibilidades que nos ofrecen las nuevas tecnolog\u00edas. Queremos este curso dar unas primeras pinceladas\u2026","rel":"","context":"En \u00abNoticias\u00bb","block_context":{"text":"Noticias","link":"https:\/\/cepronda.com\/blog\/category\/noticias\/"},"img":{"alt_text":"","src":"https:\/\/i0.wp.com\/cepronda.com\/blog\/wp-content\/uploads\/2017\/09\/cartel-itinerario-formativo.jpg?fit=848%2C1200&ssl=1&resize=350%2C200","width":350,"height":200,"srcset":"https:\/\/i0.wp.com\/cepronda.com\/blog\/wp-content\/uploads\/2017\/09\/cartel-itinerario-formativo.jpg?fit=848%2C1200&ssl=1&resize=350%2C200 1x, https:\/\/i0.wp.com\/cepronda.com\/blog\/wp-content\/uploads\/2017\/09\/cartel-itinerario-formativo.jpg?fit=848%2C1200&ssl=1&resize=525%2C300 1.5x, https:\/\/i0.wp.com\/cepronda.com\/blog\/wp-content\/uploads\/2017\/09\/cartel-itinerario-formativo.jpg?fit=848%2C1200&ssl=1&resize=700%2C400 2x"},"classes":[]},{"id":5496,"url":"https:\/\/cepronda.com\/blog\/proyecto-proyectoedia-ies-perez-de-guzman-ronda\/","url_meta":{"origin":2846,"position":4},"title":"PROYECTO @proyectoEDIA. IES P\u00e9rez de Guzm\u00e1n. Ronda.","author":"Mamen Moreno","date":"21 septiembre, 2022","format":false,"excerpt":"Felicidades por vuestra participaci\u00f3n en el INTEF del Ministerio de Educaci\u00f3n compartiendo vuestra experiencia de uso de los REA, recursos educativos abiertos del #proyectoEDIA como v\u00eda para la mejora del aprendizaje competencial, de la motivaci\u00f3n, de la convivencia y de la autonom\u00eda del alumnado @educaINTEF, @proyectoEDIA, @exelearning_sp #5JE_REAventura. \u00a0 \u00a0\u2026","rel":"","context":"En \u00abNoticias\u00bb","block_context":{"text":"Noticias","link":"https:\/\/cepronda.com\/blog\/category\/noticias\/"},"img":{"alt_text":"","src":"https:\/\/i0.wp.com\/cepronda.com\/blog\/wp-content\/uploads\/2022\/09\/302545866_1225219891358916_8588385042584351171_n.jpg?fit=600%2C450&ssl=1&resize=350%2C200","width":350,"height":200,"srcset":"https:\/\/i0.wp.com\/cepronda.com\/blog\/wp-content\/uploads\/2022\/09\/302545866_1225219891358916_8588385042584351171_n.jpg?fit=600%2C450&ssl=1&resize=350%2C200 1x, https:\/\/i0.wp.com\/cepronda.com\/blog\/wp-content\/uploads\/2022\/09\/302545866_1225219891358916_8588385042584351171_n.jpg?fit=600%2C450&ssl=1&resize=525%2C300 1.5x"},"classes":[]},{"id":3018,"url":"https:\/\/cepronda.com\/blog\/rondatec-primera-feria-de-las-tecnologias-de-ronda-y-su-serrania\/","url_meta":{"origin":2846,"position":5},"title":"RONDATEC: primera feria de las tecnolog\u00edas de Ronda y su Serran\u00eda","author":"V\u00edctor Caballero","date":"23 septiembre, 2019","format":false,"excerpt":"Muy buenas familia, Comienza su andadura uno de los proyectos nuevos de este curso escolar, y que creemos que a muchos y muchas de vosotras os puede interesar e implicar a vuestro alumnado. La idea es participar con vuestro alumnado en RONDATEC, mostrando al resto de participantes y p\u00fablico en\u2026","rel":"","context":"En \u00abFormaciones\u00bb","block_context":{"text":"Formaciones","link":"https:\/\/cepronda.com\/blog\/category\/formaciones\/"},"img":{"alt_text":"","src":"https:\/\/i0.wp.com\/cepronda.com\/blog\/wp-content\/uploads\/2019\/09\/rondatec_cartel.png?fit=644%2C915&ssl=1&resize=350%2C200","width":350,"height":200,"srcset":"https:\/\/i0.wp.com\/cepronda.com\/blog\/wp-content\/uploads\/2019\/09\/rondatec_cartel.png?fit=644%2C915&ssl=1&resize=350%2C200 1x, https:\/\/i0.wp.com\/cepronda.com\/blog\/wp-content\/uploads\/2019\/09\/rondatec_cartel.png?fit=644%2C915&ssl=1&resize=525%2C300 1.5x"},"classes":[]}],"jetpack_sharing_enabled":true,"_links":{"self":[{"href":"https:\/\/cepronda.com\/blog\/wp-json\/wp\/v2\/posts\/2846","targetHints":{"allow":["GET"]}}],"collection":[{"href":"https:\/\/cepronda.com\/blog\/wp-json\/wp\/v2\/posts"}],"about":[{"href":"https:\/\/cepronda.com\/blog\/wp-json\/wp\/v2\/types\/post"}],"author":[{"embeddable":true,"href":"https:\/\/cepronda.com\/blog\/wp-json\/wp\/v2\/users\/3"}],"replies":[{"embeddable":true,"href":"https:\/\/cepronda.com\/blog\/wp-json\/wp\/v2\/comments?post=2846"}],"version-history":[{"count":1,"href":"https:\/\/cepronda.com\/blog\/wp-json\/wp\/v2\/posts\/2846\/revisions"}],"predecessor-version":[{"id":2847,"href":"https:\/\/cepronda.com\/blog\/wp-json\/wp\/v2\/posts\/2846\/revisions\/2847"}],"wp:featuredmedia":[{"embeddable":true,"href":"https:\/\/cepronda.com\/blog\/wp-json\/wp\/v2\/media\/2355"}],"wp:attachment":[{"href":"https:\/\/cepronda.com\/blog\/wp-json\/wp\/v2\/media?parent=2846"}],"wp:term":[{"taxonomy":"category","embeddable":true,"href":"https:\/\/cepronda.com\/blog\/wp-json\/wp\/v2\/categories?post=2846"},{"taxonomy":"post_tag","embeddable":true,"href":"https:\/\/cepronda.com\/blog\/wp-json\/wp\/v2\/tags?post=2846"}],"curies":[{"name":"wp","href":"https:\/\/api.w.org\/{rel}","templated":true}]}}