{"id":2823,"date":"2019-05-20T09:15:38","date_gmt":"2019-05-20T07:15:38","guid":{"rendered":"http:\/\/cepronda.com\/blog\/?p=2823"},"modified":"2019-05-20T09:15:46","modified_gmt":"2019-05-20T07:15:46","slug":"concurso-de-videoexperiencias-auladjaque-2019-show-your-best-move-sybm","status":"publish","type":"post","link":"https:\/\/cepronda.com\/blog\/concurso-de-videoexperiencias-auladjaque-2019-show-your-best-move-sybm\/","title":{"rendered":"Concurso de v\u00eddeoexperiencias aulaDjaque 2019 SHOW YOUR BEST MOVE (SYBM)"},"content":{"rendered":"\n<p class=\"wp-block-paragraph\">Muy buenas a todas y a todos, <\/p>\n\n\n\n<p class=\"wp-block-paragraph\">Compartimos esta informaci\u00f3n dirigida a aquellos centros que este curso hayan estado inscritos en el programa Aula DJaque, por si es de vuestro inter\u00e9s.<\/p>\n\n\n\n<p class=\"wp-block-paragraph\">La Consejer\u00eda de Educaci\u00f3n y Deporte convoca la primera edici\u00f3n del concurso de<strong>&nbsp;v\u00eddeoexperiencias aulaDjaque 2019 SHOW YOUR BEST MOVE (SYBM)<\/strong>, dirigido al alumnado de los centros educativos que participan en el programa aulaDjaque.<\/p>\n\n\n\n<p class=\"wp-block-paragraph\">El concurso<strong>&nbsp;SYBM<\/strong>&nbsp;tiene como objetivo fomentar, a trav\u00e9s del medio audiovisual, la creatividad en el proceso educativo y, espec\u00edficamente, favorecer la elaboraci\u00f3n y el uso en el aula de aquellos recursos innovadores que est\u00e1n relacionados con la pr\u00e1ctica y ense\u00f1anza del ajedrez.<\/p>\n\n\n\n<p class=\"wp-block-paragraph\">Para participar ser\u00e1 imprescindible rellenar el formulario de participaci\u00f3n disponible en la siguiente direcci\u00f3n, adjuntando un enlace al trabajo audiovisual.<\/p>\n\n\n\n<p class=\"wp-block-paragraph\">El plazo para la recepci\u00f3n de los trabajos finalizar\u00e1 el d\u00eda 31 de mayo de 2019.<\/p>\n\n\n\n<h1 class=\"wp-block-heading\">Enlaces relacionados<\/h1>\n\n\n\n<ul class=\"wp-block-list\"><li><a rel=\"noreferrer noopener\" href=\"https:\/\/docs.google.com\/forms\/d\/e\/1FAIpQLScpjllbCxBX4Z371_F47W3hUAfLkM8ve8f4z3sfGqZnNXDYGQ\/viewform\" target=\"_blank\">formulario de participaci\u00f3n<\/a><\/li><li><a rel=\"noreferrer noopener\" href=\"http:\/\/colaboraeducacion30.juntadeandalucia.es\/educacion\/colabora\/web\/auladjaque\/sybm\" target=\"_blank\">Informaci\u00f3n<\/a><\/li><\/ul>\n\n\n\n<h1 class=\"wp-block-heading\">Documentos relacionados<\/h1>\n\n\n\n<ul class=\"wp-block-list\"><li><a rel=\"noreferrer noopener\" href=\"http:\/\/www.juntadeandalucia.es\/educacion\/portals\/abaco-portlet\/content\/78ae28ab-a1ef-424b-9053-1706d735bc8e\" target=\"_blank\">bases aulaDjaque 2019 (PDF \/ 467.17Kb)<\/a><\/li><\/ul>\n\n\n\n<figure class=\"wp-block-image\"><a href=\"http:\/\/www.juntadeandalucia.es\/educacion\/portals\/web\/ced\/contenidos\/-\/contenidos\/detalle\/concurso-de-videoexperiencias-auladjaque-2019-show-your-best-move-sybm\" target=\"_blank\" rel=\"noreferrer noopener\"><img loading=\"lazy\" decoding=\"async\" width=\"1920\" height=\"1368\" src=\"https:\/\/i2.wp.com\/cepronda.com\/blog\/wp-content\/uploads\/2019\/05\/pawns-3467512_1920-1.jpg?fit=1024%2C730\" alt=\"\" class=\"wp-image-2824\" srcset=\"https:\/\/i0.wp.com\/cepronda.com\/blog\/wp-content\/uploads\/2019\/05\/pawns-3467512_1920-1.jpg?w=1920&amp;ssl=1 1920w, https:\/\/i0.wp.com\/cepronda.com\/blog\/wp-content\/uploads\/2019\/05\/pawns-3467512_1920-1.jpg?resize=300%2C214&amp;ssl=1 300w, https:\/\/i0.wp.com\/cepronda.com\/blog\/wp-content\/uploads\/2019\/05\/pawns-3467512_1920-1.jpg?resize=768%2C547&amp;ssl=1 768w, https:\/\/i0.wp.com\/cepronda.com\/blog\/wp-content\/uploads\/2019\/05\/pawns-3467512_1920-1.jpg?resize=1024%2C730&amp;ssl=1 1024w\" sizes=\"auto, (max-width: 1170px) 100vw, 1170px\" \/><\/a><\/figure>\n","protected":false},"excerpt":{"rendered":"<p>Muy buenas a todas y a todos, Compartimos esta informaci\u00f3n dirigida a aquellos centros que este curso hayan estado inscritos en el programa Aula DJaque, por si es de vuestro inter\u00e9s. La Consejer\u00eda de Educaci\u00f3n y Deporte convoca la primera edici\u00f3n del concurso de&nbsp;v\u00eddeoexperiencias aulaDjaque 2019 SHOW YOUR BEST MOVE (SYBM), dirigido al alumnado de [&hellip;]<\/p>\n","protected":false},"author":3,"featured_media":0,"comment_status":"open","ping_status":"open","sticky":false,"template":"","format":"standard","meta":{"_crdt_document":"","advanced_seo_description":"","jetpack_seo_html_title":"","jetpack_seo_noindex":false,"jetpack_post_was_ever_published":false,"_jetpack_newsletter_access":"","_jetpack_dont_email_post_to_subs":false,"_jetpack_newsletter_tier_id":0,"_jetpack_memberships_contains_paywalled_content":false,"_jetpack_memberships_contains_paid_content":false,"footnotes":"","jetpack_publicize_message":"","jetpack_publicize_feature_enabled":true,"jetpack_social_post_already_shared":true,"jetpack_social_options":{"image_generator_settings":{"template":"highway","default_image_id":0,"font":"","enabled":false},"version":2}},"categories":[5],"tags":[142],"class_list":{"0":"post-2823","1":"post","2":"type-post","3":"status-publish","4":"format-standard","6":"category-noticias","7":"tag-ajedrez","8":"czr-hentry"},"jetpack_publicize_connections":[],"jetpack_featured_media_url":"","jetpack_shortlink":"https:\/\/wp.me\/p8M4X7-Jx","jetpack-related-posts":[{"id":3430,"url":"https:\/\/cepronda.com\/blog\/concurso-de-video-experiencias-corto-y-jaque\/","url_meta":{"origin":2823,"position":0},"title":"Concurso de v\u00eddeo-experiencias \u00abCORTO Y JAQUE\u00bb","author":"V\u00edctor Caballero","date":"14 febrero, 2020","format":false,"excerpt":"Terminamos la semana con esta noticia, este concurso dirigido a los centros que est\u00e1n dentro del programa Aula DJaque. La Consejer\u00eda de Educaci\u00f3n y Deporte convoca la segunda edici\u00f3n del concurso de\u00a0v\u00eddeo-experiencias 2020 CORTO Y JAQUE (CYJ), dirigido al alumnado de los centros educativos que participan en el programa aulaDjaque.\u2026","rel":"","context":"En \u00abNoticias\u00bb","block_context":{"text":"Noticias","link":"https:\/\/cepronda.com\/blog\/category\/noticias\/"},"img":{"alt_text":"","src":"https:\/\/i0.wp.com\/cepronda.com\/blog\/wp-content\/uploads\/2019\/05\/logo-nuevo.jpg?fit=531%2C342&ssl=1&resize=350%2C200","width":350,"height":200,"srcset":"https:\/\/i0.wp.com\/cepronda.com\/blog\/wp-content\/uploads\/2019\/05\/logo-nuevo.jpg?fit=531%2C342&ssl=1&resize=350%2C200 1x, https:\/\/i0.wp.com\/cepronda.com\/blog\/wp-content\/uploads\/2019\/05\/logo-nuevo.jpg?fit=531%2C342&ssl=1&resize=525%2C300 1.5x"},"classes":[]},{"id":2456,"url":"https:\/\/cepronda.com\/blog\/19-de-noviembre-dia-mundial-del-ajedrez\/","url_meta":{"origin":2823,"position":1},"title":"19 de Noviembre, D\u00eda Mundial del Ajedrez","author":"V\u00edctor Caballero","date":"19 noviembre, 2018","format":false,"excerpt":"\u00bfQu\u00e9 tal familia? Comenzamos semana lluviosa compartiendo con todos los centros la celebraci\u00f3n del d\u00eda mundial de ajedrez.\u00a0 Cada 19 de noviembre se celebra el D\u00eda Mundial del Ajedrez. Esta fecha fue instaurada en 1988 por la Federaci\u00f3n Internacional de Ajedrez (FIDE) en homenaje al campe\u00f3n del mundo Jos\u00e9 Ra\u00fal\u2026","rel":"","context":"En \u00abNoticias\u00bb","block_context":{"text":"Noticias","link":"https:\/\/cepronda.com\/blog\/category\/noticias\/"},"img":{"alt_text":"","src":"https:\/\/i0.wp.com\/cepronda.com\/blog\/wp-content\/uploads\/2018\/11\/pawns-3467512_1920.jpg?fit=1200%2C855&ssl=1&resize=350%2C200","width":350,"height":200,"srcset":"https:\/\/i0.wp.com\/cepronda.com\/blog\/wp-content\/uploads\/2018\/11\/pawns-3467512_1920.jpg?fit=1200%2C855&ssl=1&resize=350%2C200 1x, https:\/\/i0.wp.com\/cepronda.com\/blog\/wp-content\/uploads\/2018\/11\/pawns-3467512_1920.jpg?fit=1200%2C855&ssl=1&resize=525%2C300 1.5x, https:\/\/i0.wp.com\/cepronda.com\/blog\/wp-content\/uploads\/2018\/11\/pawns-3467512_1920.jpg?fit=1200%2C855&ssl=1&resize=700%2C400 2x, https:\/\/i0.wp.com\/cepronda.com\/blog\/wp-content\/uploads\/2018\/11\/pawns-3467512_1920.jpg?fit=1200%2C855&ssl=1&resize=1050%2C600 3x"},"classes":[]},{"id":2302,"url":"https:\/\/cepronda.com\/blog\/concurso-nacional-de-buenas-practicas\/","url_meta":{"origin":2823,"position":2},"title":"Concurso nacional de Buenas Pr\u00e1cticas","author":"V\u00edctor Caballero","date":"11 septiembre, 2018","format":false,"excerpt":"\u00bfQu\u00e9 tal? Para todos aquellos centros que est\u00e9is interesados en presentar alguna de vuestra buena pr\u00e1ctica sabed que desde el Ministerio de Educaci\u00f3n han convocado un concurso nacional. Os dejamos con el enlace al extracto de las instrucciones, para que as\u00ed lo pod\u00e1is consultar. El plazo es hasta el 30\u2026","rel":"","context":"En \u00abFormaciones\u00bb","block_context":{"text":"Formaciones","link":"https:\/\/cepronda.com\/blog\/category\/formaciones\/"},"img":{"alt_text":"","src":"https:\/\/i0.wp.com\/cepronda.com\/blog\/wp-content\/uploads\/2018\/09\/escudo-mefp-mcd.gif?resize=350%2C200","width":350,"height":200},"classes":[]},{"id":125,"url":"https:\/\/cepronda.com\/blog\/inscripcion-vii-concurso-buenas-practicas-educativas\/","url_meta":{"origin":2823,"position":3},"title":"Inscripci\u00f3n VII Concurso Buenas Pr\u00e1cticas Educativas","author":"V\u00edctor Caballero","date":"22 septiembre, 2016","format":false,"excerpt":"Queremos compartir con todo el profesorado este concurso de Buenas Pr\u00e1cticas Educativas. La Asociaci\u00f3n Mejora tu Escuela P\u00fablica convoca la s\u00e9ptima edici\u00f3n de su concurso de Buenas Pr\u00e1cticas Educativas, en el que podr\u00e1n participar las experiencias educativas llevadas a cabo durante el curso 2015\/2016 en centros p\u00fablicos del Estado Espa\u00f1ol.\u2026","rel":"","context":"En \u00abNoticias\u00bb","block_context":{"text":"Noticias","link":"https:\/\/cepronda.com\/blog\/category\/noticias\/"},"img":{"alt_text":"logomep","src":"https:\/\/i0.wp.com\/cepronda.com\/blog\/wp-content\/uploads\/2016\/09\/logoMEP.png?resize=350%2C200","width":350,"height":200},"classes":[]},{"id":3166,"url":"https:\/\/cepronda.com\/blog\/concurso-de-meritos-para-la-seleccion-de-directores-y-directoras-de-centros-docentes-publicos-no-universitarios\/","url_meta":{"origin":2823,"position":4},"title":"Concurso de m\u00e9ritos para la selecci\u00f3n de directores y directoras de centros docentes p\u00fablicos no universitarios","author":"V\u00edctor Caballero","date":"25 noviembre, 2019","format":false,"excerpt":"Muy buenas familia, Comunicamos a todas las personas interesadas que acaba de salir publicada la resoluci\u00f3n de 19 de noviembre de 2019, por la que se convoca concurso de m\u00e9ritos para la selecci\u00f3n de directores y directoras de centros docentes p\u00fablicos no universitarios de titularidad de la Junta de Andaluc\u00eda.\u2026","rel":"","context":"En \u00abFormaciones\u00bb","block_context":{"text":"Formaciones","link":"https:\/\/cepronda.com\/blog\/category\/formaciones\/"},"img":{"alt_text":"","src":"https:\/\/i0.wp.com\/cepronda.com\/blog\/wp-content\/uploads\/2019\/05\/logo-nuevo.jpg?resize=350%2C200&ssl=1","width":350,"height":200,"srcset":"https:\/\/i0.wp.com\/cepronda.com\/blog\/wp-content\/uploads\/2019\/05\/logo-nuevo.jpg?resize=350%2C200&ssl=1 1x, https:\/\/i0.wp.com\/cepronda.com\/blog\/wp-content\/uploads\/2019\/05\/logo-nuevo.jpg?resize=525%2C300&ssl=1 1.5x"},"classes":[]},{"id":2674,"url":"https:\/\/cepronda.com\/blog\/vi-certamen-teatro-en-el-aula\/","url_meta":{"origin":2823,"position":5},"title":"VI Certamen \u00abTeatro en el aula\u00bb","author":"V\u00edctor Caballero","date":"15 marzo, 2019","format":false,"excerpt":"Muy buenas familia, compartimos con todos aquellos centros interesados este formulario para inscribiros como p\u00fablico en el VI Certamen \"Teatro en el aula\". Para acceder al formulario s\u00f3lo ten\u00e9is que seguir este enlace.","rel":"","context":"En \u00abNoticias\u00bb","block_context":{"text":"Noticias","link":"https:\/\/cepronda.com\/blog\/category\/noticias\/"},"img":{"alt_text":"","src":"https:\/\/i0.wp.com\/cepronda.com\/blog\/wp-content\/uploads\/2017\/11\/mask-1636121_960_720.jpg?fit=960%2C638&ssl=1&resize=350%2C200","width":350,"height":200,"srcset":"https:\/\/i0.wp.com\/cepronda.com\/blog\/wp-content\/uploads\/2017\/11\/mask-1636121_960_720.jpg?fit=960%2C638&ssl=1&resize=350%2C200 1x, https:\/\/i0.wp.com\/cepronda.com\/blog\/wp-content\/uploads\/2017\/11\/mask-1636121_960_720.jpg?fit=960%2C638&ssl=1&resize=525%2C300 1.5x, https:\/\/i0.wp.com\/cepronda.com\/blog\/wp-content\/uploads\/2017\/11\/mask-1636121_960_720.jpg?fit=960%2C638&ssl=1&resize=700%2C400 2x"},"classes":[]}],"jetpack_sharing_enabled":true,"_links":{"self":[{"href":"https:\/\/cepronda.com\/blog\/wp-json\/wp\/v2\/posts\/2823","targetHints":{"allow":["GET"]}}],"collection":[{"href":"https:\/\/cepronda.com\/blog\/wp-json\/wp\/v2\/posts"}],"about":[{"href":"https:\/\/cepronda.com\/blog\/wp-json\/wp\/v2\/types\/post"}],"author":[{"embeddable":true,"href":"https:\/\/cepronda.com\/blog\/wp-json\/wp\/v2\/users\/3"}],"replies":[{"embeddable":true,"href":"https:\/\/cepronda.com\/blog\/wp-json\/wp\/v2\/comments?post=2823"}],"version-history":[{"count":1,"href":"https:\/\/cepronda.com\/blog\/wp-json\/wp\/v2\/posts\/2823\/revisions"}],"predecessor-version":[{"id":2825,"href":"https:\/\/cepronda.com\/blog\/wp-json\/wp\/v2\/posts\/2823\/revisions\/2825"}],"wp:attachment":[{"href":"https:\/\/cepronda.com\/blog\/wp-json\/wp\/v2\/media?parent=2823"}],"wp:term":[{"taxonomy":"category","embeddable":true,"href":"https:\/\/cepronda.com\/blog\/wp-json\/wp\/v2\/categories?post=2823"},{"taxonomy":"post_tag","embeddable":true,"href":"https:\/\/cepronda.com\/blog\/wp-json\/wp\/v2\/tags?post=2823"}],"curies":[{"name":"wp","href":"https:\/\/api.w.org\/{rel}","templated":true}]}}