{"id":282,"date":"2016-11-08T13:37:44","date_gmt":"2016-11-08T12:37:44","guid":{"rendered":"http:\/\/cepronda.com\/blog\/?p=282"},"modified":"2025-04-28T12:06:22","modified_gmt":"2025-04-28T10:06:22","slug":"i-jornadas-cpr-serrania-de-ronda","status":"publish","type":"post","link":"https:\/\/cepronda.com\/blog\/i-jornadas-cpr-serrania-de-ronda\/","title":{"rendered":"I Jornadas CPR Serran\u00eda de Ronda"},"content":{"rendered":"<p>Ayer lunes por la tarde tuvimos la gran suerte de poder asistir a la primera sesi\u00f3n de las I Jornadas de CPR de la Serran\u00eda de Ronda. Fu\u00e9 un gran \u00e9xito de asistencia, ya que tuvimos a 50 asistentes a la misma, y creemos que los ponentes que tuvimos la gran suerte de tener consiguieron \u00abponernos un poco las pilas\u00bb y situarnos en el trabajo en un colegio rural agrupado.<\/p>\n<p>Os dejo con algunas de las fotos que hicimos y os recordamos que la siguiente sesi\u00f3n la tendremos el pr\u00f3ximo lunes 21 de noviembre con varios ponentes del CPR Adersa I de la Sierra de Huelva que nos van a comentar la puesta en pr\u00e1ctica de todo lo que est\u00e1n haciendo en su centro. Creemos que volver\u00e1 a ser una gran sesi\u00f3n donde aprenderemos mucho y adem\u00e1s tendremos espacio para seguir reflexionando y debatiendo.<\/p>\n<p>[Best_Wordpress_Gallery id=\u00bb4&#8243; gal_title=\u00bb1\u00aa sesi\u00f3n Jornadas CPR Serran\u00eda de Ronda\u00bb]<\/p>\n","protected":false},"excerpt":{"rendered":"<p>Ayer lunes por la tarde tuvimos la gran suerte de poder asistir a la primera sesi\u00f3n de las I Jornadas de CPR de la Serran\u00eda de Ronda. Fu\u00e9 un gran \u00e9xito de asistencia, ya que tuvimos a 50 asistentes a la misma, y creemos que los ponentes que tuvimos la gran suerte de tener consiguieron [&hellip;]<\/p>\n","protected":false},"author":3,"featured_media":214,"comment_status":"open","ping_status":"open","sticky":false,"template":"","format":"standard","meta":{"_crdt_document":"","advanced_seo_description":"","jetpack_seo_html_title":"","jetpack_seo_noindex":false,"jetpack_post_was_ever_published":false,"_jetpack_newsletter_access":"","_jetpack_dont_email_post_to_subs":false,"_jetpack_newsletter_tier_id":0,"_jetpack_memberships_contains_paywalled_content":false,"_jetpack_memberships_contains_paid_content":false,"footnotes":"","jetpack_publicize_message":"","jetpack_publicize_feature_enabled":true,"jetpack_social_post_already_shared":false,"jetpack_social_options":{"image_generator_settings":{"template":"highway","default_image_id":0,"font":"","enabled":false},"version":2}},"categories":[5],"tags":[18,174],"class_list":{"0":"post-282","1":"post","2":"type-post","3":"status-publish","4":"format-standard","5":"has-post-thumbnail","7":"category-noticias","8":"tag-cpr","9":"tag-jornadas","10":"czr-hentry"},"jetpack_publicize_connections":[],"jetpack_featured_media_url":"","jetpack_shortlink":"https:\/\/wp.me\/p8M4X7-4y","jetpack-related-posts":[{"id":373,"url":"https:\/\/cepronda.com\/blog\/fotos-de-la-sesion-final-de-ayer-en-algatocin\/","url_meta":{"origin":282,"position":0},"title":"Fotos de la sesi\u00f3n final de ayer en Algatoc\u00edn","author":"V\u00edctor Caballero","date":"22 noviembre, 2016","format":false,"excerpt":"\u00a1Hola familia! Os dejo con algunas de las fotos que hicimos en la jornada de ayer, donde concluimos las I Jornadas de CPR de la Serran\u00eda de Ronda. \u00a0Fue una tarde dif\u00edcil meteorol\u00f3gicamente, pero creemos sinceramente que fue muy productiva. Desde aqu\u00ed agradecer tanto a los ponentes de ayer, como\u2026","rel":"","context":"En \u00abNoticias\u00bb","block_context":{"text":"Noticias","link":"https:\/\/cepronda.com\/blog\/category\/noticias\/"},"img":{"alt_text":"","src":"","width":0,"height":0},"classes":[]},{"id":222,"url":"https:\/\/cepronda.com\/blog\/i-jornada-cpr-serrania-de-ronda\/","url_meta":{"origin":282,"position":1},"title":"I Jornada CPR Serran\u00eda de Ronda","author":"V\u00edctor Caballero","date":"17 octubre, 2016","format":false,"excerpt":"Hola \"compis\", \u00bfQu\u00e9 tal vuestro fin de semana? Seguro que hab\u00e9is recargado pilas... Para todo el profesorado que trabaje en centros rurales, tanto CPR como centros que tengan al alumnado agrupado por ciclos en clase, hemos preparado las I Jornadas CPR Serran\u00eda de Ronda, donde queremos crear ese espacio de\u2026","rel":"","context":"En \u00abNoticias\u00bb","block_context":{"text":"Noticias","link":"https:\/\/cepronda.com\/blog\/category\/noticias\/"},"img":{"alt_text":"tree-996311_640","src":"https:\/\/i0.wp.com\/cepronda.com\/blog\/wp-content\/uploads\/2016\/10\/tree-996311_640-300x153.jpg?resize=350%2C200","width":350,"height":200},"classes":[]},{"id":3077,"url":"https:\/\/cepronda.com\/blog\/la-escuela-del-siglo-xxi-en-entornos-rurales\/","url_meta":{"origin":282,"position":2},"title":"LA ESCUELA DEL SIGLO XXI EN ENTORNOS RURALES","author":"V\u00edctor Caballero","date":"3 octubre, 2019","format":false,"excerpt":"Muy buenas de nuevo, Y seguimos con otro de los cl\u00e1sicos de los pasados cursos y son las jornadas de los CPR, que no s\u00f3lo va dedicada a los CPR sino que estamos invitando a todos los centros de entornos rurales que est\u00e1 trabajando con caracter\u00edsticas muy similares. Creemos que\u2026","rel":"","context":"En \u00abNoticias\u00bb","block_context":{"text":"Noticias","link":"https:\/\/cepronda.com\/blog\/category\/noticias\/"},"img":{"alt_text":"","src":"https:\/\/i0.wp.com\/cepronda.com\/blog\/wp-content\/uploads\/2019\/10\/LA-ESCUELA-DEL-S.XXI-EN-EL-ENTORNO-RURAL.-1.png?fit=848%2C1200&ssl=1&resize=350%2C200","width":350,"height":200,"srcset":"https:\/\/i0.wp.com\/cepronda.com\/blog\/wp-content\/uploads\/2019\/10\/LA-ESCUELA-DEL-S.XXI-EN-EL-ENTORNO-RURAL.-1.png?fit=848%2C1200&ssl=1&resize=350%2C200 1x, https:\/\/i0.wp.com\/cepronda.com\/blog\/wp-content\/uploads\/2019\/10\/LA-ESCUELA-DEL-S.XXI-EN-EL-ENTORNO-RURAL.-1.png?fit=848%2C1200&ssl=1&resize=525%2C300 1.5x, https:\/\/i0.wp.com\/cepronda.com\/blog\/wp-content\/uploads\/2019\/10\/LA-ESCUELA-DEL-S.XXI-EN-EL-ENTORNO-RURAL.-1.png?fit=848%2C1200&ssl=1&resize=700%2C400 2x"},"classes":[]},{"id":5286,"url":"https:\/\/cepronda.com\/blog\/la-serrania-innova-gamificacion\/","url_meta":{"origin":282,"position":3},"title":"LA SERRAN\u00cdA INNOVA. GAMIFICACI\u00d3N.","author":"Inmaculada Garc\u00eda","date":"9 mayo, 2022","format":false,"excerpt":"Hola compa\u00f1eros y compa\u00f1eras, un lunes m\u00e1s os traemos un nuevo v\u00eddeo del proyecto LA SERRAN\u00cdA INNOVA, donde podemos conocer diferentes Metodolog\u00edas Emergentes a trav\u00e9s de la experiencia pr\u00e1ctica de docentes de la comarca de la Serran\u00eda de Ronda. Esta vez, nuestra compa\u00f1era Maite Fajardo nos cuenta como pone en\u2026","rel":"","context":"En \u00abNoticias\u00bb","block_context":{"text":"Noticias","link":"https:\/\/cepronda.com\/blog\/category\/noticias\/"},"img":{"alt_text":"","src":"https:\/\/i0.wp.com\/cepronda.com\/blog\/wp-content\/uploads\/2022\/05\/ABP-1.png?fit=1080%2C1080&ssl=1&resize=350%2C200","width":350,"height":200,"srcset":"https:\/\/i0.wp.com\/cepronda.com\/blog\/wp-content\/uploads\/2022\/05\/ABP-1.png?fit=1080%2C1080&ssl=1&resize=350%2C200 1x, https:\/\/i0.wp.com\/cepronda.com\/blog\/wp-content\/uploads\/2022\/05\/ABP-1.png?fit=1080%2C1080&ssl=1&resize=525%2C300 1.5x, https:\/\/i0.wp.com\/cepronda.com\/blog\/wp-content\/uploads\/2022\/05\/ABP-1.png?fit=1080%2C1080&ssl=1&resize=700%2C400 2x, https:\/\/i0.wp.com\/cepronda.com\/blog\/wp-content\/uploads\/2022\/05\/ABP-1.png?fit=1080%2C1080&ssl=1&resize=1050%2C600 3x"},"classes":[]},{"id":5722,"url":"https:\/\/cepronda.com\/blog\/la-serrania-innova-trabajo-por-rincones\/","url_meta":{"origin":282,"position":4},"title":"LA SERRAN\u00cdA INNOVA: TRABAJO POR RINCONES","author":"Inmaculada Garc\u00eda","date":"20 enero, 2023","format":false,"excerpt":"Estimados compa\u00f1eros y compa\u00f1eras. Terminamos la semana con un nuevo v\u00eddeo de LA SERRAN\u00cdA INNOVA del CEP de Ronda donde pretendemos conocer las metodolog\u00edas emergentes en la Serran\u00eda de Ronda de la mano de nuestros compa\u00f1eros y compa\u00f1eras. En esta ocasi\u00f3n nuestra compa\u00f1era Eli Barroso nos explica c\u00f3mo pone en\u2026","rel":"","context":"En \u00abNoticias\u00bb","block_context":{"text":"Noticias","link":"https:\/\/cepronda.com\/blog\/category\/noticias\/"},"img":{"alt_text":"","src":"https:\/\/i0.wp.com\/cepronda.com\/blog\/wp-content\/uploads\/2023\/01\/MATEMATICAS-MANIPULATIVAS.png?fit=1080%2C1080&ssl=1&resize=350%2C200","width":350,"height":200,"srcset":"https:\/\/i0.wp.com\/cepronda.com\/blog\/wp-content\/uploads\/2023\/01\/MATEMATICAS-MANIPULATIVAS.png?fit=1080%2C1080&ssl=1&resize=350%2C200 1x, https:\/\/i0.wp.com\/cepronda.com\/blog\/wp-content\/uploads\/2023\/01\/MATEMATICAS-MANIPULATIVAS.png?fit=1080%2C1080&ssl=1&resize=525%2C300 1.5x, https:\/\/i0.wp.com\/cepronda.com\/blog\/wp-content\/uploads\/2023\/01\/MATEMATICAS-MANIPULATIVAS.png?fit=1080%2C1080&ssl=1&resize=700%2C400 2x, https:\/\/i0.wp.com\/cepronda.com\/blog\/wp-content\/uploads\/2023\/01\/MATEMATICAS-MANIPULATIVAS.png?fit=1080%2C1080&ssl=1&resize=1050%2C600 3x"},"classes":[]},{"id":5244,"url":"https:\/\/cepronda.com\/blog\/la-serrania-innova-metodologias-emergentes-2\/","url_meta":{"origin":282,"position":5},"title":"LA SERRAN\u00cdA INNOVA. Metodolog\u00edas Emergentes.","author":"Inmaculada Garc\u00eda","date":"25 abril, 2022","format":false,"excerpt":"Estimados compa\u00f1eros y compa\u00f1eras, comenzamos la semana con un nuevo v\u00eddeo de LA SERRAN\u00cdA INNOVA del CEP de Ronda donde pretendemos conocer las metodolog\u00edas emergentes en la Serran\u00eda de Ronda de la mano de nuestros compa\u00f1eros y compa\u00f1eras.\u00a0 En esta ocasi\u00f3n nuestra compa\u00f1era Eli Barroso nos explica c\u00f3mo pone en\u2026","rel":"","context":"En \u00abNoticias\u00bb","block_context":{"text":"Noticias","link":"https:\/\/cepronda.com\/blog\/category\/noticias\/"},"img":{"alt_text":"","src":"https:\/\/i0.wp.com\/cepronda.com\/blog\/wp-content\/uploads\/2022\/04\/ABP-1.png?fit=1080%2C1080&ssl=1&resize=350%2C200","width":350,"height":200,"srcset":"https:\/\/i0.wp.com\/cepronda.com\/blog\/wp-content\/uploads\/2022\/04\/ABP-1.png?fit=1080%2C1080&ssl=1&resize=350%2C200 1x, https:\/\/i0.wp.com\/cepronda.com\/blog\/wp-content\/uploads\/2022\/04\/ABP-1.png?fit=1080%2C1080&ssl=1&resize=525%2C300 1.5x, https:\/\/i0.wp.com\/cepronda.com\/blog\/wp-content\/uploads\/2022\/04\/ABP-1.png?fit=1080%2C1080&ssl=1&resize=700%2C400 2x, https:\/\/i0.wp.com\/cepronda.com\/blog\/wp-content\/uploads\/2022\/04\/ABP-1.png?fit=1080%2C1080&ssl=1&resize=1050%2C600 3x"},"classes":[]}],"jetpack_sharing_enabled":true,"_links":{"self":[{"href":"https:\/\/cepronda.com\/blog\/wp-json\/wp\/v2\/posts\/282","targetHints":{"allow":["GET"]}}],"collection":[{"href":"https:\/\/cepronda.com\/blog\/wp-json\/wp\/v2\/posts"}],"about":[{"href":"https:\/\/cepronda.com\/blog\/wp-json\/wp\/v2\/types\/post"}],"author":[{"embeddable":true,"href":"https:\/\/cepronda.com\/blog\/wp-json\/wp\/v2\/users\/3"}],"replies":[{"embeddable":true,"href":"https:\/\/cepronda.com\/blog\/wp-json\/wp\/v2\/comments?post=282"}],"version-history":[{"count":1,"href":"https:\/\/cepronda.com\/blog\/wp-json\/wp\/v2\/posts\/282\/revisions"}],"predecessor-version":[{"id":8533,"href":"https:\/\/cepronda.com\/blog\/wp-json\/wp\/v2\/posts\/282\/revisions\/8533"}],"wp:featuredmedia":[{"embeddable":true,"href":"https:\/\/cepronda.com\/blog\/wp-json\/"}],"wp:attachment":[{"href":"https:\/\/cepronda.com\/blog\/wp-json\/wp\/v2\/media?parent=282"}],"wp:term":[{"taxonomy":"category","embeddable":true,"href":"https:\/\/cepronda.com\/blog\/wp-json\/wp\/v2\/categories?post=282"},{"taxonomy":"post_tag","embeddable":true,"href":"https:\/\/cepronda.com\/blog\/wp-json\/wp\/v2\/tags?post=282"}],"curies":[{"name":"wp","href":"https:\/\/api.w.org\/{rel}","templated":true}]}}