{"id":2791,"date":"2019-05-09T12:19:14","date_gmt":"2019-05-09T10:19:14","guid":{"rendered":"http:\/\/cepronda.com\/blog\/?p=2791"},"modified":"2019-05-09T12:19:21","modified_gmt":"2019-05-09T10:19:21","slug":"informacion-sobre-la-participacion-de-alumnado-del-ies-martin-rivero-en-diversos-actos-cientificos","status":"publish","type":"post","link":"https:\/\/cepronda.com\/blog\/informacion-sobre-la-participacion-de-alumnado-del-ies-martin-rivero-en-diversos-actos-cientificos\/","title":{"rendered":"Informaci\u00f3n sobre la participaci\u00f3n de alumnado del IES Mart\u00edn Rivero en diversos actos cient\u00edficos"},"content":{"rendered":"\n<p class=\"wp-block-paragraph\">Hola familia, queremos comunicaros  que el alumnado del proyecto SCIENCE-IES\u00a0\u00a0ha tenido una  participaci\u00f3n destacada en el congreso de C\u00f3rdoba (\u00a0<a rel=\"noreferrer noopener\" href=\"https:\/\/www.eldiadecordoba.es\/cordoba\/Congreso-Proyectos-Science-IES-universidad-cordoba_0_1351365011.html\" target=\"_blank\">https:\/\/www.eldiadecordoba.es\/cordoba\/Congreso-Proyectos-Science-IES-universidad-cordoba_0_1351365011.html<\/a>) en el que el IES Mart\u00edn Rivero ha sido uno de los centros organizadores.<\/p>\n\n\n\n<p class=\"wp-block-paragraph\">53  alumnos y alumnas han presentado m\u00e1s de 23 estudios diferentes, algunos  de ellos tutorizados por nuestros profesores Maria del Mar Rodriguez,  Bel\u00e9n Badillo, Juan Antonio del Pino, Mercedes Avila y Juan Tom\u00e1s  Linares. \u00a1Enhorabuena a todos ellos!<\/p>\n\n\n\n<p class=\"wp-block-paragraph\">Adem\u00e1s, queremos  informaros de que\u00a0 han sido seleccionado\u00a0 desde la Universidad de Sevilla  para representar a Espa\u00f1a junto con el IES Itaca en el pr\u00f3ximo congreso  \u00abClimact Final Event\u00bb en LIsboa. Para ello han seleccionado a 3 alumnos  que han participado a trav\u00e9s de investigaciones medioambientales  desarrolladas en nuestro IES y que se presentar\u00e1n en dicho evento.  Dichos alumnos son Adri\u00e1n Fern\u00e1ndez (2\u00ba Bachillerato), Daniel Montesinos  (2\u00ba Bachillerato) y Jorge Zamudio (exalumno) por sus propuestas de  \u00abPapelera para el Ecobasket\u00bb, \u00abHornos y calentadores eficientes  fabricados con materiales reutilzados\u00bb, y Antonio Almellones de 4\u00ba ESO  por su proyecto de investigaci\u00f3n ScienceIES desarrollado para el  proyecto Climact que defendi\u00f3 el pasado jueves en el Congreso ScienceIES  de C\u00f3rdoba. Estamos contando con la colaboraci\u00f3n de nuestra compa\u00f1era  Mar\u00eda Jos\u00e9 Carrasco para preparar las presentaciones en ingl\u00e9s.<\/p>\n\n\n\n<p class=\"wp-block-paragraph\">Los  alumnos acudir\u00e1n a Lisboa d\u00edas 9 y 10 de Mayo, acompa\u00f1ados por nuestro  compa\u00f1ero Marcos Naz. Queremos desearles mucha suerte y transmitirles  todo nuestro apoyo. Nos sentimos muy orgullosos de todos ellos y  esperamos que, adem\u00e1s de vivir una gran experiencia, triunfen con sus  exposiciones.\u00a0 <\/p>\n","protected":false},"excerpt":{"rendered":"<p>Hola familia, queremos comunicaros que el alumnado del proyecto SCIENCE-IES\u00a0\u00a0ha tenido una participaci\u00f3n destacada en el congreso de C\u00f3rdoba (\u00a0https:\/\/www.eldiadecordoba.es\/cordoba\/Congreso-Proyectos-Science-IES-universidad-cordoba_0_1351365011.html) en el que el IES Mart\u00edn Rivero ha sido uno de los centros organizadores. 53 alumnos y alumnas han presentado m\u00e1s de 23 estudios diferentes, algunos de ellos tutorizados por nuestros profesores Maria del Mar [&hellip;]<\/p>\n","protected":false},"author":3,"featured_media":866,"comment_status":"open","ping_status":"open","sticky":false,"template":"","format":"standard","meta":{"_crdt_document":"","advanced_seo_description":"","jetpack_seo_html_title":"","jetpack_seo_noindex":false,"jetpack_post_was_ever_published":false,"_jetpack_newsletter_access":"","_jetpack_dont_email_post_to_subs":false,"_jetpack_newsletter_tier_id":0,"_jetpack_memberships_contains_paywalled_content":false,"_jetpack_memberships_contains_paid_content":false,"footnotes":"","jetpack_publicize_message":"","jetpack_publicize_feature_enabled":true,"jetpack_social_post_already_shared":true,"jetpack_social_options":{"image_generator_settings":{"template":"highway","default_image_id":0,"font":"","enabled":false},"version":2}},"categories":[5],"tags":[162],"class_list":{"0":"post-2791","1":"post","2":"type-post","3":"status-publish","4":"format-standard","5":"has-post-thumbnail","7":"category-noticias","8":"tag-ciencia","9":"czr-hentry"},"jetpack_publicize_connections":[],"jetpack_featured_media_url":"https:\/\/i0.wp.com\/cepronda.com\/blog\/wp-content\/uploads\/2017\/05\/team-2044760_640.jpg?fit=640%2C479&ssl=1","jetpack_shortlink":"https:\/\/wp.me\/p8M4X7-J1","jetpack-related-posts":[{"id":1277,"url":"https:\/\/cepronda.com\/blog\/presencia-del-ies-martin-rivero-en-el-congreso-del-bienestar\/","url_meta":{"origin":2791,"position":0},"title":"Presencia del IES Mart\u00edn Rivero en el Congreso del Bienestar","author":"V\u00edctor Caballero","date":"21 septiembre, 2017","format":false,"excerpt":"\u00a1Hola! Quer\u00edamos compartir con todos y todas vosotras la participaci\u00f3n de parte del alumnado del IES Mart\u00edn Rivero en el prestigioso Congreso del Bienestar que organiza la Cadena SER. Dentro de la agenda de este congreso ma\u00f1ana viernes en la Plaza de las Tendillas el alumnado llevar\u00e1 a cabo una\u2026","rel":"","context":"En \u00abNoticias\u00bb","block_context":{"text":"Noticias","link":"https:\/\/cepronda.com\/blog\/category\/noticias\/"},"img":{"alt_text":"","src":"https:\/\/i0.wp.com\/cepronda.com\/blog\/wp-content\/uploads\/2017\/09\/IMG-20170920-WA0001.jpg?fit=852%2C1200&ssl=1&resize=350%2C200","width":350,"height":200,"srcset":"https:\/\/i0.wp.com\/cepronda.com\/blog\/wp-content\/uploads\/2017\/09\/IMG-20170920-WA0001.jpg?fit=852%2C1200&ssl=1&resize=350%2C200 1x, https:\/\/i0.wp.com\/cepronda.com\/blog\/wp-content\/uploads\/2017\/09\/IMG-20170920-WA0001.jpg?fit=852%2C1200&ssl=1&resize=525%2C300 1.5x, https:\/\/i0.wp.com\/cepronda.com\/blog\/wp-content\/uploads\/2017\/09\/IMG-20170920-WA0001.jpg?fit=852%2C1200&ssl=1&resize=700%2C400 2x"},"classes":[]},{"id":6001,"url":"https:\/\/cepronda.com\/blog\/el-ies-gran-capitan-de-cordoba-y-martin-rivero-de-ronda-logran-el-primer-premio-ciccartuja-futuros-investigadores\/","url_meta":{"origin":2791,"position":1},"title":"El IES Gran Capit\u00e1n de C\u00f3rdoba y Mart\u00edn Rivero de Ronda, logran el primer Premio CicCartuja \u201cfuturos investigadores\u201d","author":"Inmaculada Garc\u00eda","date":"17 mayo, 2023","format":false,"excerpt":"Desde el CEP de Ronda queremos dar la enhorabuena al alumnado y al profesorado del I.E.S. MArt\u00edn Rivero (Ronda) por su premio. \u201cDocumentales y Youtube: En busca de ideas para nuevas investigaciones\u201d es el t\u00edtulo del trabajo realizado de manera simult\u00e1nea durante este curso escolar en los IES Gran Capit\u00e1n\u2026","rel":"","context":"En \u00abNoticias\u00bb","block_context":{"text":"Noticias","link":"https:\/\/cepronda.com\/blog\/category\/noticias\/"},"img":{"alt_text":"","src":"https:\/\/i0.wp.com\/cepronda.com\/blog\/wp-content\/uploads\/2023\/05\/Entrega-premio-total.jpg?fit=853%2C841&ssl=1&resize=350%2C200","width":350,"height":200,"srcset":"https:\/\/i0.wp.com\/cepronda.com\/blog\/wp-content\/uploads\/2023\/05\/Entrega-premio-total.jpg?fit=853%2C841&ssl=1&resize=350%2C200 1x, https:\/\/i0.wp.com\/cepronda.com\/blog\/wp-content\/uploads\/2023\/05\/Entrega-premio-total.jpg?fit=853%2C841&ssl=1&resize=525%2C300 1.5x, https:\/\/i0.wp.com\/cepronda.com\/blog\/wp-content\/uploads\/2023\/05\/Entrega-premio-total.jpg?fit=853%2C841&ssl=1&resize=700%2C400 2x"},"classes":[]},{"id":7672,"url":"https:\/\/cepronda.com\/blog\/el-ies-martin-rivero-de-ronda-junto-con-ies-gran-capitan-de-cordoba-premidados-por-su-fabrica-de-ideas-e-inventos\/","url_meta":{"origin":2791,"position":2},"title":"EL IES MART\u00cdN RIVERO DE RONDA JUNTO CON EL IES GRAN CAPIT\u00c1N DE C\u00d3RDOBA PREMIDADOS POR SU F\u00c1BRICA DE IDEAS E INVENTOS","author":"Mamen Moreno","date":"12 julio, 2024","format":false,"excerpt":"El IES Mart\u00edn Rivero ha sido premiado por su F\u00e1brica de Ideas e Inventos de estudiantes, junto con el IES Gran Capit\u00e1n de C\u00f3rdoba. El Ministerio de Ciencia, Innovaci\u00f3n y Universidades ha reconocido este prestigioso reconocimiento a la RED de centros andaluces FAB-IDI \"F\u00e1bricas de Ideas e Inventos\", coordinada en\u2026","rel":"","context":"En \u00abNoticias\u00bb","block_context":{"text":"Noticias","link":"https:\/\/cepronda.com\/blog\/category\/noticias\/"},"img":{"alt_text":"","src":"https:\/\/i0.wp.com\/cepronda.com\/blog\/wp-content\/uploads\/2024\/07\/WhatsApp-Image-2024-07-12-at-11.33.31-e1720792423312.jpeg?fit=871%2C515&ssl=1&resize=350%2C200","width":350,"height":200,"srcset":"https:\/\/i0.wp.com\/cepronda.com\/blog\/wp-content\/uploads\/2024\/07\/WhatsApp-Image-2024-07-12-at-11.33.31-e1720792423312.jpeg?fit=871%2C515&ssl=1&resize=350%2C200 1x, https:\/\/i0.wp.com\/cepronda.com\/blog\/wp-content\/uploads\/2024\/07\/WhatsApp-Image-2024-07-12-at-11.33.31-e1720792423312.jpeg?fit=871%2C515&ssl=1&resize=525%2C300 1.5x, https:\/\/i0.wp.com\/cepronda.com\/blog\/wp-content\/uploads\/2024\/07\/WhatsApp-Image-2024-07-12-at-11.33.31-e1720792423312.jpeg?fit=871%2C515&ssl=1&resize=700%2C400 2x"},"classes":[]},{"id":2861,"url":"https:\/\/cepronda.com\/blog\/tabla-periodica-humana-en-el-ies-martin-rivero\/","url_meta":{"origin":2791,"position":3},"title":"Tabla peri\u00f3dica humana en el IES Mart\u00edn Rivero","author":"V\u00edctor Caballero","date":"31 mayo, 2019","format":false,"excerpt":"Muy buenas familia, Como bien sab\u00e9is, Naciones Unidas ha proclamado 2019 como el a\u00f1o internacional de la tabla peri\u00f3dica de los elementos qu\u00edmicos, que coincide con el 150 aniversario del descubrimiento del Sistema peri\u00f3dico por Dmitry Mendel\u00e9iev. En este sentido sabemos que muchos de vuestros centros est\u00e1is realizando diferentes actividades\u2026","rel":"","context":"En \u00abNoticias\u00bb","block_context":{"text":"Noticias","link":"https:\/\/cepronda.com\/blog\/category\/noticias\/"},"img":{"alt_text":"","src":"https:\/\/i0.wp.com\/cepronda.com\/blog\/wp-content\/uploads\/2019\/05\/tabla-peri%C3%B3dica-Mart%C3%ADn-Rivero.jpeg?fit=1200%2C800&ssl=1&resize=350%2C200","width":350,"height":200,"srcset":"https:\/\/i0.wp.com\/cepronda.com\/blog\/wp-content\/uploads\/2019\/05\/tabla-peri%C3%B3dica-Mart%C3%ADn-Rivero.jpeg?fit=1200%2C800&ssl=1&resize=350%2C200 1x, https:\/\/i0.wp.com\/cepronda.com\/blog\/wp-content\/uploads\/2019\/05\/tabla-peri%C3%B3dica-Mart%C3%ADn-Rivero.jpeg?fit=1200%2C800&ssl=1&resize=525%2C300 1.5x, https:\/\/i0.wp.com\/cepronda.com\/blog\/wp-content\/uploads\/2019\/05\/tabla-peri%C3%B3dica-Mart%C3%ADn-Rivero.jpeg?fit=1200%2C800&ssl=1&resize=700%2C400 2x, https:\/\/i0.wp.com\/cepronda.com\/blog\/wp-content\/uploads\/2019\/05\/tabla-peri%C3%B3dica-Mart%C3%ADn-Rivero.jpeg?fit=1200%2C800&ssl=1&resize=1050%2C600 3x"},"classes":[]},{"id":2588,"url":"https:\/\/cepronda.com\/blog\/exposicion-bachillerato-artistico-ies-martin-rivero\/","url_meta":{"origin":2791,"position":4},"title":"Exposici\u00f3n Bachillerato Art\u00edstico IES Mart\u00edn Rivero","author":"V\u00edctor Caballero","date":"17 enero, 2019","format":false,"excerpt":"\u00a1Hola familia! Compartimos con todos los centros de nuestra zona esta noticia. Y es que el Bachillerato de Bellas Artes del IES Mart\u00edn Rivero ha organziado una exposici\u00f3n para celebrar el 20\u00ba Aniversario de esta modalidad organizada por el IES Mart\u00edn Rivero. Las visitas ser\u00e1n guiadas, dirigidas al alumnado de\u2026","rel":"","context":"En \u00abNoticias\u00bb","block_context":{"text":"Noticias","link":"https:\/\/cepronda.com\/blog\/category\/noticias\/"},"img":{"alt_text":"","src":"https:\/\/i0.wp.com\/cepronda.com\/blog\/wp-content\/uploads\/2019\/01\/expo20ba.jpg?fit=931%2C1200&ssl=1&resize=350%2C200","width":350,"height":200,"srcset":"https:\/\/i0.wp.com\/cepronda.com\/blog\/wp-content\/uploads\/2019\/01\/expo20ba.jpg?fit=931%2C1200&ssl=1&resize=350%2C200 1x, https:\/\/i0.wp.com\/cepronda.com\/blog\/wp-content\/uploads\/2019\/01\/expo20ba.jpg?fit=931%2C1200&ssl=1&resize=525%2C300 1.5x, https:\/\/i0.wp.com\/cepronda.com\/blog\/wp-content\/uploads\/2019\/01\/expo20ba.jpg?fit=931%2C1200&ssl=1&resize=700%2C400 2x"},"classes":[]},{"id":5493,"url":"https:\/\/cepronda.com\/blog\/el-ave-fenix-del-incendio-de-sierra-bermeja-ies-martin-rivero-ronda-malaga\/","url_meta":{"origin":2791,"position":5},"title":"El ave F\u00e9nix del incendio de Sierra Bermeja. IES Martin Rivero, Ronda (M\u00e1laga)","author":"Mamen Moreno","date":"21 septiembre, 2022","format":false,"excerpt":"Este proyecto ha sido ganador de RedeSTEAM. Las alumnas de este instituto de la Serran\u00eda de Ronda han ideado un proyecto para recuperar el suelo quemado despu\u00e9s de un incendio forestal como el acaecido en Sierra Bermeja (M\u00e1laga) en septiembre del a\u00f1o pasado. Alumnas: Clara Fern\u00e1ndez, Claudia Garc\u00eda, Alba Guerrero,\u2026","rel":"","context":"En \u00abNoticias\u00bb","block_context":{"text":"Noticias","link":"https:\/\/cepronda.com\/blog\/category\/noticias\/"},"img":{"alt_text":"","src":"https:\/\/i0.wp.com\/cepronda.com\/blog\/wp-content\/uploads\/2022\/09\/FOTO-MARTIN.jpeg?fit=734%2C512&ssl=1&resize=350%2C200","width":350,"height":200,"srcset":"https:\/\/i0.wp.com\/cepronda.com\/blog\/wp-content\/uploads\/2022\/09\/FOTO-MARTIN.jpeg?fit=734%2C512&ssl=1&resize=350%2C200 1x, https:\/\/i0.wp.com\/cepronda.com\/blog\/wp-content\/uploads\/2022\/09\/FOTO-MARTIN.jpeg?fit=734%2C512&ssl=1&resize=525%2C300 1.5x, https:\/\/i0.wp.com\/cepronda.com\/blog\/wp-content\/uploads\/2022\/09\/FOTO-MARTIN.jpeg?fit=734%2C512&ssl=1&resize=700%2C400 2x"},"classes":[]}],"jetpack_sharing_enabled":true,"_links":{"self":[{"href":"https:\/\/cepronda.com\/blog\/wp-json\/wp\/v2\/posts\/2791","targetHints":{"allow":["GET"]}}],"collection":[{"href":"https:\/\/cepronda.com\/blog\/wp-json\/wp\/v2\/posts"}],"about":[{"href":"https:\/\/cepronda.com\/blog\/wp-json\/wp\/v2\/types\/post"}],"author":[{"embeddable":true,"href":"https:\/\/cepronda.com\/blog\/wp-json\/wp\/v2\/users\/3"}],"replies":[{"embeddable":true,"href":"https:\/\/cepronda.com\/blog\/wp-json\/wp\/v2\/comments?post=2791"}],"version-history":[{"count":1,"href":"https:\/\/cepronda.com\/blog\/wp-json\/wp\/v2\/posts\/2791\/revisions"}],"predecessor-version":[{"id":2792,"href":"https:\/\/cepronda.com\/blog\/wp-json\/wp\/v2\/posts\/2791\/revisions\/2792"}],"wp:featuredmedia":[{"embeddable":true,"href":"https:\/\/cepronda.com\/blog\/wp-json\/wp\/v2\/media\/866"}],"wp:attachment":[{"href":"https:\/\/cepronda.com\/blog\/wp-json\/wp\/v2\/media?parent=2791"}],"wp:term":[{"taxonomy":"category","embeddable":true,"href":"https:\/\/cepronda.com\/blog\/wp-json\/wp\/v2\/categories?post=2791"},{"taxonomy":"post_tag","embeddable":true,"href":"https:\/\/cepronda.com\/blog\/wp-json\/wp\/v2\/tags?post=2791"}],"curies":[{"name":"wp","href":"https:\/\/api.w.org\/{rel}","templated":true}]}}