{"id":2784,"date":"2019-05-07T11:34:09","date_gmt":"2019-05-07T09:34:09","guid":{"rendered":"http:\/\/cepronda.com\/blog\/?p=2784"},"modified":"2019-05-07T11:34:16","modified_gmt":"2019-05-07T09:34:16","slug":"i-marcha-solidaria-a-favor-de-la-asociacion-de-fenilcetonuria-y-otm-de-andalucia-oriental","status":"publish","type":"post","link":"https:\/\/cepronda.com\/blog\/i-marcha-solidaria-a-favor-de-la-asociacion-de-fenilcetonuria-y-otm-de-andalucia-oriental\/","title":{"rendered":"I marcha solidaria a favor de la Asociaci\u00f3n de Fenilcetonuria y OTM de Andaluc\u00eda Oriental"},"content":{"rendered":"\n<p class=\"wp-block-paragraph\"> Hola muy buenas familia,<\/p>\n\n\n\n<p class=\"wp-block-paragraph\">Desde el AMPA del CEIP MArt\u00edn Pinz\u00f3n de Ronda nos  invitan a la I MARCHA SOLIDARIA A FAVOR DE LA ASOCIACI\u00d3N DE FENILCETONURIA Y OTROS TRASTORNOS METAB\u00d3LICOS PARA ANDALUC\u00cdA ORIENTAL &#8211; ASPYO METABOLICS- que se celebrar\u00e1 en Ronda el d\u00eda 2\u00a0 de Junio de 2019 Domingo.<\/p>\n\n\n\n<p class=\"wp-block-paragraph\">Lo recaudado con las inscripciones ir\u00e1 destinado a la compra de productos aproteicos para todos los pacientes metab\u00f3licos que hacen uso de ellos y forman parte de esta asociaci\u00f3n.<\/p>\n\n\n\n<p class=\"wp-block-paragraph\">Debido al car\u00e1cter ben\u00e9fico de esta actividad se pretende alcanzar la m\u00e1xima participaci\u00f3n posible.Inscripciones a trav\u00e9s de <a rel=\"noreferrer noopener\" href=\"http:\/\/www.dorsalchip.es\/\" target=\"_blank\">www.dorsalchip.es<\/a>\u00a0donde encontrareis toda la informaci\u00f3n necesaria. <\/p>\n\n\n\n<figure class=\"wp-block-image\"><img loading=\"lazy\" decoding=\"async\" width=\"3307\" height=\"2339\" src=\"https:\/\/i0.wp.com\/cepronda.com\/blog\/wp-content\/uploads\/2019\/05\/Cartel-marcha-1.jpg?fit=1024%2C724\" alt=\"\" class=\"wp-image-2786\" srcset=\"https:\/\/i0.wp.com\/cepronda.com\/blog\/wp-content\/uploads\/2019\/05\/Cartel-marcha-1.jpg?w=3307&amp;ssl=1 3307w, https:\/\/i0.wp.com\/cepronda.com\/blog\/wp-content\/uploads\/2019\/05\/Cartel-marcha-1.jpg?resize=300%2C212&amp;ssl=1 300w, https:\/\/i0.wp.com\/cepronda.com\/blog\/wp-content\/uploads\/2019\/05\/Cartel-marcha-1.jpg?resize=768%2C543&amp;ssl=1 768w, https:\/\/i0.wp.com\/cepronda.com\/blog\/wp-content\/uploads\/2019\/05\/Cartel-marcha-1.jpg?resize=1024%2C724&amp;ssl=1 1024w, https:\/\/i0.wp.com\/cepronda.com\/blog\/wp-content\/uploads\/2019\/05\/Cartel-marcha-1.jpg?w=2340&amp;ssl=1 2340w\" sizes=\"auto, (max-width: 1170px) 100vw, 1170px\" \/><\/figure>\n","protected":false},"excerpt":{"rendered":"<p>Hola muy buenas familia, Desde el AMPA del CEIP MArt\u00edn Pinz\u00f3n de Ronda nos invitan a la I MARCHA SOLIDARIA A FAVOR DE LA ASOCIACI\u00d3N DE FENILCETONURIA Y OTROS TRASTORNOS METAB\u00d3LICOS PARA ANDALUC\u00cdA ORIENTAL &#8211; ASPYO METABOLICS- que se celebrar\u00e1 en Ronda el d\u00eda 2\u00a0 de Junio de 2019 Domingo. Lo recaudado con las inscripciones [&hellip;]<\/p>\n","protected":false},"author":3,"featured_media":0,"comment_status":"open","ping_status":"open","sticky":false,"template":"","format":"standard","meta":{"_crdt_document":"","advanced_seo_description":"","jetpack_seo_html_title":"","jetpack_seo_noindex":false,"jetpack_post_was_ever_published":false,"_jetpack_newsletter_access":"","_jetpack_dont_email_post_to_subs":false,"_jetpack_newsletter_tier_id":0,"_jetpack_memberships_contains_paywalled_content":false,"_jetpack_memberships_contains_paid_content":false,"footnotes":"","jetpack_publicize_message":"","jetpack_publicize_feature_enabled":true,"jetpack_social_post_already_shared":true,"jetpack_social_options":{"image_generator_settings":{"template":"highway","default_image_id":0,"font":"","enabled":false},"version":2}},"categories":[5],"tags":[164],"class_list":{"0":"post-2784","1":"post","2":"type-post","3":"status-publish","4":"format-standard","6":"category-noticias","7":"tag-solidaridad","8":"czr-hentry"},"jetpack_publicize_connections":[],"jetpack_featured_media_url":"","jetpack_shortlink":"https:\/\/wp.me\/p8M4X7-IU","jetpack-related-posts":[{"id":7932,"url":"https:\/\/cepronda.com\/blog\/actividad-regional-proceso-de-admision-ensenanzas-de-regimen-general-andalucia-oriental-y-occidental\/","url_meta":{"origin":2784,"position":0},"title":"ACTIVIDAD REGIONAL: PROCESO DE ADMISI\u00d3N ENSE\u00d1ANZAS DE R\u00c9GIMEN GENERAL (ANDALUC\u00cdA ORIENTAL y OCCIDENTAL)","author":"Mamen Moreno","date":"13 diciembre, 2024","format":false,"excerpt":"Abierto el plazo de solicitudes para la\u00a0 ACTIVIDAD REGIONAL:\u00a0 PROCESO DE ADMISI\u00d3N ENSE\u00d1ANZAS DE R\u00c9GIMEN GENERAL (ANDALUC\u00cdA ORIENTAL y OCCIDENTAL) DIRIGIDO A: Destinado a equipos directivos, as\u00ed como aquel personal docente encargado de la gesti\u00f3n del proceso de admisi\u00f3n desde el 2\u00ba ciclo de E. Infantil a Bachillerato y Educaci\u00f3n\u2026","rel":"","context":"En \u00abFormaciones\u00bb","block_context":{"text":"Formaciones","link":"https:\/\/cepronda.com\/blog\/category\/formaciones\/"},"img":{"alt_text":"","src":"https:\/\/i0.wp.com\/cepronda.com\/blog\/wp-content\/uploads\/2024\/12\/PROCESO-DE-ADMISION-ENSENANZAS-DE-REGIMEN-GENERAL-Andalucia-GENERAL-1.jpg?fit=1200%2C675&ssl=1&resize=350%2C200","width":350,"height":200,"srcset":"https:\/\/i0.wp.com\/cepronda.com\/blog\/wp-content\/uploads\/2024\/12\/PROCESO-DE-ADMISION-ENSENANZAS-DE-REGIMEN-GENERAL-Andalucia-GENERAL-1.jpg?fit=1200%2C675&ssl=1&resize=350%2C200 1x, https:\/\/i0.wp.com\/cepronda.com\/blog\/wp-content\/uploads\/2024\/12\/PROCESO-DE-ADMISION-ENSENANZAS-DE-REGIMEN-GENERAL-Andalucia-GENERAL-1.jpg?fit=1200%2C675&ssl=1&resize=525%2C300 1.5x, https:\/\/i0.wp.com\/cepronda.com\/blog\/wp-content\/uploads\/2024\/12\/PROCESO-DE-ADMISION-ENSENANZAS-DE-REGIMEN-GENERAL-Andalucia-GENERAL-1.jpg?fit=1200%2C675&ssl=1&resize=700%2C400 2x, https:\/\/i0.wp.com\/cepronda.com\/blog\/wp-content\/uploads\/2024\/12\/PROCESO-DE-ADMISION-ENSENANZAS-DE-REGIMEN-GENERAL-Andalucia-GENERAL-1.jpg?fit=1200%2C675&ssl=1&resize=1050%2C600 3x"},"classes":[]},{"id":5307,"url":"https:\/\/cepronda.com\/blog\/la-realidad-de-los-centros-publicos-rurales-revista-andalucia-educativa\/","url_meta":{"origin":2784,"position":1},"title":"LA REALIDAD DE LOS CENTROS P\u00daBLICOS RURALES. REVISTA ANDALUC\u00cdA EDUCATIVA.","author":"Inmaculada Garc\u00eda","date":"12 mayo, 2022","format":false,"excerpt":"Estimados compa\u00f1eros y compa\u00f1eras, el pasado 26 de abril la revista Andaluc\u00eda Educativa public\u00f3 un art\u00edculo en el que contamos las necesidades detectadas en los CPRs de nuestra zona desde el CEP de Ronda y su asesor\u00eda de referencia, as\u00ed como las diferentes acciones que llevamos a cabo en esta\u2026","rel":"","context":"En \u00abNoticias\u00bb","block_context":{"text":"Noticias","link":"https:\/\/cepronda.com\/blog\/category\/noticias\/"},"img":{"alt_text":"","src":"https:\/\/i0.wp.com\/cepronda.com\/blog\/wp-content\/uploads\/2022\/05\/Captura-de-pantalla-104.png?fit=608%2C596&ssl=1&resize=350%2C200","width":350,"height":200,"srcset":"https:\/\/i0.wp.com\/cepronda.com\/blog\/wp-content\/uploads\/2022\/05\/Captura-de-pantalla-104.png?fit=608%2C596&ssl=1&resize=350%2C200 1x, https:\/\/i0.wp.com\/cepronda.com\/blog\/wp-content\/uploads\/2022\/05\/Captura-de-pantalla-104.png?fit=608%2C596&ssl=1&resize=525%2C300 1.5x"},"classes":[]},{"id":2632,"url":"https:\/\/cepronda.com\/blog\/ronda-100x100-solidaria\/","url_meta":{"origin":2784,"position":2},"title":"Ronda 100&#215;100 solidaria","author":"V\u00edctor Caballero","date":"13 febrero, 2019","format":false,"excerpt":"Muy buenas familia, Queremos compartir con todas y todos vosotros esta actividad solidaria por si es de vuestro inter\u00e9s y quer\u00e9is participar en la misma. Para m\u00e1s informaci\u00f3n en el cartel ten\u00e9is un n\u00famero de tel\u00e9fono de contacto, as\u00ed como la web http:\/\/www.brazadassolidarias.com","rel":"","context":"En \u00abNoticias\u00bb","block_context":{"text":"Noticias","link":"https:\/\/cepronda.com\/blog\/category\/noticias\/"},"img":{"alt_text":"","src":"https:\/\/i0.wp.com\/cepronda.com\/blog\/wp-content\/uploads\/2019\/02\/brazadas-solidarias.jpg?fit=884%2C1200&ssl=1&resize=350%2C200","width":350,"height":200,"srcset":"https:\/\/i0.wp.com\/cepronda.com\/blog\/wp-content\/uploads\/2019\/02\/brazadas-solidarias.jpg?fit=884%2C1200&ssl=1&resize=350%2C200 1x, https:\/\/i0.wp.com\/cepronda.com\/blog\/wp-content\/uploads\/2019\/02\/brazadas-solidarias.jpg?fit=884%2C1200&ssl=1&resize=525%2C300 1.5x, https:\/\/i0.wp.com\/cepronda.com\/blog\/wp-content\/uploads\/2019\/02\/brazadas-solidarias.jpg?fit=884%2C1200&ssl=1&resize=700%2C400 2x"},"classes":[]},{"id":3156,"url":"https:\/\/cepronda.com\/blog\/bienal-internacional-de-cine-cientifico-ronda-madrid-mexico\/","url_meta":{"origin":2784,"position":3},"title":"Bienal internacional de cine cient\u00edfico Ronda-Madrid M\u00e9xico","author":"V\u00edctor Caballero","date":"19 noviembre, 2019","format":false,"excerpt":"Desde la Asociaci\u00f3n Astron\u00f3mica Abb\u00e1s Ibn Firn\u00e1s de Ronda, Grupo de Conservadores del Legado de Cayetano Arroyo y Grupo de Conservadores de Legado de Paco Marin.\u00a0 Os invitamos a participar en las \"Jornadas de la Previa al Certamen de Cine Cient\u00edfico 2020\", que tendr\u00e1n lugar los d\u00edas 27, 28 y\u2026","rel":"","context":"En \u00abNoticias\u00bb","block_context":{"text":"Noticias","link":"https:\/\/cepronda.com\/blog\/category\/noticias\/"},"img":{"alt_text":"","src":"","width":0,"height":0},"classes":[]},{"id":4532,"url":"https:\/\/cepronda.com\/blog\/ilustrandonos-con-los-poetas-de-la-serrania\/","url_meta":{"origin":2784,"position":4},"title":"ILUSTR\u00c1NDONOS CON LOS POETAS DE LA SERRAN\u00cdA.","author":"Maribel Mu\u00f1oz","date":"18 mayo, 2021","format":false,"excerpt":"Buenas tardes compa\u00f1eras y compa\u00f1eros,\u00a0 Os hacemos llegar esta publicaci\u00f3n en la Revista Andaluc\u00eda Educativa donde\u00a0 el IES Escultor Mar\u00edn Higuero de Arriate (M\u00e1laga), muestra la actividad interdisciplinar que organiz\u00f3,\u00a0 tomando\u00a0como base\u00a0un libro de reciente publicaci\u00f3n, \u201cAntolog\u00eda Po\u00e9tica de la Serran\u00eda de Ronda\u201d, de\u00a0Fran Serrato, y coincidiendo con el\u00a0D\u00eda del\u2026","rel":"","context":"En \u00abNoticias\u00bb","block_context":{"text":"Noticias","link":"https:\/\/cepronda.com\/blog\/category\/noticias\/"},"img":{"alt_text":"","src":"https:\/\/i0.wp.com\/cepronda.com\/blog\/wp-content\/uploads\/2021\/05\/Arriate.jpg?fit=1200%2C960&ssl=1&resize=350%2C200","width":350,"height":200,"srcset":"https:\/\/i0.wp.com\/cepronda.com\/blog\/wp-content\/uploads\/2021\/05\/Arriate.jpg?fit=1200%2C960&ssl=1&resize=350%2C200 1x, https:\/\/i0.wp.com\/cepronda.com\/blog\/wp-content\/uploads\/2021\/05\/Arriate.jpg?fit=1200%2C960&ssl=1&resize=525%2C300 1.5x, https:\/\/i0.wp.com\/cepronda.com\/blog\/wp-content\/uploads\/2021\/05\/Arriate.jpg?fit=1200%2C960&ssl=1&resize=700%2C400 2x, https:\/\/i0.wp.com\/cepronda.com\/blog\/wp-content\/uploads\/2021\/05\/Arriate.jpg?fit=1200%2C960&ssl=1&resize=1050%2C600 3x"},"classes":[]},{"id":2650,"url":"https:\/\/cepronda.com\/blog\/festival-euro-mediterraneo-de-teatro-en-frances\/","url_meta":{"origin":2784,"position":5},"title":"Festival euro-mediterr\u00e1neo de teatro en franc\u00e9s","author":"V\u00edctor Caballero","date":"4 marzo, 2019","format":false,"excerpt":"Muy buenas familia, Comenzamos la semana compartiendo este festival a desarrollar en Ronda del 27 al 31 de marzo, durante la cual Ronda se convierte en el punto de encuentro de j\u00f3venes apasionados por el teatro. Lo organizan la Asociaci\u00f3n Habla Franc\u00e9s de Ronda y el IES P\u00e9rez de Guzm\u00e1n.\u2026","rel":"","context":"En \u00abNoticias\u00bb","block_context":{"text":"Noticias","link":"https:\/\/cepronda.com\/blog\/category\/noticias\/"},"img":{"alt_text":"","src":"https:\/\/i0.wp.com\/cepronda.com\/blog\/wp-content\/uploads\/2019\/03\/Teatre.png?fit=712%2C967&ssl=1&resize=350%2C200","width":350,"height":200,"srcset":"https:\/\/i0.wp.com\/cepronda.com\/blog\/wp-content\/uploads\/2019\/03\/Teatre.png?fit=712%2C967&ssl=1&resize=350%2C200 1x, https:\/\/i0.wp.com\/cepronda.com\/blog\/wp-content\/uploads\/2019\/03\/Teatre.png?fit=712%2C967&ssl=1&resize=525%2C300 1.5x, https:\/\/i0.wp.com\/cepronda.com\/blog\/wp-content\/uploads\/2019\/03\/Teatre.png?fit=712%2C967&ssl=1&resize=700%2C400 2x"},"classes":[]}],"jetpack_sharing_enabled":true,"_links":{"self":[{"href":"https:\/\/cepronda.com\/blog\/wp-json\/wp\/v2\/posts\/2784","targetHints":{"allow":["GET"]}}],"collection":[{"href":"https:\/\/cepronda.com\/blog\/wp-json\/wp\/v2\/posts"}],"about":[{"href":"https:\/\/cepronda.com\/blog\/wp-json\/wp\/v2\/types\/post"}],"author":[{"embeddable":true,"href":"https:\/\/cepronda.com\/blog\/wp-json\/wp\/v2\/users\/3"}],"replies":[{"embeddable":true,"href":"https:\/\/cepronda.com\/blog\/wp-json\/wp\/v2\/comments?post=2784"}],"version-history":[{"count":1,"href":"https:\/\/cepronda.com\/blog\/wp-json\/wp\/v2\/posts\/2784\/revisions"}],"predecessor-version":[{"id":2787,"href":"https:\/\/cepronda.com\/blog\/wp-json\/wp\/v2\/posts\/2784\/revisions\/2787"}],"wp:attachment":[{"href":"https:\/\/cepronda.com\/blog\/wp-json\/wp\/v2\/media?parent=2784"}],"wp:term":[{"taxonomy":"category","embeddable":true,"href":"https:\/\/cepronda.com\/blog\/wp-json\/wp\/v2\/categories?post=2784"},{"taxonomy":"post_tag","embeddable":true,"href":"https:\/\/cepronda.com\/blog\/wp-json\/wp\/v2\/tags?post=2784"}],"curies":[{"name":"wp","href":"https:\/\/api.w.org\/{rel}","templated":true}]}}