{"id":2779,"date":"2019-05-02T09:44:09","date_gmt":"2019-05-02T07:44:09","guid":{"rendered":"http:\/\/cepronda.com\/blog\/?p=2779"},"modified":"2019-05-02T09:44:16","modified_gmt":"2019-05-02T07:44:16","slug":"universidad-de-verano-para-docentes-de-frances","status":"publish","type":"post","link":"https:\/\/cepronda.com\/blog\/universidad-de-verano-para-docentes-de-frances\/","title":{"rendered":"Universidad de verano para docentes de franc\u00e9s"},"content":{"rendered":"\n<p class=\"wp-block-paragraph\">Muy buenas de nuevo familia, compartimos con todas las personas docentes especialistas de franc\u00e9s esta informaci\u00f3n, por si es de vuestro inter\u00e9s. <\/p>\n\n\n\n<p class=\"wp-block-paragraph\">L&#8217;Institut fran\u00e7ais de Espa\u00f1a, en colaboraci\u00f3n con la Universidad de Valencia y la&nbsp; Asociaci\u00f3n de Profesores de Franc\u00e9s de Valencia pone en marcha su Universidad de verano de 2019 en Valencia, del 8 al 12 de             julio. <br><\/p>\n\n\n\n<p class=\"wp-block-paragraph\">Este evento brinda la ocasi\u00f3n \u00fanica, a los profesores de franc\u00e9s y en franc\u00e9s de toda Espa\u00f1a, de perfeccionar durante una semana su t\u00e9cnica de ense\u00f1anza y intercambiar buenas pr\u00e1cticas. Podr\u00e1n elegir entre 15 m\u00f3dulos de formaci\u00f3n que impartir\u00e1n expertos de la ense\u00f1anza del franc\u00e9s.<br>\u00a1 Las inscripciones ya est\u00e1n abiertas en <a rel=\"noreferrer noopener\" href=\"https:\/\/www.universite-ete.org\/\" target=\"_blank\">https:\/\/www.universite-ete.org\/<\/a>&nbsp;!&nbsp;   <\/p>\n\n\n\n<figure class=\"wp-block-image\"><a href=\"https:\/\/www.universite-ete.org\/\"><img data-recalc-dims=\"1\" loading=\"lazy\" decoding=\"async\" width=\"640\" height=\"426\" src=\"https:\/\/i0.wp.com\/cepronda.com\/blog\/wp-content\/uploads\/2017\/09\/french-flag-2695008_640.jpg?resize=640%2C426\" alt=\"\" class=\"wp-image-1292\" srcset=\"https:\/\/i0.wp.com\/cepronda.com\/blog\/wp-content\/uploads\/2017\/09\/french-flag-2695008_640.jpg?w=640&amp;ssl=1 640w, https:\/\/i0.wp.com\/cepronda.com\/blog\/wp-content\/uploads\/2017\/09\/french-flag-2695008_640.jpg?resize=300%2C200&amp;ssl=1 300w\" sizes=\"auto, (max-width: 640px) 100vw, 640px\" \/><\/a><\/figure>\n","protected":false},"excerpt":{"rendered":"<p>Muy buenas de nuevo familia, compartimos con todas las personas docentes especialistas de franc\u00e9s esta informaci\u00f3n, por si es de vuestro inter\u00e9s. L&#8217;Institut fran\u00e7ais de Espa\u00f1a, en colaboraci\u00f3n con la Universidad de Valencia y la&nbsp; Asociaci\u00f3n de Profesores de Franc\u00e9s de Valencia pone en marcha su Universidad de verano de 2019 en Valencia, del 8 [&hellip;]<\/p>\n","protected":false},"author":3,"featured_media":1292,"comment_status":"open","ping_status":"open","sticky":false,"template":"","format":"standard","meta":{"_crdt_document":"","advanced_seo_description":"","jetpack_seo_html_title":"","jetpack_seo_noindex":false,"jetpack_post_was_ever_published":false,"_jetpack_newsletter_access":"","_jetpack_dont_email_post_to_subs":false,"_jetpack_newsletter_tier_id":0,"_jetpack_memberships_contains_paywalled_content":false,"_jetpack_memberships_contains_paid_content":false,"footnotes":"","jetpack_publicize_message":"","jetpack_publicize_feature_enabled":true,"jetpack_social_post_already_shared":true,"jetpack_social_options":{"image_generator_settings":{"template":"highway","default_image_id":0,"font":"","enabled":false},"version":2}},"categories":[5],"tags":[86],"class_list":{"0":"post-2779","1":"post","2":"type-post","3":"status-publish","4":"format-standard","5":"has-post-thumbnail","7":"category-noticias","8":"tag-frances","9":"czr-hentry"},"jetpack_publicize_connections":[],"jetpack_featured_media_url":"https:\/\/i0.wp.com\/cepronda.com\/blog\/wp-content\/uploads\/2017\/09\/french-flag-2695008_640.jpg?fit=640%2C426&ssl=1","jetpack_shortlink":"https:\/\/wp.me\/p8M4X7-IP","jetpack-related-posts":[{"id":1291,"url":"https:\/\/cepronda.com\/blog\/curso-de-actualizacion-en-frances-para-primaria\/","url_meta":{"origin":2779,"position":0},"title":"Curso de actualizaci\u00f3n en franc\u00e9s para primaria","author":"V\u00edctor Caballero","date":"27 septiembre, 2017","format":false,"excerpt":"Muy buenas, Uno de los cursos que el curso pasado tuvo un magn\u00edfico recorrido fu\u00e9 el curso de \"ACTUALIZACI\u00d3N LING\u00dc\u00cdSTICA Y METODOL\u00d3GICA EN LENGUA FRANCESA PARA EL PROFESORADO DE EDUCACI\u00d3N PRIMARIA\". Pues este curso seguimos con continuaci\u00f3n del mismo, as\u00ed que seguiremos aprendiendo y avanzando en nuestra metodolog\u00eda a la\u2026","rel":"","context":"En \u00abFormaciones\u00bb","block_context":{"text":"Formaciones","link":"https:\/\/cepronda.com\/blog\/category\/formaciones\/"},"img":{"alt_text":"","src":"https:\/\/i0.wp.com\/cepronda.com\/blog\/wp-content\/uploads\/2017\/09\/french-flag-2695008_640.jpg?fit=640%2C426&ssl=1&resize=350%2C200","width":350,"height":200,"srcset":"https:\/\/i0.wp.com\/cepronda.com\/blog\/wp-content\/uploads\/2017\/09\/french-flag-2695008_640.jpg?fit=640%2C426&ssl=1&resize=350%2C200 1x, https:\/\/i0.wp.com\/cepronda.com\/blog\/wp-content\/uploads\/2017\/09\/french-flag-2695008_640.jpg?fit=640%2C426&ssl=1&resize=525%2C300 1.5x"},"classes":[]},{"id":3275,"url":"https:\/\/cepronda.com\/blog\/estrategias-de-evaluacion-en-frances-lengua-extranjera-primaria-y-secundaria\/","url_meta":{"origin":2779,"position":1},"title":"ESTRATEGIAS DE EVALUACI\u00d3N EN FRANC\u00c9S LENGUA EXTRANJERA (PRIMARIA Y SECUNDARIA)","author":"V\u00edctor Caballero","date":"7 enero, 2020","format":false,"excerpt":"Muy buenas familia, Comenzamos un nuevo a\u00f1o con renovadas energ\u00edas, y nuevos cursos que se ponen en marcha. Para inscribiros ya ten\u00e9is abierto el curso ESTRATEGIAS DE EVALUACI\u00d3N EN FRANC\u00c9S LENGUA EXTRANJERA (PRIMARIA y SECUNDARIA). Para ver los detalles de la actividad e inscribiros s\u00f3lo ten\u00e9is que seguir uno de\u2026","rel":"","context":"En \u00abFormaciones\u00bb","block_context":{"text":"Formaciones","link":"https:\/\/cepronda.com\/blog\/category\/formaciones\/"},"img":{"alt_text":"","src":"https:\/\/i0.wp.com\/cepronda.com\/blog\/wp-content\/uploads\/2020\/01\/20200213-Franc%C3%A9s.-Estrategias-de-evaluaci%C3%B3n..jpg?fit=848%2C1200&ssl=1&resize=350%2C200","width":350,"height":200,"srcset":"https:\/\/i0.wp.com\/cepronda.com\/blog\/wp-content\/uploads\/2020\/01\/20200213-Franc%C3%A9s.-Estrategias-de-evaluaci%C3%B3n..jpg?fit=848%2C1200&ssl=1&resize=350%2C200 1x, https:\/\/i0.wp.com\/cepronda.com\/blog\/wp-content\/uploads\/2020\/01\/20200213-Franc%C3%A9s.-Estrategias-de-evaluaci%C3%B3n..jpg?fit=848%2C1200&ssl=1&resize=525%2C300 1.5x, https:\/\/i0.wp.com\/cepronda.com\/blog\/wp-content\/uploads\/2020\/01\/20200213-Franc%C3%A9s.-Estrategias-de-evaluaci%C3%B3n..jpg?fit=848%2C1200&ssl=1&resize=700%2C400 2x"},"classes":[]},{"id":4297,"url":"https:\/\/cepronda.com\/blog\/estrategias-de-evaluacion-en-frances-lengua-extranjera-primaria\/","url_meta":{"origin":2779,"position":2},"title":"ESTRATEGIAS DE EVALUACI\u00d3N EN FRANC\u00c9S LENGUA EXTRANJERA (PRIMARIA)","author":"Maribel Mu\u00f1oz","date":"12 marzo, 2021","format":false,"excerpt":"Buenas tardes compa\u00f1eras y compa\u00f1eros, Os informamos que est\u00e1 abierto el plazo de inscripci\u00f3n de la formaci\u00f3n ESTRATEGIAS DE EVALUACI\u00d3N EN FRANC\u00c9S LENGUA EXTRANJERA (PRIMARIA) PROVINCIAL\u00a0 212924GE031,\u00a0\u00a0 que comenzar\u00e1 a desarrollarse el pr\u00f3ximo\u00a0 06\/04\/2021. Adjuntamos enlace : https:\/\/www.juntadeandalucia.es\/educacion\/secretariavirtual\/consultaCEP\/actividad\/212924GE031\/ El plazo de inscripci\u00f3n finaliza el pr\u00f3ximo 04\/04\/2021 a las 23:59. Te\u2026","rel":"","context":"En \u00abNoticias\u00bb","block_context":{"text":"Noticias","link":"https:\/\/cepronda.com\/blog\/category\/noticias\/"},"img":{"alt_text":"","src":"https:\/\/i0.wp.com\/cepronda.com\/blog\/wp-content\/uploads\/2021\/03\/WhatsApp-Image-2021-03-12-at-13.07.43.jpeg?fit=848%2C1200&ssl=1&resize=350%2C200","width":350,"height":200,"srcset":"https:\/\/i0.wp.com\/cepronda.com\/blog\/wp-content\/uploads\/2021\/03\/WhatsApp-Image-2021-03-12-at-13.07.43.jpeg?fit=848%2C1200&ssl=1&resize=350%2C200 1x, https:\/\/i0.wp.com\/cepronda.com\/blog\/wp-content\/uploads\/2021\/03\/WhatsApp-Image-2021-03-12-at-13.07.43.jpeg?fit=848%2C1200&ssl=1&resize=525%2C300 1.5x, https:\/\/i0.wp.com\/cepronda.com\/blog\/wp-content\/uploads\/2021\/03\/WhatsApp-Image-2021-03-12-at-13.07.43.jpeg?fit=848%2C1200&ssl=1&resize=700%2C400 2x"},"classes":[]},{"id":4351,"url":"https:\/\/cepronda.com\/blog\/frances-jornadas-fle-en-andalucia\/","url_meta":{"origin":2779,"position":3},"title":"FRANC\u00c9S. Jornadas FLE en Andaluc\u00eda.","author":"Maribel Mu\u00f1oz","date":"24 marzo, 2021","format":false,"excerpt":"Buenos d\u00edas compa\u00f1eras y compa\u00f1eros, Os informamos que desde el Servicio de Programas Internacionales nos indican que el Instituto Franc\u00e9s celebrar\u00e1 los pr\u00f3ximos 9 y 10 de abril una nueva edici\u00f3n de las Jornadas FLE en Andaluc\u00eda dirigidas al profesorado de franc\u00e9s lengua extranjera y ANL en franc\u00e9s, que estar\u00e1\u2026","rel":"","context":"En \u00abFormaciones\u00bb","block_context":{"text":"Formaciones","link":"https:\/\/cepronda.com\/blog\/category\/formaciones\/"},"img":{"alt_text":"","src":"https:\/\/i0.wp.com\/cepronda.com\/blog\/wp-content\/uploads\/2021\/03\/imagen-jornada-de-frances-259x300.jpg?resize=350%2C200","width":350,"height":200},"classes":[]},{"id":2650,"url":"https:\/\/cepronda.com\/blog\/festival-euro-mediterraneo-de-teatro-en-frances\/","url_meta":{"origin":2779,"position":4},"title":"Festival euro-mediterr\u00e1neo de teatro en franc\u00e9s","author":"V\u00edctor Caballero","date":"4 marzo, 2019","format":false,"excerpt":"Muy buenas familia, Comenzamos la semana compartiendo este festival a desarrollar en Ronda del 27 al 31 de marzo, durante la cual Ronda se convierte en el punto de encuentro de j\u00f3venes apasionados por el teatro. Lo organizan la Asociaci\u00f3n Habla Franc\u00e9s de Ronda y el IES P\u00e9rez de Guzm\u00e1n.\u2026","rel":"","context":"En \u00abNoticias\u00bb","block_context":{"text":"Noticias","link":"https:\/\/cepronda.com\/blog\/category\/noticias\/"},"img":{"alt_text":"","src":"https:\/\/i0.wp.com\/cepronda.com\/blog\/wp-content\/uploads\/2019\/03\/Teatre.png?fit=712%2C967&ssl=1&resize=350%2C200","width":350,"height":200,"srcset":"https:\/\/i0.wp.com\/cepronda.com\/blog\/wp-content\/uploads\/2019\/03\/Teatre.png?fit=712%2C967&ssl=1&resize=350%2C200 1x, https:\/\/i0.wp.com\/cepronda.com\/blog\/wp-content\/uploads\/2019\/03\/Teatre.png?fit=712%2C967&ssl=1&resize=525%2C300 1.5x, https:\/\/i0.wp.com\/cepronda.com\/blog\/wp-content\/uploads\/2019\/03\/Teatre.png?fit=712%2C967&ssl=1&resize=700%2C400 2x"},"classes":[]},{"id":4302,"url":"https:\/\/cepronda.com\/blog\/estrategias-de-evaluacion-en-frances-lengua-extranjera-secundaria\/","url_meta":{"origin":2779,"position":5},"title":"ESTRATEGIAS DE EVALUACI\u00d3N EN FRANC\u00c9S LENGUA EXTRANJERA (SECUNDARIA)","author":"Maribel Mu\u00f1oz","date":"12 marzo, 2021","format":false,"excerpt":"Buenas tardes compa\u00f1eras y compa\u00f1eros, Os informamos que est\u00e1 abierto el plazo de inscripci\u00f3n de la formaci\u00f3n ESTRATEGIAS DE EVALUACI\u00d3N EN FRANC\u00c9S LENGUA EXTRANJERA (SECUNDARIA) PROVINCIAL\u00a0 212924GE032,\u00a0\u00a0 que comenzar\u00e1 a desarrollarse el pr\u00f3ximo\u00a0 06\/04\/2021. Adjuntamos enlace : https:\/\/www.juntadeandalucia.es\/educacion\/secretariavirtual\/consultaCEP\/actividad\/212924GE032\/ El plazo de inscripci\u00f3n finaliza el pr\u00f3ximo 04\/04\/2021 a las 23:59. Te\u2026","rel":"","context":"En \u00abFormaciones\u00bb","block_context":{"text":"Formaciones","link":"https:\/\/cepronda.com\/blog\/category\/formaciones\/"},"img":{"alt_text":"","src":"https:\/\/i0.wp.com\/cepronda.com\/blog\/wp-content\/uploads\/2021\/03\/WhatsApp-Image-2021-03-12-at-13.07.27.jpeg?fit=848%2C1200&ssl=1&resize=350%2C200","width":350,"height":200,"srcset":"https:\/\/i0.wp.com\/cepronda.com\/blog\/wp-content\/uploads\/2021\/03\/WhatsApp-Image-2021-03-12-at-13.07.27.jpeg?fit=848%2C1200&ssl=1&resize=350%2C200 1x, https:\/\/i0.wp.com\/cepronda.com\/blog\/wp-content\/uploads\/2021\/03\/WhatsApp-Image-2021-03-12-at-13.07.27.jpeg?fit=848%2C1200&ssl=1&resize=525%2C300 1.5x, https:\/\/i0.wp.com\/cepronda.com\/blog\/wp-content\/uploads\/2021\/03\/WhatsApp-Image-2021-03-12-at-13.07.27.jpeg?fit=848%2C1200&ssl=1&resize=700%2C400 2x"},"classes":[]}],"jetpack_sharing_enabled":true,"_links":{"self":[{"href":"https:\/\/cepronda.com\/blog\/wp-json\/wp\/v2\/posts\/2779","targetHints":{"allow":["GET"]}}],"collection":[{"href":"https:\/\/cepronda.com\/blog\/wp-json\/wp\/v2\/posts"}],"about":[{"href":"https:\/\/cepronda.com\/blog\/wp-json\/wp\/v2\/types\/post"}],"author":[{"embeddable":true,"href":"https:\/\/cepronda.com\/blog\/wp-json\/wp\/v2\/users\/3"}],"replies":[{"embeddable":true,"href":"https:\/\/cepronda.com\/blog\/wp-json\/wp\/v2\/comments?post=2779"}],"version-history":[{"count":1,"href":"https:\/\/cepronda.com\/blog\/wp-json\/wp\/v2\/posts\/2779\/revisions"}],"predecessor-version":[{"id":2780,"href":"https:\/\/cepronda.com\/blog\/wp-json\/wp\/v2\/posts\/2779\/revisions\/2780"}],"wp:featuredmedia":[{"embeddable":true,"href":"https:\/\/cepronda.com\/blog\/wp-json\/wp\/v2\/media\/1292"}],"wp:attachment":[{"href":"https:\/\/cepronda.com\/blog\/wp-json\/wp\/v2\/media?parent=2779"}],"wp:term":[{"taxonomy":"category","embeddable":true,"href":"https:\/\/cepronda.com\/blog\/wp-json\/wp\/v2\/categories?post=2779"},{"taxonomy":"post_tag","embeddable":true,"href":"https:\/\/cepronda.com\/blog\/wp-json\/wp\/v2\/tags?post=2779"}],"curies":[{"name":"wp","href":"https:\/\/api.w.org\/{rel}","templated":true}]}}