{"id":2773,"date":"2019-05-02T09:24:20","date_gmt":"2019-05-02T07:24:20","guid":{"rendered":"http:\/\/cepronda.com\/blog\/?p=2773"},"modified":"2019-05-02T09:24:28","modified_gmt":"2019-05-02T07:24:28","slug":"convocatoria-de-asesorias-para-los-centro-de-profesorado","status":"publish","type":"post","link":"https:\/\/cepronda.com\/blog\/convocatoria-de-asesorias-para-los-centro-de-profesorado\/","title":{"rendered":"Convocatoria de asesor\u00edas para los Centro de Profesorado"},"content":{"rendered":"\n<p class=\"wp-block-paragraph\">Muy buenas familia,<\/p>\n\n\n\n<p class=\"wp-block-paragraph\">\u00bfQu\u00e9 tal el d\u00eda de ayer? Seguro que muy bien, y sirvi\u00f3 para descansar y disfrutar del d\u00eda tan bueno.<\/p>\n\n\n\n<p class=\"wp-block-paragraph\">Os comunicamos que ya ha salido la convocatoria para las distintas plazas de asesor\u00edas vacantes en los Centros de Profesorado de Andaluc\u00eda. En concreto, en nuestro CEP, contamos con una vacante. Os animamos a participar en la misma. Para ver los detalles os dejamos con el <a href=\"http:\/\/www.juntadeandalucia.es\/educacion\/portals\/web\/ced\/normativa\/-\/normativas\/detalle\/resolucion-de-23-de-abril-de-2019-de-la-direccion-general-de-formacion-del-profesorado-e-innovacion-educativa-por-la\" target=\"_blank\" rel=\"noreferrer noopener\" aria-label=\"enlace a la convocatoria.  (opens in a new tab)\">enlace a la convocatoria. <\/a><\/p>\n\n\n\n<p class=\"wp-block-paragraph\">Un saludo y para cualquier duda nos ten\u00e9is aqu\u00ed en el CEP a vuestra disposici\u00f3n.<\/p>\n\n\n\n<figure class=\"wp-block-image\"><a href=\"http:\/\/www.juntadeandalucia.es\/educacion\/portals\/web\/ced\/normativa\/-\/normativas\/detalle\/resolucion-de-23-de-abril-de-2019-de-la-direccion-general-de-formacion-del-profesorado-e-innovacion-educativa-por-la\"><img data-recalc-dims=\"1\" loading=\"lazy\" decoding=\"async\" width=\"512\" height=\"512\" src=\"https:\/\/i0.wp.com\/cepronda.com\/blog\/wp-content\/uploads\/2019\/05\/Logo-Educaci%C3%B3n-y-deporte.png?resize=512%2C512\" alt=\"\" class=\"wp-image-2774\" srcset=\"https:\/\/i0.wp.com\/cepronda.com\/blog\/wp-content\/uploads\/2019\/05\/Logo-Educaci%C3%B3n-y-deporte.png?w=512&amp;ssl=1 512w, https:\/\/i0.wp.com\/cepronda.com\/blog\/wp-content\/uploads\/2019\/05\/Logo-Educaci%C3%B3n-y-deporte.png?resize=150%2C150&amp;ssl=1 150w, https:\/\/i0.wp.com\/cepronda.com\/blog\/wp-content\/uploads\/2019\/05\/Logo-Educaci%C3%B3n-y-deporte.png?resize=300%2C300&amp;ssl=1 300w, https:\/\/i0.wp.com\/cepronda.com\/blog\/wp-content\/uploads\/2019\/05\/Logo-Educaci%C3%B3n-y-deporte.png?resize=50%2C50&amp;ssl=1 50w\" sizes=\"auto, (max-width: 512px) 100vw, 512px\" \/><\/a><\/figure>\n","protected":false},"excerpt":{"rendered":"<p>Muy buenas familia, \u00bfQu\u00e9 tal el d\u00eda de ayer? Seguro que muy bien, y sirvi\u00f3 para descansar y disfrutar del d\u00eda tan bueno. Os comunicamos que ya ha salido la convocatoria para las distintas plazas de asesor\u00edas vacantes en los Centros de Profesorado de Andaluc\u00eda. En concreto, en nuestro CEP, contamos con una vacante. Os [&hellip;]<\/p>\n","protected":false},"author":3,"featured_media":2774,"comment_status":"open","ping_status":"open","sticky":false,"template":"","format":"standard","meta":{"_crdt_document":"","advanced_seo_description":"","jetpack_seo_html_title":"","jetpack_seo_noindex":false,"jetpack_post_was_ever_published":false,"_jetpack_newsletter_access":"","_jetpack_dont_email_post_to_subs":false,"_jetpack_newsletter_tier_id":0,"_jetpack_memberships_contains_paywalled_content":false,"_jetpack_memberships_contains_paid_content":false,"footnotes":"","jetpack_publicize_message":"Convocatoria de asesor\u00edas para los Centro de Profesorado. Os animamos a participar. ","jetpack_publicize_feature_enabled":true,"jetpack_social_post_already_shared":true,"jetpack_social_options":{"image_generator_settings":{"template":"highway","default_image_id":0,"font":"","enabled":false},"version":2}},"categories":[5],"tags":[9,17],"class_list":{"0":"post-2773","1":"post","2":"type-post","3":"status-publish","4":"format-standard","5":"has-post-thumbnail","7":"category-noticias","8":"tag-asesorias","9":"tag-convocatorias","10":"czr-hentry"},"jetpack_publicize_connections":[],"jetpack_featured_media_url":"https:\/\/i0.wp.com\/cepronda.com\/blog\/wp-content\/uploads\/2019\/05\/Logo-Educaci%C3%B3n-y-deporte.png?fit=512%2C512&ssl=1","jetpack_shortlink":"https:\/\/wp.me\/p8M4X7-IJ","jetpack-related-posts":[{"id":3622,"url":"https:\/\/cepronda.com\/blog\/convocatoria-para-la-provision-de-plazas-vacantes-de-direccion-y-asesorias-en-centros-del-profesorado\/","url_meta":{"origin":2773,"position":0},"title":"Convocatoria para la provisi\u00f3n de plazas vacantes de direcci\u00f3n y asesor\u00edas en Centros del Profesorado","author":"V\u00edctor Caballero","date":"9 junio, 2020","format":false,"excerpt":"Muy buenas familia, Como sab\u00e9is el curso pr\u00f3ximo queda una vacante en el CEP de Ronda en cuanto a asesor\u00edas de formaci\u00f3n. Se acaba de publicar la resoluci\u00f3n, tanto al de asesor\u00edas como la de direcci\u00f3n. Os animamos a participar en la convocatoria de asesor\u00eda de nuestro CEP. Convocatorias Asesor\u00edas\u2026","rel":"","context":"En \u00abFormaciones\u00bb","block_context":{"text":"Formaciones","link":"https:\/\/cepronda.com\/blog\/category\/formaciones\/"},"img":{"alt_text":"","src":"https:\/\/i0.wp.com\/cepronda.com\/blog\/wp-content\/uploads\/2020\/03\/Logo_twitter_cep_ronda-INSTITUCIONAL-estrecho.jpg?fit=349%2C527&ssl=1&resize=350%2C200","width":350,"height":200},"classes":[]},{"id":804,"url":"https:\/\/cepronda.com\/blog\/nueva-convocatoria-de-plazas-para-asesorias-de-los-cep-de-andalucia\/","url_meta":{"origin":2773,"position":1},"title":"Nueva convocatoria de plazas para asesor\u00edas de los CEP de Andaluc\u00eda","author":"V\u00edctor Caballero","date":"2 mayo, 2017","format":false,"excerpt":"\u00a1Hola de nuevo! Justo antes de comenzar el puente sali\u00f3 la convocatoria de 41 plazas de asesor\u00edas en los Centros de Profesorado de Andaluc\u00eda. Os dejamos con el enlace a la convocatoria por si est\u00e1is interesados en la misma. Para acceder a ella haced clic en el enlace. \u00a1Un saludo\u2026","rel":"","context":"En \u00abNoticias\u00bb","block_context":{"text":"Noticias","link":"https:\/\/cepronda.com\/blog\/category\/noticias\/"},"img":{"alt_text":"","src":"https:\/\/i0.wp.com\/cepronda.com\/blog\/wp-content\/uploads\/2017\/05\/logo_ja_ce_mejor.jpg?fit=732%2C600&ssl=1&resize=350%2C200","width":350,"height":200,"srcset":"https:\/\/i0.wp.com\/cepronda.com\/blog\/wp-content\/uploads\/2017\/05\/logo_ja_ce_mejor.jpg?fit=732%2C600&ssl=1&resize=350%2C200 1x, https:\/\/i0.wp.com\/cepronda.com\/blog\/wp-content\/uploads\/2017\/05\/logo_ja_ce_mejor.jpg?fit=732%2C600&ssl=1&resize=525%2C300 1.5x, https:\/\/i0.wp.com\/cepronda.com\/blog\/wp-content\/uploads\/2017\/05\/logo_ja_ce_mejor.jpg?fit=732%2C600&ssl=1&resize=700%2C400 2x"},"classes":[]},{"id":5965,"url":"https:\/\/cepronda.com\/blog\/convocatoria-para-la-provision-de-plazas-vacantes-asesorias-en-centros-del-profesorado-2\/","url_meta":{"origin":2773,"position":2},"title":"CONVOCATORIA PARA LA PROVISI\u00d3N DE PLAZAS VACANTES ASESOR\u00cdAS EN CENTROS DEL PROFESORADO.","author":"Inmaculada Garc\u00eda","date":"10 mayo, 2023","format":false,"excerpt":"Se ha publicado la Resoluci\u00f3n de 3 de mayo de 2023, de la Direcci\u00f3n General de Tecnolog\u00edas Avanzadas y Transformaci\u00f3n Educativa, por la que se efect\u00faa convocatoria para la provisi\u00f3n de plazas vacantes de asesores y asesoras en Centros del Profesorado dependientes de la Consejer\u00eda de Desarrollo Educativo y Formaci\u00f3n\u2026","rel":"","context":"En \u00abFormaciones\u00bb","block_context":{"text":"Formaciones","link":"https:\/\/cepronda.com\/blog\/category\/formaciones\/"},"img":{"alt_text":"","src":"https:\/\/i0.wp.com\/cepronda.com\/blog\/wp-content\/uploads\/2023\/05\/Copia-de-Copia-de-ESTANCIAS-FORMATIVAS-EN-EMPRESAS-PARA-EL-PROFESORADO-DE-FORMACION-PROFESIONAL.jpg?fit=1080%2C1080&ssl=1&resize=350%2C200","width":350,"height":200,"srcset":"https:\/\/i0.wp.com\/cepronda.com\/blog\/wp-content\/uploads\/2023\/05\/Copia-de-Copia-de-ESTANCIAS-FORMATIVAS-EN-EMPRESAS-PARA-EL-PROFESORADO-DE-FORMACION-PROFESIONAL.jpg?fit=1080%2C1080&ssl=1&resize=350%2C200 1x, https:\/\/i0.wp.com\/cepronda.com\/blog\/wp-content\/uploads\/2023\/05\/Copia-de-Copia-de-ESTANCIAS-FORMATIVAS-EN-EMPRESAS-PARA-EL-PROFESORADO-DE-FORMACION-PROFESIONAL.jpg?fit=1080%2C1080&ssl=1&resize=525%2C300 1.5x, https:\/\/i0.wp.com\/cepronda.com\/blog\/wp-content\/uploads\/2023\/05\/Copia-de-Copia-de-ESTANCIAS-FORMATIVAS-EN-EMPRESAS-PARA-EL-PROFESORADO-DE-FORMACION-PROFESIONAL.jpg?fit=1080%2C1080&ssl=1&resize=700%2C400 2x, https:\/\/i0.wp.com\/cepronda.com\/blog\/wp-content\/uploads\/2023\/05\/Copia-de-Copia-de-ESTANCIAS-FORMATIVAS-EN-EMPRESAS-PARA-EL-PROFESORADO-DE-FORMACION-PROFESIONAL.jpg?fit=1080%2C1080&ssl=1&resize=1050%2C600 3x"},"classes":[]},{"id":7621,"url":"https:\/\/cepronda.com\/blog\/convocatoria-para-la-provision-de-plazas-vacantes-asesorias-en-centros-del-profesorado-3\/","url_meta":{"origin":2773,"position":3},"title":"CONVOCATORIA PARA LA PROVISI\u00d3N DE PLAZAS VACANTES ASESOR\u00cdAS EN CENTROS DEL PROFESORADO.","author":"Inmaculada Garc\u00eda","date":"13 mayo, 2024","format":false,"excerpt":"Se ha publicado la Resoluci\u00f3n de 6 de mayo de 2024, de la Direcci\u00f3n General de Tecnolog\u00edas Avanzadas y Transformaci\u00f3n Educativa, por la que se efect\u00faa convocatoria para la provisi\u00f3n de plazas vacantes de asesores y asesoras en Centros del Profesorado dependientes de la Consejer\u00eda de Desarrollo Educativo y Formaci\u00f3n\u2026","rel":"","context":"En \u00abFormaciones\u00bb","block_context":{"text":"Formaciones","link":"https:\/\/cepronda.com\/blog\/category\/formaciones\/"},"img":{"alt_text":"","src":"https:\/\/i0.wp.com\/cepronda.com\/blog\/wp-content\/uploads\/2024\/05\/Post-de-Instagram-para-rebajas-y-ofertas-tiendas-azul-y-terracota-1.jpg?fit=1200%2C1200&ssl=1&resize=350%2C200","width":350,"height":200,"srcset":"https:\/\/i0.wp.com\/cepronda.com\/blog\/wp-content\/uploads\/2024\/05\/Post-de-Instagram-para-rebajas-y-ofertas-tiendas-azul-y-terracota-1.jpg?fit=1200%2C1200&ssl=1&resize=350%2C200 1x, https:\/\/i0.wp.com\/cepronda.com\/blog\/wp-content\/uploads\/2024\/05\/Post-de-Instagram-para-rebajas-y-ofertas-tiendas-azul-y-terracota-1.jpg?fit=1200%2C1200&ssl=1&resize=525%2C300 1.5x, https:\/\/i0.wp.com\/cepronda.com\/blog\/wp-content\/uploads\/2024\/05\/Post-de-Instagram-para-rebajas-y-ofertas-tiendas-azul-y-terracota-1.jpg?fit=1200%2C1200&ssl=1&resize=700%2C400 2x, https:\/\/i0.wp.com\/cepronda.com\/blog\/wp-content\/uploads\/2024\/05\/Post-de-Instagram-para-rebajas-y-ofertas-tiendas-azul-y-terracota-1.jpg?fit=1200%2C1200&ssl=1&resize=1050%2C600 3x"},"classes":[]},{"id":5325,"url":"https:\/\/cepronda.com\/blog\/convocatoria-para-la-provision-de-plazas-vacantes-asesorias-en-centros-del-profesorado\/","url_meta":{"origin":2773,"position":4},"title":"CONVOCATORIA PARA LA PROVISI\u00d3N DE PLAZAS VACANTES ASESOR\u00cdAS EN CENTROS DEL PROFESORADO.","author":"Inmaculada Garc\u00eda","date":"10 mayo, 2022","format":false,"excerpt":"Se ha publicado la Resoluci\u00f3n de 26 de abril de 2022, de la Direcci\u00f3n General de Formaci\u00f3n del Profesorado e Innovaci\u00f3n Educativa, por la que se efect\u00faa convocatoria para la provisi\u00f3n de plazas vacantes de asesores y asesoras en Centros del Profesorado dependientes de la Consejer\u00eda de Educaci\u00f3n y Deporte.\u2026","rel":"","context":"En \u00abFormaciones\u00bb","block_context":{"text":"Formaciones","link":"https:\/\/cepronda.com\/blog\/category\/formaciones\/"},"img":{"alt_text":"","src":"https:\/\/i0.wp.com\/cepronda.com\/blog\/wp-content\/uploads\/2022\/05\/Copia-de-ESTANCIAS-FORMATIVAS-EN-EMPRESAS-PARA-EL-PROFESORADO-DE-FORMACION-PROFESIONAL-9.png?fit=1080%2C1080&ssl=1&resize=350%2C200","width":350,"height":200,"srcset":"https:\/\/i0.wp.com\/cepronda.com\/blog\/wp-content\/uploads\/2022\/05\/Copia-de-ESTANCIAS-FORMATIVAS-EN-EMPRESAS-PARA-EL-PROFESORADO-DE-FORMACION-PROFESIONAL-9.png?fit=1080%2C1080&ssl=1&resize=350%2C200 1x, https:\/\/i0.wp.com\/cepronda.com\/blog\/wp-content\/uploads\/2022\/05\/Copia-de-ESTANCIAS-FORMATIVAS-EN-EMPRESAS-PARA-EL-PROFESORADO-DE-FORMACION-PROFESIONAL-9.png?fit=1080%2C1080&ssl=1&resize=525%2C300 1.5x, https:\/\/i0.wp.com\/cepronda.com\/blog\/wp-content\/uploads\/2022\/05\/Copia-de-ESTANCIAS-FORMATIVAS-EN-EMPRESAS-PARA-EL-PROFESORADO-DE-FORMACION-PROFESIONAL-9.png?fit=1080%2C1080&ssl=1&resize=700%2C400 2x, https:\/\/i0.wp.com\/cepronda.com\/blog\/wp-content\/uploads\/2022\/05\/Copia-de-ESTANCIAS-FORMATIVAS-EN-EMPRESAS-PARA-EL-PROFESORADO-DE-FORMACION-PROFESIONAL-9.png?fit=1080%2C1080&ssl=1&resize=1050%2C600 3x"},"classes":[]},{"id":4517,"url":"https:\/\/cepronda.com\/blog\/resoluciones-cep-direcciones-y-asesorias\/","url_meta":{"origin":2773,"position":5},"title":"RESOLUCIONES CEP. DIRECCIONES Y ASESOR\u00cdAS.","author":"Maribel Mu\u00f1oz","date":"8 mayo, 2021","format":false,"excerpt":"Buenos d\u00edas compa\u00f1eros y compa\u00f1eras, Os informamos que se han publicado las Resoluciones\u00a0 correspondientes a los directores\/as y asesores\/as de Centros del Profesorado evaluados positivamente en su octavo a\u00f1o de ejercicio. Se adjuntan dichas resoluciones. Saludos . Directores octavo a\u00f1o Asesores octavo a\u00f1o","rel":"","context":"En \u00abNoticias\u00bb","block_context":{"text":"Noticias","link":"https:\/\/cepronda.com\/blog\/category\/noticias\/"},"img":{"alt_text":"","src":"https:\/\/i0.wp.com\/cepronda.com\/blog\/wp-content\/uploads\/2020\/03\/S%C2%B0mbolo-gen%C3%87rico-RRSS-redondo-negativo.png?fit=1200%2C1200&ssl=1&resize=350%2C200","width":350,"height":200,"srcset":"https:\/\/i0.wp.com\/cepronda.com\/blog\/wp-content\/uploads\/2020\/03\/S%C2%B0mbolo-gen%C3%87rico-RRSS-redondo-negativo.png?fit=1200%2C1200&ssl=1&resize=350%2C200 1x, https:\/\/i0.wp.com\/cepronda.com\/blog\/wp-content\/uploads\/2020\/03\/S%C2%B0mbolo-gen%C3%87rico-RRSS-redondo-negativo.png?fit=1200%2C1200&ssl=1&resize=525%2C300 1.5x, https:\/\/i0.wp.com\/cepronda.com\/blog\/wp-content\/uploads\/2020\/03\/S%C2%B0mbolo-gen%C3%87rico-RRSS-redondo-negativo.png?fit=1200%2C1200&ssl=1&resize=700%2C400 2x, https:\/\/i0.wp.com\/cepronda.com\/blog\/wp-content\/uploads\/2020\/03\/S%C2%B0mbolo-gen%C3%87rico-RRSS-redondo-negativo.png?fit=1200%2C1200&ssl=1&resize=1050%2C600 3x"},"classes":[]}],"jetpack_sharing_enabled":true,"_links":{"self":[{"href":"https:\/\/cepronda.com\/blog\/wp-json\/wp\/v2\/posts\/2773","targetHints":{"allow":["GET"]}}],"collection":[{"href":"https:\/\/cepronda.com\/blog\/wp-json\/wp\/v2\/posts"}],"about":[{"href":"https:\/\/cepronda.com\/blog\/wp-json\/wp\/v2\/types\/post"}],"author":[{"embeddable":true,"href":"https:\/\/cepronda.com\/blog\/wp-json\/wp\/v2\/users\/3"}],"replies":[{"embeddable":true,"href":"https:\/\/cepronda.com\/blog\/wp-json\/wp\/v2\/comments?post=2773"}],"version-history":[{"count":1,"href":"https:\/\/cepronda.com\/blog\/wp-json\/wp\/v2\/posts\/2773\/revisions"}],"predecessor-version":[{"id":2775,"href":"https:\/\/cepronda.com\/blog\/wp-json\/wp\/v2\/posts\/2773\/revisions\/2775"}],"wp:featuredmedia":[{"embeddable":true,"href":"https:\/\/cepronda.com\/blog\/wp-json\/wp\/v2\/media\/2774"}],"wp:attachment":[{"href":"https:\/\/cepronda.com\/blog\/wp-json\/wp\/v2\/media?parent=2773"}],"wp:term":[{"taxonomy":"category","embeddable":true,"href":"https:\/\/cepronda.com\/blog\/wp-json\/wp\/v2\/categories?post=2773"},{"taxonomy":"post_tag","embeddable":true,"href":"https:\/\/cepronda.com\/blog\/wp-json\/wp\/v2\/tags?post=2773"}],"curies":[{"name":"wp","href":"https:\/\/api.w.org\/{rel}","templated":true}]}}